{"id":20139,"date":"2025-02-16T10:48:28","date_gmt":"2025-02-16T09:48:28","guid":{"rendered":"https:\/\/footdavant.fr\/actualites\/liverpool-depose-un-enorme-trent-alexander-arnold-indice-pour-everton-clash-en-tant-que-nouvelles-photos-dentrainement-publiees\/"},"modified":"2025-02-16T10:48:29","modified_gmt":"2025-02-16T09:48:29","slug":"liverpool-depose-un-enorme-trent-alexander-arnold-indice-pour-everton-clash-en-tant-que-nouvelles-photos-dentrainement-publiees","status":"publish","type":"post","link":"https:\/\/footdavant.fr\/actualites\/liverpool-depose-un-enorme-trent-alexander-arnold-indice-pour-everton-clash-en-tant-que-nouvelles-photos-dentrainement-publiees\/","title":{"rendered":"Liverpool d\u00e9pose un \u00e9norme Trent Alexander-Arnold Indice pour Everton Clash en tant que nouvelles photos d&#39;entra\u00eenement publi\u00e9es"},"content":{"rendered":"<p>Le d\u00e9fenseur de Liverpool, Trent Alexander-Arnold, est repr\u00e9sent\u00e9 en formation avant le Derby du Merseyside de mercredi avec Everton apr\u00e8s une blessure aux ischio-jambiers.<\/p>\n<div id=\"article_body\" itemprop=\"articleBody\">\n<h3 class=\"firstPara\">\n<strong class=\"autotag\">Liverpool<\/strong> d\u00e9fenseur <strong class=\"autotag\">Trent Alexander-Arnold<\/strong> a \u00e9t\u00e9 repr\u00e9sent\u00e9 en formation avec les Reds alors qu&#39;il demande de revenir d&#39;une blessure aux ischio-jambiers \u00e0 temps pour la Premier League de mercredi <strong class=\"autotag\">Derby de Merseyside<\/strong> avec <strong class=\"autotag\">Everton<\/strong> \u00e0 Goodison Park.<\/h3>\n<p>L&#39;international anglais s&#39;est \u00e9loign\u00e9 des deux derniers matchs de Liverpool avec le probl\u00e8me mineur, qu&#39;il a soutenu dans le <strong>2-0 victoire en Premier League contre Bournemouth<\/strong> Il y a deux week-ends.<\/p>\n<p><strong class=\"autotag\">Conor Bradley<\/strong> &#8211; sa sous-\u00e9tude reconnue &#8211; a rempli l&#39;arri\u00e8re droit pour la visite en milieu de semaine de Tottenham Hotspur en demi-finale de la Coupe EFL et a enregistr\u00e9 une passe <strong>Un battement 4-0<\/strong>alors que Liverpool a renvers\u00e9 un d\u00e9ficit de 1-0 pour cr\u00e9er une finale avec Newcastle United.<\/p>\n<p>Bradley a ensuite \u00e9t\u00e9 repos\u00e9 pour le voyage du week-end \u00e0 Plymouth Argyle dans la FA Cup, o\u00f9 le milieu de terrain <strong class=\"autotag\">James McConnell<\/strong> a \u00e9t\u00e9 \u00e0 la corne dans un r\u00f4le d&#39;arri\u00e8re droit comme <strong class=\"autotag\">Joe Gomez<\/strong> et <strong class=\"autotag\">Jarell Quansah<\/strong> a commenc\u00e9 au centre.<\/p>\n<p>Cependant, Gomez &#8211; une autre option d&#39;arri\u00e8re droit alternative pour <strong class=\"autotag\">Slot arne<\/strong> &#8211; a \u00e9t\u00e9 enlev\u00e9 avec un probl\u00e8me des ischio-jambiers apr\u00e8s seulement 11 minutes <strong>D\u00e9faite de choc 1-0<\/strong>et le patron de Liverpool <strong>confirm\u00e9 dans sa conf\u00e9rence de presse d&#39;avant-match<\/strong> que le joueur de 27 ans ne serait pas apte au Derby.<\/p>\n<h2 class=\"k3\">Alexander-Arnold s&#39;entra\u00eene avec l&#39;\u00e9quipe de Liverpool avant Merseyside Derby<\/h2>\n<p class=\"imgI\">\n<p>Dans le m\u00eame temps, Slot a r\u00e9v\u00e9l\u00e9 qu&#39;Alexander-Arnold avait particip\u00e9 \u00e0 une formation partielle, et il \u00e9tait optimiste que le joueur de 26 ans serait \u00e9galement OK pour s&#39;entra\u00eener mardi \u00e0 Kirkby.<\/p>\n<p>Il est vrai, Alexander-Arnold a \u00e9t\u00e9 vu avec le ballon \u00e0 ses pieds alors que Liverpool a publi\u00e9 leurs photos d&#39;entra\u00eenement de la session de mardi, sugg\u00e9rant que l&#39;arri\u00e8re droit a de bonnes chances d&#39;\u00eatre impliqu\u00e9s dans le derby.<\/p>\n<p>L&#39;international anglais est apparu de bonne humeur alors qu&#39;il participait \u00e0 certains exercices de tir et \u00e0 d&#39;autres exercices avec le reste de l&#39;\u00e9quipe, et son retour serait un coup de pouce significatif en grande partie \u00e0 sa production accrue ces derni\u00e8res semaines.<\/p>\n<p>Alexander-Arnold n&#39;a enregistr\u00e9 qu&#39;une seule passe d\u00e9cisive lors de ses 13 premiers matchs de la saison de Premier League 2024-25, mais le joueur de 26 ans a connu une main directe en six buts lors de ses 10 derni\u00e8res apparitions de premier plan, une des siennes et cinq passes d\u00e9cisives.<\/p>\n<p>Au total, le vice-capitaine des Reds a marqu\u00e9 ses propres buts tout en s&#39;\u00e9tablissant sept autres en 31 matchs dans toutes les comp\u00e9titions de ce mandat, et son retour potentiel \u00e0 Goodison Park quitterait Gomez et <strong class=\"autotag\">Tyler Morton<\/strong> (\u00e9paule) comme seuls deux absents de blessures de Liverpool.<\/p>\n<h2 class=\"k3\">Pourquoi Liverpool ne devrait pas s&#39;inqui\u00e9ter si Alexander-Arnold manque Derby<\/h2>\n<blockquote class=\"twitter-tweet\">\n<p lang=\"und\" dir=\"ltr\">Taa \ud83d\udcab <a rel=\"nofollow\" href=\"https:\/\/t.co\/CYn2sls4xx\">pic.twitter.com\/cyn2sls4xx<\/a><\/p>\n<p>&#8211; Liverpool FC (@LFC) <a rel=\"nofollow\" href=\"https:\/\/twitter.com\/LFC\/status\/1889355717938913347?ref_src=twsrc%5Etfw\">11 f\u00e9vrier 2025<\/a>\n<\/p><\/blockquote>\n<p>Les preuves photographiques sont certainement prometteuses, mais si le Derby du Merseyside vient un peu trop t\u00f4t pour Alexander-Arnold, Liverpool sera entre des mains extr\u00eamement s\u00fbres avec Bradley.<\/p>\n<p>L&#39;international d&#39;Irlande du Nord \u00e9tait \u00e9galement absent du voyage \u00e0 Plymouth, mais il \u00e9tait simplement gard\u00e9 dans une enveloppe \u00e0 bulles avant le match de mercredi et s&#39;est entra\u00een\u00e9 mardi normal.<\/p>\n<p>Une force \u00e9nergique dans le c\u00f4t\u00e9 droit pour Liverpool, Bradley a obtenu \u00e0 juste titre des \u00e9loges pour sa performance contre les Spurs la semaine derni\u00e8re, en passant par le c\u0153ur du terrain <strong class=\"autotag\">Dominik Szoboszlai<\/strong>.<\/p>\n<p>Le joueur de 21 ans n&#39;a commenc\u00e9 qu&#39;un seul match de Premier League jusqu&#39;\u00e0 pr\u00e9sent cette saison &#8211; le <strong>3-2 victoire sur Southampton<\/strong> En novembre &#8211; mais il n&#39;aurait pas pu faire plus pour gagner une seconde si son sup\u00e9rieur est en effet exclu.<\/p>\n<p>Liverpool se d\u00e9placera \u00e0 neuf points d&#39;\u00e9clairage d&#39;Arsenal en haut du <strong>Table de Premier League<\/strong> En battant Everton et l&#39;attaquant de la poursuite des bottes d&#39;or <strong class=\"autotag\">Mohamed Salah<\/strong> pourrait aussi casser <strong>Un record de Premier League<\/strong> placer par <strong class=\"autotag\">Andy Cole<\/strong> dans le dernier Derby de Goodison Park Merseyside.<\/p>\n<div class=\"author_box\">\n<div class=\"author_box_banner\">\n<img decoding=\"async\" class=\"author_img\" src=\"https:\/\/footdavant.fr\/actualites\/wp-content\/uploads\/2025\/02\/1739699308_73_Liverpool-depose-un-enorme-Trent-Alexander-Arnold-Indice-pour-Everton-Clash.jpg\"><\/p>\n<\/div>\n<\/div>\n<\/div>\n<p><script async src=\"https:\/\/platform.twitter.com\/widgets.js\" charset=\"utf-8\"><\/script><\/p>\n","protected":false},"excerpt":{"rendered":"<p>Le d\u00e9fenseur de Liverpool, Trent Alexander-Arnold, est repr\u00e9sent\u00e9 en formation avant le Derby du Merseyside de mercredi avec Everton apr\u00e8s une blessure aux ischio-jambiers. Liverpool<\/p>\n","protected":false},"author":1,"featured_media":20140,"comment_status":"closed","ping_status":"","sticky":false,"template":"","format":"standard","meta":{"footnotes":""},"categories":[5],"tags":[1740,1720,5167,8098,1032,310,5902,53,461,1866,51,8099,1124,1739],"yoast_head":"<!-- This site is optimized with the Yoast SEO plugin v21.0 - https:\/\/yoast.com\/wordpress\/plugins\/seo\/ -->\n<title>Liverpool d\u00e9pose un \u00e9norme Trent Alexander-Arnold Indice pour Everton Clash en tant que nouvelles photos d&#039;entra\u00eenement publi\u00e9es<\/title>\n<meta name=\"robots\" content=\"index, follow, max-snippet:-1, max-image-preview:large, max-video-preview:-1\" \/>\n<link rel=\"canonical\" href=\"https:\/\/footdavant.fr\/actualites\/liverpool-depose-un-enorme-trent-alexander-arnold-indice-pour-everton-clash-en-tant-que-nouvelles-photos-dentrainement-publiees\/\" \/>\n<meta property=\"og:locale\" content=\"fr_FR\" \/>\n<meta property=\"og:type\" content=\"article\" \/>\n<meta property=\"og:title\" content=\"Liverpool d\u00e9pose un \u00e9norme Trent Alexander-Arnold Indice pour Everton Clash en tant que nouvelles photos d&#039;entra\u00eenement publi\u00e9es\" \/>\n<meta property=\"og:description\" content=\"Le d\u00e9fenseur de Liverpool, Trent Alexander-Arnold, est repr\u00e9sent\u00e9 en formation avant le Derby du Merseyside de mercredi avec Everton apr\u00e8s une blessure aux ischio-jambiers. Liverpool\" \/>\n<meta property=\"og:url\" content=\"https:\/\/footdavant.fr\/actualites\/liverpool-depose-un-enorme-trent-alexander-arnold-indice-pour-everton-clash-en-tant-que-nouvelles-photos-dentrainement-publiees\/\" \/>\n<meta property=\"og:site_name\" content=\"Foot d&#039;avant\" \/>\n<meta property=\"article:publisher\" content=\"https:\/\/www.facebook.com\/Footdavant\/\" \/>\n<meta property=\"article:published_time\" content=\"2025-02-16T09:48:28+00:00\" \/>\n<meta property=\"article:modified_time\" content=\"2025-02-16T09:48:29+00:00\" \/>\n<meta property=\"og:image\" content=\"https:\/\/footdavant.fr\/actualites\/wp-content\/uploads\/2025\/02\/Liverpool-depose-un-enorme-Trent-Alexander-Arnold-Indice-pour-Everton-Clash.jpg\" \/>\n\t<meta property=\"og:image:width\" content=\"640\" \/>\n\t<meta property=\"og:image:height\" content=\"480\" \/>\n\t<meta property=\"og:image:type\" content=\"image\/jpeg\" \/>\n<meta name=\"author\" content=\"Cl\u00e9ment\" \/>\n<meta name=\"twitter:card\" content=\"summary_large_image\" \/>\n<meta name=\"twitter:creator\" content=\"@FootdavantFr\" \/>\n<meta name=\"twitter:site\" content=\"@FootdavantFr\" \/>\n<meta name=\"twitter:label1\" content=\"\u00c9crit par\" \/>\n\t<meta name=\"twitter:data1\" content=\"Cl\u00e9ment\" \/>\n\t<meta name=\"twitter:label2\" content=\"Dur\u00e9e de lecture estim\u00e9e\" \/>\n\t<meta name=\"twitter:data2\" content=\"4 minutes\" \/>\n<script type=\"application\/ld+json\" class=\"yoast-schema-graph\">{\"@context\":\"https:\/\/schema.org\",\"@graph\":[{\"@type\":\"Article\",\"@id\":\"https:\/\/footdavant.fr\/actualites\/liverpool-depose-un-enorme-trent-alexander-arnold-indice-pour-everton-clash-en-tant-que-nouvelles-photos-dentrainement-publiees\/#article\",\"isPartOf\":{\"@id\":\"https:\/\/footdavant.fr\/actualites\/liverpool-depose-un-enorme-trent-alexander-arnold-indice-pour-everton-clash-en-tant-que-nouvelles-photos-dentrainement-publiees\/\"},\"author\":{\"name\":\"Cl\u00e9ment\",\"@id\":\"https:\/\/footdavant.fr\/actualites\/#\/schema\/person\/bc222566d95871b37e597b3ed3ba5e1d\"},\"headline\":\"Liverpool d\u00e9pose un \u00e9norme Trent Alexander-Arnold Indice pour Everton Clash en tant que nouvelles photos d&#39;entra\u00eenement publi\u00e9es\",\"datePublished\":\"2025-02-16T09:48:28+00:00\",\"dateModified\":\"2025-02-16T09:48:29+00:00\",\"mainEntityOfPage\":{\"@id\":\"https:\/\/footdavant.fr\/actualites\/liverpool-depose-un-enorme-trent-alexander-arnold-indice-pour-everton-clash-en-tant-que-nouvelles-photos-dentrainement-publiees\/\"},\"wordCount\":743,\"publisher\":{\"@id\":\"https:\/\/footdavant.fr\/actualites\/#organization\"},\"keywords\":[\"AlexanderArnold\",\"clash\",\"d39entra\u00eenement\",\"d\u00e9pose\",\"\u00e9norme\",\"Everton\",\"indice\",\"Liverpool\",\"Nouvelles\",\"Photos\",\"pour\",\"publi\u00e9es\",\"tant\",\"Trent\"],\"articleSection\":[\"Premier League\"],\"inLanguage\":\"fr-FR\"},{\"@type\":\"WebPage\",\"@id\":\"https:\/\/footdavant.fr\/actualites\/liverpool-depose-un-enorme-trent-alexander-arnold-indice-pour-everton-clash-en-tant-que-nouvelles-photos-dentrainement-publiees\/\",\"url\":\"https:\/\/footdavant.fr\/actualites\/liverpool-depose-un-enorme-trent-alexander-arnold-indice-pour-everton-clash-en-tant-que-nouvelles-photos-dentrainement-publiees\/\",\"name\":\"Liverpool d\u00e9pose un \u00e9norme Trent Alexander-Arnold Indice pour Everton Clash en tant que nouvelles photos d&#39;entra\u00eenement publi\u00e9es\",\"isPartOf\":{\"@id\":\"https:\/\/footdavant.fr\/actualites\/#website\"},\"datePublished\":\"2025-02-16T09:48:28+00:00\",\"dateModified\":\"2025-02-16T09:48:29+00:00\",\"breadcrumb\":{\"@id\":\"https:\/\/footdavant.fr\/actualites\/liverpool-depose-un-enorme-trent-alexander-arnold-indice-pour-everton-clash-en-tant-que-nouvelles-photos-dentrainement-publiees\/#breadcrumb\"},\"inLanguage\":\"fr-FR\",\"potentialAction\":[{\"@type\":\"ReadAction\",\"target\":[\"https:\/\/footdavant.fr\/actualites\/liverpool-depose-un-enorme-trent-alexander-arnold-indice-pour-everton-clash-en-tant-que-nouvelles-photos-dentrainement-publiees\/\"]}]},{\"@type\":\"BreadcrumbList\",\"@id\":\"https:\/\/footdavant.fr\/actualites\/liverpool-depose-un-enorme-trent-alexander-arnold-indice-pour-everton-clash-en-tant-que-nouvelles-photos-dentrainement-publiees\/#breadcrumb\",\"itemListElement\":[{\"@type\":\"ListItem\",\"position\":1,\"name\":\"Accueil\",\"item\":\"https:\/\/footdavant.fr\/actualites\/\"},{\"@type\":\"ListItem\",\"position\":2,\"name\":\"Liverpool d\u00e9pose un \u00e9norme Trent Alexander-Arnold Indice pour Everton Clash en tant que nouvelles photos d&#39;entra\u00eenement publi\u00e9es\"}]},{\"@type\":\"WebSite\",\"@id\":\"https:\/\/footdavant.fr\/actualites\/#website\",\"url\":\"https:\/\/footdavant.fr\/actualites\/\",\"name\":\"Foot d'avant\",\"description\":\"\",\"publisher\":{\"@id\":\"https:\/\/footdavant.fr\/actualites\/#organization\"},\"potentialAction\":[{\"@type\":\"SearchAction\",\"target\":{\"@type\":\"EntryPoint\",\"urlTemplate\":\"https:\/\/footdavant.fr\/actualites\/?s={search_term_string}\"},\"query-input\":\"required name=search_term_string\"}],\"inLanguage\":\"fr-FR\"},{\"@type\":\"Organization\",\"@id\":\"https:\/\/footdavant.fr\/actualites\/#organization\",\"name\":\"Foot d'avant\",\"url\":\"https:\/\/footdavant.fr\/actualites\/\",\"logo\":{\"@type\":\"ImageObject\",\"inLanguage\":\"fr-FR\",\"@id\":\"https:\/\/footdavant.fr\/actualites\/#\/schema\/logo\/image\/\",\"url\":\"https:\/\/footdavant.fr\/actualites\/wp-content\/uploads\/2023\/09\/Copy-of-FootDavant-Logo.png\",\"contentUrl\":\"https:\/\/footdavant.fr\/actualites\/wp-content\/uploads\/2023\/09\/Copy-of-FootDavant-Logo.png\",\"width\":936,\"height\":549,\"caption\":\"Foot d'avant\"},\"image\":{\"@id\":\"https:\/\/footdavant.fr\/actualites\/#\/schema\/logo\/image\/\"},\"sameAs\":[\"https:\/\/www.facebook.com\/Footdavant\/\",\"https:\/\/twitter.com\/FootdavantFr\",\"https:\/\/www.instagram.com\/footdavant.fr\/\"]},{\"@type\":\"Person\",\"@id\":\"https:\/\/footdavant.fr\/actualites\/#\/schema\/person\/bc222566d95871b37e597b3ed3ba5e1d\",\"name\":\"Cl\u00e9ment\",\"image\":{\"@type\":\"ImageObject\",\"inLanguage\":\"fr-FR\",\"@id\":\"https:\/\/footdavant.fr\/actualites\/#\/schema\/person\/image\/\",\"url\":\"https:\/\/secure.gravatar.com\/avatar\/7728b29aac2719421e1a9159b2254c44?s=96&d=mm&r=g\",\"contentUrl\":\"https:\/\/secure.gravatar.com\/avatar\/7728b29aac2719421e1a9159b2254c44?s=96&d=mm&r=g\",\"caption\":\"Cl\u00e9ment\"},\"sameAs\":[\"https:\/\/footdavant.fr\/\"]}]}<\/script>\n<!-- \/ Yoast SEO plugin. -->","yoast_head_json":{"title":"Liverpool d\u00e9pose un \u00e9norme Trent Alexander-Arnold Indice pour Everton Clash en tant que nouvelles photos d&#39;entra\u00eenement publi\u00e9es","robots":{"index":"index","follow":"follow","max-snippet":"max-snippet:-1","max-image-preview":"max-image-preview:large","max-video-preview":"max-video-preview:-1"},"canonical":"https:\/\/footdavant.fr\/actualites\/liverpool-depose-un-enorme-trent-alexander-arnold-indice-pour-everton-clash-en-tant-que-nouvelles-photos-dentrainement-publiees\/","og_locale":"fr_FR","og_type":"article","og_title":"Liverpool d\u00e9pose un \u00e9norme Trent Alexander-Arnold Indice pour Everton Clash en tant que nouvelles photos d&#39;entra\u00eenement publi\u00e9es","og_description":"Le d\u00e9fenseur de Liverpool, Trent Alexander-Arnold, est repr\u00e9sent\u00e9 en formation avant le Derby du Merseyside de mercredi avec Everton apr\u00e8s une blessure aux ischio-jambiers. Liverpool","og_url":"https:\/\/footdavant.fr\/actualites\/liverpool-depose-un-enorme-trent-alexander-arnold-indice-pour-everton-clash-en-tant-que-nouvelles-photos-dentrainement-publiees\/","og_site_name":"Foot d&#039;avant","article_publisher":"https:\/\/www.facebook.com\/Footdavant\/","article_published_time":"2025-02-16T09:48:28+00:00","article_modified_time":"2025-02-16T09:48:29+00:00","og_image":[{"width":640,"height":480,"url":"https:\/\/footdavant.fr\/actualites\/wp-content\/uploads\/2025\/02\/Liverpool-depose-un-enorme-Trent-Alexander-Arnold-Indice-pour-Everton-Clash.jpg","type":"image\/jpeg"}],"author":"Cl\u00e9ment","twitter_card":"summary_large_image","twitter_creator":"@FootdavantFr","twitter_site":"@FootdavantFr","twitter_misc":{"\u00c9crit par":"Cl\u00e9ment","Dur\u00e9e de lecture estim\u00e9e":"4 minutes"},"schema":{"@context":"https:\/\/schema.org","@graph":[{"@type":"Article","@id":"https:\/\/footdavant.fr\/actualites\/liverpool-depose-un-enorme-trent-alexander-arnold-indice-pour-everton-clash-en-tant-que-nouvelles-photos-dentrainement-publiees\/#article","isPartOf":{"@id":"https:\/\/footdavant.fr\/actualites\/liverpool-depose-un-enorme-trent-alexander-arnold-indice-pour-everton-clash-en-tant-que-nouvelles-photos-dentrainement-publiees\/"},"author":{"name":"Cl\u00e9ment","@id":"https:\/\/footdavant.fr\/actualites\/#\/schema\/person\/bc222566d95871b37e597b3ed3ba5e1d"},"headline":"Liverpool d\u00e9pose un \u00e9norme Trent Alexander-Arnold Indice pour Everton Clash en tant que nouvelles photos d&#39;entra\u00eenement publi\u00e9es","datePublished":"2025-02-16T09:48:28+00:00","dateModified":"2025-02-16T09:48:29+00:00","mainEntityOfPage":{"@id":"https:\/\/footdavant.fr\/actualites\/liverpool-depose-un-enorme-trent-alexander-arnold-indice-pour-everton-clash-en-tant-que-nouvelles-photos-dentrainement-publiees\/"},"wordCount":743,"publisher":{"@id":"https:\/\/footdavant.fr\/actualites\/#organization"},"keywords":["AlexanderArnold","clash","d39entra\u00eenement","d\u00e9pose","\u00e9norme","Everton","indice","Liverpool","Nouvelles","Photos","pour","publi\u00e9es","tant","Trent"],"articleSection":["Premier League"],"inLanguage":"fr-FR"},{"@type":"WebPage","@id":"https:\/\/footdavant.fr\/actualites\/liverpool-depose-un-enorme-trent-alexander-arnold-indice-pour-everton-clash-en-tant-que-nouvelles-photos-dentrainement-publiees\/","url":"https:\/\/footdavant.fr\/actualites\/liverpool-depose-un-enorme-trent-alexander-arnold-indice-pour-everton-clash-en-tant-que-nouvelles-photos-dentrainement-publiees\/","name":"Liverpool d\u00e9pose un \u00e9norme Trent Alexander-Arnold Indice pour Everton Clash en tant que nouvelles photos d&#39;entra\u00eenement publi\u00e9es","isPartOf":{"@id":"https:\/\/footdavant.fr\/actualites\/#website"},"datePublished":"2025-02-16T09:48:28+00:00","dateModified":"2025-02-16T09:48:29+00:00","breadcrumb":{"@id":"https:\/\/footdavant.fr\/actualites\/liverpool-depose-un-enorme-trent-alexander-arnold-indice-pour-everton-clash-en-tant-que-nouvelles-photos-dentrainement-publiees\/#breadcrumb"},"inLanguage":"fr-FR","potentialAction":[{"@type":"ReadAction","target":["https:\/\/footdavant.fr\/actualites\/liverpool-depose-un-enorme-trent-alexander-arnold-indice-pour-everton-clash-en-tant-que-nouvelles-photos-dentrainement-publiees\/"]}]},{"@type":"BreadcrumbList","@id":"https:\/\/footdavant.fr\/actualites\/liverpool-depose-un-enorme-trent-alexander-arnold-indice-pour-everton-clash-en-tant-que-nouvelles-photos-dentrainement-publiees\/#breadcrumb","itemListElement":[{"@type":"ListItem","position":1,"name":"Accueil","item":"https:\/\/footdavant.fr\/actualites\/"},{"@type":"ListItem","position":2,"name":"Liverpool d\u00e9pose un \u00e9norme Trent Alexander-Arnold Indice pour Everton Clash en tant que nouvelles photos d&#39;entra\u00eenement publi\u00e9es"}]},{"@type":"WebSite","@id":"https:\/\/footdavant.fr\/actualites\/#website","url":"https:\/\/footdavant.fr\/actualites\/","name":"Foot d'avant","description":"","publisher":{"@id":"https:\/\/footdavant.fr\/actualites\/#organization"},"potentialAction":[{"@type":"SearchAction","target":{"@type":"EntryPoint","urlTemplate":"https:\/\/footdavant.fr\/actualites\/?s={search_term_string}"},"query-input":"required name=search_term_string"}],"inLanguage":"fr-FR"},{"@type":"Organization","@id":"https:\/\/footdavant.fr\/actualites\/#organization","name":"Foot d'avant","url":"https:\/\/footdavant.fr\/actualites\/","logo":{"@type":"ImageObject","inLanguage":"fr-FR","@id":"https:\/\/footdavant.fr\/actualites\/#\/schema\/logo\/image\/","url":"https:\/\/footdavant.fr\/actualites\/wp-content\/uploads\/2023\/09\/Copy-of-FootDavant-Logo.png","contentUrl":"https:\/\/footdavant.fr\/actualites\/wp-content\/uploads\/2023\/09\/Copy-of-FootDavant-Logo.png","width":936,"height":549,"caption":"Foot d'avant"},"image":{"@id":"https:\/\/footdavant.fr\/actualites\/#\/schema\/logo\/image\/"},"sameAs":["https:\/\/www.facebook.com\/Footdavant\/","https:\/\/twitter.com\/FootdavantFr","https:\/\/www.instagram.com\/footdavant.fr\/"]},{"@type":"Person","@id":"https:\/\/footdavant.fr\/actualites\/#\/schema\/person\/bc222566d95871b37e597b3ed3ba5e1d","name":"Cl\u00e9ment","image":{"@type":"ImageObject","inLanguage":"fr-FR","@id":"https:\/\/footdavant.fr\/actualites\/#\/schema\/person\/image\/","url":"https:\/\/secure.gravatar.com\/avatar\/7728b29aac2719421e1a9159b2254c44?s=96&d=mm&r=g","contentUrl":"https:\/\/secure.gravatar.com\/avatar\/7728b29aac2719421e1a9159b2254c44?s=96&d=mm&r=g","caption":"Cl\u00e9ment"},"sameAs":["https:\/\/footdavant.fr\/"]}]}},"_links":{"self":[{"href":"https:\/\/footdavant.fr\/actualites\/wp-json\/wp\/v2\/posts\/20139"}],"collection":[{"href":"https:\/\/footdavant.fr\/actualites\/wp-json\/wp\/v2\/posts"}],"about":[{"href":"https:\/\/footdavant.fr\/actualites\/wp-json\/wp\/v2\/types\/post"}],"author":[{"embeddable":true,"href":"https:\/\/footdavant.fr\/actualites\/wp-json\/wp\/v2\/users\/1"}],"replies":[{"embeddable":true,"href":"https:\/\/footdavant.fr\/actualites\/wp-json\/wp\/v2\/comments?post=20139"}],"version-history":[{"count":1,"href":"https:\/\/footdavant.fr\/actualites\/wp-json\/wp\/v2\/posts\/20139\/revisions"}],"predecessor-version":[{"id":20141,"href":"https:\/\/footdavant.fr\/actualites\/wp-json\/wp\/v2\/posts\/20139\/revisions\/20141"}],"wp:featuredmedia":[{"embeddable":true,"href":"https:\/\/footdavant.fr\/actualites\/wp-json\/wp\/v2\/media\/20140"}],"wp:attachment":[{"href":"https:\/\/footdavant.fr\/actualites\/wp-json\/wp\/v2\/media?parent=20139"}],"wp:term":[{"taxonomy":"category","embeddable":true,"href":"https:\/\/footdavant.fr\/actualites\/wp-json\/wp\/v2\/categories?post=20139"},{"taxonomy":"post_tag","embeddable":true,"href":"https:\/\/footdavant.fr\/actualites\/wp-json\/wp\/v2\/tags?post=20139"}],"curies":[{"name":"wp","href":"https:\/\/api.w.org\/{rel}","templated":true}]}}