{"id":20145,"date":"2025-02-16T13:48:09","date_gmt":"2025-02-16T12:48:09","guid":{"rendered":"https:\/\/footdavant.fr\/actualites\/homme-city-bleshing-suspension-news-and-return-dates-for-real-madrid-match-erling-haaland-jack-grealish-ruben-dias-dernier\/"},"modified":"2025-02-16T13:48:10","modified_gmt":"2025-02-16T12:48:10","slug":"homme-city-bleshing-suspension-news-and-return-dates-for-real-madrid-match-erling-haaland-jack-grealish-ruben-dias-dernier","status":"publish","type":"post","link":"https:\/\/footdavant.fr\/actualites\/homme-city-bleshing-suspension-news-and-return-dates-for-real-madrid-match-erling-haaland-jack-grealish-ruben-dias-dernier\/","title":{"rendered":"Homme City Bleshing, Suspension News and Return Dates for Real Madrid Match: Erling Haaland, Jack Grealish, Ruben Dias dernier"},"content":{"rendered":"<p>Sports Mole rassemble toutes les derni\u00e8res nouvelles de la blessure et de la suspension de Manchester City avant leur affrontement en Ligue des champions avec le Real Madrid.<\/p>\n<div id=\"article_body\" itemprop=\"articleBody\">\n<p class=\"firstPara\"><strong class=\"autotag\">MANCHESTER CITY<\/strong> Va viser \u00e0 renverser un d\u00e9ficit de premi\u00e8re \u00e9tape lorsqu&#39;ils se rendront en Espagne mercredi pour la deuxi\u00e8me \u00e9tape de leur <strong class=\"autotag\">Ligue des champions<\/strong> Knockout tour des \u00e9liminatoires avec <strong class=\"autotag\">Real Madrid<\/strong>.<\/p>\n<p>Les citoyens ont subi une d\u00e9faite 3-2 contre les champions europ\u00e9ens en titre lors de leur premi\u00e8re rencontre \u00e0 Manchester la semaine derni\u00e8re.<\/p>\n<p>Cependant, <strong class=\"autotag\">Pep guodiola<\/strong>Le c\u00f4t\u00e9 entrerara ce match \u00e0 l&#39;arri\u00e8re d&#39;un r\u00e9sultat de stimulation de moral, ayant <strong>battu Newcastle United 4-0<\/strong> en Premier League samedi apr\u00e8s-midi.<\/p>\n<p>Ici, <strong>Taupe de sport<\/strong> Arrondit les derni\u00e8res nouvelles des blessures et suspensions de Man City avant le concours avec le Real Madrid, qui <strong>Drew 1-1 avec Osasuna<\/strong> \u00e0 La Liga lors de leur dernier match.<\/p>\n<hr>\n<p class=\"imgI\">\n<p><strong>Statut:<\/strong> Dehors<br \/><strong>Type de blessure:<\/strong> Genou<br \/><strong>Date de retour possible:<\/strong> Inconnu<\/p>\n<p>Rodri a \u00e9t\u00e9 nomm\u00e9 dans l&#39;\u00e9quipe de Man City pour les stades \u00e0 \u00e9limination directe de la Ligue des champions, sugg\u00e9rant qu&#39;il pourrait \u00eatre de retour de sa blessure au LCA avant la fin de la campagne, mais il est encore plus probable qu&#39;il soit absent jusqu&#39;\u00e0 la saison 2025-26.<\/p>\n<hr>\n<p class=\"imgI\">\n<p><strong>Statut:<\/strong> Doute mineur<br \/><strong>Type de blessure:<\/strong> Muscle<br \/><strong>Date de retour possible:<\/strong> 19 f\u00e9vrier (contre le Real Madrid)<\/p>\n<p>Dias n&#39;\u00e9tait pas impliqu\u00e9 contre Newcastle en raison de la fatigue musculaire, mais le d\u00e9fenseur central devrait \u00eatre \u00e9limin\u00e9 \u00e0 temps pour se rendre sur le terrain pour le premier coup de sifflet contre le Real Madrid.<\/p>\n<hr>\n<p class=\"imgI\">\n<p><strong>Statut:<\/strong> Doute mineur<br \/><strong>Type de blessure:<\/strong> Muscle<br \/><strong>Date de retour possible:<\/strong> 19 f\u00e9vrier (contre le Real Madrid)<\/p>\n<p>Ake, comme Dias, n&#39;\u00e9tait pas enti\u00e8rement ajust\u00e9 pour l&#39;affrontement avec Newcastle et a \u00e9t\u00e9 exclu de l&#39;\u00e9quipe, mais l&#39;international des Pays-Bas devrait \u00eatre disponible pour le concours dans la capitale espagnole.<\/p>\n<hr>\n<p class=\"imgI\">\n<p><strong>Statut:<\/strong> Doute majeur<br \/><strong>Type de blessure:<\/strong> Aine<br \/><strong>Date de retour possible:<\/strong> 19 f\u00e9vrier (contre le Real Madrid)<\/p>\n<p>Grealish a d\u00fb \u00eatre substitu\u00e9 dans la premi\u00e8re moiti\u00e9 de l&#39;affrontement avec le Real Madrid la semaine derni\u00e8re en raison d&#39;un probl\u00e8me de l&#39;aine apparent, et l&#39;international anglais est un doute majeur pour le jeu \u00e0 Madrid.<\/p>\n<hr>\n<p class=\"imgI\">\n<p><strong>Statut:<\/strong> Dehors<br \/><strong>Type de blessure:<\/strong> Ravisseur<br \/><strong>Date de retour possible:<\/strong> Inconnu<\/p>\n<p>Akanji a d\u00fb \u00eatre remplac\u00e9 \u00e0 l&#39;intervalle de l&#39;affrontement avec le Real Madrid en raison d&#39;un probl\u00e8me d&#39;abducteur, et l&#39;International Suisse devrait maintenant \u00eatre sur la touche jusqu&#39;\u00e0 fin avril.<\/p>\n<hr>\n<p class=\"imgI\">\n<p><strong>Statut:<\/strong> Doute majeur<br \/><strong>Type de blessure:<\/strong> Fracture des jambes<br \/><strong>Date de retour possible:<\/strong> 19 f\u00e9vrier (contre le Real Madrid)<\/p>\n<p>Bobb est maintenant extr\u00eamement proche de faire son retour de la fracture des jambes qu&#39;il a subie en \u00e9t\u00e9, et il y a une chance que l&#39;attaquant tr\u00e8s cot\u00e9 soit dans l&#39;\u00e9quipe pour l&#39;affrontement avec le Real Madrid.<\/p>\n<hr>\n<p class=\"imgI\">\n<p><strong>Statut:<\/strong> Doute mineur<br \/><strong>Type de blessure:<\/strong> Genou<br \/><strong>Date de retour possible:<\/strong> 19 f\u00e9vrier (contre le Real Madrid)<\/p>\n<p>Haaland a \u00e9t\u00e9 contraint dans les derni\u00e8res \u00e9tapes de l&#39;affrontement de samedi avec Newcastle en raison d&#39;un l\u00e9ger probl\u00e8me de genou, mais Guardiola a d\u00e9clar\u00e9 apr\u00e8s le match que l&#39;international norv\u00e9gien devrait \u00eatre disponible.<\/p>\n<hr>\n<p><strong><\/p>\n<h2>Liste de suspension de Manchester City<\/h2>\n<p><\/strong><\/p>\n<p>Man City n&#39;a aucun joueur suspendu pour ce match.<\/p>\n<hr>\n<div class=\"author_box\">\n<div class=\"author_box_banner\">\n<\/div>\n<\/div>\n<\/div>\n","protected":false},"excerpt":{"rendered":"<p>Sports Mole rassemble toutes les derni\u00e8res nouvelles de la blessure et de la suspension de Manchester City avant leur affrontement en Ligue des champions avec<\/p>\n","protected":false},"author":1,"featured_media":14373,"comment_status":"closed","ping_status":"","sticky":false,"template":"","format":"standard","meta":{"footnotes":""},"categories":[4],"tags":[7829,27,2867,2317,4071,36,4811,37,1245,2155,303,257,409,302,7830,160,18],"yoast_head":"<!-- This site is optimized with the Yoast SEO plugin v21.0 - https:\/\/yoast.com\/wordpress\/plugins\/seo\/ -->\n<title>Homme City Bleshing, Suspension News and Return Dates for Real Madrid Match: Erling Haaland, Jack Grealish, Ruben Dias dernier<\/title>\n<meta name=\"robots\" content=\"index, follow, max-snippet:-1, max-image-preview:large, max-video-preview:-1\" \/>\n<link rel=\"canonical\" href=\"https:\/\/footdavant.fr\/actualites\/homme-city-bleshing-suspension-news-and-return-dates-for-real-madrid-match-erling-haaland-jack-grealish-ruben-dias-dernier\/\" \/>\n<meta property=\"og:locale\" content=\"fr_FR\" \/>\n<meta property=\"og:type\" content=\"article\" \/>\n<meta property=\"og:title\" content=\"Homme City Bleshing, Suspension News and Return Dates for Real Madrid Match: Erling Haaland, Jack Grealish, Ruben Dias dernier\" \/>\n<meta property=\"og:description\" content=\"Sports Mole rassemble toutes les derni\u00e8res nouvelles de la blessure et de la suspension de Manchester City avant leur affrontement en Ligue des champions avec\" \/>\n<meta property=\"og:url\" content=\"https:\/\/footdavant.fr\/actualites\/homme-city-bleshing-suspension-news-and-return-dates-for-real-madrid-match-erling-haaland-jack-grealish-ruben-dias-dernier\/\" \/>\n<meta property=\"og:site_name\" content=\"Foot d&#039;avant\" \/>\n<meta property=\"article:publisher\" content=\"https:\/\/www.facebook.com\/Footdavant\/\" \/>\n<meta property=\"article:published_time\" content=\"2025-02-16T12:48:09+00:00\" \/>\n<meta property=\"article:modified_time\" content=\"2025-02-16T12:48:10+00:00\" \/>\n<meta property=\"og:image\" content=\"https:\/\/footdavant.fr\/actualites\/wp-content\/uploads\/2024\/10\/Blessure-a-Man-City-nouvelles-de-suspension-pour-le-choc.jpg\" \/>\n\t<meta property=\"og:image:width\" content=\"1280\" \/>\n\t<meta property=\"og:image:height\" content=\"960\" \/>\n\t<meta property=\"og:image:type\" content=\"image\/jpeg\" \/>\n<meta name=\"author\" content=\"Cl\u00e9ment\" \/>\n<meta name=\"twitter:card\" content=\"summary_large_image\" \/>\n<meta name=\"twitter:creator\" content=\"@FootdavantFr\" \/>\n<meta name=\"twitter:site\" content=\"@FootdavantFr\" \/>\n<meta name=\"twitter:label1\" content=\"\u00c9crit par\" \/>\n\t<meta name=\"twitter:data1\" content=\"Cl\u00e9ment\" \/>\n\t<meta name=\"twitter:label2\" content=\"Dur\u00e9e de lecture estim\u00e9e\" \/>\n\t<meta name=\"twitter:data2\" content=\"3 minutes\" \/>\n<script type=\"application\/ld+json\" class=\"yoast-schema-graph\">{\"@context\":\"https:\/\/schema.org\",\"@graph\":[{\"@type\":\"Article\",\"@id\":\"https:\/\/footdavant.fr\/actualites\/homme-city-bleshing-suspension-news-and-return-dates-for-real-madrid-match-erling-haaland-jack-grealish-ruben-dias-dernier\/#article\",\"isPartOf\":{\"@id\":\"https:\/\/footdavant.fr\/actualites\/homme-city-bleshing-suspension-news-and-return-dates-for-real-madrid-match-erling-haaland-jack-grealish-ruben-dias-dernier\/\"},\"author\":{\"name\":\"Cl\u00e9ment\",\"@id\":\"https:\/\/footdavant.fr\/actualites\/#\/schema\/person\/bc222566d95871b37e597b3ed3ba5e1d\"},\"headline\":\"Homme City Bleshing, Suspension News and Return Dates for Real Madrid Match: Erling Haaland, Jack Grealish, Ruben Dias dernier\",\"datePublished\":\"2025-02-16T12:48:09+00:00\",\"dateModified\":\"2025-02-16T12:48:10+00:00\",\"mainEntityOfPage\":{\"@id\":\"https:\/\/footdavant.fr\/actualites\/homme-city-bleshing-suspension-news-and-return-dates-for-real-madrid-match-erling-haaland-jack-grealish-ruben-dias-dernier\/\"},\"wordCount\":592,\"publisher\":{\"@id\":\"https:\/\/footdavant.fr\/actualites\/#organization\"},\"keywords\":[\"Bleshing\",\"City\",\"Dates\",\"dernier\",\"Dias\",\"Erling\",\"Grealish\",\"Haaland\",\"homme\",\"Jack\",\"Madrid\",\"match\",\"News\",\"Real\",\"Return\",\"Ruben\",\"suspension\"],\"articleSection\":[\"Champions League\"],\"inLanguage\":\"fr-FR\"},{\"@type\":\"WebPage\",\"@id\":\"https:\/\/footdavant.fr\/actualites\/homme-city-bleshing-suspension-news-and-return-dates-for-real-madrid-match-erling-haaland-jack-grealish-ruben-dias-dernier\/\",\"url\":\"https:\/\/footdavant.fr\/actualites\/homme-city-bleshing-suspension-news-and-return-dates-for-real-madrid-match-erling-haaland-jack-grealish-ruben-dias-dernier\/\",\"name\":\"Homme City Bleshing, Suspension News and Return Dates for Real Madrid Match: Erling Haaland, Jack Grealish, Ruben Dias dernier\",\"isPartOf\":{\"@id\":\"https:\/\/footdavant.fr\/actualites\/#website\"},\"datePublished\":\"2025-02-16T12:48:09+00:00\",\"dateModified\":\"2025-02-16T12:48:10+00:00\",\"breadcrumb\":{\"@id\":\"https:\/\/footdavant.fr\/actualites\/homme-city-bleshing-suspension-news-and-return-dates-for-real-madrid-match-erling-haaland-jack-grealish-ruben-dias-dernier\/#breadcrumb\"},\"inLanguage\":\"fr-FR\",\"potentialAction\":[{\"@type\":\"ReadAction\",\"target\":[\"https:\/\/footdavant.fr\/actualites\/homme-city-bleshing-suspension-news-and-return-dates-for-real-madrid-match-erling-haaland-jack-grealish-ruben-dias-dernier\/\"]}]},{\"@type\":\"BreadcrumbList\",\"@id\":\"https:\/\/footdavant.fr\/actualites\/homme-city-bleshing-suspension-news-and-return-dates-for-real-madrid-match-erling-haaland-jack-grealish-ruben-dias-dernier\/#breadcrumb\",\"itemListElement\":[{\"@type\":\"ListItem\",\"position\":1,\"name\":\"Accueil\",\"item\":\"https:\/\/footdavant.fr\/actualites\/\"},{\"@type\":\"ListItem\",\"position\":2,\"name\":\"Homme City Bleshing, Suspension News and Return Dates for Real Madrid Match: Erling Haaland, Jack Grealish, Ruben Dias dernier\"}]},{\"@type\":\"WebSite\",\"@id\":\"https:\/\/footdavant.fr\/actualites\/#website\",\"url\":\"https:\/\/footdavant.fr\/actualites\/\",\"name\":\"Foot d'avant\",\"description\":\"\",\"publisher\":{\"@id\":\"https:\/\/footdavant.fr\/actualites\/#organization\"},\"potentialAction\":[{\"@type\":\"SearchAction\",\"target\":{\"@type\":\"EntryPoint\",\"urlTemplate\":\"https:\/\/footdavant.fr\/actualites\/?s={search_term_string}\"},\"query-input\":\"required name=search_term_string\"}],\"inLanguage\":\"fr-FR\"},{\"@type\":\"Organization\",\"@id\":\"https:\/\/footdavant.fr\/actualites\/#organization\",\"name\":\"Foot d'avant\",\"url\":\"https:\/\/footdavant.fr\/actualites\/\",\"logo\":{\"@type\":\"ImageObject\",\"inLanguage\":\"fr-FR\",\"@id\":\"https:\/\/footdavant.fr\/actualites\/#\/schema\/logo\/image\/\",\"url\":\"https:\/\/footdavant.fr\/actualites\/wp-content\/uploads\/2023\/09\/Copy-of-FootDavant-Logo.png\",\"contentUrl\":\"https:\/\/footdavant.fr\/actualites\/wp-content\/uploads\/2023\/09\/Copy-of-FootDavant-Logo.png\",\"width\":936,\"height\":549,\"caption\":\"Foot d'avant\"},\"image\":{\"@id\":\"https:\/\/footdavant.fr\/actualites\/#\/schema\/logo\/image\/\"},\"sameAs\":[\"https:\/\/www.facebook.com\/Footdavant\/\",\"https:\/\/twitter.com\/FootdavantFr\",\"https:\/\/www.instagram.com\/footdavant.fr\/\"]},{\"@type\":\"Person\",\"@id\":\"https:\/\/footdavant.fr\/actualites\/#\/schema\/person\/bc222566d95871b37e597b3ed3ba5e1d\",\"name\":\"Cl\u00e9ment\",\"image\":{\"@type\":\"ImageObject\",\"inLanguage\":\"fr-FR\",\"@id\":\"https:\/\/footdavant.fr\/actualites\/#\/schema\/person\/image\/\",\"url\":\"https:\/\/secure.gravatar.com\/avatar\/7728b29aac2719421e1a9159b2254c44?s=96&d=mm&r=g\",\"contentUrl\":\"https:\/\/secure.gravatar.com\/avatar\/7728b29aac2719421e1a9159b2254c44?s=96&d=mm&r=g\",\"caption\":\"Cl\u00e9ment\"},\"sameAs\":[\"https:\/\/footdavant.fr\/\"]}]}<\/script>\n<!-- \/ Yoast SEO plugin. -->","yoast_head_json":{"title":"Homme City Bleshing, Suspension News and Return Dates for Real Madrid Match: Erling Haaland, Jack Grealish, Ruben Dias dernier","robots":{"index":"index","follow":"follow","max-snippet":"max-snippet:-1","max-image-preview":"max-image-preview:large","max-video-preview":"max-video-preview:-1"},"canonical":"https:\/\/footdavant.fr\/actualites\/homme-city-bleshing-suspension-news-and-return-dates-for-real-madrid-match-erling-haaland-jack-grealish-ruben-dias-dernier\/","og_locale":"fr_FR","og_type":"article","og_title":"Homme City Bleshing, Suspension News and Return Dates for Real Madrid Match: Erling Haaland, Jack Grealish, Ruben Dias dernier","og_description":"Sports Mole rassemble toutes les derni\u00e8res nouvelles de la blessure et de la suspension de Manchester City avant leur affrontement en Ligue des champions avec","og_url":"https:\/\/footdavant.fr\/actualites\/homme-city-bleshing-suspension-news-and-return-dates-for-real-madrid-match-erling-haaland-jack-grealish-ruben-dias-dernier\/","og_site_name":"Foot d&#039;avant","article_publisher":"https:\/\/www.facebook.com\/Footdavant\/","article_published_time":"2025-02-16T12:48:09+00:00","article_modified_time":"2025-02-16T12:48:10+00:00","og_image":[{"width":1280,"height":960,"url":"https:\/\/footdavant.fr\/actualites\/wp-content\/uploads\/2024\/10\/Blessure-a-Man-City-nouvelles-de-suspension-pour-le-choc.jpg","type":"image\/jpeg"}],"author":"Cl\u00e9ment","twitter_card":"summary_large_image","twitter_creator":"@FootdavantFr","twitter_site":"@FootdavantFr","twitter_misc":{"\u00c9crit par":"Cl\u00e9ment","Dur\u00e9e de lecture estim\u00e9e":"3 minutes"},"schema":{"@context":"https:\/\/schema.org","@graph":[{"@type":"Article","@id":"https:\/\/footdavant.fr\/actualites\/homme-city-bleshing-suspension-news-and-return-dates-for-real-madrid-match-erling-haaland-jack-grealish-ruben-dias-dernier\/#article","isPartOf":{"@id":"https:\/\/footdavant.fr\/actualites\/homme-city-bleshing-suspension-news-and-return-dates-for-real-madrid-match-erling-haaland-jack-grealish-ruben-dias-dernier\/"},"author":{"name":"Cl\u00e9ment","@id":"https:\/\/footdavant.fr\/actualites\/#\/schema\/person\/bc222566d95871b37e597b3ed3ba5e1d"},"headline":"Homme City Bleshing, Suspension News and Return Dates for Real Madrid Match: Erling Haaland, Jack Grealish, Ruben Dias dernier","datePublished":"2025-02-16T12:48:09+00:00","dateModified":"2025-02-16T12:48:10+00:00","mainEntityOfPage":{"@id":"https:\/\/footdavant.fr\/actualites\/homme-city-bleshing-suspension-news-and-return-dates-for-real-madrid-match-erling-haaland-jack-grealish-ruben-dias-dernier\/"},"wordCount":592,"publisher":{"@id":"https:\/\/footdavant.fr\/actualites\/#organization"},"keywords":["Bleshing","City","Dates","dernier","Dias","Erling","Grealish","Haaland","homme","Jack","Madrid","match","News","Real","Return","Ruben","suspension"],"articleSection":["Champions League"],"inLanguage":"fr-FR"},{"@type":"WebPage","@id":"https:\/\/footdavant.fr\/actualites\/homme-city-bleshing-suspension-news-and-return-dates-for-real-madrid-match-erling-haaland-jack-grealish-ruben-dias-dernier\/","url":"https:\/\/footdavant.fr\/actualites\/homme-city-bleshing-suspension-news-and-return-dates-for-real-madrid-match-erling-haaland-jack-grealish-ruben-dias-dernier\/","name":"Homme City Bleshing, Suspension News and Return Dates for Real Madrid Match: Erling Haaland, Jack Grealish, Ruben Dias dernier","isPartOf":{"@id":"https:\/\/footdavant.fr\/actualites\/#website"},"datePublished":"2025-02-16T12:48:09+00:00","dateModified":"2025-02-16T12:48:10+00:00","breadcrumb":{"@id":"https:\/\/footdavant.fr\/actualites\/homme-city-bleshing-suspension-news-and-return-dates-for-real-madrid-match-erling-haaland-jack-grealish-ruben-dias-dernier\/#breadcrumb"},"inLanguage":"fr-FR","potentialAction":[{"@type":"ReadAction","target":["https:\/\/footdavant.fr\/actualites\/homme-city-bleshing-suspension-news-and-return-dates-for-real-madrid-match-erling-haaland-jack-grealish-ruben-dias-dernier\/"]}]},{"@type":"BreadcrumbList","@id":"https:\/\/footdavant.fr\/actualites\/homme-city-bleshing-suspension-news-and-return-dates-for-real-madrid-match-erling-haaland-jack-grealish-ruben-dias-dernier\/#breadcrumb","itemListElement":[{"@type":"ListItem","position":1,"name":"Accueil","item":"https:\/\/footdavant.fr\/actualites\/"},{"@type":"ListItem","position":2,"name":"Homme City Bleshing, Suspension News and Return Dates for Real Madrid Match: Erling Haaland, Jack Grealish, Ruben Dias dernier"}]},{"@type":"WebSite","@id":"https:\/\/footdavant.fr\/actualites\/#website","url":"https:\/\/footdavant.fr\/actualites\/","name":"Foot d'avant","description":"","publisher":{"@id":"https:\/\/footdavant.fr\/actualites\/#organization"},"potentialAction":[{"@type":"SearchAction","target":{"@type":"EntryPoint","urlTemplate":"https:\/\/footdavant.fr\/actualites\/?s={search_term_string}"},"query-input":"required name=search_term_string"}],"inLanguage":"fr-FR"},{"@type":"Organization","@id":"https:\/\/footdavant.fr\/actualites\/#organization","name":"Foot d'avant","url":"https:\/\/footdavant.fr\/actualites\/","logo":{"@type":"ImageObject","inLanguage":"fr-FR","@id":"https:\/\/footdavant.fr\/actualites\/#\/schema\/logo\/image\/","url":"https:\/\/footdavant.fr\/actualites\/wp-content\/uploads\/2023\/09\/Copy-of-FootDavant-Logo.png","contentUrl":"https:\/\/footdavant.fr\/actualites\/wp-content\/uploads\/2023\/09\/Copy-of-FootDavant-Logo.png","width":936,"height":549,"caption":"Foot d'avant"},"image":{"@id":"https:\/\/footdavant.fr\/actualites\/#\/schema\/logo\/image\/"},"sameAs":["https:\/\/www.facebook.com\/Footdavant\/","https:\/\/twitter.com\/FootdavantFr","https:\/\/www.instagram.com\/footdavant.fr\/"]},{"@type":"Person","@id":"https:\/\/footdavant.fr\/actualites\/#\/schema\/person\/bc222566d95871b37e597b3ed3ba5e1d","name":"Cl\u00e9ment","image":{"@type":"ImageObject","inLanguage":"fr-FR","@id":"https:\/\/footdavant.fr\/actualites\/#\/schema\/person\/image\/","url":"https:\/\/secure.gravatar.com\/avatar\/7728b29aac2719421e1a9159b2254c44?s=96&d=mm&r=g","contentUrl":"https:\/\/secure.gravatar.com\/avatar\/7728b29aac2719421e1a9159b2254c44?s=96&d=mm&r=g","caption":"Cl\u00e9ment"},"sameAs":["https:\/\/footdavant.fr\/"]}]}},"_links":{"self":[{"href":"https:\/\/footdavant.fr\/actualites\/wp-json\/wp\/v2\/posts\/20145"}],"collection":[{"href":"https:\/\/footdavant.fr\/actualites\/wp-json\/wp\/v2\/posts"}],"about":[{"href":"https:\/\/footdavant.fr\/actualites\/wp-json\/wp\/v2\/types\/post"}],"author":[{"embeddable":true,"href":"https:\/\/footdavant.fr\/actualites\/wp-json\/wp\/v2\/users\/1"}],"replies":[{"embeddable":true,"href":"https:\/\/footdavant.fr\/actualites\/wp-json\/wp\/v2\/comments?post=20145"}],"version-history":[{"count":1,"href":"https:\/\/footdavant.fr\/actualites\/wp-json\/wp\/v2\/posts\/20145\/revisions"}],"predecessor-version":[{"id":20146,"href":"https:\/\/footdavant.fr\/actualites\/wp-json\/wp\/v2\/posts\/20145\/revisions\/20146"}],"wp:featuredmedia":[{"embeddable":true,"href":"https:\/\/footdavant.fr\/actualites\/wp-json\/wp\/v2\/media\/14373"}],"wp:attachment":[{"href":"https:\/\/footdavant.fr\/actualites\/wp-json\/wp\/v2\/media?parent=20145"}],"wp:term":[{"taxonomy":"category","embeddable":true,"href":"https:\/\/footdavant.fr\/actualites\/wp-json\/wp\/v2\/categories?post=20145"},{"taxonomy":"post_tag","embeddable":true,"href":"https:\/\/footdavant.fr\/actualites\/wp-json\/wp\/v2\/tags?post=20145"}],"curies":[{"name":"wp","href":"https:\/\/api.w.org\/{rel}","templated":true}]}}