{"id":20153,"date":"2025-02-16T17:48:39","date_gmt":"2025-02-16T16:48:39","guid":{"rendered":"https:\/\/footdavant.fr\/actualites\/blessure-du-real-madrid-suspension-news-contre-man-city-los-blancos-a-manque-cinq-defenseurs-pour-le-concours-de-la-ligue-des-champions\/"},"modified":"2025-02-16T17:48:41","modified_gmt":"2025-02-16T16:48:41","slug":"blessure-du-real-madrid-suspension-news-contre-man-city-los-blancos-a-manque-cinq-defenseurs-pour-le-concours-de-la-ligue-des-champions","status":"publish","type":"post","link":"https:\/\/footdavant.fr\/actualites\/blessure-du-real-madrid-suspension-news-contre-man-city-los-blancos-a-manque-cinq-defenseurs-pour-le-concours-de-la-ligue-des-champions\/","title":{"rendered":"Blessure du Real Madrid, Suspension News contre Man City: Los Blancos a manqu\u00e9 cinq d\u00e9fenseurs pour le concours de la Ligue des champions"},"content":{"rendered":"<p>Sports Mole examine les nouvelles de la blessure et de la suspension du Real Madrid avant leur affrontement en Ligue des champions avec Manchester City.<\/p>\n<div id=\"article_body\" itemprop=\"articleBody\">\n<p class=\"firstPara\"><strong class=\"autotag\">Real Madrid<\/strong> va soumissionner pour r\u00e9server sa place dans la manche \u00e0 \u00e9limination directe de la <strong class=\"autotag\">Ligue des champions<\/strong> Quand ils accueillent <strong class=\"autotag\">MANCHESTER CITY<\/strong> \u00e0 Bernabeu pour la deuxi\u00e8me \u00e9tape de leur affrontement en s\u00e9ries \u00e9liminatoires mercredi soir.<\/p>\n<p><strong class=\"autotag\">Carlo Ancelotti<\/strong>Le c\u00f4t\u00e9 est en position forte pour atteindre la prochaine \u00e9tape de la comp\u00e9tition, apr\u00e8s avoir enregistr\u00e9 une victoire 3-2 contre les citoyens lors du match aller au stade Etihad la semaine derni\u00e8re.<\/p>\n<p>Los Bancos entrera dans ce match \u00e0 l&#39;arri\u00e8re d&#39;un r\u00e9sultat d\u00e9cevant, apr\u00e8s avoir \u00e9t\u00e9 tenu \u00e0 un <strong>1-1 tirage par Osasuna<\/strong> dans le haut vol d&#39;Espagne samedi apr\u00e8s-midi.<\/p>\n<p>Ici, <strong>Taupe de sport<\/strong> Arrondit les nouvelles des blessures et des suspensions de l&#39;\u00e9quipe avant le choc avec Man City, qui <strong>Newcastle United 4-0<\/strong> en Premier League la derni\u00e8re fois.<\/p>\n<hr>\n<p class=\"imgI\">\n<p><strong>Statut:<\/strong> Dehors<br \/><strong>Type de blessure:<\/strong> Muscle<br \/><strong>Date de retour possible:<\/strong> Inconnu<\/p>\n<p>Alaba vient de retourner \u00e0 l&#39;action apr\u00e8s plus d&#39;un an sur la touche avec une grave blessure au genou, mais le d\u00e9fenseur est maintenant confront\u00e9 \u00e0 plus de temps hors de l&#39;action en raison d&#39;un probl\u00e8me musculaire.<\/p>\n<hr>\n<p class=\"imgI\">\n<p><strong>Statut:<\/strong> Dehors<br \/><strong>Type de blessure:<\/strong> Genou<br \/><strong>Date de retour possible:<\/strong> Inconnu<\/p>\n<p>Le Real Madrid sera sans les services de Carvajal pour le reste de la campagne 2024-25 en raison de <strong>la grave blessure au genou<\/strong> que l&#39;arri\u00e8re droit a souffert de l&#39;affrontement avec Villarreal le 5 octobre.<\/p>\n<hr>\n<p class=\"imgI\">\n<p><strong>Statut:<\/strong> Dehors<br \/><strong>Type de blessure:<\/strong> Genou<br \/><strong>Date de retour possible:<\/strong> Inconnu<\/p>\n<p>Le Real Madrid sera sans les services de Militao pour le reste de la campagne, en tant que d\u00e9fenseur central br\u00e9silien <strong>endommag\u00e9 son ACL<\/strong> Pendant l&#39;affrontement avec Osasuna en novembre.<\/p>\n<hr>\n<p class=\"imgI\">\n<p><strong>Statut:<\/strong> Dehors<br \/><strong>Type de blessure:<\/strong> Cuisse<br \/><strong>Date de retour possible:<\/strong> 1er mars (contre Real Betis)<\/p>\n<p>Le d\u00e9fenseur du Real Madrid Rudiger <strong>a subi un probl\u00e8me de cuisse<\/strong> contre l&#39;Espanyol le 1er f\u00e9vrier, et l&#39;allemand ne devrait pas \u00eatre de retour sur le terrain avant le d\u00e9but de mars.<\/p>\n<hr>\n<p class=\"imgI\">\n<p><strong>Statut:<\/strong> Dehors<br \/><strong>Type de blessure:<\/strong> Tendon<br \/><strong>Date de retour possible:<\/strong> 1er mars (contre Real Betis)<\/p>\n<p>Vazquez n&#39;\u00e9tait pas impliqu\u00e9 contre Man City ou Osasuna en raison de <strong>un probl\u00e8me des ischio-jambiers<\/strong> qu&#39;il a soutenu contre l&#39;Atletico, et il est entendu que l&#39;Espagnol ne sera pas disponible pour la s\u00e9lection jusqu&#39;au d\u00e9but de mars.<\/p>\n<hr>\n<p><strong><\/p>\n<h2>Liste de suspension du Real Madrid<\/h2>\n<p><\/strong><\/p>\n<p>Le Real Madrid n&#39;a aucun joueur suspendu pour le choc europ\u00e9en; <strong class=\"autotag\">Jude Bellingham<\/strong> a \u00e9t\u00e9 envoy\u00e9 contre Osasuna dans la ligue la derni\u00e8re fois, mais le milieu de terrain sera disponible contre Man City.<\/p>\n<hr>\n<div class=\"author_box\">\n<div class=\"author_box_banner\">\n<\/div>\n<\/div>\n<\/div>\n","protected":false},"excerpt":{"rendered":"<p>Sports Mole examine les nouvelles de la blessure et de la suspension du Real Madrid avant leur affrontement en Ligue des champions avec Manchester City.<\/p>\n","protected":false},"author":1,"featured_media":20154,"comment_status":"closed","ping_status":"","sticky":false,"template":"","format":"standard","meta":{"footnotes":""},"categories":[4],"tags":[4499,15,31,1322,27,359,20,2499,12,30,2707,303,24,476,409,51,302,18],"yoast_head":"<!-- This site is optimized with the Yoast SEO plugin v21.0 - https:\/\/yoast.com\/wordpress\/plugins\/seo\/ -->\n<title>Blessure du Real Madrid, Suspension News contre Man City: Los Blancos a manqu\u00e9 cinq d\u00e9fenseurs pour le concours de la Ligue des champions<\/title>\n<meta name=\"robots\" content=\"index, follow, max-snippet:-1, max-image-preview:large, max-video-preview:-1\" \/>\n<link rel=\"canonical\" href=\"https:\/\/footdavant.fr\/actualites\/blessure-du-real-madrid-suspension-news-contre-man-city-los-blancos-a-manque-cinq-defenseurs-pour-le-concours-de-la-ligue-des-champions\/\" \/>\n<meta property=\"og:locale\" content=\"fr_FR\" \/>\n<meta property=\"og:type\" content=\"article\" \/>\n<meta property=\"og:title\" content=\"Blessure du Real Madrid, Suspension News contre Man City: Los Blancos a manqu\u00e9 cinq d\u00e9fenseurs pour le concours de la Ligue des champions\" \/>\n<meta property=\"og:description\" content=\"Sports Mole examine les nouvelles de la blessure et de la suspension du Real Madrid avant leur affrontement en Ligue des champions avec Manchester City.\" \/>\n<meta property=\"og:url\" content=\"https:\/\/footdavant.fr\/actualites\/blessure-du-real-madrid-suspension-news-contre-man-city-los-blancos-a-manque-cinq-defenseurs-pour-le-concours-de-la-ligue-des-champions\/\" \/>\n<meta property=\"og:site_name\" content=\"Foot d&#039;avant\" \/>\n<meta property=\"article:publisher\" content=\"https:\/\/www.facebook.com\/Footdavant\/\" \/>\n<meta property=\"article:published_time\" content=\"2025-02-16T16:48:39+00:00\" \/>\n<meta property=\"article:modified_time\" content=\"2025-02-16T16:48:41+00:00\" \/>\n<meta property=\"og:image\" content=\"https:\/\/footdavant.fr\/actualites\/wp-content\/uploads\/2025\/02\/1739724520_Blessure-du-Real-Madrid-Suspension-News-contre-Man-City-Los.jpg\" \/>\n\t<meta property=\"og:image:width\" content=\"1280\" \/>\n\t<meta property=\"og:image:height\" content=\"960\" \/>\n\t<meta property=\"og:image:type\" content=\"image\/jpeg\" \/>\n<meta name=\"author\" content=\"Cl\u00e9ment\" \/>\n<meta name=\"twitter:card\" content=\"summary_large_image\" \/>\n<meta name=\"twitter:creator\" content=\"@FootdavantFr\" \/>\n<meta name=\"twitter:site\" content=\"@FootdavantFr\" \/>\n<meta name=\"twitter:label1\" content=\"\u00c9crit par\" \/>\n\t<meta name=\"twitter:data1\" content=\"Cl\u00e9ment\" \/>\n\t<meta name=\"twitter:label2\" content=\"Dur\u00e9e de lecture estim\u00e9e\" \/>\n\t<meta name=\"twitter:data2\" content=\"2 minutes\" \/>\n<script type=\"application\/ld+json\" class=\"yoast-schema-graph\">{\"@context\":\"https:\/\/schema.org\",\"@graph\":[{\"@type\":\"Article\",\"@id\":\"https:\/\/footdavant.fr\/actualites\/blessure-du-real-madrid-suspension-news-contre-man-city-los-blancos-a-manque-cinq-defenseurs-pour-le-concours-de-la-ligue-des-champions\/#article\",\"isPartOf\":{\"@id\":\"https:\/\/footdavant.fr\/actualites\/blessure-du-real-madrid-suspension-news-contre-man-city-los-blancos-a-manque-cinq-defenseurs-pour-le-concours-de-la-ligue-des-champions\/\"},\"author\":{\"name\":\"Cl\u00e9ment\",\"@id\":\"https:\/\/footdavant.fr\/actualites\/#\/schema\/person\/bc222566d95871b37e597b3ed3ba5e1d\"},\"headline\":\"Blessure du Real Madrid, Suspension News contre Man City: Los Blancos a manqu\u00e9 cinq d\u00e9fenseurs pour le concours de la Ligue des champions\",\"datePublished\":\"2025-02-16T16:48:39+00:00\",\"dateModified\":\"2025-02-16T16:48:41+00:00\",\"mainEntityOfPage\":{\"@id\":\"https:\/\/footdavant.fr\/actualites\/blessure-du-real-madrid-suspension-news-contre-man-city-los-blancos-a-manque-cinq-defenseurs-pour-le-concours-de-la-ligue-des-champions\/\"},\"wordCount\":496,\"publisher\":{\"@id\":\"https:\/\/footdavant.fr\/actualites\/#organization\"},\"keywords\":[\"Blancos\",\"Blessure\",\"champions\",\"Cinq\",\"City\",\"concours\",\"contre\",\"d\u00e9fenseurs\",\"des\",\"Ligue\",\"Los\",\"Madrid\",\"Man\",\"manque\",\"News\",\"pour\",\"Real\",\"suspension\"],\"articleSection\":[\"Champions League\"],\"inLanguage\":\"fr-FR\"},{\"@type\":\"WebPage\",\"@id\":\"https:\/\/footdavant.fr\/actualites\/blessure-du-real-madrid-suspension-news-contre-man-city-los-blancos-a-manque-cinq-defenseurs-pour-le-concours-de-la-ligue-des-champions\/\",\"url\":\"https:\/\/footdavant.fr\/actualites\/blessure-du-real-madrid-suspension-news-contre-man-city-los-blancos-a-manque-cinq-defenseurs-pour-le-concours-de-la-ligue-des-champions\/\",\"name\":\"Blessure du Real Madrid, Suspension News contre Man City: Los Blancos a manqu\u00e9 cinq d\u00e9fenseurs pour le concours de la Ligue des champions\",\"isPartOf\":{\"@id\":\"https:\/\/footdavant.fr\/actualites\/#website\"},\"datePublished\":\"2025-02-16T16:48:39+00:00\",\"dateModified\":\"2025-02-16T16:48:41+00:00\",\"breadcrumb\":{\"@id\":\"https:\/\/footdavant.fr\/actualites\/blessure-du-real-madrid-suspension-news-contre-man-city-los-blancos-a-manque-cinq-defenseurs-pour-le-concours-de-la-ligue-des-champions\/#breadcrumb\"},\"inLanguage\":\"fr-FR\",\"potentialAction\":[{\"@type\":\"ReadAction\",\"target\":[\"https:\/\/footdavant.fr\/actualites\/blessure-du-real-madrid-suspension-news-contre-man-city-los-blancos-a-manque-cinq-defenseurs-pour-le-concours-de-la-ligue-des-champions\/\"]}]},{\"@type\":\"BreadcrumbList\",\"@id\":\"https:\/\/footdavant.fr\/actualites\/blessure-du-real-madrid-suspension-news-contre-man-city-los-blancos-a-manque-cinq-defenseurs-pour-le-concours-de-la-ligue-des-champions\/#breadcrumb\",\"itemListElement\":[{\"@type\":\"ListItem\",\"position\":1,\"name\":\"Accueil\",\"item\":\"https:\/\/footdavant.fr\/actualites\/\"},{\"@type\":\"ListItem\",\"position\":2,\"name\":\"Blessure du Real Madrid, Suspension News contre Man City: Los Blancos a manqu\u00e9 cinq d\u00e9fenseurs pour le concours de la Ligue des champions\"}]},{\"@type\":\"WebSite\",\"@id\":\"https:\/\/footdavant.fr\/actualites\/#website\",\"url\":\"https:\/\/footdavant.fr\/actualites\/\",\"name\":\"Foot d'avant\",\"description\":\"\",\"publisher\":{\"@id\":\"https:\/\/footdavant.fr\/actualites\/#organization\"},\"potentialAction\":[{\"@type\":\"SearchAction\",\"target\":{\"@type\":\"EntryPoint\",\"urlTemplate\":\"https:\/\/footdavant.fr\/actualites\/?s={search_term_string}\"},\"query-input\":\"required name=search_term_string\"}],\"inLanguage\":\"fr-FR\"},{\"@type\":\"Organization\",\"@id\":\"https:\/\/footdavant.fr\/actualites\/#organization\",\"name\":\"Foot d'avant\",\"url\":\"https:\/\/footdavant.fr\/actualites\/\",\"logo\":{\"@type\":\"ImageObject\",\"inLanguage\":\"fr-FR\",\"@id\":\"https:\/\/footdavant.fr\/actualites\/#\/schema\/logo\/image\/\",\"url\":\"https:\/\/footdavant.fr\/actualites\/wp-content\/uploads\/2023\/09\/Copy-of-FootDavant-Logo.png\",\"contentUrl\":\"https:\/\/footdavant.fr\/actualites\/wp-content\/uploads\/2023\/09\/Copy-of-FootDavant-Logo.png\",\"width\":936,\"height\":549,\"caption\":\"Foot d'avant\"},\"image\":{\"@id\":\"https:\/\/footdavant.fr\/actualites\/#\/schema\/logo\/image\/\"},\"sameAs\":[\"https:\/\/www.facebook.com\/Footdavant\/\",\"https:\/\/twitter.com\/FootdavantFr\",\"https:\/\/www.instagram.com\/footdavant.fr\/\"]},{\"@type\":\"Person\",\"@id\":\"https:\/\/footdavant.fr\/actualites\/#\/schema\/person\/bc222566d95871b37e597b3ed3ba5e1d\",\"name\":\"Cl\u00e9ment\",\"image\":{\"@type\":\"ImageObject\",\"inLanguage\":\"fr-FR\",\"@id\":\"https:\/\/footdavant.fr\/actualites\/#\/schema\/person\/image\/\",\"url\":\"https:\/\/secure.gravatar.com\/avatar\/7728b29aac2719421e1a9159b2254c44?s=96&d=mm&r=g\",\"contentUrl\":\"https:\/\/secure.gravatar.com\/avatar\/7728b29aac2719421e1a9159b2254c44?s=96&d=mm&r=g\",\"caption\":\"Cl\u00e9ment\"},\"sameAs\":[\"https:\/\/footdavant.fr\/\"]}]}<\/script>\n<!-- \/ Yoast SEO plugin. -->","yoast_head_json":{"title":"Blessure du Real Madrid, Suspension News contre Man City: Los Blancos a manqu\u00e9 cinq d\u00e9fenseurs pour le concours de la Ligue des champions","robots":{"index":"index","follow":"follow","max-snippet":"max-snippet:-1","max-image-preview":"max-image-preview:large","max-video-preview":"max-video-preview:-1"},"canonical":"https:\/\/footdavant.fr\/actualites\/blessure-du-real-madrid-suspension-news-contre-man-city-los-blancos-a-manque-cinq-defenseurs-pour-le-concours-de-la-ligue-des-champions\/","og_locale":"fr_FR","og_type":"article","og_title":"Blessure du Real Madrid, Suspension News contre Man City: Los Blancos a manqu\u00e9 cinq d\u00e9fenseurs pour le concours de la Ligue des champions","og_description":"Sports Mole examine les nouvelles de la blessure et de la suspension du Real Madrid avant leur affrontement en Ligue des champions avec Manchester City.","og_url":"https:\/\/footdavant.fr\/actualites\/blessure-du-real-madrid-suspension-news-contre-man-city-los-blancos-a-manque-cinq-defenseurs-pour-le-concours-de-la-ligue-des-champions\/","og_site_name":"Foot d&#039;avant","article_publisher":"https:\/\/www.facebook.com\/Footdavant\/","article_published_time":"2025-02-16T16:48:39+00:00","article_modified_time":"2025-02-16T16:48:41+00:00","og_image":[{"width":1280,"height":960,"url":"https:\/\/footdavant.fr\/actualites\/wp-content\/uploads\/2025\/02\/1739724520_Blessure-du-Real-Madrid-Suspension-News-contre-Man-City-Los.jpg","type":"image\/jpeg"}],"author":"Cl\u00e9ment","twitter_card":"summary_large_image","twitter_creator":"@FootdavantFr","twitter_site":"@FootdavantFr","twitter_misc":{"\u00c9crit par":"Cl\u00e9ment","Dur\u00e9e de lecture estim\u00e9e":"2 minutes"},"schema":{"@context":"https:\/\/schema.org","@graph":[{"@type":"Article","@id":"https:\/\/footdavant.fr\/actualites\/blessure-du-real-madrid-suspension-news-contre-man-city-los-blancos-a-manque-cinq-defenseurs-pour-le-concours-de-la-ligue-des-champions\/#article","isPartOf":{"@id":"https:\/\/footdavant.fr\/actualites\/blessure-du-real-madrid-suspension-news-contre-man-city-los-blancos-a-manque-cinq-defenseurs-pour-le-concours-de-la-ligue-des-champions\/"},"author":{"name":"Cl\u00e9ment","@id":"https:\/\/footdavant.fr\/actualites\/#\/schema\/person\/bc222566d95871b37e597b3ed3ba5e1d"},"headline":"Blessure du Real Madrid, Suspension News contre Man City: Los Blancos a manqu\u00e9 cinq d\u00e9fenseurs pour le concours de la Ligue des champions","datePublished":"2025-02-16T16:48:39+00:00","dateModified":"2025-02-16T16:48:41+00:00","mainEntityOfPage":{"@id":"https:\/\/footdavant.fr\/actualites\/blessure-du-real-madrid-suspension-news-contre-man-city-los-blancos-a-manque-cinq-defenseurs-pour-le-concours-de-la-ligue-des-champions\/"},"wordCount":496,"publisher":{"@id":"https:\/\/footdavant.fr\/actualites\/#organization"},"keywords":["Blancos","Blessure","champions","Cinq","City","concours","contre","d\u00e9fenseurs","des","Ligue","Los","Madrid","Man","manque","News","pour","Real","suspension"],"articleSection":["Champions League"],"inLanguage":"fr-FR"},{"@type":"WebPage","@id":"https:\/\/footdavant.fr\/actualites\/blessure-du-real-madrid-suspension-news-contre-man-city-los-blancos-a-manque-cinq-defenseurs-pour-le-concours-de-la-ligue-des-champions\/","url":"https:\/\/footdavant.fr\/actualites\/blessure-du-real-madrid-suspension-news-contre-man-city-los-blancos-a-manque-cinq-defenseurs-pour-le-concours-de-la-ligue-des-champions\/","name":"Blessure du Real Madrid, Suspension News contre Man City: Los Blancos a manqu\u00e9 cinq d\u00e9fenseurs pour le concours de la Ligue des champions","isPartOf":{"@id":"https:\/\/footdavant.fr\/actualites\/#website"},"datePublished":"2025-02-16T16:48:39+00:00","dateModified":"2025-02-16T16:48:41+00:00","breadcrumb":{"@id":"https:\/\/footdavant.fr\/actualites\/blessure-du-real-madrid-suspension-news-contre-man-city-los-blancos-a-manque-cinq-defenseurs-pour-le-concours-de-la-ligue-des-champions\/#breadcrumb"},"inLanguage":"fr-FR","potentialAction":[{"@type":"ReadAction","target":["https:\/\/footdavant.fr\/actualites\/blessure-du-real-madrid-suspension-news-contre-man-city-los-blancos-a-manque-cinq-defenseurs-pour-le-concours-de-la-ligue-des-champions\/"]}]},{"@type":"BreadcrumbList","@id":"https:\/\/footdavant.fr\/actualites\/blessure-du-real-madrid-suspension-news-contre-man-city-los-blancos-a-manque-cinq-defenseurs-pour-le-concours-de-la-ligue-des-champions\/#breadcrumb","itemListElement":[{"@type":"ListItem","position":1,"name":"Accueil","item":"https:\/\/footdavant.fr\/actualites\/"},{"@type":"ListItem","position":2,"name":"Blessure du Real Madrid, Suspension News contre Man City: Los Blancos a manqu\u00e9 cinq d\u00e9fenseurs pour le concours de la Ligue des champions"}]},{"@type":"WebSite","@id":"https:\/\/footdavant.fr\/actualites\/#website","url":"https:\/\/footdavant.fr\/actualites\/","name":"Foot d'avant","description":"","publisher":{"@id":"https:\/\/footdavant.fr\/actualites\/#organization"},"potentialAction":[{"@type":"SearchAction","target":{"@type":"EntryPoint","urlTemplate":"https:\/\/footdavant.fr\/actualites\/?s={search_term_string}"},"query-input":"required name=search_term_string"}],"inLanguage":"fr-FR"},{"@type":"Organization","@id":"https:\/\/footdavant.fr\/actualites\/#organization","name":"Foot d'avant","url":"https:\/\/footdavant.fr\/actualites\/","logo":{"@type":"ImageObject","inLanguage":"fr-FR","@id":"https:\/\/footdavant.fr\/actualites\/#\/schema\/logo\/image\/","url":"https:\/\/footdavant.fr\/actualites\/wp-content\/uploads\/2023\/09\/Copy-of-FootDavant-Logo.png","contentUrl":"https:\/\/footdavant.fr\/actualites\/wp-content\/uploads\/2023\/09\/Copy-of-FootDavant-Logo.png","width":936,"height":549,"caption":"Foot d'avant"},"image":{"@id":"https:\/\/footdavant.fr\/actualites\/#\/schema\/logo\/image\/"},"sameAs":["https:\/\/www.facebook.com\/Footdavant\/","https:\/\/twitter.com\/FootdavantFr","https:\/\/www.instagram.com\/footdavant.fr\/"]},{"@type":"Person","@id":"https:\/\/footdavant.fr\/actualites\/#\/schema\/person\/bc222566d95871b37e597b3ed3ba5e1d","name":"Cl\u00e9ment","image":{"@type":"ImageObject","inLanguage":"fr-FR","@id":"https:\/\/footdavant.fr\/actualites\/#\/schema\/person\/image\/","url":"https:\/\/secure.gravatar.com\/avatar\/7728b29aac2719421e1a9159b2254c44?s=96&d=mm&r=g","contentUrl":"https:\/\/secure.gravatar.com\/avatar\/7728b29aac2719421e1a9159b2254c44?s=96&d=mm&r=g","caption":"Cl\u00e9ment"},"sameAs":["https:\/\/footdavant.fr\/"]}]}},"_links":{"self":[{"href":"https:\/\/footdavant.fr\/actualites\/wp-json\/wp\/v2\/posts\/20153"}],"collection":[{"href":"https:\/\/footdavant.fr\/actualites\/wp-json\/wp\/v2\/posts"}],"about":[{"href":"https:\/\/footdavant.fr\/actualites\/wp-json\/wp\/v2\/types\/post"}],"author":[{"embeddable":true,"href":"https:\/\/footdavant.fr\/actualites\/wp-json\/wp\/v2\/users\/1"}],"replies":[{"embeddable":true,"href":"https:\/\/footdavant.fr\/actualites\/wp-json\/wp\/v2\/comments?post=20153"}],"version-history":[{"count":1,"href":"https:\/\/footdavant.fr\/actualites\/wp-json\/wp\/v2\/posts\/20153\/revisions"}],"predecessor-version":[{"id":20155,"href":"https:\/\/footdavant.fr\/actualites\/wp-json\/wp\/v2\/posts\/20153\/revisions\/20155"}],"wp:featuredmedia":[{"embeddable":true,"href":"https:\/\/footdavant.fr\/actualites\/wp-json\/wp\/v2\/media\/20154"}],"wp:attachment":[{"href":"https:\/\/footdavant.fr\/actualites\/wp-json\/wp\/v2\/media?parent=20153"}],"wp:term":[{"taxonomy":"category","embeddable":true,"href":"https:\/\/footdavant.fr\/actualites\/wp-json\/wp\/v2\/categories?post=20153"},{"taxonomy":"post_tag","embeddable":true,"href":"https:\/\/footdavant.fr\/actualites\/wp-json\/wp\/v2\/tags?post=20153"}],"curies":[{"name":"wp","href":"https:\/\/api.w.org\/{rel}","templated":true}]}}