{"id":2020,"date":"2023-12-06T12:13:25","date_gmt":"2023-12-06T11:13:25","guid":{"rendered":"https:\/\/footdavant.fr\/actualites\/les-legendes-de-la-premier-league-critiquent-la-star-darsenal-pour-ses-performances-a-luton\/"},"modified":"2023-12-06T12:13:28","modified_gmt":"2023-12-06T11:13:28","slug":"les-legendes-de-la-premier-league-critiquent-la-star-darsenal-pour-ses-performances-a-luton","status":"publish","type":"post","link":"https:\/\/footdavant.fr\/actualites\/les-legendes-de-la-premier-league-critiquent-la-star-darsenal-pour-ses-performances-a-luton\/","title":{"rendered":"Les l\u00e9gendes de la Premier League critiquent la star d\u2019Arsenal pour ses performances \u00e0 Luton"},"content":{"rendered":"<div>\n<p>Les ic\u00f4nes de la Premier League, Thierry Henry et Alan Sherar, ont critiqu\u00e9 le gardien d&rsquo;Arsenal David Raya pour sa performance lors de la mince victoire des Gunners contre le nouveau promu Luton Town.<\/p>\n<p>Arsenal a remport\u00e9 une victoire serr\u00e9e 4-3 contre Lutton Town \u00e0 Kenilworth Road mardi soir (5 d\u00e9cembre), Declan Rice marquant le but vainqueur \u00e0 la septi\u00e8me minute du temps additionnel.  La victoire sur les Hatters a permis aux Londoniens du nord de prendre une avance de cinq points en t\u00eate du classement de la Premier League.<\/p>\n<h2>Alan Shearer affirme que Raya avait l&rsquo;air mal \u00e0 l&rsquo;aise pour le deuxi\u00e8me but de Luton<\/h2>\n<p>Raya, qui est le gardien de premier choix de Mikel Arteta depuis son arriv\u00e9e en provenance de Brentford lors du mercato estival, a endur\u00e9 une nuit \u00e0 oublier \u00e0 Luton.  Il n&rsquo;a d&rsquo;abord pas r\u00e9ussi \u00e0 g\u00e9rer le corner d&rsquo;Alfie Doughty \u00e0 la 49e minute, menant \u00e0 une t\u00eate simple pour Elijah Adebayo.  Huit minutes plus tard, il conc\u00e9dait \u00e0 nouveau, cette fois sans r\u00e9ussir \u00e0 repousser l&rsquo;effort de Ross Barkley, bien qu&rsquo;il soit frapp\u00e9 directement sur lui.<\/p>\n<p>Meilleur buteur de l&rsquo;histoire de la Premier League, Shearer a critiqu\u00e9 l&rsquo;incapacit\u00e9 de Raya \u00e0 g\u00e9rer le centre de Doughty pour le deuxi\u00e8me but du match de Luton.  Il a d\u00e9clar\u00e9 sur Amazon Prime (via Birmingham Mail)\u00a0:<\/p>\n<p>\u00ab\u00a0<em>Il y a aujourd&rsquo;hui une obsession d&rsquo;avoir un gardien de football et on oublie parfois les fondamentaux : arr\u00eater les tirs et venir r\u00e9cup\u00e9rer les centres, et vous les avez vu punis ce soir.<\/em><\/p>\n<p>\u00ab\u00a0<em>C&rsquo;est une \u00e9norme erreur ici, il n&rsquo;a jamais l&rsquo;air \u00e0 l&rsquo;aise.  Personne ne le bloque donc il n&rsquo;y a aucune excuse, il peut voir le ballon entrer. Il ne prend pas le ballon \u00e0 son point le plus haut.  C&rsquo;est une \u00e9norme erreur du gardien<\/em>.\u00bb<\/p>\n<h2>Henry conseille au gardien d&rsquo;Arsenal Raya de prendre une page du livre de David De Gea<\/h2>\n<p>La l\u00e9gende d&rsquo;Arsenal, Henry, \u00e9tait quant \u00e0 elle plus d\u00e9\u00e7ue par le troisi\u00e8me but de Luton, qui l&rsquo;a travers\u00e9 directement.  Le Fran\u00e7ais a d\u00e9clar\u00e9 que Raya aurait d\u00fb essayer d&rsquo;arr\u00eater le tir de l&rsquo;Anglais avec ses pieds au lieu d&rsquo;essayer de descendre.<\/p>\n<p>Henri ajoute :<\/p>\n<p>\u00ab\u00a0<em>Allez avec la partie de votre corps la plus proche du ballon, qui est votre pied.  (David) De Gea, Nick Pope le fait, Peter Schmeichel le faisait \u2013 le temps que vous y alliez, comment allez-vous sauver cela ?<\/em><\/p>\n<p>\u00ab\u00a0<em>Le ballon va dans ses pieds et au moment o\u00f9 il descend ici, si vous restez, le ballon va facilement dans vos pieds.  Mais si vous l&rsquo;enlevez, la balle coulera.  C&rsquo;est une fa\u00e7on d\u00e9licate de l&rsquo;arr\u00eater.  S\u2019il tient bon comme le faisaient Peter Schmeichel et De Gea, ils le gardaient avec leurs pieds toute la journ\u00e9e, chaque jour.  C&rsquo;est facile pour moi de parler parce que je n&rsquo;\u00e9tais pas gardien de but, mais si tu restes, il sauve \u00e7a.<\/em>\u00bb<\/p>\n<p>Avec Ramsdale sur ses talons, le gardien espagnol Raya aura quelque chose \u00e0 prouver lorsque les Gunners affronteront Aston Villa en Premier League samedi 9 d\u00e9cembre.<\/p>\n<\/p><\/div>\n","protected":false},"excerpt":{"rendered":"<p>Les ic\u00f4nes de la Premier League, Thierry Henry et Alan Sherar, ont critiqu\u00e9 le gardien d&rsquo;Arsenal David Raya pour sa performance lors de la mince<\/p>\n","protected":false},"author":1,"featured_media":2021,"comment_status":"closed","ping_status":"","sticky":false,"template":"","format":"standard","meta":{"footnotes":""},"categories":[3],"tags":[1965,59,202,532,93,375,1966,51,201,154,1621],"yoast_head":"<!-- This site is optimized with the Yoast SEO plugin v21.0 - https:\/\/yoast.com\/wordpress\/plugins\/seo\/ -->\n<title>Les l\u00e9gendes de la Premier League critiquent la star d\u2019Arsenal pour ses performances \u00e0 Luton<\/title>\n<meta name=\"robots\" content=\"index, follow, max-snippet:-1, max-image-preview:large, max-video-preview:-1\" \/>\n<link rel=\"canonical\" href=\"https:\/\/footdavant.fr\/actualites\/les-legendes-de-la-premier-league-critiquent-la-star-darsenal-pour-ses-performances-a-luton\/\" \/>\n<meta property=\"og:locale\" content=\"fr_FR\" \/>\n<meta property=\"og:type\" content=\"article\" \/>\n<meta property=\"og:title\" content=\"Les l\u00e9gendes de la Premier League critiquent la star d\u2019Arsenal pour ses performances \u00e0 Luton\" \/>\n<meta property=\"og:description\" content=\"Les ic\u00f4nes de la Premier League, Thierry Henry et Alan Sherar, ont critiqu\u00e9 le gardien d&rsquo;Arsenal David Raya pour sa performance lors de la mince\" \/>\n<meta property=\"og:url\" content=\"https:\/\/footdavant.fr\/actualites\/les-legendes-de-la-premier-league-critiquent-la-star-darsenal-pour-ses-performances-a-luton\/\" \/>\n<meta property=\"og:site_name\" content=\"Foot d&#039;avant\" \/>\n<meta property=\"article:publisher\" content=\"https:\/\/www.facebook.com\/Footdavant\/\" \/>\n<meta property=\"article:published_time\" content=\"2023-12-06T11:13:25+00:00\" \/>\n<meta property=\"article:modified_time\" content=\"2023-12-06T11:13:28+00:00\" \/>\n<meta property=\"og:image\" content=\"https:\/\/footdavant.fr\/actualites\/wp-content\/uploads\/2023\/12\/Les-legendes-de-la-Premier-League-critiquent-la-star-dArsenal.jpg\" \/>\n\t<meta property=\"og:image:width\" content=\"2560\" \/>\n\t<meta property=\"og:image:height\" content=\"1715\" \/>\n\t<meta property=\"og:image:type\" content=\"image\/jpeg\" \/>\n<meta name=\"author\" content=\"Cl\u00e9ment\" \/>\n<meta name=\"twitter:card\" content=\"summary_large_image\" \/>\n<meta name=\"twitter:creator\" content=\"@FootdavantFr\" \/>\n<meta name=\"twitter:site\" content=\"@FootdavantFr\" \/>\n<meta name=\"twitter:label1\" content=\"\u00c9crit par\" \/>\n\t<meta name=\"twitter:data1\" content=\"Cl\u00e9ment\" \/>\n\t<meta name=\"twitter:label2\" content=\"Dur\u00e9e de lecture estim\u00e9e\" \/>\n\t<meta name=\"twitter:data2\" content=\"3 minutes\" \/>\n<script type=\"application\/ld+json\" class=\"yoast-schema-graph\">{\"@context\":\"https:\/\/schema.org\",\"@graph\":[{\"@type\":\"Article\",\"@id\":\"https:\/\/footdavant.fr\/actualites\/les-legendes-de-la-premier-league-critiquent-la-star-darsenal-pour-ses-performances-a-luton\/#article\",\"isPartOf\":{\"@id\":\"https:\/\/footdavant.fr\/actualites\/les-legendes-de-la-premier-league-critiquent-la-star-darsenal-pour-ses-performances-a-luton\/\"},\"author\":{\"name\":\"Cl\u00e9ment\",\"@id\":\"https:\/\/footdavant.fr\/actualites\/#\/schema\/person\/bc222566d95871b37e597b3ed3ba5e1d\"},\"headline\":\"Les l\u00e9gendes de la Premier League critiquent la star d\u2019Arsenal pour ses performances \u00e0 Luton\",\"datePublished\":\"2023-12-06T11:13:25+00:00\",\"dateModified\":\"2023-12-06T11:13:28+00:00\",\"mainEntityOfPage\":{\"@id\":\"https:\/\/footdavant.fr\/actualites\/les-legendes-de-la-premier-league-critiquent-la-star-darsenal-pour-ses-performances-a-luton\/\"},\"wordCount\":531,\"publisher\":{\"@id\":\"https:\/\/footdavant.fr\/actualites\/#organization\"},\"keywords\":[\"critiquent\",\"dArsenal\",\"League\",\"L\u00e9gendes\",\"les\",\"Luton\",\"performances\",\"pour\",\"Premier\",\"ses\",\"Star\"],\"articleSection\":[\"Football\"],\"inLanguage\":\"fr-FR\"},{\"@type\":\"WebPage\",\"@id\":\"https:\/\/footdavant.fr\/actualites\/les-legendes-de-la-premier-league-critiquent-la-star-darsenal-pour-ses-performances-a-luton\/\",\"url\":\"https:\/\/footdavant.fr\/actualites\/les-legendes-de-la-premier-league-critiquent-la-star-darsenal-pour-ses-performances-a-luton\/\",\"name\":\"Les l\u00e9gendes de la Premier League critiquent la star d\u2019Arsenal pour ses performances \u00e0 Luton\",\"isPartOf\":{\"@id\":\"https:\/\/footdavant.fr\/actualites\/#website\"},\"datePublished\":\"2023-12-06T11:13:25+00:00\",\"dateModified\":\"2023-12-06T11:13:28+00:00\",\"breadcrumb\":{\"@id\":\"https:\/\/footdavant.fr\/actualites\/les-legendes-de-la-premier-league-critiquent-la-star-darsenal-pour-ses-performances-a-luton\/#breadcrumb\"},\"inLanguage\":\"fr-FR\",\"potentialAction\":[{\"@type\":\"ReadAction\",\"target\":[\"https:\/\/footdavant.fr\/actualites\/les-legendes-de-la-premier-league-critiquent-la-star-darsenal-pour-ses-performances-a-luton\/\"]}]},{\"@type\":\"BreadcrumbList\",\"@id\":\"https:\/\/footdavant.fr\/actualites\/les-legendes-de-la-premier-league-critiquent-la-star-darsenal-pour-ses-performances-a-luton\/#breadcrumb\",\"itemListElement\":[{\"@type\":\"ListItem\",\"position\":1,\"name\":\"Accueil\",\"item\":\"https:\/\/footdavant.fr\/actualites\/\"},{\"@type\":\"ListItem\",\"position\":2,\"name\":\"Les l\u00e9gendes de la Premier League critiquent la star d\u2019Arsenal pour ses performances \u00e0 Luton\"}]},{\"@type\":\"WebSite\",\"@id\":\"https:\/\/footdavant.fr\/actualites\/#website\",\"url\":\"https:\/\/footdavant.fr\/actualites\/\",\"name\":\"Foot d'avant\",\"description\":\"\",\"publisher\":{\"@id\":\"https:\/\/footdavant.fr\/actualites\/#organization\"},\"potentialAction\":[{\"@type\":\"SearchAction\",\"target\":{\"@type\":\"EntryPoint\",\"urlTemplate\":\"https:\/\/footdavant.fr\/actualites\/?s={search_term_string}\"},\"query-input\":\"required name=search_term_string\"}],\"inLanguage\":\"fr-FR\"},{\"@type\":\"Organization\",\"@id\":\"https:\/\/footdavant.fr\/actualites\/#organization\",\"name\":\"Foot d'avant\",\"url\":\"https:\/\/footdavant.fr\/actualites\/\",\"logo\":{\"@type\":\"ImageObject\",\"inLanguage\":\"fr-FR\",\"@id\":\"https:\/\/footdavant.fr\/actualites\/#\/schema\/logo\/image\/\",\"url\":\"https:\/\/footdavant.fr\/actualites\/wp-content\/uploads\/2023\/09\/Copy-of-FootDavant-Logo.png\",\"contentUrl\":\"https:\/\/footdavant.fr\/actualites\/wp-content\/uploads\/2023\/09\/Copy-of-FootDavant-Logo.png\",\"width\":936,\"height\":549,\"caption\":\"Foot d'avant\"},\"image\":{\"@id\":\"https:\/\/footdavant.fr\/actualites\/#\/schema\/logo\/image\/\"},\"sameAs\":[\"https:\/\/www.facebook.com\/Footdavant\/\",\"https:\/\/twitter.com\/FootdavantFr\",\"https:\/\/www.instagram.com\/footdavant.fr\/\"]},{\"@type\":\"Person\",\"@id\":\"https:\/\/footdavant.fr\/actualites\/#\/schema\/person\/bc222566d95871b37e597b3ed3ba5e1d\",\"name\":\"Cl\u00e9ment\",\"image\":{\"@type\":\"ImageObject\",\"inLanguage\":\"fr-FR\",\"@id\":\"https:\/\/footdavant.fr\/actualites\/#\/schema\/person\/image\/\",\"url\":\"https:\/\/secure.gravatar.com\/avatar\/7728b29aac2719421e1a9159b2254c44?s=96&d=mm&r=g\",\"contentUrl\":\"https:\/\/secure.gravatar.com\/avatar\/7728b29aac2719421e1a9159b2254c44?s=96&d=mm&r=g\",\"caption\":\"Cl\u00e9ment\"},\"sameAs\":[\"https:\/\/footdavant.fr\/\"]}]}<\/script>\n<!-- \/ Yoast SEO plugin. -->","yoast_head_json":{"title":"Les l\u00e9gendes de la Premier League critiquent la star d\u2019Arsenal pour ses performances \u00e0 Luton","robots":{"index":"index","follow":"follow","max-snippet":"max-snippet:-1","max-image-preview":"max-image-preview:large","max-video-preview":"max-video-preview:-1"},"canonical":"https:\/\/footdavant.fr\/actualites\/les-legendes-de-la-premier-league-critiquent-la-star-darsenal-pour-ses-performances-a-luton\/","og_locale":"fr_FR","og_type":"article","og_title":"Les l\u00e9gendes de la Premier League critiquent la star d\u2019Arsenal pour ses performances \u00e0 Luton","og_description":"Les ic\u00f4nes de la Premier League, Thierry Henry et Alan Sherar, ont critiqu\u00e9 le gardien d&rsquo;Arsenal David Raya pour sa performance lors de la mince","og_url":"https:\/\/footdavant.fr\/actualites\/les-legendes-de-la-premier-league-critiquent-la-star-darsenal-pour-ses-performances-a-luton\/","og_site_name":"Foot d&#039;avant","article_publisher":"https:\/\/www.facebook.com\/Footdavant\/","article_published_time":"2023-12-06T11:13:25+00:00","article_modified_time":"2023-12-06T11:13:28+00:00","og_image":[{"width":2560,"height":1715,"url":"https:\/\/footdavant.fr\/actualites\/wp-content\/uploads\/2023\/12\/Les-legendes-de-la-Premier-League-critiquent-la-star-dArsenal.jpg","type":"image\/jpeg"}],"author":"Cl\u00e9ment","twitter_card":"summary_large_image","twitter_creator":"@FootdavantFr","twitter_site":"@FootdavantFr","twitter_misc":{"\u00c9crit par":"Cl\u00e9ment","Dur\u00e9e de lecture estim\u00e9e":"3 minutes"},"schema":{"@context":"https:\/\/schema.org","@graph":[{"@type":"Article","@id":"https:\/\/footdavant.fr\/actualites\/les-legendes-de-la-premier-league-critiquent-la-star-darsenal-pour-ses-performances-a-luton\/#article","isPartOf":{"@id":"https:\/\/footdavant.fr\/actualites\/les-legendes-de-la-premier-league-critiquent-la-star-darsenal-pour-ses-performances-a-luton\/"},"author":{"name":"Cl\u00e9ment","@id":"https:\/\/footdavant.fr\/actualites\/#\/schema\/person\/bc222566d95871b37e597b3ed3ba5e1d"},"headline":"Les l\u00e9gendes de la Premier League critiquent la star d\u2019Arsenal pour ses performances \u00e0 Luton","datePublished":"2023-12-06T11:13:25+00:00","dateModified":"2023-12-06T11:13:28+00:00","mainEntityOfPage":{"@id":"https:\/\/footdavant.fr\/actualites\/les-legendes-de-la-premier-league-critiquent-la-star-darsenal-pour-ses-performances-a-luton\/"},"wordCount":531,"publisher":{"@id":"https:\/\/footdavant.fr\/actualites\/#organization"},"keywords":["critiquent","dArsenal","League","L\u00e9gendes","les","Luton","performances","pour","Premier","ses","Star"],"articleSection":["Football"],"inLanguage":"fr-FR"},{"@type":"WebPage","@id":"https:\/\/footdavant.fr\/actualites\/les-legendes-de-la-premier-league-critiquent-la-star-darsenal-pour-ses-performances-a-luton\/","url":"https:\/\/footdavant.fr\/actualites\/les-legendes-de-la-premier-league-critiquent-la-star-darsenal-pour-ses-performances-a-luton\/","name":"Les l\u00e9gendes de la Premier League critiquent la star d\u2019Arsenal pour ses performances \u00e0 Luton","isPartOf":{"@id":"https:\/\/footdavant.fr\/actualites\/#website"},"datePublished":"2023-12-06T11:13:25+00:00","dateModified":"2023-12-06T11:13:28+00:00","breadcrumb":{"@id":"https:\/\/footdavant.fr\/actualites\/les-legendes-de-la-premier-league-critiquent-la-star-darsenal-pour-ses-performances-a-luton\/#breadcrumb"},"inLanguage":"fr-FR","potentialAction":[{"@type":"ReadAction","target":["https:\/\/footdavant.fr\/actualites\/les-legendes-de-la-premier-league-critiquent-la-star-darsenal-pour-ses-performances-a-luton\/"]}]},{"@type":"BreadcrumbList","@id":"https:\/\/footdavant.fr\/actualites\/les-legendes-de-la-premier-league-critiquent-la-star-darsenal-pour-ses-performances-a-luton\/#breadcrumb","itemListElement":[{"@type":"ListItem","position":1,"name":"Accueil","item":"https:\/\/footdavant.fr\/actualites\/"},{"@type":"ListItem","position":2,"name":"Les l\u00e9gendes de la Premier League critiquent la star d\u2019Arsenal pour ses performances \u00e0 Luton"}]},{"@type":"WebSite","@id":"https:\/\/footdavant.fr\/actualites\/#website","url":"https:\/\/footdavant.fr\/actualites\/","name":"Foot d'avant","description":"","publisher":{"@id":"https:\/\/footdavant.fr\/actualites\/#organization"},"potentialAction":[{"@type":"SearchAction","target":{"@type":"EntryPoint","urlTemplate":"https:\/\/footdavant.fr\/actualites\/?s={search_term_string}"},"query-input":"required name=search_term_string"}],"inLanguage":"fr-FR"},{"@type":"Organization","@id":"https:\/\/footdavant.fr\/actualites\/#organization","name":"Foot d'avant","url":"https:\/\/footdavant.fr\/actualites\/","logo":{"@type":"ImageObject","inLanguage":"fr-FR","@id":"https:\/\/footdavant.fr\/actualites\/#\/schema\/logo\/image\/","url":"https:\/\/footdavant.fr\/actualites\/wp-content\/uploads\/2023\/09\/Copy-of-FootDavant-Logo.png","contentUrl":"https:\/\/footdavant.fr\/actualites\/wp-content\/uploads\/2023\/09\/Copy-of-FootDavant-Logo.png","width":936,"height":549,"caption":"Foot d'avant"},"image":{"@id":"https:\/\/footdavant.fr\/actualites\/#\/schema\/logo\/image\/"},"sameAs":["https:\/\/www.facebook.com\/Footdavant\/","https:\/\/twitter.com\/FootdavantFr","https:\/\/www.instagram.com\/footdavant.fr\/"]},{"@type":"Person","@id":"https:\/\/footdavant.fr\/actualites\/#\/schema\/person\/bc222566d95871b37e597b3ed3ba5e1d","name":"Cl\u00e9ment","image":{"@type":"ImageObject","inLanguage":"fr-FR","@id":"https:\/\/footdavant.fr\/actualites\/#\/schema\/person\/image\/","url":"https:\/\/secure.gravatar.com\/avatar\/7728b29aac2719421e1a9159b2254c44?s=96&d=mm&r=g","contentUrl":"https:\/\/secure.gravatar.com\/avatar\/7728b29aac2719421e1a9159b2254c44?s=96&d=mm&r=g","caption":"Cl\u00e9ment"},"sameAs":["https:\/\/footdavant.fr\/"]}]}},"_links":{"self":[{"href":"https:\/\/footdavant.fr\/actualites\/wp-json\/wp\/v2\/posts\/2020"}],"collection":[{"href":"https:\/\/footdavant.fr\/actualites\/wp-json\/wp\/v2\/posts"}],"about":[{"href":"https:\/\/footdavant.fr\/actualites\/wp-json\/wp\/v2\/types\/post"}],"author":[{"embeddable":true,"href":"https:\/\/footdavant.fr\/actualites\/wp-json\/wp\/v2\/users\/1"}],"replies":[{"embeddable":true,"href":"https:\/\/footdavant.fr\/actualites\/wp-json\/wp\/v2\/comments?post=2020"}],"version-history":[{"count":1,"href":"https:\/\/footdavant.fr\/actualites\/wp-json\/wp\/v2\/posts\/2020\/revisions"}],"predecessor-version":[{"id":2022,"href":"https:\/\/footdavant.fr\/actualites\/wp-json\/wp\/v2\/posts\/2020\/revisions\/2022"}],"wp:featuredmedia":[{"embeddable":true,"href":"https:\/\/footdavant.fr\/actualites\/wp-json\/wp\/v2\/media\/2021"}],"wp:attachment":[{"href":"https:\/\/footdavant.fr\/actualites\/wp-json\/wp\/v2\/media?parent=2020"}],"wp:term":[{"taxonomy":"category","embeddable":true,"href":"https:\/\/footdavant.fr\/actualites\/wp-json\/wp\/v2\/categories?post=2020"},{"taxonomy":"post_tag","embeddable":true,"href":"https:\/\/footdavant.fr\/actualites\/wp-json\/wp\/v2\/tags?post=2020"}],"curies":[{"name":"wp","href":"https:\/\/api.w.org\/{rel}","templated":true}]}}