{"id":20263,"date":"2025-02-19T01:48:53","date_gmt":"2025-02-19T00:48:53","guid":{"rendered":"https:\/\/footdavant.fr\/actualites\/apercu-real-madrid-vs-manchester-city-prediction-news-news-lignals\/"},"modified":"2025-02-19T01:48:54","modified_gmt":"2025-02-19T00:48:54","slug":"apercu-real-madrid-vs-manchester-city-prediction-news-news-lignals","status":"publish","type":"post","link":"https:\/\/footdavant.fr\/actualites\/apercu-real-madrid-vs-manchester-city-prediction-news-news-lignals\/","title":{"rendered":"Aper\u00e7u: Real Madrid vs Manchester City &#8211; Pr\u00e9diction, News News, LIGNALS"},"content":{"rendered":"<p>Sports Mole pr\u00e9visualise le conflit de la Ligue des champions de mercredi entre le Real Madrid et Manchester City, y compris les pr\u00e9dictions, les nouvelles de l&#39;\u00e9quipe et les alignements possibles.<\/p>\n<div id=\"article_body\" itemprop=\"articleBody\">\n<p class=\"firstPara\">Apr\u00e8s le dernier captivant <strong class=\"autotag\">Ligue des champions<\/strong> s&#39;affronter entre <strong class=\"autotag\">Real Madrid<\/strong> et <strong class=\"autotag\">MANCHESTER CITY<\/strong>c&#39;est l&#39;avantage de Los Blancos avant le match des s\u00e9ries \u00e9liminatoires de mercredi au Bernabeu.<\/p>\n<p>Malgr\u00e9 avoir pris deux fois \u00e0 l&#39;Etihad la semaine derni\u00e8re, les d\u00e9tenteurs ont pr\u00e9sent\u00e9 leur courage perp\u00e9tuel en Ligue des champions pour revenir en quelque sorte dans la capitale espagnole avec une victoire 3-2 \u00e0 leur nom.<\/p>\n<h2>Aper\u00e7u de correspondance<\/h2>\n<p class=\"imgI\">\n<p>Faire la lumi\u00e8re du snub du Ballon d&#39;Or furieux du Real Madrid lorsque Los Blancos a appris que <strong class=\"autotag\">Rodri<\/strong> serait pip <strong class=\"autotag\">Vinicius junior<\/strong> Au premier prix, les fans de Man City ont d\u00e9ploy\u00e9 une banni\u00e8re de leur m\u00e9tronome espagnol en embrassant la distinction avec le slogan \u00ab\u00a0Arr\u00eatez de pleurer votre c\u0153ur\u00a0\u00bb &#8211; une ode \u00e0 l&#39;oasis crois\u00e9 par les citoyens &#8211; la semaine derni\u00e8re.<\/p>\n<p>Cependant, les fid\u00e8les \u00e0 domicile ont peut-\u00eatre plut\u00f4t \u00e9t\u00e9 r\u00e9duits en larmes \u00e0 la fin de la premi\u00e8re \u00e9tape, o\u00f9 nul autre que Vinicius a soulev\u00e9 le bal <strong class=\"autotag\">Ederson<\/strong> et t\u00e9moin <strong class=\"autotag\">Jude Bellingham<\/strong> r\u00e9gler un spectaculaire \u00e0 cinq buts \u00e0 bout portant, le dernier revirement europ\u00e9en captivant des hommes en blanc.<\/p>\n<p>Maintenant, \u00e0 seulement 90 minutes d&#39;un endroit coutumier dans les 16 derniers &#8211; o\u00f9 l&#39;Atletico Madrid ou Bayer Leverkusen attendra &#8211; le Real Madrid pourrait trouver un refuge en Ligue des champions, n&#39;ayant maintenant pas r\u00e9ussi \u00e0 survenir dans l&#39;un de leurs trois derniers matchs dans la division sup\u00e9rieure espagnole.<\/p>\n<p>Le week-end <strong>1-1 tirage avec Osasuna<\/strong> a \u00e9t\u00e9 assombri dans une controverse encore plus officielle, comme chaque c\u00f4t\u00e9 de <strong class=\"autotag\">Kylian mbappe<\/strong>gr\u00e8ve et <strong class=\"autotag\">Ante Budimir<\/strong>La p\u00e9nalit\u00e9 d&#39;\u00e9galisation, le h\u00e9ros de Manchester, Bellingham, a dit quelque chose que l&#39;arbitre n&#39;aimait clairement pas et a \u00e9t\u00e9 \u00e9ject\u00e9 du domaine du jeu.<\/p>\n<p>Maintenant \u00e0 risque d&#39;\u00eatre d\u00e9pass\u00e9 au <strong>haut de la table<\/strong> Par Barcelone, si les g\u00e9ants catalans battent Rayo Vallecano lundi soir, le Real Madrid a au moins une histoire pour se rabattre en Europe; \u00c0 partir des 39 occasions pr\u00e9c\u00e9dentes o\u00f9 ils ont remport\u00e9 la premi\u00e8re \u00e9tape d&#39;un jeu \u00e0 \u00e9limination directe de chez eux, ils n&#39;ont pas fait progresser de deux d&#39;entre eux.<\/p>\n<p class=\"imgI\">\n<p>Alors que le Real Madrid est pass\u00e9 de 37 de leurs 39 liens de knockout europ\u00e9ens lorsqu&#39;ils pr\u00e9valaient au match aller, City n&#39;a pas encore retir\u00e9 une feuille du livre de retour de leurs h\u00f4tes, ayant \u00e9t\u00e9 \u00e9limin\u00e9e \u00e0 chacune de leurs quatre occasions pr\u00e9c\u00e9dentes lors de la perte de la bataille d&#39;ouverture .<\/p>\n<p>Les chances peuvent \u00eatre empil\u00e9es <strong class=\"autotag\">Pep guodiola<\/strong>City Man, mais les champions anglaises b\u00e9gay\u00e9s ont au moins appr\u00e9ci\u00e9 un \u00e9chauffement presque parfait pour un voyage intimidant \u00e0 Bernabeu, <strong>Frapper Newcastle United pour quatre<\/strong> Sans r\u00e9ponse dans le coup de pied de la Premier League de samedi.<\/p>\n<p>Alors que <strong class=\"autotag\">Mohamed Salah<\/strong> pourrait tenir la couronne du roi \u00e9gyptien, <strong class=\"autotag\">Omar Marmoush<\/strong> a fait son dossier pour \u00eatre \u00e9tiquet\u00e9 l&#39;h\u00e9ritier de la star de Liverpool apparent avec un excellent tripl\u00e9 \u00e0 l&#39;int\u00e9rieur de seulement 33 minutes, avant <strong class=\"autotag\">James McAtee<\/strong> a \u00e9merg\u00e9 du banc pour terminer le travail du Sky Blues scintillant.<\/p>\n<p>Le r\u00eave de cinq par une rang\u00e9e a peut-\u00eatre disparu depuis longtemps, mais les hommes de Guardiola restent au moins en contr\u00f4le de leur destin des quatre premiers dans le haut vol d&#39;Angleter que leurs fragiles hivernales n&#39;ont pas \u00e9t\u00e9 enti\u00e8rement \u00e9radiqu\u00e9es.<\/p>\n<p>N\u00e9anmoins, les visiteurs ont maintenant fait le renflement du filet en 15 matchs successifs dans toutes les comp\u00e9titions, y compris chacun de leurs sept derniers une telle s\u00e9quence.<\/p>\n<p>Formulaire de Ligue des champions du Real Madrid:<\/p>\n<p>Formulaire du Real Madrid (toutes les comp\u00e9titions):<\/p>\n<p>Formulaire de la Ligue des champions de Manchester City:<\/p>\n<p>Formulaire de Manchester City (toutes les comp\u00e9titions):<\/p>\n<p><\/p>\n<h2>Nouvelles de l&#39;\u00e9quipe<\/h2>\n<p class=\"imgI\">\n<p>Un spectacle pour les yeux douloureux Blancos, les deux <strong class=\"autotag\">Antonio Rudiger<\/strong> et <strong class=\"autotag\">David Alaba<\/strong> &#8211; qui a rat\u00e9 la premi\u00e8re \u00e9tape gr\u00e2ce \u00e0 une blessure &#8211; ont \u00e9t\u00e9 convoqu\u00e9es pour s\u00e9lection, tout comme <strong class=\"autotag\">Federico Valverde<\/strong>qui \u00e9tait un peu pire pour l&#39;usure apr\u00e8s l&#39;impasse d&#39;Osasuna.<\/p>\n<p><strong class=\"autotag\">Lucas Vazquez<\/strong> est \u00e9galement dans l&#39;\u00e9quipe, mais Ancelotti a d\u00e9j\u00e0 exclu un d\u00e9but pour l&#39;Espagnol, tandis que <strong class=\"autotag\">Eder Militao<\/strong> et <strong class=\"autotag\">Dani Carvajal<\/strong> sont tous deux absents \u00e0 long terme avec leurs pr\u00e9occupations respectives du genou.<\/p>\n<p>Alors qu&#39;Ancelotti peut naturellement faire preuve de prudence sur Alaba, un retour de Rudiger en forme pourrait permettre au vrai boss de revenir <strong class=\"autotag\">Aur\u00e9lien tchouameni<\/strong> \u00e0 un poste de milieu de terrain, tandis que l&#39;interdiction nationale imminente de Bellingham &#8211; qui <strong>pourrait \u00eatre jusqu&#39;\u00e0 12 matchs<\/strong> &#8211; ne signifie rien pour l&#39;Europe.<\/p>\n<p>Comme leurs h\u00f4tes, Man City pourrait \u00e9galement \u00eatre aid\u00e9 par un double coup de pouce d\u00e9fensif avant le match retour; ni l&#39;un ni l&#39;autre <strong class=\"autotag\">Dias Ruben<\/strong> ni <strong class=\"autotag\">Nathan Ake<\/strong> ont \u00e9t\u00e9 risqu\u00e9s contre Newcastle en raison de l&#39;\u00e9tanch\u00e9it\u00e9 musculaire, mais les deux ont des chances de revenir pour l&#39;affrontement avec les hommes d&#39;Ancelotti.<\/p>\n<p><strong class=\"autotag\">Jack grealish<\/strong> pourrait \u00e9galement \u00eatre en mesure de secouer la plainte de l&#39;aine qu&#39;il a subie lors de la premi\u00e8re \u00e9tape, mais <strong class=\"autotag\">Manuel Akanji<\/strong> est confront\u00e9 \u00e0 des semaines avec le probl\u00e8me de l&#39;enl\u00e8vement qu&#39;il a subi la semaine derni\u00e8re, se joignant <strong class=\"autotag\">Oscar Bobb<\/strong> (Fitness) et Rodri (ACL) dans l&#39;infirmerie.<\/p>\n<p>En entrant ses 48e et 49e buts en Ligue des champions lors de la rencontre d&#39;ouverture, Haaland &#8211; apparemment bien apr\u00e8s une peur du genou le week-end &#8211; \u00e9crira deux chapitres de l&#39;histoire de l&#39;UCL avec un 50e mercredi, ce qui le verrait devenir le joueur le plus jeune et le plus rapide \u00e0 Frappez un demi-si\u00e8cle de gr\u00e8ves dans la comp\u00e9tition.<\/p>\n<p><strong>Real Madrid possible la gamme de d\u00e9part:<\/strong><br \/>Courtois; Valverde, Asencio, Rudiger, Mendy; Camavinga, Tchouameni; Rodrygo, Bellingham, Vinicius; Mbappe<\/p>\n<p><strong>MANCHESTER CITY POSSIBLE DE D\u00c9MARRAGE:<\/strong><br \/>Ederson; Nunes, Dias, Ake, Gvardiol; Gonzalez; Savinho, Silva, de Bruyne, Marmoush; Haaland<\/p>\n<p class=\"sm_center\">\n<h2 class=\"sm_center\">Nous disons: Real Madrid 2-2 Manchester City (le Real Madrid gagne 5-4 sur agr\u00e9gat)<\/h2>\n<p>Attendez-vous \u00e0 une autre rencontre \u00e0 enjeux \u00e9lev\u00e9s \u00e0 haute octane entre les deux derniers vainqueurs de la Ligue des champions mercredi, o\u00f9 le d\u00e9sespoir des buts de Man City devrait \u00e9galement \u00eatre b\u00e9n\u00e9fique pour le Real Madrid alors que les visiteurs laissent de l&#39;espace derri\u00e8re.<\/p>\n<p>En optant pour la m\u00eame pr\u00e9diction, nous nous sommes presque frapp\u00e9s lors du match aller avant que Bellingham n&#39;ait son mot \u00e0 dire, nous pr\u00e9voyons que les hommes d&#39;Ancelotti font \u00e0 peu pr\u00e8s assez pour \u00e9viter la d\u00e9faite et progresser vers les 16 derniers, en d\u00e9formant les champions de la Premier League \u00e0 une sortie pr\u00e9matur\u00e9e pitoyable.<\/p>\n<p>Pour l&#39;analyse des donn\u00e9es des r\u00e9sultats les plus probables, les scores et plus encore pour cette correspondance <strong>Veuillez cliquer ici<\/strong>.<\/p>\n<div class=\"author_box\">\n<div class=\"author_box_banner\">\n<\/div>\n<\/div>\n<h2>Aper\u00e7u par e-mail<\/h2>\n<div>Cliquez ici pour obtenir <strong>Taupe de sport<\/strong>Email quotidien des aper\u00e7us et des pr\u00e9dictions pour chaque jeu majeur!<\/div>\n<p><\/div>\n","protected":false},"excerpt":{"rendered":"<p>Sports Mole pr\u00e9visualise le conflit de la Ligue des champions de mercredi entre le Real Madrid et Manchester City, y compris les pr\u00e9dictions, les nouvelles<\/p>\n","protected":false},"author":1,"featured_media":20049,"comment_status":"closed","ping_status":"","sticky":false,"template":"","format":"standard","meta":{"footnotes":""},"categories":[4],"tags":[284,27,7819,303,11,409,3917,302],"yoast_head":"<!-- This site is optimized with the Yoast SEO plugin v21.0 - https:\/\/yoast.com\/wordpress\/plugins\/seo\/ -->\n<title>Aper\u00e7u: Real Madrid vs Manchester City - Pr\u00e9diction, News News, LIGNALS<\/title>\n<meta name=\"robots\" content=\"index, follow, max-snippet:-1, max-image-preview:large, max-video-preview:-1\" \/>\n<link rel=\"canonical\" href=\"https:\/\/footdavant.fr\/actualites\/apercu-real-madrid-vs-manchester-city-prediction-news-news-lignals\/\" \/>\n<meta property=\"og:locale\" content=\"fr_FR\" \/>\n<meta property=\"og:type\" content=\"article\" \/>\n<meta property=\"og:title\" content=\"Aper\u00e7u: Real Madrid vs Manchester City - Pr\u00e9diction, News News, LIGNALS\" \/>\n<meta property=\"og:description\" content=\"Sports Mole pr\u00e9visualise le conflit de la Ligue des champions de mercredi entre le Real Madrid et Manchester City, y compris les pr\u00e9dictions, les nouvelles\" \/>\n<meta property=\"og:url\" content=\"https:\/\/footdavant.fr\/actualites\/apercu-real-madrid-vs-manchester-city-prediction-news-news-lignals\/\" \/>\n<meta property=\"og:site_name\" content=\"Foot d&#039;avant\" \/>\n<meta property=\"article:publisher\" content=\"https:\/\/www.facebook.com\/Footdavant\/\" \/>\n<meta property=\"article:published_time\" content=\"2025-02-19T00:48:53+00:00\" \/>\n<meta property=\"article:modified_time\" content=\"2025-02-19T00:48:54+00:00\" \/>\n<meta property=\"og:image\" content=\"https:\/\/footdavant.fr\/actualites\/wp-content\/uploads\/2025\/02\/Man-City-contre-Real-Madrid-Carlo-Ancelotti-predit-la-vainqueur.jpg\" \/>\n\t<meta property=\"og:image:width\" content=\"1280\" \/>\n\t<meta property=\"og:image:height\" content=\"960\" \/>\n\t<meta property=\"og:image:type\" content=\"image\/jpeg\" \/>\n<meta name=\"author\" content=\"Cl\u00e9ment\" \/>\n<meta name=\"twitter:card\" content=\"summary_large_image\" \/>\n<meta name=\"twitter:creator\" content=\"@FootdavantFr\" \/>\n<meta name=\"twitter:site\" content=\"@FootdavantFr\" \/>\n<meta name=\"twitter:label1\" content=\"\u00c9crit par\" \/>\n\t<meta name=\"twitter:data1\" content=\"Cl\u00e9ment\" \/>\n\t<meta name=\"twitter:label2\" content=\"Dur\u00e9e de lecture estim\u00e9e\" \/>\n\t<meta name=\"twitter:data2\" content=\"6 minutes\" \/>\n<script type=\"application\/ld+json\" class=\"yoast-schema-graph\">{\"@context\":\"https:\/\/schema.org\",\"@graph\":[{\"@type\":\"Article\",\"@id\":\"https:\/\/footdavant.fr\/actualites\/apercu-real-madrid-vs-manchester-city-prediction-news-news-lignals\/#article\",\"isPartOf\":{\"@id\":\"https:\/\/footdavant.fr\/actualites\/apercu-real-madrid-vs-manchester-city-prediction-news-news-lignals\/\"},\"author\":{\"name\":\"Cl\u00e9ment\",\"@id\":\"https:\/\/footdavant.fr\/actualites\/#\/schema\/person\/bc222566d95871b37e597b3ed3ba5e1d\"},\"headline\":\"Aper\u00e7u: Real Madrid vs Manchester City &#8211; Pr\u00e9diction, News News, LIGNALS\",\"datePublished\":\"2025-02-19T00:48:53+00:00\",\"dateModified\":\"2025-02-19T00:48:54+00:00\",\"mainEntityOfPage\":{\"@id\":\"https:\/\/footdavant.fr\/actualites\/apercu-real-madrid-vs-manchester-city-prediction-news-news-lignals\/\"},\"wordCount\":1249,\"publisher\":{\"@id\":\"https:\/\/footdavant.fr\/actualites\/#organization\"},\"keywords\":[\"Aper\u00e7u\",\"City\",\"LIGNALS\",\"Madrid\",\"Manchester\",\"News\",\"pr\u00e9diction\",\"Real\"],\"articleSection\":[\"Champions League\"],\"inLanguage\":\"fr-FR\"},{\"@type\":\"WebPage\",\"@id\":\"https:\/\/footdavant.fr\/actualites\/apercu-real-madrid-vs-manchester-city-prediction-news-news-lignals\/\",\"url\":\"https:\/\/footdavant.fr\/actualites\/apercu-real-madrid-vs-manchester-city-prediction-news-news-lignals\/\",\"name\":\"Aper\u00e7u: Real Madrid vs Manchester City - Pr\u00e9diction, News News, LIGNALS\",\"isPartOf\":{\"@id\":\"https:\/\/footdavant.fr\/actualites\/#website\"},\"datePublished\":\"2025-02-19T00:48:53+00:00\",\"dateModified\":\"2025-02-19T00:48:54+00:00\",\"breadcrumb\":{\"@id\":\"https:\/\/footdavant.fr\/actualites\/apercu-real-madrid-vs-manchester-city-prediction-news-news-lignals\/#breadcrumb\"},\"inLanguage\":\"fr-FR\",\"potentialAction\":[{\"@type\":\"ReadAction\",\"target\":[\"https:\/\/footdavant.fr\/actualites\/apercu-real-madrid-vs-manchester-city-prediction-news-news-lignals\/\"]}]},{\"@type\":\"BreadcrumbList\",\"@id\":\"https:\/\/footdavant.fr\/actualites\/apercu-real-madrid-vs-manchester-city-prediction-news-news-lignals\/#breadcrumb\",\"itemListElement\":[{\"@type\":\"ListItem\",\"position\":1,\"name\":\"Accueil\",\"item\":\"https:\/\/footdavant.fr\/actualites\/\"},{\"@type\":\"ListItem\",\"position\":2,\"name\":\"Aper\u00e7u: Real Madrid vs Manchester City &#8211; Pr\u00e9diction, News News, LIGNALS\"}]},{\"@type\":\"WebSite\",\"@id\":\"https:\/\/footdavant.fr\/actualites\/#website\",\"url\":\"https:\/\/footdavant.fr\/actualites\/\",\"name\":\"Foot d'avant\",\"description\":\"\",\"publisher\":{\"@id\":\"https:\/\/footdavant.fr\/actualites\/#organization\"},\"potentialAction\":[{\"@type\":\"SearchAction\",\"target\":{\"@type\":\"EntryPoint\",\"urlTemplate\":\"https:\/\/footdavant.fr\/actualites\/?s={search_term_string}\"},\"query-input\":\"required name=search_term_string\"}],\"inLanguage\":\"fr-FR\"},{\"@type\":\"Organization\",\"@id\":\"https:\/\/footdavant.fr\/actualites\/#organization\",\"name\":\"Foot d'avant\",\"url\":\"https:\/\/footdavant.fr\/actualites\/\",\"logo\":{\"@type\":\"ImageObject\",\"inLanguage\":\"fr-FR\",\"@id\":\"https:\/\/footdavant.fr\/actualites\/#\/schema\/logo\/image\/\",\"url\":\"https:\/\/footdavant.fr\/actualites\/wp-content\/uploads\/2023\/09\/Copy-of-FootDavant-Logo.png\",\"contentUrl\":\"https:\/\/footdavant.fr\/actualites\/wp-content\/uploads\/2023\/09\/Copy-of-FootDavant-Logo.png\",\"width\":936,\"height\":549,\"caption\":\"Foot d'avant\"},\"image\":{\"@id\":\"https:\/\/footdavant.fr\/actualites\/#\/schema\/logo\/image\/\"},\"sameAs\":[\"https:\/\/www.facebook.com\/Footdavant\/\",\"https:\/\/twitter.com\/FootdavantFr\",\"https:\/\/www.instagram.com\/footdavant.fr\/\"]},{\"@type\":\"Person\",\"@id\":\"https:\/\/footdavant.fr\/actualites\/#\/schema\/person\/bc222566d95871b37e597b3ed3ba5e1d\",\"name\":\"Cl\u00e9ment\",\"image\":{\"@type\":\"ImageObject\",\"inLanguage\":\"fr-FR\",\"@id\":\"https:\/\/footdavant.fr\/actualites\/#\/schema\/person\/image\/\",\"url\":\"https:\/\/secure.gravatar.com\/avatar\/7728b29aac2719421e1a9159b2254c44?s=96&d=mm&r=g\",\"contentUrl\":\"https:\/\/secure.gravatar.com\/avatar\/7728b29aac2719421e1a9159b2254c44?s=96&d=mm&r=g\",\"caption\":\"Cl\u00e9ment\"},\"sameAs\":[\"https:\/\/footdavant.fr\/\"]}]}<\/script>\n<!-- \/ Yoast SEO plugin. -->","yoast_head_json":{"title":"Aper\u00e7u: Real Madrid vs Manchester City - Pr\u00e9diction, News News, LIGNALS","robots":{"index":"index","follow":"follow","max-snippet":"max-snippet:-1","max-image-preview":"max-image-preview:large","max-video-preview":"max-video-preview:-1"},"canonical":"https:\/\/footdavant.fr\/actualites\/apercu-real-madrid-vs-manchester-city-prediction-news-news-lignals\/","og_locale":"fr_FR","og_type":"article","og_title":"Aper\u00e7u: Real Madrid vs Manchester City - Pr\u00e9diction, News News, LIGNALS","og_description":"Sports Mole pr\u00e9visualise le conflit de la Ligue des champions de mercredi entre le Real Madrid et Manchester City, y compris les pr\u00e9dictions, les nouvelles","og_url":"https:\/\/footdavant.fr\/actualites\/apercu-real-madrid-vs-manchester-city-prediction-news-news-lignals\/","og_site_name":"Foot d&#039;avant","article_publisher":"https:\/\/www.facebook.com\/Footdavant\/","article_published_time":"2025-02-19T00:48:53+00:00","article_modified_time":"2025-02-19T00:48:54+00:00","og_image":[{"width":1280,"height":960,"url":"https:\/\/footdavant.fr\/actualites\/wp-content\/uploads\/2025\/02\/Man-City-contre-Real-Madrid-Carlo-Ancelotti-predit-la-vainqueur.jpg","type":"image\/jpeg"}],"author":"Cl\u00e9ment","twitter_card":"summary_large_image","twitter_creator":"@FootdavantFr","twitter_site":"@FootdavantFr","twitter_misc":{"\u00c9crit par":"Cl\u00e9ment","Dur\u00e9e de lecture estim\u00e9e":"6 minutes"},"schema":{"@context":"https:\/\/schema.org","@graph":[{"@type":"Article","@id":"https:\/\/footdavant.fr\/actualites\/apercu-real-madrid-vs-manchester-city-prediction-news-news-lignals\/#article","isPartOf":{"@id":"https:\/\/footdavant.fr\/actualites\/apercu-real-madrid-vs-manchester-city-prediction-news-news-lignals\/"},"author":{"name":"Cl\u00e9ment","@id":"https:\/\/footdavant.fr\/actualites\/#\/schema\/person\/bc222566d95871b37e597b3ed3ba5e1d"},"headline":"Aper\u00e7u: Real Madrid vs Manchester City &#8211; Pr\u00e9diction, News News, LIGNALS","datePublished":"2025-02-19T00:48:53+00:00","dateModified":"2025-02-19T00:48:54+00:00","mainEntityOfPage":{"@id":"https:\/\/footdavant.fr\/actualites\/apercu-real-madrid-vs-manchester-city-prediction-news-news-lignals\/"},"wordCount":1249,"publisher":{"@id":"https:\/\/footdavant.fr\/actualites\/#organization"},"keywords":["Aper\u00e7u","City","LIGNALS","Madrid","Manchester","News","pr\u00e9diction","Real"],"articleSection":["Champions League"],"inLanguage":"fr-FR"},{"@type":"WebPage","@id":"https:\/\/footdavant.fr\/actualites\/apercu-real-madrid-vs-manchester-city-prediction-news-news-lignals\/","url":"https:\/\/footdavant.fr\/actualites\/apercu-real-madrid-vs-manchester-city-prediction-news-news-lignals\/","name":"Aper\u00e7u: Real Madrid vs Manchester City - Pr\u00e9diction, News News, LIGNALS","isPartOf":{"@id":"https:\/\/footdavant.fr\/actualites\/#website"},"datePublished":"2025-02-19T00:48:53+00:00","dateModified":"2025-02-19T00:48:54+00:00","breadcrumb":{"@id":"https:\/\/footdavant.fr\/actualites\/apercu-real-madrid-vs-manchester-city-prediction-news-news-lignals\/#breadcrumb"},"inLanguage":"fr-FR","potentialAction":[{"@type":"ReadAction","target":["https:\/\/footdavant.fr\/actualites\/apercu-real-madrid-vs-manchester-city-prediction-news-news-lignals\/"]}]},{"@type":"BreadcrumbList","@id":"https:\/\/footdavant.fr\/actualites\/apercu-real-madrid-vs-manchester-city-prediction-news-news-lignals\/#breadcrumb","itemListElement":[{"@type":"ListItem","position":1,"name":"Accueil","item":"https:\/\/footdavant.fr\/actualites\/"},{"@type":"ListItem","position":2,"name":"Aper\u00e7u: Real Madrid vs Manchester City &#8211; Pr\u00e9diction, News News, LIGNALS"}]},{"@type":"WebSite","@id":"https:\/\/footdavant.fr\/actualites\/#website","url":"https:\/\/footdavant.fr\/actualites\/","name":"Foot d'avant","description":"","publisher":{"@id":"https:\/\/footdavant.fr\/actualites\/#organization"},"potentialAction":[{"@type":"SearchAction","target":{"@type":"EntryPoint","urlTemplate":"https:\/\/footdavant.fr\/actualites\/?s={search_term_string}"},"query-input":"required name=search_term_string"}],"inLanguage":"fr-FR"},{"@type":"Organization","@id":"https:\/\/footdavant.fr\/actualites\/#organization","name":"Foot d'avant","url":"https:\/\/footdavant.fr\/actualites\/","logo":{"@type":"ImageObject","inLanguage":"fr-FR","@id":"https:\/\/footdavant.fr\/actualites\/#\/schema\/logo\/image\/","url":"https:\/\/footdavant.fr\/actualites\/wp-content\/uploads\/2023\/09\/Copy-of-FootDavant-Logo.png","contentUrl":"https:\/\/footdavant.fr\/actualites\/wp-content\/uploads\/2023\/09\/Copy-of-FootDavant-Logo.png","width":936,"height":549,"caption":"Foot d'avant"},"image":{"@id":"https:\/\/footdavant.fr\/actualites\/#\/schema\/logo\/image\/"},"sameAs":["https:\/\/www.facebook.com\/Footdavant\/","https:\/\/twitter.com\/FootdavantFr","https:\/\/www.instagram.com\/footdavant.fr\/"]},{"@type":"Person","@id":"https:\/\/footdavant.fr\/actualites\/#\/schema\/person\/bc222566d95871b37e597b3ed3ba5e1d","name":"Cl\u00e9ment","image":{"@type":"ImageObject","inLanguage":"fr-FR","@id":"https:\/\/footdavant.fr\/actualites\/#\/schema\/person\/image\/","url":"https:\/\/secure.gravatar.com\/avatar\/7728b29aac2719421e1a9159b2254c44?s=96&d=mm&r=g","contentUrl":"https:\/\/secure.gravatar.com\/avatar\/7728b29aac2719421e1a9159b2254c44?s=96&d=mm&r=g","caption":"Cl\u00e9ment"},"sameAs":["https:\/\/footdavant.fr\/"]}]}},"_links":{"self":[{"href":"https:\/\/footdavant.fr\/actualites\/wp-json\/wp\/v2\/posts\/20263"}],"collection":[{"href":"https:\/\/footdavant.fr\/actualites\/wp-json\/wp\/v2\/posts"}],"about":[{"href":"https:\/\/footdavant.fr\/actualites\/wp-json\/wp\/v2\/types\/post"}],"author":[{"embeddable":true,"href":"https:\/\/footdavant.fr\/actualites\/wp-json\/wp\/v2\/users\/1"}],"replies":[{"embeddable":true,"href":"https:\/\/footdavant.fr\/actualites\/wp-json\/wp\/v2\/comments?post=20263"}],"version-history":[{"count":1,"href":"https:\/\/footdavant.fr\/actualites\/wp-json\/wp\/v2\/posts\/20263\/revisions"}],"predecessor-version":[{"id":20264,"href":"https:\/\/footdavant.fr\/actualites\/wp-json\/wp\/v2\/posts\/20263\/revisions\/20264"}],"wp:featuredmedia":[{"embeddable":true,"href":"https:\/\/footdavant.fr\/actualites\/wp-json\/wp\/v2\/media\/20049"}],"wp:attachment":[{"href":"https:\/\/footdavant.fr\/actualites\/wp-json\/wp\/v2\/media?parent=20263"}],"wp:term":[{"taxonomy":"category","embeddable":true,"href":"https:\/\/footdavant.fr\/actualites\/wp-json\/wp\/v2\/categories?post=20263"},{"taxonomy":"post_tag","embeddable":true,"href":"https:\/\/footdavant.fr\/actualites\/wp-json\/wp\/v2\/tags?post=20263"}],"curies":[{"name":"wp","href":"https:\/\/api.w.org\/{rel}","templated":true}]}}