{"id":2046,"date":"2023-12-07T02:21:50","date_gmt":"2023-12-07T01:21:50","guid":{"rendered":"https:\/\/footdavant.fr\/actualites\/le-patron-darsenal-arteta-reitere-son-desir-de-garder-ramsdale\/"},"modified":"2023-12-07T02:21:51","modified_gmt":"2023-12-07T01:21:51","slug":"le-patron-darsenal-arteta-reitere-son-desir-de-garder-ramsdale","status":"publish","type":"post","link":"https:\/\/footdavant.fr\/actualites\/le-patron-darsenal-arteta-reitere-son-desir-de-garder-ramsdale\/","title":{"rendered":"Le patron d&rsquo;Arsenal, Arteta, r\u00e9it\u00e8re son d\u00e9sir de garder Ramsdale"},"content":{"rendered":"<p>Le patron d&rsquo;Arsenal, Mikel Arteta, r\u00e9it\u00e8re sa volont\u00e9 de garder le gardien Aaron Ramsdale \u00e0 l&rsquo;Emirates Stadium, malgr\u00e9 les liens avec Newcastle United.<\/p>\n<div id=\"article_body\" itemprop=\"articleBody\">\n<h3 class=\"firstPara\">\n<strong class=\"autotag\">Mikel Arteta<\/strong> a r\u00e9it\u00e9r\u00e9 que le gardien <strong class=\"autotag\">Aaron Ramsdale<\/strong> restera \u00e0 l\u2019Emirates Stadium pendant le mercato de janvier.<\/h3>\n<p>Au cours de ses deux premi\u00e8res ann\u00e9es avec les Gunners, Ramsdale \u00e9tait le num\u00e9ro un reconnu, renfor\u00e7ant seulement sa r\u00e9putation apr\u00e8s avoir rejoint Sheffield United.<\/p>\n<p>Cependant, apr\u00e8s la tr\u00eave internationale de septembre, Arteta a pris la d\u00e9cision de confier le temps de jeu au nouvel arrivant. <strong class=\"autotag\">David Raya<\/strong>a sign\u00e9 un premier accord de pr\u00eat avec Brentford.<\/p>\n<p>Depuis lors, Ramsdale a \u00e9t\u00e9 largement s\u00e9lectionn\u00e9 sur le banc des rempla\u00e7ants avec deux de ses trois apparitions en Coupe EFL, tandis que sa seule sortie en Premier League \u00e9tait le r\u00e9sultat de l&rsquo;incapacit\u00e9 de Raya d&rsquo;affronter son club parent.<\/p>\n<p>Les sp\u00e9culations persistent d\u00e9sormais selon lesquelles Ramsdale finirait par faire pression pour un transfert loin de <strong class=\"autotag\">Arsenal<\/strong>bien qu&rsquo;ils occupent la premi\u00e8re place de la Premier League.<\/p>\n<p class=\"imgI\">\n<p>Le joueur de 25 ans a reconnu qu&rsquo;il devra peut-\u00eatre trouver du football en \u00e9quipe premi\u00e8re ailleurs afin de prot\u00e9ger sa place dans l&rsquo;\u00e9quipe d&rsquo;Angleterre \u00e0 long terme.<\/p>\n<p>Plus r\u00e9cemment, <strong class=\"autotag\">Newcastle United<\/strong> ont \u00e9t\u00e9 cr\u00e9dit\u00e9s d&rsquo;un int\u00e9r\u00eat dans Ramsdale, cons\u00e9quence de <strong class=\"autotag\">Nick Pape<\/strong> souffrant d&rsquo;une luxation de l&rsquo;\u00e9paule le week-end dernier qui le tiendra \u00e0 l&rsquo;\u00e9cart jusqu&rsquo;au d\u00e9but du printemps.<\/p>\n<p>Arteta a naturellement \u00e9t\u00e9 interrog\u00e9 sur la situation lors d&rsquo;une conf\u00e9rence de presse mardi, avant la visite d&rsquo;Arsenal \u00e0 Luton Town, mais il n&rsquo;a pas tard\u00e9 \u00e0 exprimer sa position sur l&rsquo;avenir de Ramsdale.<\/p>\n<p>Il a d\u00e9clar\u00e9 aux journalistes, cit\u00e9 par <em>BBC Sport<\/em>: \u00ab\u00a0Je veux Aaron avec nous. Je suis tr\u00e8s heureux d&rsquo;avoir deux tr\u00e8s, tr\u00e8s bons gardiens et Aaron reste avec nous.<\/p>\n<p class=\"imgI\"><img decoding=\"async\" loading=\"lazy\" class=\"l\" src=\"https:\/\/footdavant.fr\/actualites\/wp-content\/uploads\/2023\/12\/1701912110_159_Le-patron-dArsenal-Arteta-reitere-son-desir-de-garder-Ramsdale.jpg\" title=\"Aaron Ramsdale et Takehiro Tomiyasu d'Arsenal r\u00e9agissent le 27 septembre 2023\" alt=\"Aaron Ramsdale et Takehiro Tomiyasu d'Arsenal r\u00e9agissent le 27 septembre 2023\" width=\"640\" height=\"480\"><\/p>\n<p>\u00ab\u00a0Nous voulons \u00eatre meilleurs, donc nous voulons ajouter \u00e0 ce que nous avons d\u00e9j\u00e0. C&rsquo;est notre intention.\u00a0\u00bb<\/p>\n<p>Ramsdale compte un total de 32 feuilles blanches lors de ses 86 matches pour Arsenal, trois de ces blanchissages survenus en sept sorties toutes comp\u00e9titions confondues en 2023-24.<\/p>\n<p>Alors que son contrat actuel doit expirer en 2026, il a \u00e9t\u00e9 sugg\u00e9r\u00e9 qu&rsquo;il existe une option d&rsquo;activation d&rsquo;une option de 12 mois, renfor\u00e7ant ainsi la position d&rsquo;Arsenal.<\/p>\n<p>Arsenal est d\u00e9j\u00e0 sur le point de payer environ 27 millions de livres sterling pour Raya l&rsquo;\u00e9t\u00e9 prochain, l&rsquo;Espagnol ayant activ\u00e9 les clauses requises dans l&rsquo;accord d&rsquo;Arsenal avec Brentford.<\/p>\n<\/div>\n","protected":false},"excerpt":{"rendered":"<p>Le patron d&rsquo;Arsenal, Mikel Arteta, r\u00e9it\u00e8re sa volont\u00e9 de garder le gardien Aaron Ramsdale \u00e0 l&rsquo;Emirates Stadium, malgr\u00e9 les liens avec Newcastle United. Mikel Arteta<\/p>\n","protected":false},"author":1,"featured_media":2047,"comment_status":"closed","ping_status":"","sticky":false,"template":"","format":"standard","meta":{"footnotes":""},"categories":[5],"tags":[211,59,1606,1993,231,517,1605,86],"yoast_head":"<!-- This site is optimized with the Yoast SEO plugin v21.0 - https:\/\/yoast.com\/wordpress\/plugins\/seo\/ -->\n<title>Le patron d&#039;Arsenal, Arteta, r\u00e9it\u00e8re son d\u00e9sir de garder Ramsdale<\/title>\n<meta name=\"robots\" content=\"index, follow, max-snippet:-1, max-image-preview:large, max-video-preview:-1\" \/>\n<link rel=\"canonical\" href=\"https:\/\/footdavant.fr\/actualites\/le-patron-darsenal-arteta-reitere-son-desir-de-garder-ramsdale\/\" \/>\n<meta property=\"og:locale\" content=\"fr_FR\" \/>\n<meta property=\"og:type\" content=\"article\" \/>\n<meta property=\"og:title\" content=\"Le patron d&#039;Arsenal, Arteta, r\u00e9it\u00e8re son d\u00e9sir de garder Ramsdale\" \/>\n<meta property=\"og:description\" content=\"Le patron d&rsquo;Arsenal, Mikel Arteta, r\u00e9it\u00e8re sa volont\u00e9 de garder le gardien Aaron Ramsdale \u00e0 l&rsquo;Emirates Stadium, malgr\u00e9 les liens avec Newcastle United. Mikel Arteta\" \/>\n<meta property=\"og:url\" content=\"https:\/\/footdavant.fr\/actualites\/le-patron-darsenal-arteta-reitere-son-desir-de-garder-ramsdale\/\" \/>\n<meta property=\"og:site_name\" content=\"Foot d&#039;avant\" \/>\n<meta property=\"article:publisher\" content=\"https:\/\/www.facebook.com\/Footdavant\/\" \/>\n<meta property=\"article:published_time\" content=\"2023-12-07T01:21:50+00:00\" \/>\n<meta property=\"article:modified_time\" content=\"2023-12-07T01:21:51+00:00\" \/>\n<meta property=\"og:image\" content=\"https:\/\/footdavant.fr\/actualites\/wp-content\/uploads\/2023\/12\/Le-patron-dArsenal-Arteta-reitere-son-desir-de-garder-Ramsdale.jpg\" \/>\n\t<meta property=\"og:image:width\" content=\"640\" \/>\n\t<meta property=\"og:image:height\" content=\"480\" \/>\n\t<meta property=\"og:image:type\" content=\"image\/jpeg\" \/>\n<meta name=\"author\" content=\"Cl\u00e9ment\" \/>\n<meta name=\"twitter:card\" content=\"summary_large_image\" \/>\n<meta name=\"twitter:creator\" content=\"@FootdavantFr\" \/>\n<meta name=\"twitter:site\" content=\"@FootdavantFr\" \/>\n<meta name=\"twitter:label1\" content=\"\u00c9crit par\" \/>\n\t<meta name=\"twitter:data1\" content=\"Cl\u00e9ment\" \/>\n\t<meta name=\"twitter:label2\" content=\"Dur\u00e9e de lecture estim\u00e9e\" \/>\n\t<meta name=\"twitter:data2\" content=\"2 minutes\" \/>\n<script type=\"application\/ld+json\" class=\"yoast-schema-graph\">{\"@context\":\"https:\/\/schema.org\",\"@graph\":[{\"@type\":\"Article\",\"@id\":\"https:\/\/footdavant.fr\/actualites\/le-patron-darsenal-arteta-reitere-son-desir-de-garder-ramsdale\/#article\",\"isPartOf\":{\"@id\":\"https:\/\/footdavant.fr\/actualites\/le-patron-darsenal-arteta-reitere-son-desir-de-garder-ramsdale\/\"},\"author\":{\"name\":\"Cl\u00e9ment\",\"@id\":\"https:\/\/footdavant.fr\/actualites\/#\/schema\/person\/bc222566d95871b37e597b3ed3ba5e1d\"},\"headline\":\"Le patron d&rsquo;Arsenal, Arteta, r\u00e9it\u00e8re son d\u00e9sir de garder Ramsdale\",\"datePublished\":\"2023-12-07T01:21:50+00:00\",\"dateModified\":\"2023-12-07T01:21:51+00:00\",\"mainEntityOfPage\":{\"@id\":\"https:\/\/footdavant.fr\/actualites\/le-patron-darsenal-arteta-reitere-son-desir-de-garder-ramsdale\/\"},\"wordCount\":433,\"publisher\":{\"@id\":\"https:\/\/footdavant.fr\/actualites\/#organization\"},\"keywords\":[\"Arteta\",\"dArsenal\",\"d\u00e9sir\",\"garder\",\"patron\",\"Ramsdale\",\"r\u00e9it\u00e8re\",\"son\"],\"articleSection\":[\"Premier League\"],\"inLanguage\":\"fr-FR\"},{\"@type\":\"WebPage\",\"@id\":\"https:\/\/footdavant.fr\/actualites\/le-patron-darsenal-arteta-reitere-son-desir-de-garder-ramsdale\/\",\"url\":\"https:\/\/footdavant.fr\/actualites\/le-patron-darsenal-arteta-reitere-son-desir-de-garder-ramsdale\/\",\"name\":\"Le patron d'Arsenal, Arteta, r\u00e9it\u00e8re son d\u00e9sir de garder Ramsdale\",\"isPartOf\":{\"@id\":\"https:\/\/footdavant.fr\/actualites\/#website\"},\"datePublished\":\"2023-12-07T01:21:50+00:00\",\"dateModified\":\"2023-12-07T01:21:51+00:00\",\"breadcrumb\":{\"@id\":\"https:\/\/footdavant.fr\/actualites\/le-patron-darsenal-arteta-reitere-son-desir-de-garder-ramsdale\/#breadcrumb\"},\"inLanguage\":\"fr-FR\",\"potentialAction\":[{\"@type\":\"ReadAction\",\"target\":[\"https:\/\/footdavant.fr\/actualites\/le-patron-darsenal-arteta-reitere-son-desir-de-garder-ramsdale\/\"]}]},{\"@type\":\"BreadcrumbList\",\"@id\":\"https:\/\/footdavant.fr\/actualites\/le-patron-darsenal-arteta-reitere-son-desir-de-garder-ramsdale\/#breadcrumb\",\"itemListElement\":[{\"@type\":\"ListItem\",\"position\":1,\"name\":\"Accueil\",\"item\":\"https:\/\/footdavant.fr\/actualites\/\"},{\"@type\":\"ListItem\",\"position\":2,\"name\":\"Le patron d&rsquo;Arsenal, Arteta, r\u00e9it\u00e8re son d\u00e9sir de garder Ramsdale\"}]},{\"@type\":\"WebSite\",\"@id\":\"https:\/\/footdavant.fr\/actualites\/#website\",\"url\":\"https:\/\/footdavant.fr\/actualites\/\",\"name\":\"Foot d'avant\",\"description\":\"\",\"publisher\":{\"@id\":\"https:\/\/footdavant.fr\/actualites\/#organization\"},\"potentialAction\":[{\"@type\":\"SearchAction\",\"target\":{\"@type\":\"EntryPoint\",\"urlTemplate\":\"https:\/\/footdavant.fr\/actualites\/?s={search_term_string}\"},\"query-input\":\"required name=search_term_string\"}],\"inLanguage\":\"fr-FR\"},{\"@type\":\"Organization\",\"@id\":\"https:\/\/footdavant.fr\/actualites\/#organization\",\"name\":\"Foot d'avant\",\"url\":\"https:\/\/footdavant.fr\/actualites\/\",\"logo\":{\"@type\":\"ImageObject\",\"inLanguage\":\"fr-FR\",\"@id\":\"https:\/\/footdavant.fr\/actualites\/#\/schema\/logo\/image\/\",\"url\":\"https:\/\/footdavant.fr\/actualites\/wp-content\/uploads\/2023\/09\/Copy-of-FootDavant-Logo.png\",\"contentUrl\":\"https:\/\/footdavant.fr\/actualites\/wp-content\/uploads\/2023\/09\/Copy-of-FootDavant-Logo.png\",\"width\":936,\"height\":549,\"caption\":\"Foot d'avant\"},\"image\":{\"@id\":\"https:\/\/footdavant.fr\/actualites\/#\/schema\/logo\/image\/\"},\"sameAs\":[\"https:\/\/www.facebook.com\/Footdavant\/\",\"https:\/\/twitter.com\/FootdavantFr\",\"https:\/\/www.instagram.com\/footdavant.fr\/\"]},{\"@type\":\"Person\",\"@id\":\"https:\/\/footdavant.fr\/actualites\/#\/schema\/person\/bc222566d95871b37e597b3ed3ba5e1d\",\"name\":\"Cl\u00e9ment\",\"image\":{\"@type\":\"ImageObject\",\"inLanguage\":\"fr-FR\",\"@id\":\"https:\/\/footdavant.fr\/actualites\/#\/schema\/person\/image\/\",\"url\":\"https:\/\/secure.gravatar.com\/avatar\/7728b29aac2719421e1a9159b2254c44?s=96&d=mm&r=g\",\"contentUrl\":\"https:\/\/secure.gravatar.com\/avatar\/7728b29aac2719421e1a9159b2254c44?s=96&d=mm&r=g\",\"caption\":\"Cl\u00e9ment\"},\"sameAs\":[\"https:\/\/footdavant.fr\/\"]}]}<\/script>\n<!-- \/ Yoast SEO plugin. -->","yoast_head_json":{"title":"Le patron d'Arsenal, Arteta, r\u00e9it\u00e8re son d\u00e9sir de garder Ramsdale","robots":{"index":"index","follow":"follow","max-snippet":"max-snippet:-1","max-image-preview":"max-image-preview:large","max-video-preview":"max-video-preview:-1"},"canonical":"https:\/\/footdavant.fr\/actualites\/le-patron-darsenal-arteta-reitere-son-desir-de-garder-ramsdale\/","og_locale":"fr_FR","og_type":"article","og_title":"Le patron d'Arsenal, Arteta, r\u00e9it\u00e8re son d\u00e9sir de garder Ramsdale","og_description":"Le patron d&rsquo;Arsenal, Mikel Arteta, r\u00e9it\u00e8re sa volont\u00e9 de garder le gardien Aaron Ramsdale \u00e0 l&rsquo;Emirates Stadium, malgr\u00e9 les liens avec Newcastle United. Mikel Arteta","og_url":"https:\/\/footdavant.fr\/actualites\/le-patron-darsenal-arteta-reitere-son-desir-de-garder-ramsdale\/","og_site_name":"Foot d&#039;avant","article_publisher":"https:\/\/www.facebook.com\/Footdavant\/","article_published_time":"2023-12-07T01:21:50+00:00","article_modified_time":"2023-12-07T01:21:51+00:00","og_image":[{"width":640,"height":480,"url":"https:\/\/footdavant.fr\/actualites\/wp-content\/uploads\/2023\/12\/Le-patron-dArsenal-Arteta-reitere-son-desir-de-garder-Ramsdale.jpg","type":"image\/jpeg"}],"author":"Cl\u00e9ment","twitter_card":"summary_large_image","twitter_creator":"@FootdavantFr","twitter_site":"@FootdavantFr","twitter_misc":{"\u00c9crit par":"Cl\u00e9ment","Dur\u00e9e de lecture estim\u00e9e":"2 minutes"},"schema":{"@context":"https:\/\/schema.org","@graph":[{"@type":"Article","@id":"https:\/\/footdavant.fr\/actualites\/le-patron-darsenal-arteta-reitere-son-desir-de-garder-ramsdale\/#article","isPartOf":{"@id":"https:\/\/footdavant.fr\/actualites\/le-patron-darsenal-arteta-reitere-son-desir-de-garder-ramsdale\/"},"author":{"name":"Cl\u00e9ment","@id":"https:\/\/footdavant.fr\/actualites\/#\/schema\/person\/bc222566d95871b37e597b3ed3ba5e1d"},"headline":"Le patron d&rsquo;Arsenal, Arteta, r\u00e9it\u00e8re son d\u00e9sir de garder Ramsdale","datePublished":"2023-12-07T01:21:50+00:00","dateModified":"2023-12-07T01:21:51+00:00","mainEntityOfPage":{"@id":"https:\/\/footdavant.fr\/actualites\/le-patron-darsenal-arteta-reitere-son-desir-de-garder-ramsdale\/"},"wordCount":433,"publisher":{"@id":"https:\/\/footdavant.fr\/actualites\/#organization"},"keywords":["Arteta","dArsenal","d\u00e9sir","garder","patron","Ramsdale","r\u00e9it\u00e8re","son"],"articleSection":["Premier League"],"inLanguage":"fr-FR"},{"@type":"WebPage","@id":"https:\/\/footdavant.fr\/actualites\/le-patron-darsenal-arteta-reitere-son-desir-de-garder-ramsdale\/","url":"https:\/\/footdavant.fr\/actualites\/le-patron-darsenal-arteta-reitere-son-desir-de-garder-ramsdale\/","name":"Le patron d'Arsenal, Arteta, r\u00e9it\u00e8re son d\u00e9sir de garder Ramsdale","isPartOf":{"@id":"https:\/\/footdavant.fr\/actualites\/#website"},"datePublished":"2023-12-07T01:21:50+00:00","dateModified":"2023-12-07T01:21:51+00:00","breadcrumb":{"@id":"https:\/\/footdavant.fr\/actualites\/le-patron-darsenal-arteta-reitere-son-desir-de-garder-ramsdale\/#breadcrumb"},"inLanguage":"fr-FR","potentialAction":[{"@type":"ReadAction","target":["https:\/\/footdavant.fr\/actualites\/le-patron-darsenal-arteta-reitere-son-desir-de-garder-ramsdale\/"]}]},{"@type":"BreadcrumbList","@id":"https:\/\/footdavant.fr\/actualites\/le-patron-darsenal-arteta-reitere-son-desir-de-garder-ramsdale\/#breadcrumb","itemListElement":[{"@type":"ListItem","position":1,"name":"Accueil","item":"https:\/\/footdavant.fr\/actualites\/"},{"@type":"ListItem","position":2,"name":"Le patron d&rsquo;Arsenal, Arteta, r\u00e9it\u00e8re son d\u00e9sir de garder Ramsdale"}]},{"@type":"WebSite","@id":"https:\/\/footdavant.fr\/actualites\/#website","url":"https:\/\/footdavant.fr\/actualites\/","name":"Foot d'avant","description":"","publisher":{"@id":"https:\/\/footdavant.fr\/actualites\/#organization"},"potentialAction":[{"@type":"SearchAction","target":{"@type":"EntryPoint","urlTemplate":"https:\/\/footdavant.fr\/actualites\/?s={search_term_string}"},"query-input":"required name=search_term_string"}],"inLanguage":"fr-FR"},{"@type":"Organization","@id":"https:\/\/footdavant.fr\/actualites\/#organization","name":"Foot d'avant","url":"https:\/\/footdavant.fr\/actualites\/","logo":{"@type":"ImageObject","inLanguage":"fr-FR","@id":"https:\/\/footdavant.fr\/actualites\/#\/schema\/logo\/image\/","url":"https:\/\/footdavant.fr\/actualites\/wp-content\/uploads\/2023\/09\/Copy-of-FootDavant-Logo.png","contentUrl":"https:\/\/footdavant.fr\/actualites\/wp-content\/uploads\/2023\/09\/Copy-of-FootDavant-Logo.png","width":936,"height":549,"caption":"Foot d'avant"},"image":{"@id":"https:\/\/footdavant.fr\/actualites\/#\/schema\/logo\/image\/"},"sameAs":["https:\/\/www.facebook.com\/Footdavant\/","https:\/\/twitter.com\/FootdavantFr","https:\/\/www.instagram.com\/footdavant.fr\/"]},{"@type":"Person","@id":"https:\/\/footdavant.fr\/actualites\/#\/schema\/person\/bc222566d95871b37e597b3ed3ba5e1d","name":"Cl\u00e9ment","image":{"@type":"ImageObject","inLanguage":"fr-FR","@id":"https:\/\/footdavant.fr\/actualites\/#\/schema\/person\/image\/","url":"https:\/\/secure.gravatar.com\/avatar\/7728b29aac2719421e1a9159b2254c44?s=96&d=mm&r=g","contentUrl":"https:\/\/secure.gravatar.com\/avatar\/7728b29aac2719421e1a9159b2254c44?s=96&d=mm&r=g","caption":"Cl\u00e9ment"},"sameAs":["https:\/\/footdavant.fr\/"]}]}},"_links":{"self":[{"href":"https:\/\/footdavant.fr\/actualites\/wp-json\/wp\/v2\/posts\/2046"}],"collection":[{"href":"https:\/\/footdavant.fr\/actualites\/wp-json\/wp\/v2\/posts"}],"about":[{"href":"https:\/\/footdavant.fr\/actualites\/wp-json\/wp\/v2\/types\/post"}],"author":[{"embeddable":true,"href":"https:\/\/footdavant.fr\/actualites\/wp-json\/wp\/v2\/users\/1"}],"replies":[{"embeddable":true,"href":"https:\/\/footdavant.fr\/actualites\/wp-json\/wp\/v2\/comments?post=2046"}],"version-history":[{"count":1,"href":"https:\/\/footdavant.fr\/actualites\/wp-json\/wp\/v2\/posts\/2046\/revisions"}],"predecessor-version":[{"id":2048,"href":"https:\/\/footdavant.fr\/actualites\/wp-json\/wp\/v2\/posts\/2046\/revisions\/2048"}],"wp:featuredmedia":[{"embeddable":true,"href":"https:\/\/footdavant.fr\/actualites\/wp-json\/wp\/v2\/media\/2047"}],"wp:attachment":[{"href":"https:\/\/footdavant.fr\/actualites\/wp-json\/wp\/v2\/media?parent=2046"}],"wp:term":[{"taxonomy":"category","embeddable":true,"href":"https:\/\/footdavant.fr\/actualites\/wp-json\/wp\/v2\/categories?post=2046"},{"taxonomy":"post_tag","embeddable":true,"href":"https:\/\/footdavant.fr\/actualites\/wp-json\/wp\/v2\/tags?post=2046"}],"curies":[{"name":"wp","href":"https:\/\/api.w.org\/{rel}","templated":true}]}}