{"id":2067,"date":"2023-12-07T10:48:03","date_gmt":"2023-12-07T09:48:03","guid":{"rendered":"https:\/\/footdavant.fr\/actualites\/manchester-united-chelsea-le-paris-saint-germain-a-la-bataille-pour-mike-maignan\/"},"modified":"2023-12-07T10:48:04","modified_gmt":"2023-12-07T09:48:04","slug":"manchester-united-chelsea-le-paris-saint-germain-a-la-bataille-pour-mike-maignan","status":"publish","type":"post","link":"https:\/\/footdavant.fr\/actualites\/manchester-united-chelsea-le-paris-saint-germain-a-la-bataille-pour-mike-maignan\/","title":{"rendered":"Manchester United, Chelsea, le Paris Saint-Germain \u00e0 la bataille pour Mike Maignan ?"},"content":{"rendered":"<p>Le gardien de l&rsquo;AC Milan, Mike Maignan, susciterait l&rsquo;int\u00e9r\u00eat de Manchester United, Chelsea, le Paris Saint-Germain et le Real Madrid avant la fen\u00eatre de janvier.<\/p>\n<div id=\"article_body\" itemprop=\"articleBody\">\n<h3 class=\"firstPara\">\n<strong class=\"autotag\">AC Milan<\/strong> gardien de but <strong class=\"autotag\">Mike Maignan<\/strong> susciterait l&rsquo;int\u00e9r\u00eat de <strong class=\"autotag\">Manchester United<\/strong>, <strong class=\"autotag\">Chelsea<\/strong> et <strong class=\"autotag\">Paris Saint Germain<\/strong> avant le mercato de janvier.<\/h3>\n<p>Le joueur de 28 ans assume le r\u00f4le de gardien de premier choix du club italien depuis son arriv\u00e9e de Lille \u00e0 l&rsquo;\u00e9t\u00e9 2021, faisant 85 apparitions pour les Rossoneri.<\/p>\n<p>Avec <strong class=\"autotag\">Stefano Pioli<\/strong>Actuellement troisi\u00e8mes et \u00e0 six points du leader du championnat, l&rsquo;Inter Milan, Maignan et ses co\u00e9quipiers ont connu un d\u00e9but de campagne r\u00e9gulier.<\/p>\n<p>L&rsquo;ancien jeune du PSG a pris <strong class=\"autotag\">Hugo Lloris<\/strong>Le titre de gardien de premier choix de la France ces derniers temps, remportant 13 s\u00e9lections depuis ses d\u00e9buts en mai 2019.<\/p>\n<p>Selon un m\u00e9dia italien <em>Mercato \u00e0 pied<\/em>plusieurs grandes \u00e9quipes europ\u00e9ennes souhaitent recruter prochainement le gardien Maignan.<\/p>\n<p class=\"imgI\">\n<p>Le rapport affirme que le Fran\u00e7ais suscite l&rsquo;int\u00e9r\u00eat de son pays natal, de l&rsquo;Angleterre et de l&rsquo;Espagne, avec le PSG, Man United, Chelsea et 14 fois champions d&rsquo;Europe. <strong class=\"autotag\">Real Madrid<\/strong> surveiller la situation du joueur.<\/p>\n<p>Le contrat actuel de Maignan \u00e0 Milan expire au cours de l&rsquo;\u00e9t\u00e9 2026, mais AC et le gardien cherchent actuellement \u00e0 s&rsquo;entendre sur de nouvelles conditions.<\/p>\n<p>Apr\u00e8s un mandat impressionnant en 2022-23 pour les Rossoneri, le joueur de 28 ans r\u00e9clame une augmentation de salaire significative pour refl\u00e9ter son am\u00e9lioration depuis son arriv\u00e9e en provenance de Lille il y a plus de deux ans.<\/p>\n<p>Il est entendu que le club de San Siro et le joueur restent quelque peu \u00e9loign\u00e9s dans leurs n\u00e9gociations, les discussions s&rsquo;av\u00e9rant difficiles.<\/p>\n<p>Dans l&rsquo;\u00e9ventualit\u00e9 o\u00f9 un accord ne pourrait pas \u00eatre conclu, des soci\u00e9t\u00e9s comme <strong class=\"autotag\">Erik Ten Hag<\/strong>Les Diables Rouges attendent dans les coulisses de s&rsquo;attacher les services de Maignan.<\/p>\n<p class=\"imgI\"><img decoding=\"async\" loading=\"lazy\" class=\"l\" src=\"https:\/\/footdavant.fr\/actualites\/wp-content\/uploads\/2023\/12\/Manchester-United-Chelsea-le-Paris-Saint-Germain-a-la-bataille-pour.JPG\" title=\"David de Gea en action pour Manchester United le 7 mai 2023\" alt=\"David de Gea en action pour Manchester United le 7 mai 2023\" width=\"640\" height=\"480\"><\/p>\n<p>Une grande partie des activit\u00e9s estivales de Man United tournaient autour de la recherche d&rsquo;un rempla\u00e7ant pour le gardien. <strong class=\"autotag\">David de G\u00e9a<\/strong>qui a quitt\u00e9 Old Trafford en tant qu&rsquo;agent libre apr\u00e8s plus d&rsquo;une d\u00e9cennie pass\u00e9e du c\u00f4t\u00e9 rouge de Manchester.<\/p>\n<p>International camerounais <strong class=\"autotag\">Andr\u00e9 Onana<\/strong> a quitt\u00e9 l&rsquo;Inter pour Old Trafford en juillet pour environ 50 millions de livres sterling, mais le joueur de 27 ans a commis des erreurs tr\u00e8s m\u00e9diatis\u00e9es jusqu&rsquo;\u00e0 pr\u00e9sent cette saison.<\/p>\n<p>Il est entendu que l&rsquo;AC Milan exigerait environ 70 millions d&rsquo;euros (60 millions de livres sterling) pour la vente de Maignan au cours de la nouvelle ann\u00e9e ou du mercato de l&rsquo;\u00e9t\u00e9 prochain.<\/p>\n<p><strong class=\"autotag\">Mauricio Pochettino<\/strong>Chelsea serait \u00e9galement int\u00e9ress\u00e9 par le Fran\u00e7ais, malgr\u00e9 la signature des West Londoniens. <strong class=\"autotag\">Robert S\u00e1nchez<\/strong> et <strong class=\"autotag\">Djordj\u00e9 Petrovi\u0107<\/strong> avant la saison 2023-24.<\/p>\n<p>Maignan et ses co\u00e9quipiers milanais savent qu&rsquo;ils doivent gagner \u00e0 St James&rsquo; Park contre Newcastle United mardi prochain pour avoir une chance d&rsquo;atteindre les huiti\u00e8mes de finale de la Ligue des Champions, mais d&rsquo;abord, les Rossoneri se rendront \u00e0 l&rsquo;Atalanta BC en Serie A samedi.<\/p>\n<\/div>\n","protected":false},"excerpt":{"rendered":"<p>Le gardien de l&rsquo;AC Milan, Mike Maignan, susciterait l&rsquo;int\u00e9r\u00eat de Manchester United, Chelsea, le Paris Saint-Germain et le Real Madrid avant la fen\u00eatre de janvier.<\/p>\n","protected":false},"author":1,"featured_media":2068,"comment_status":"closed","ping_status":"","sticky":false,"template":"","format":"standard","meta":{"footnotes":""},"categories":[5],"tags":[2002,171,2004,11,2003,100,51,249,13],"yoast_head":"<!-- This site is optimized with the Yoast SEO plugin v21.0 - https:\/\/yoast.com\/wordpress\/plugins\/seo\/ -->\n<title>Manchester United, Chelsea, le Paris Saint-Germain \u00e0 la bataille pour Mike Maignan ?<\/title>\n<meta name=\"robots\" content=\"index, follow, max-snippet:-1, max-image-preview:large, max-video-preview:-1\" \/>\n<link rel=\"canonical\" href=\"https:\/\/footdavant.fr\/actualites\/manchester-united-chelsea-le-paris-saint-germain-a-la-bataille-pour-mike-maignan\/\" \/>\n<meta property=\"og:locale\" content=\"fr_FR\" \/>\n<meta property=\"og:type\" content=\"article\" \/>\n<meta property=\"og:title\" content=\"Manchester United, Chelsea, le Paris Saint-Germain \u00e0 la bataille pour Mike Maignan ?\" \/>\n<meta property=\"og:description\" content=\"Le gardien de l&rsquo;AC Milan, Mike Maignan, susciterait l&rsquo;int\u00e9r\u00eat de Manchester United, Chelsea, le Paris Saint-Germain et le Real Madrid avant la fen\u00eatre de janvier.\" \/>\n<meta property=\"og:url\" content=\"https:\/\/footdavant.fr\/actualites\/manchester-united-chelsea-le-paris-saint-germain-a-la-bataille-pour-mike-maignan\/\" \/>\n<meta property=\"og:site_name\" content=\"Foot d&#039;avant\" \/>\n<meta property=\"article:publisher\" content=\"https:\/\/www.facebook.com\/Footdavant\/\" \/>\n<meta property=\"article:published_time\" content=\"2023-12-07T09:48:03+00:00\" \/>\n<meta property=\"article:modified_time\" content=\"2023-12-07T09:48:04+00:00\" \/>\n<meta property=\"og:image\" content=\"https:\/\/footdavant.fr\/actualites\/wp-content\/uploads\/2023\/12\/Manchester-United-Chelsea-le-Paris-Saint-Germain-a-la-bataille-pour.jpg\" \/>\n\t<meta property=\"og:image:width\" content=\"640\" \/>\n\t<meta property=\"og:image:height\" content=\"480\" \/>\n\t<meta property=\"og:image:type\" content=\"image\/jpeg\" \/>\n<meta name=\"author\" content=\"Cl\u00e9ment\" \/>\n<meta name=\"twitter:card\" content=\"summary_large_image\" \/>\n<meta name=\"twitter:creator\" content=\"@FootdavantFr\" \/>\n<meta name=\"twitter:site\" content=\"@FootdavantFr\" \/>\n<meta name=\"twitter:label1\" content=\"\u00c9crit par\" \/>\n\t<meta name=\"twitter:data1\" content=\"Cl\u00e9ment\" \/>\n\t<meta name=\"twitter:label2\" content=\"Dur\u00e9e de lecture estim\u00e9e\" \/>\n\t<meta name=\"twitter:data2\" content=\"3 minutes\" \/>\n<script type=\"application\/ld+json\" class=\"yoast-schema-graph\">{\"@context\":\"https:\/\/schema.org\",\"@graph\":[{\"@type\":\"Article\",\"@id\":\"https:\/\/footdavant.fr\/actualites\/manchester-united-chelsea-le-paris-saint-germain-a-la-bataille-pour-mike-maignan\/#article\",\"isPartOf\":{\"@id\":\"https:\/\/footdavant.fr\/actualites\/manchester-united-chelsea-le-paris-saint-germain-a-la-bataille-pour-mike-maignan\/\"},\"author\":{\"name\":\"Cl\u00e9ment\",\"@id\":\"https:\/\/footdavant.fr\/actualites\/#\/schema\/person\/bc222566d95871b37e597b3ed3ba5e1d\"},\"headline\":\"Manchester United, Chelsea, le Paris Saint-Germain \u00e0 la bataille pour Mike Maignan ?\",\"datePublished\":\"2023-12-07T09:48:03+00:00\",\"dateModified\":\"2023-12-07T09:48:04+00:00\",\"mainEntityOfPage\":{\"@id\":\"https:\/\/footdavant.fr\/actualites\/manchester-united-chelsea-le-paris-saint-germain-a-la-bataille-pour-mike-maignan\/\"},\"wordCount\":514,\"publisher\":{\"@id\":\"https:\/\/footdavant.fr\/actualites\/#organization\"},\"keywords\":[\"bataille\",\"Chelsea\",\"Maignan\",\"Manchester\",\"Mike\",\"paris\",\"pour\",\"SaintGermain\",\"United\"],\"articleSection\":[\"Premier League\"],\"inLanguage\":\"fr-FR\"},{\"@type\":\"WebPage\",\"@id\":\"https:\/\/footdavant.fr\/actualites\/manchester-united-chelsea-le-paris-saint-germain-a-la-bataille-pour-mike-maignan\/\",\"url\":\"https:\/\/footdavant.fr\/actualites\/manchester-united-chelsea-le-paris-saint-germain-a-la-bataille-pour-mike-maignan\/\",\"name\":\"Manchester United, Chelsea, le Paris Saint-Germain \u00e0 la bataille pour Mike Maignan ?\",\"isPartOf\":{\"@id\":\"https:\/\/footdavant.fr\/actualites\/#website\"},\"datePublished\":\"2023-12-07T09:48:03+00:00\",\"dateModified\":\"2023-12-07T09:48:04+00:00\",\"breadcrumb\":{\"@id\":\"https:\/\/footdavant.fr\/actualites\/manchester-united-chelsea-le-paris-saint-germain-a-la-bataille-pour-mike-maignan\/#breadcrumb\"},\"inLanguage\":\"fr-FR\",\"potentialAction\":[{\"@type\":\"ReadAction\",\"target\":[\"https:\/\/footdavant.fr\/actualites\/manchester-united-chelsea-le-paris-saint-germain-a-la-bataille-pour-mike-maignan\/\"]}]},{\"@type\":\"BreadcrumbList\",\"@id\":\"https:\/\/footdavant.fr\/actualites\/manchester-united-chelsea-le-paris-saint-germain-a-la-bataille-pour-mike-maignan\/#breadcrumb\",\"itemListElement\":[{\"@type\":\"ListItem\",\"position\":1,\"name\":\"Accueil\",\"item\":\"https:\/\/footdavant.fr\/actualites\/\"},{\"@type\":\"ListItem\",\"position\":2,\"name\":\"Manchester United, Chelsea, le Paris Saint-Germain \u00e0 la bataille pour Mike Maignan ?\"}]},{\"@type\":\"WebSite\",\"@id\":\"https:\/\/footdavant.fr\/actualites\/#website\",\"url\":\"https:\/\/footdavant.fr\/actualites\/\",\"name\":\"Foot d'avant\",\"description\":\"\",\"publisher\":{\"@id\":\"https:\/\/footdavant.fr\/actualites\/#organization\"},\"potentialAction\":[{\"@type\":\"SearchAction\",\"target\":{\"@type\":\"EntryPoint\",\"urlTemplate\":\"https:\/\/footdavant.fr\/actualites\/?s={search_term_string}\"},\"query-input\":\"required name=search_term_string\"}],\"inLanguage\":\"fr-FR\"},{\"@type\":\"Organization\",\"@id\":\"https:\/\/footdavant.fr\/actualites\/#organization\",\"name\":\"Foot d'avant\",\"url\":\"https:\/\/footdavant.fr\/actualites\/\",\"logo\":{\"@type\":\"ImageObject\",\"inLanguage\":\"fr-FR\",\"@id\":\"https:\/\/footdavant.fr\/actualites\/#\/schema\/logo\/image\/\",\"url\":\"https:\/\/footdavant.fr\/actualites\/wp-content\/uploads\/2023\/09\/Copy-of-FootDavant-Logo.png\",\"contentUrl\":\"https:\/\/footdavant.fr\/actualites\/wp-content\/uploads\/2023\/09\/Copy-of-FootDavant-Logo.png\",\"width\":936,\"height\":549,\"caption\":\"Foot d'avant\"},\"image\":{\"@id\":\"https:\/\/footdavant.fr\/actualites\/#\/schema\/logo\/image\/\"},\"sameAs\":[\"https:\/\/www.facebook.com\/Footdavant\/\",\"https:\/\/twitter.com\/FootdavantFr\",\"https:\/\/www.instagram.com\/footdavant.fr\/\"]},{\"@type\":\"Person\",\"@id\":\"https:\/\/footdavant.fr\/actualites\/#\/schema\/person\/bc222566d95871b37e597b3ed3ba5e1d\",\"name\":\"Cl\u00e9ment\",\"image\":{\"@type\":\"ImageObject\",\"inLanguage\":\"fr-FR\",\"@id\":\"https:\/\/footdavant.fr\/actualites\/#\/schema\/person\/image\/\",\"url\":\"https:\/\/secure.gravatar.com\/avatar\/7728b29aac2719421e1a9159b2254c44?s=96&d=mm&r=g\",\"contentUrl\":\"https:\/\/secure.gravatar.com\/avatar\/7728b29aac2719421e1a9159b2254c44?s=96&d=mm&r=g\",\"caption\":\"Cl\u00e9ment\"},\"sameAs\":[\"https:\/\/footdavant.fr\/\"]}]}<\/script>\n<!-- \/ Yoast SEO plugin. -->","yoast_head_json":{"title":"Manchester United, Chelsea, le Paris Saint-Germain \u00e0 la bataille pour Mike Maignan ?","robots":{"index":"index","follow":"follow","max-snippet":"max-snippet:-1","max-image-preview":"max-image-preview:large","max-video-preview":"max-video-preview:-1"},"canonical":"https:\/\/footdavant.fr\/actualites\/manchester-united-chelsea-le-paris-saint-germain-a-la-bataille-pour-mike-maignan\/","og_locale":"fr_FR","og_type":"article","og_title":"Manchester United, Chelsea, le Paris Saint-Germain \u00e0 la bataille pour Mike Maignan ?","og_description":"Le gardien de l&rsquo;AC Milan, Mike Maignan, susciterait l&rsquo;int\u00e9r\u00eat de Manchester United, Chelsea, le Paris Saint-Germain et le Real Madrid avant la fen\u00eatre de janvier.","og_url":"https:\/\/footdavant.fr\/actualites\/manchester-united-chelsea-le-paris-saint-germain-a-la-bataille-pour-mike-maignan\/","og_site_name":"Foot d&#039;avant","article_publisher":"https:\/\/www.facebook.com\/Footdavant\/","article_published_time":"2023-12-07T09:48:03+00:00","article_modified_time":"2023-12-07T09:48:04+00:00","og_image":[{"width":640,"height":480,"url":"https:\/\/footdavant.fr\/actualites\/wp-content\/uploads\/2023\/12\/Manchester-United-Chelsea-le-Paris-Saint-Germain-a-la-bataille-pour.jpg","type":"image\/jpeg"}],"author":"Cl\u00e9ment","twitter_card":"summary_large_image","twitter_creator":"@FootdavantFr","twitter_site":"@FootdavantFr","twitter_misc":{"\u00c9crit par":"Cl\u00e9ment","Dur\u00e9e de lecture estim\u00e9e":"3 minutes"},"schema":{"@context":"https:\/\/schema.org","@graph":[{"@type":"Article","@id":"https:\/\/footdavant.fr\/actualites\/manchester-united-chelsea-le-paris-saint-germain-a-la-bataille-pour-mike-maignan\/#article","isPartOf":{"@id":"https:\/\/footdavant.fr\/actualites\/manchester-united-chelsea-le-paris-saint-germain-a-la-bataille-pour-mike-maignan\/"},"author":{"name":"Cl\u00e9ment","@id":"https:\/\/footdavant.fr\/actualites\/#\/schema\/person\/bc222566d95871b37e597b3ed3ba5e1d"},"headline":"Manchester United, Chelsea, le Paris Saint-Germain \u00e0 la bataille pour Mike Maignan ?","datePublished":"2023-12-07T09:48:03+00:00","dateModified":"2023-12-07T09:48:04+00:00","mainEntityOfPage":{"@id":"https:\/\/footdavant.fr\/actualites\/manchester-united-chelsea-le-paris-saint-germain-a-la-bataille-pour-mike-maignan\/"},"wordCount":514,"publisher":{"@id":"https:\/\/footdavant.fr\/actualites\/#organization"},"keywords":["bataille","Chelsea","Maignan","Manchester","Mike","paris","pour","SaintGermain","United"],"articleSection":["Premier League"],"inLanguage":"fr-FR"},{"@type":"WebPage","@id":"https:\/\/footdavant.fr\/actualites\/manchester-united-chelsea-le-paris-saint-germain-a-la-bataille-pour-mike-maignan\/","url":"https:\/\/footdavant.fr\/actualites\/manchester-united-chelsea-le-paris-saint-germain-a-la-bataille-pour-mike-maignan\/","name":"Manchester United, Chelsea, le Paris Saint-Germain \u00e0 la bataille pour Mike Maignan ?","isPartOf":{"@id":"https:\/\/footdavant.fr\/actualites\/#website"},"datePublished":"2023-12-07T09:48:03+00:00","dateModified":"2023-12-07T09:48:04+00:00","breadcrumb":{"@id":"https:\/\/footdavant.fr\/actualites\/manchester-united-chelsea-le-paris-saint-germain-a-la-bataille-pour-mike-maignan\/#breadcrumb"},"inLanguage":"fr-FR","potentialAction":[{"@type":"ReadAction","target":["https:\/\/footdavant.fr\/actualites\/manchester-united-chelsea-le-paris-saint-germain-a-la-bataille-pour-mike-maignan\/"]}]},{"@type":"BreadcrumbList","@id":"https:\/\/footdavant.fr\/actualites\/manchester-united-chelsea-le-paris-saint-germain-a-la-bataille-pour-mike-maignan\/#breadcrumb","itemListElement":[{"@type":"ListItem","position":1,"name":"Accueil","item":"https:\/\/footdavant.fr\/actualites\/"},{"@type":"ListItem","position":2,"name":"Manchester United, Chelsea, le Paris Saint-Germain \u00e0 la bataille pour Mike Maignan ?"}]},{"@type":"WebSite","@id":"https:\/\/footdavant.fr\/actualites\/#website","url":"https:\/\/footdavant.fr\/actualites\/","name":"Foot d'avant","description":"","publisher":{"@id":"https:\/\/footdavant.fr\/actualites\/#organization"},"potentialAction":[{"@type":"SearchAction","target":{"@type":"EntryPoint","urlTemplate":"https:\/\/footdavant.fr\/actualites\/?s={search_term_string}"},"query-input":"required name=search_term_string"}],"inLanguage":"fr-FR"},{"@type":"Organization","@id":"https:\/\/footdavant.fr\/actualites\/#organization","name":"Foot d'avant","url":"https:\/\/footdavant.fr\/actualites\/","logo":{"@type":"ImageObject","inLanguage":"fr-FR","@id":"https:\/\/footdavant.fr\/actualites\/#\/schema\/logo\/image\/","url":"https:\/\/footdavant.fr\/actualites\/wp-content\/uploads\/2023\/09\/Copy-of-FootDavant-Logo.png","contentUrl":"https:\/\/footdavant.fr\/actualites\/wp-content\/uploads\/2023\/09\/Copy-of-FootDavant-Logo.png","width":936,"height":549,"caption":"Foot d'avant"},"image":{"@id":"https:\/\/footdavant.fr\/actualites\/#\/schema\/logo\/image\/"},"sameAs":["https:\/\/www.facebook.com\/Footdavant\/","https:\/\/twitter.com\/FootdavantFr","https:\/\/www.instagram.com\/footdavant.fr\/"]},{"@type":"Person","@id":"https:\/\/footdavant.fr\/actualites\/#\/schema\/person\/bc222566d95871b37e597b3ed3ba5e1d","name":"Cl\u00e9ment","image":{"@type":"ImageObject","inLanguage":"fr-FR","@id":"https:\/\/footdavant.fr\/actualites\/#\/schema\/person\/image\/","url":"https:\/\/secure.gravatar.com\/avatar\/7728b29aac2719421e1a9159b2254c44?s=96&d=mm&r=g","contentUrl":"https:\/\/secure.gravatar.com\/avatar\/7728b29aac2719421e1a9159b2254c44?s=96&d=mm&r=g","caption":"Cl\u00e9ment"},"sameAs":["https:\/\/footdavant.fr\/"]}]}},"_links":{"self":[{"href":"https:\/\/footdavant.fr\/actualites\/wp-json\/wp\/v2\/posts\/2067"}],"collection":[{"href":"https:\/\/footdavant.fr\/actualites\/wp-json\/wp\/v2\/posts"}],"about":[{"href":"https:\/\/footdavant.fr\/actualites\/wp-json\/wp\/v2\/types\/post"}],"author":[{"embeddable":true,"href":"https:\/\/footdavant.fr\/actualites\/wp-json\/wp\/v2\/users\/1"}],"replies":[{"embeddable":true,"href":"https:\/\/footdavant.fr\/actualites\/wp-json\/wp\/v2\/comments?post=2067"}],"version-history":[{"count":1,"href":"https:\/\/footdavant.fr\/actualites\/wp-json\/wp\/v2\/posts\/2067\/revisions"}],"predecessor-version":[{"id":2069,"href":"https:\/\/footdavant.fr\/actualites\/wp-json\/wp\/v2\/posts\/2067\/revisions\/2069"}],"wp:featuredmedia":[{"embeddable":true,"href":"https:\/\/footdavant.fr\/actualites\/wp-json\/wp\/v2\/media\/2068"}],"wp:attachment":[{"href":"https:\/\/footdavant.fr\/actualites\/wp-json\/wp\/v2\/media?parent=2067"}],"wp:term":[{"taxonomy":"category","embeddable":true,"href":"https:\/\/footdavant.fr\/actualites\/wp-json\/wp\/v2\/categories?post=2067"},{"taxonomy":"post_tag","embeddable":true,"href":"https:\/\/footdavant.fr\/actualites\/wp-json\/wp\/v2\/tags?post=2067"}],"curies":[{"name":"wp","href":"https:\/\/api.w.org\/{rel}","templated":true}]}}