{"id":20774,"date":"2025-03-03T09:48:03","date_gmt":"2025-03-03T08:48:03","guid":{"rendered":"https:\/\/footdavant.fr\/actualites\/psv-eindhoven-lineup-contre-arsenal-predit-xi-pour-le-conflit-de-la-ligue-des-champions-alors-que-gunners-a-refuse-des-retrouvailles-dattaquants\/"},"modified":"2025-03-03T09:48:09","modified_gmt":"2025-03-03T08:48:09","slug":"psv-eindhoven-lineup-contre-arsenal-predit-xi-pour-le-conflit-de-la-ligue-des-champions-alors-que-gunners-a-refuse-des-retrouvailles-dattaquants","status":"publish","type":"post","link":"https:\/\/footdavant.fr\/actualites\/psv-eindhoven-lineup-contre-arsenal-predit-xi-pour-le-conflit-de-la-ligue-des-champions-alors-que-gunners-a-refuse-des-retrouvailles-dattaquants\/","title":{"rendered":"PSV Eindhoven Lineup contre Arsenal: Pr\u00e9dit XI pour le conflit de la Ligue des champions alors que Gunners a refus\u00e9 des retrouvailles d&#39;attaquants"},"content":{"rendered":"<p>Sports Mole jette un aper\u00e7u approfondi de la fa\u00e7on dont PSV Eindhoven pourrait s&#39;aligner pour la Ligue des champions mardi dernier-16 \u00e0 premi\u00e8re vue avec Arsenal.<\/p>\n<div id=\"article_body\" itemprop=\"articleBody\">\n<p class=\"firstPara\"><strong class=\"autotag\">PSV Eindhoven<\/strong> nouveau gar\u00e7on <strong class=\"autotag\">Lucas Perez<\/strong> se verra refuser une r\u00e9union avec l&#39;ancien club <strong class=\"autotag\">Arsenal<\/strong> Lorsque son \u00e9quipe accueille les artilleurs au Philips Stadion pour la premi\u00e8re \u00e9tape de leur <strong class=\"autotag\">Ligue des champions<\/strong> Derni\u00e8re 16 mardi.<\/p>\n<p>L&#39;attaquant espagnol v\u00e9t\u00e9ran a r\u00e9cemment rejoint les Giants d&#39;Eredivisie en tant qu&#39;agent libre, mais il n&#39;a pas \u00e9t\u00e9 inclus dans la liste des \u00e9quipes de la Ligue des champions du PSV, car les clubs n&#39;\u00e9taient autoris\u00e9s qu&#39;\u00e0 effectuer trois changements entre la ligue et les phases \u00e0 \u00e9limination directe.<\/p>\n<p>Alors que Perez regarde de loin, un autre avantage central <strong class=\"autotag\">Luuk de Jong<\/strong> Va diriger l&#39;accusation sur ce qui sera sa 50e apparition en Ligue des champions, un total que quatre anciens attaquants n\u00e9erlandais ont frapp\u00e9 (<strong class=\"autotag\">Robin van Persie<\/strong>, <strong class=\"autotag\">Ruud van Nistelrooy<\/strong>, <strong class=\"autotag\">Patrick Kluivert<\/strong> et <strong class=\"autotag\">Roy Makaay<\/strong>).<\/p>\n<p>De Jong sera sans aucun doute flanqu\u00e9 d&#39;un large duo passionnant <strong class=\"autotag\">Johan Bakayoko<\/strong> et <strong class=\"autotag\">Noa lang<\/strong>alors que <strong class=\"autotag\">Ismael Saibari<\/strong> devrait gagner sa t\u00eate \u00e0 t\u00eate avec <strong class=\"autotag\">Guus jusqu&#39;\u00e0<\/strong> Pour commencer dans la position num\u00e9ro 10.<\/p>\n<p>Saibari a occup\u00e9 un r\u00f4le plus profond dans le choc de samedi 3-2 Eredivisie pour aller dans les aigles, mais <strong class=\"autotag\">Peter Bosz<\/strong> devrait maintenant apporter <strong class=\"autotag\">Joey Veerman<\/strong> \u00e0 c\u00f4t\u00e9 <strong class=\"autotag\">Jerdy Schouten<\/strong> Pour une stabilit\u00e9 plus d\u00e9fensive.<\/p>\n<p>Comme arri\u00e8re gauche <strong class=\"autotag\">Mauro Junior<\/strong> est incertain en raison d&#39;une ecchymose osseuse, appartenant \u00e0 Manchester <strong class=\"autotag\">Tyrell Malacia<\/strong> liera probablement les armes avec <strong class=\"autotag\">Olivier Boscagli<\/strong>, <strong class=\"autotag\">Ryan Flamingo<\/strong> et <strong class=\"autotag\">Richard Ledezma<\/strong> avant <strong class=\"autotag\">Walter Benite<\/strong>.<\/p>\n<p><strong class=\"autotag\">Malik Tillman<\/strong> (jambe), <strong class=\"autotag\">Ricardo Pepi<\/strong> (genou) et ailier adolescent <strong class=\"autotag\">Esmir Bajraktarevic<\/strong> (non sp\u00e9cifi\u00e9) constituent un trio d&#39;absents li\u00e9s aux blessures pour les h\u00f4tes de mardi.<\/p>\n<p><strong>PSV Eindhoven Possible LIGNAGE POSSIBLE:<\/strong><br \/>Benitez; Lezma, Flamingo, Boscagli, Malacia; Veerman, Schouten; Bakayoko, Saibari, Lang; De Jong<\/p>\n<p><strong>> Cliquez ici pour voir comment Arsenal pourrait s&#39;aligner pour la premi\u00e8re \u00e9tape<\/strong><\/p>\n<div class=\"author_box\">\n<div class=\"author_box_banner\">\n<\/div>\n<\/div>\n<\/div>\n","protected":false},"excerpt":{"rendered":"<p>Sports Mole jette un aper\u00e7u approfondi de la fa\u00e7on dont PSV Eindhoven pourrait s&#39;aligner pour la Ligue des champions mardi dernier-16 \u00e0 premi\u00e8re vue avec<\/p>\n","protected":false},"author":1,"featured_media":20775,"comment_status":"closed","ping_status":"","sticky":false,"template":"","format":"standard","meta":{"footnotes":""},"categories":[4],"tags":[318,67,31,7805,20,6337,12,591,997,30,7770,51,3581,590,2110,2417],"yoast_head":"<!-- This site is optimized with the Yoast SEO plugin v21.0 - https:\/\/yoast.com\/wordpress\/plugins\/seo\/ -->\n<title>PSV Eindhoven Lineup contre Arsenal: Pr\u00e9dit XI pour le conflit de la Ligue des champions alors que Gunners a refus\u00e9 des retrouvailles d&#039;attaquants<\/title>\n<meta name=\"robots\" content=\"index, follow, max-snippet:-1, max-image-preview:large, max-video-preview:-1\" \/>\n<link rel=\"canonical\" href=\"https:\/\/footdavant.fr\/actualites\/psv-eindhoven-lineup-contre-arsenal-predit-xi-pour-le-conflit-de-la-ligue-des-champions-alors-que-gunners-a-refuse-des-retrouvailles-dattaquants\/\" \/>\n<meta property=\"og:locale\" content=\"fr_FR\" \/>\n<meta property=\"og:type\" content=\"article\" \/>\n<meta property=\"og:title\" content=\"PSV Eindhoven Lineup contre Arsenal: Pr\u00e9dit XI pour le conflit de la Ligue des champions alors que Gunners a refus\u00e9 des retrouvailles d&#039;attaquants\" \/>\n<meta property=\"og:description\" content=\"Sports Mole jette un aper\u00e7u approfondi de la fa\u00e7on dont PSV Eindhoven pourrait s&#039;aligner pour la Ligue des champions mardi dernier-16 \u00e0 premi\u00e8re vue avec\" \/>\n<meta property=\"og:url\" content=\"https:\/\/footdavant.fr\/actualites\/psv-eindhoven-lineup-contre-arsenal-predit-xi-pour-le-conflit-de-la-ligue-des-champions-alors-que-gunners-a-refuse-des-retrouvailles-dattaquants\/\" \/>\n<meta property=\"og:site_name\" content=\"Foot d&#039;avant\" \/>\n<meta property=\"article:publisher\" content=\"https:\/\/www.facebook.com\/Footdavant\/\" \/>\n<meta property=\"article:published_time\" content=\"2025-03-03T08:48:03+00:00\" \/>\n<meta property=\"article:modified_time\" content=\"2025-03-03T08:48:09+00:00\" \/>\n<meta property=\"og:image\" content=\"https:\/\/footdavant.fr\/actualites\/wp-content\/uploads\/2025\/03\/1740991688_PSV-Eindhoven-Lineup-contre-Arsenal-Predit-XI-pour-le-conflit.jpg\" \/>\n\t<meta property=\"og:image:width\" content=\"1280\" \/>\n\t<meta property=\"og:image:height\" content=\"960\" \/>\n\t<meta property=\"og:image:type\" content=\"image\/jpeg\" \/>\n<meta name=\"author\" content=\"Cl\u00e9ment\" \/>\n<meta name=\"twitter:card\" content=\"summary_large_image\" \/>\n<meta name=\"twitter:creator\" content=\"@FootdavantFr\" \/>\n<meta name=\"twitter:site\" content=\"@FootdavantFr\" \/>\n<meta name=\"twitter:label1\" content=\"\u00c9crit par\" \/>\n\t<meta name=\"twitter:data1\" content=\"Cl\u00e9ment\" \/>\n\t<meta name=\"twitter:label2\" content=\"Dur\u00e9e de lecture estim\u00e9e\" \/>\n\t<meta name=\"twitter:data2\" content=\"2 minutes\" \/>\n<script type=\"application\/ld+json\" class=\"yoast-schema-graph\">{\"@context\":\"https:\/\/schema.org\",\"@graph\":[{\"@type\":\"Article\",\"@id\":\"https:\/\/footdavant.fr\/actualites\/psv-eindhoven-lineup-contre-arsenal-predit-xi-pour-le-conflit-de-la-ligue-des-champions-alors-que-gunners-a-refuse-des-retrouvailles-dattaquants\/#article\",\"isPartOf\":{\"@id\":\"https:\/\/footdavant.fr\/actualites\/psv-eindhoven-lineup-contre-arsenal-predit-xi-pour-le-conflit-de-la-ligue-des-champions-alors-que-gunners-a-refuse-des-retrouvailles-dattaquants\/\"},\"author\":{\"name\":\"Cl\u00e9ment\",\"@id\":\"https:\/\/footdavant.fr\/actualites\/#\/schema\/person\/bc222566d95871b37e597b3ed3ba5e1d\"},\"headline\":\"PSV Eindhoven Lineup contre Arsenal: Pr\u00e9dit XI pour le conflit de la Ligue des champions alors que Gunners a refus\u00e9 des retrouvailles d&#39;attaquants\",\"datePublished\":\"2025-03-03T08:48:03+00:00\",\"dateModified\":\"2025-03-03T08:48:09+00:00\",\"mainEntityOfPage\":{\"@id\":\"https:\/\/footdavant.fr\/actualites\/psv-eindhoven-lineup-contre-arsenal-predit-xi-pour-le-conflit-de-la-ligue-des-champions-alors-que-gunners-a-refuse-des-retrouvailles-dattaquants\/\"},\"wordCount\":368,\"publisher\":{\"@id\":\"https:\/\/footdavant.fr\/actualites\/#organization\"},\"keywords\":[\"alors\",\"Arsenal\",\"champions\",\"conflit\",\"contre\",\"d39attaquants\",\"des\",\"Eindhoven\",\"Gunners\",\"Ligue\",\"Lineup\",\"pour\",\"pr\u00e9dit\",\"PSV\",\"refuse\",\"retrouvailles\"],\"articleSection\":[\"Champions League\"],\"inLanguage\":\"fr-FR\"},{\"@type\":\"WebPage\",\"@id\":\"https:\/\/footdavant.fr\/actualites\/psv-eindhoven-lineup-contre-arsenal-predit-xi-pour-le-conflit-de-la-ligue-des-champions-alors-que-gunners-a-refuse-des-retrouvailles-dattaquants\/\",\"url\":\"https:\/\/footdavant.fr\/actualites\/psv-eindhoven-lineup-contre-arsenal-predit-xi-pour-le-conflit-de-la-ligue-des-champions-alors-que-gunners-a-refuse-des-retrouvailles-dattaquants\/\",\"name\":\"PSV Eindhoven Lineup contre Arsenal: Pr\u00e9dit XI pour le conflit de la Ligue des champions alors que Gunners a refus\u00e9 des retrouvailles d&#39;attaquants\",\"isPartOf\":{\"@id\":\"https:\/\/footdavant.fr\/actualites\/#website\"},\"datePublished\":\"2025-03-03T08:48:03+00:00\",\"dateModified\":\"2025-03-03T08:48:09+00:00\",\"breadcrumb\":{\"@id\":\"https:\/\/footdavant.fr\/actualites\/psv-eindhoven-lineup-contre-arsenal-predit-xi-pour-le-conflit-de-la-ligue-des-champions-alors-que-gunners-a-refuse-des-retrouvailles-dattaquants\/#breadcrumb\"},\"inLanguage\":\"fr-FR\",\"potentialAction\":[{\"@type\":\"ReadAction\",\"target\":[\"https:\/\/footdavant.fr\/actualites\/psv-eindhoven-lineup-contre-arsenal-predit-xi-pour-le-conflit-de-la-ligue-des-champions-alors-que-gunners-a-refuse-des-retrouvailles-dattaquants\/\"]}]},{\"@type\":\"BreadcrumbList\",\"@id\":\"https:\/\/footdavant.fr\/actualites\/psv-eindhoven-lineup-contre-arsenal-predit-xi-pour-le-conflit-de-la-ligue-des-champions-alors-que-gunners-a-refuse-des-retrouvailles-dattaquants\/#breadcrumb\",\"itemListElement\":[{\"@type\":\"ListItem\",\"position\":1,\"name\":\"Accueil\",\"item\":\"https:\/\/footdavant.fr\/actualites\/\"},{\"@type\":\"ListItem\",\"position\":2,\"name\":\"PSV Eindhoven Lineup contre Arsenal: Pr\u00e9dit XI pour le conflit de la Ligue des champions alors que Gunners a refus\u00e9 des retrouvailles d&#39;attaquants\"}]},{\"@type\":\"WebSite\",\"@id\":\"https:\/\/footdavant.fr\/actualites\/#website\",\"url\":\"https:\/\/footdavant.fr\/actualites\/\",\"name\":\"Foot d'avant\",\"description\":\"\",\"publisher\":{\"@id\":\"https:\/\/footdavant.fr\/actualites\/#organization\"},\"potentialAction\":[{\"@type\":\"SearchAction\",\"target\":{\"@type\":\"EntryPoint\",\"urlTemplate\":\"https:\/\/footdavant.fr\/actualites\/?s={search_term_string}\"},\"query-input\":\"required name=search_term_string\"}],\"inLanguage\":\"fr-FR\"},{\"@type\":\"Organization\",\"@id\":\"https:\/\/footdavant.fr\/actualites\/#organization\",\"name\":\"Foot d'avant\",\"url\":\"https:\/\/footdavant.fr\/actualites\/\",\"logo\":{\"@type\":\"ImageObject\",\"inLanguage\":\"fr-FR\",\"@id\":\"https:\/\/footdavant.fr\/actualites\/#\/schema\/logo\/image\/\",\"url\":\"https:\/\/footdavant.fr\/actualites\/wp-content\/uploads\/2023\/09\/Copy-of-FootDavant-Logo.png\",\"contentUrl\":\"https:\/\/footdavant.fr\/actualites\/wp-content\/uploads\/2023\/09\/Copy-of-FootDavant-Logo.png\",\"width\":936,\"height\":549,\"caption\":\"Foot d'avant\"},\"image\":{\"@id\":\"https:\/\/footdavant.fr\/actualites\/#\/schema\/logo\/image\/\"},\"sameAs\":[\"https:\/\/www.facebook.com\/Footdavant\/\",\"https:\/\/twitter.com\/FootdavantFr\",\"https:\/\/www.instagram.com\/footdavant.fr\/\"]},{\"@type\":\"Person\",\"@id\":\"https:\/\/footdavant.fr\/actualites\/#\/schema\/person\/bc222566d95871b37e597b3ed3ba5e1d\",\"name\":\"Cl\u00e9ment\",\"image\":{\"@type\":\"ImageObject\",\"inLanguage\":\"fr-FR\",\"@id\":\"https:\/\/footdavant.fr\/actualites\/#\/schema\/person\/image\/\",\"url\":\"https:\/\/secure.gravatar.com\/avatar\/7728b29aac2719421e1a9159b2254c44?s=96&d=mm&r=g\",\"contentUrl\":\"https:\/\/secure.gravatar.com\/avatar\/7728b29aac2719421e1a9159b2254c44?s=96&d=mm&r=g\",\"caption\":\"Cl\u00e9ment\"},\"sameAs\":[\"https:\/\/footdavant.fr\/\"]}]}<\/script>\n<!-- \/ Yoast SEO plugin. -->","yoast_head_json":{"title":"PSV Eindhoven Lineup contre Arsenal: Pr\u00e9dit XI pour le conflit de la Ligue des champions alors que Gunners a refus\u00e9 des retrouvailles d&#39;attaquants","robots":{"index":"index","follow":"follow","max-snippet":"max-snippet:-1","max-image-preview":"max-image-preview:large","max-video-preview":"max-video-preview:-1"},"canonical":"https:\/\/footdavant.fr\/actualites\/psv-eindhoven-lineup-contre-arsenal-predit-xi-pour-le-conflit-de-la-ligue-des-champions-alors-que-gunners-a-refuse-des-retrouvailles-dattaquants\/","og_locale":"fr_FR","og_type":"article","og_title":"PSV Eindhoven Lineup contre Arsenal: Pr\u00e9dit XI pour le conflit de la Ligue des champions alors que Gunners a refus\u00e9 des retrouvailles d&#39;attaquants","og_description":"Sports Mole jette un aper\u00e7u approfondi de la fa\u00e7on dont PSV Eindhoven pourrait s&#39;aligner pour la Ligue des champions mardi dernier-16 \u00e0 premi\u00e8re vue avec","og_url":"https:\/\/footdavant.fr\/actualites\/psv-eindhoven-lineup-contre-arsenal-predit-xi-pour-le-conflit-de-la-ligue-des-champions-alors-que-gunners-a-refuse-des-retrouvailles-dattaquants\/","og_site_name":"Foot d&#039;avant","article_publisher":"https:\/\/www.facebook.com\/Footdavant\/","article_published_time":"2025-03-03T08:48:03+00:00","article_modified_time":"2025-03-03T08:48:09+00:00","og_image":[{"width":1280,"height":960,"url":"https:\/\/footdavant.fr\/actualites\/wp-content\/uploads\/2025\/03\/1740991688_PSV-Eindhoven-Lineup-contre-Arsenal-Predit-XI-pour-le-conflit.jpg","type":"image\/jpeg"}],"author":"Cl\u00e9ment","twitter_card":"summary_large_image","twitter_creator":"@FootdavantFr","twitter_site":"@FootdavantFr","twitter_misc":{"\u00c9crit par":"Cl\u00e9ment","Dur\u00e9e de lecture estim\u00e9e":"2 minutes"},"schema":{"@context":"https:\/\/schema.org","@graph":[{"@type":"Article","@id":"https:\/\/footdavant.fr\/actualites\/psv-eindhoven-lineup-contre-arsenal-predit-xi-pour-le-conflit-de-la-ligue-des-champions-alors-que-gunners-a-refuse-des-retrouvailles-dattaquants\/#article","isPartOf":{"@id":"https:\/\/footdavant.fr\/actualites\/psv-eindhoven-lineup-contre-arsenal-predit-xi-pour-le-conflit-de-la-ligue-des-champions-alors-que-gunners-a-refuse-des-retrouvailles-dattaquants\/"},"author":{"name":"Cl\u00e9ment","@id":"https:\/\/footdavant.fr\/actualites\/#\/schema\/person\/bc222566d95871b37e597b3ed3ba5e1d"},"headline":"PSV Eindhoven Lineup contre Arsenal: Pr\u00e9dit XI pour le conflit de la Ligue des champions alors que Gunners a refus\u00e9 des retrouvailles d&#39;attaquants","datePublished":"2025-03-03T08:48:03+00:00","dateModified":"2025-03-03T08:48:09+00:00","mainEntityOfPage":{"@id":"https:\/\/footdavant.fr\/actualites\/psv-eindhoven-lineup-contre-arsenal-predit-xi-pour-le-conflit-de-la-ligue-des-champions-alors-que-gunners-a-refuse-des-retrouvailles-dattaquants\/"},"wordCount":368,"publisher":{"@id":"https:\/\/footdavant.fr\/actualites\/#organization"},"keywords":["alors","Arsenal","champions","conflit","contre","d39attaquants","des","Eindhoven","Gunners","Ligue","Lineup","pour","pr\u00e9dit","PSV","refuse","retrouvailles"],"articleSection":["Champions League"],"inLanguage":"fr-FR"},{"@type":"WebPage","@id":"https:\/\/footdavant.fr\/actualites\/psv-eindhoven-lineup-contre-arsenal-predit-xi-pour-le-conflit-de-la-ligue-des-champions-alors-que-gunners-a-refuse-des-retrouvailles-dattaquants\/","url":"https:\/\/footdavant.fr\/actualites\/psv-eindhoven-lineup-contre-arsenal-predit-xi-pour-le-conflit-de-la-ligue-des-champions-alors-que-gunners-a-refuse-des-retrouvailles-dattaquants\/","name":"PSV Eindhoven Lineup contre Arsenal: Pr\u00e9dit XI pour le conflit de la Ligue des champions alors que Gunners a refus\u00e9 des retrouvailles d&#39;attaquants","isPartOf":{"@id":"https:\/\/footdavant.fr\/actualites\/#website"},"datePublished":"2025-03-03T08:48:03+00:00","dateModified":"2025-03-03T08:48:09+00:00","breadcrumb":{"@id":"https:\/\/footdavant.fr\/actualites\/psv-eindhoven-lineup-contre-arsenal-predit-xi-pour-le-conflit-de-la-ligue-des-champions-alors-que-gunners-a-refuse-des-retrouvailles-dattaquants\/#breadcrumb"},"inLanguage":"fr-FR","potentialAction":[{"@type":"ReadAction","target":["https:\/\/footdavant.fr\/actualites\/psv-eindhoven-lineup-contre-arsenal-predit-xi-pour-le-conflit-de-la-ligue-des-champions-alors-que-gunners-a-refuse-des-retrouvailles-dattaquants\/"]}]},{"@type":"BreadcrumbList","@id":"https:\/\/footdavant.fr\/actualites\/psv-eindhoven-lineup-contre-arsenal-predit-xi-pour-le-conflit-de-la-ligue-des-champions-alors-que-gunners-a-refuse-des-retrouvailles-dattaquants\/#breadcrumb","itemListElement":[{"@type":"ListItem","position":1,"name":"Accueil","item":"https:\/\/footdavant.fr\/actualites\/"},{"@type":"ListItem","position":2,"name":"PSV Eindhoven Lineup contre Arsenal: Pr\u00e9dit XI pour le conflit de la Ligue des champions alors que Gunners a refus\u00e9 des retrouvailles d&#39;attaquants"}]},{"@type":"WebSite","@id":"https:\/\/footdavant.fr\/actualites\/#website","url":"https:\/\/footdavant.fr\/actualites\/","name":"Foot d'avant","description":"","publisher":{"@id":"https:\/\/footdavant.fr\/actualites\/#organization"},"potentialAction":[{"@type":"SearchAction","target":{"@type":"EntryPoint","urlTemplate":"https:\/\/footdavant.fr\/actualites\/?s={search_term_string}"},"query-input":"required name=search_term_string"}],"inLanguage":"fr-FR"},{"@type":"Organization","@id":"https:\/\/footdavant.fr\/actualites\/#organization","name":"Foot d'avant","url":"https:\/\/footdavant.fr\/actualites\/","logo":{"@type":"ImageObject","inLanguage":"fr-FR","@id":"https:\/\/footdavant.fr\/actualites\/#\/schema\/logo\/image\/","url":"https:\/\/footdavant.fr\/actualites\/wp-content\/uploads\/2023\/09\/Copy-of-FootDavant-Logo.png","contentUrl":"https:\/\/footdavant.fr\/actualites\/wp-content\/uploads\/2023\/09\/Copy-of-FootDavant-Logo.png","width":936,"height":549,"caption":"Foot d'avant"},"image":{"@id":"https:\/\/footdavant.fr\/actualites\/#\/schema\/logo\/image\/"},"sameAs":["https:\/\/www.facebook.com\/Footdavant\/","https:\/\/twitter.com\/FootdavantFr","https:\/\/www.instagram.com\/footdavant.fr\/"]},{"@type":"Person","@id":"https:\/\/footdavant.fr\/actualites\/#\/schema\/person\/bc222566d95871b37e597b3ed3ba5e1d","name":"Cl\u00e9ment","image":{"@type":"ImageObject","inLanguage":"fr-FR","@id":"https:\/\/footdavant.fr\/actualites\/#\/schema\/person\/image\/","url":"https:\/\/secure.gravatar.com\/avatar\/7728b29aac2719421e1a9159b2254c44?s=96&d=mm&r=g","contentUrl":"https:\/\/secure.gravatar.com\/avatar\/7728b29aac2719421e1a9159b2254c44?s=96&d=mm&r=g","caption":"Cl\u00e9ment"},"sameAs":["https:\/\/footdavant.fr\/"]}]}},"_links":{"self":[{"href":"https:\/\/footdavant.fr\/actualites\/wp-json\/wp\/v2\/posts\/20774"}],"collection":[{"href":"https:\/\/footdavant.fr\/actualites\/wp-json\/wp\/v2\/posts"}],"about":[{"href":"https:\/\/footdavant.fr\/actualites\/wp-json\/wp\/v2\/types\/post"}],"author":[{"embeddable":true,"href":"https:\/\/footdavant.fr\/actualites\/wp-json\/wp\/v2\/users\/1"}],"replies":[{"embeddable":true,"href":"https:\/\/footdavant.fr\/actualites\/wp-json\/wp\/v2\/comments?post=20774"}],"version-history":[{"count":1,"href":"https:\/\/footdavant.fr\/actualites\/wp-json\/wp\/v2\/posts\/20774\/revisions"}],"predecessor-version":[{"id":20776,"href":"https:\/\/footdavant.fr\/actualites\/wp-json\/wp\/v2\/posts\/20774\/revisions\/20776"}],"wp:featuredmedia":[{"embeddable":true,"href":"https:\/\/footdavant.fr\/actualites\/wp-json\/wp\/v2\/media\/20775"}],"wp:attachment":[{"href":"https:\/\/footdavant.fr\/actualites\/wp-json\/wp\/v2\/media?parent=20774"}],"wp:term":[{"taxonomy":"category","embeddable":true,"href":"https:\/\/footdavant.fr\/actualites\/wp-json\/wp\/v2\/categories?post=20774"},{"taxonomy":"post_tag","embeddable":true,"href":"https:\/\/footdavant.fr\/actualites\/wp-json\/wp\/v2\/tags?post=20774"}],"curies":[{"name":"wp","href":"https:\/\/api.w.org\/{rel}","templated":true}]}}