{"id":20777,"date":"2025-03-03T12:48:28","date_gmt":"2025-03-03T11:48:28","guid":{"rendered":"https:\/\/footdavant.fr\/actualites\/abdul-carter-est-recupere-a-90-dune-blessure-a-lepaule-quil-a-subie-fin-decembre\/"},"modified":"2025-03-03T12:48:29","modified_gmt":"2025-03-03T11:48:29","slug":"abdul-carter-est-recupere-a-90-dune-blessure-a-lepaule-quil-a-subie-fin-decembre","status":"publish","type":"post","link":"https:\/\/footdavant.fr\/actualites\/abdul-carter-est-recupere-a-90-dune-blessure-a-lepaule-quil-a-subie-fin-decembre\/","title":{"rendered":"Abdul Carter est r\u00e9cup\u00e9r\u00e9 \u00e0 90% d&#39;une blessure \u00e0 l&#39;\u00e9paule qu&#39;il a subie fin d\u00e9cembre"},"content":{"rendered":"<div>\n<p>Contre Boise State dans les s\u00e9ries \u00e9liminatoires. Abdul Carter a subi une blessure \u00e0 l&#39;\u00e9paule. Selon ses m\u00e9decins, Carter est r\u00e9cup\u00e9r\u00e9 \u00e0 90% mais ne fonctionnera pas \u00e0 la moissonneuse-batteuse. Il attendra sa journ\u00e9e professionnelle fin mars.<\/p>\n<h2>Abdul Carter pourrait \u00eatre le choix n \u00b0 1 en avril<\/h2>\n<blockquote class=\"twitter-tweet\">\n<p dir=\"ltr\" lang=\"en\">Abdul Carter a d\u00e9clar\u00e9 aux journalistes aujourd&#39;hui qu&#39;il \u00e9tait r\u00e9cup\u00e9r\u00e9 \u00e0 90% et se r\u00e9unira vers sa journ\u00e9e professionnelle. En ce qui concerne le n \u00b0 1\u2026<\/p>\n<p>\u00ab\u00a0J&#39;ai l&#39;impression d&#39;\u00eatre le meilleur joueur du pays et le meilleur joueur devrait \u00eatre s\u00e9lectionn\u00e9 n \u00b0 1.\u00a0\u00bb https:\/\/t.co\/eunucbvfep<\/p>\n<p>&#8211; Ian Rapoport (@rapsheet) <a rel=\"nofollow\" href=\"https:\/\/twitter.com\/RapSheet\/status\/1894759643945083009?ref_src=twsrc%5Etfw\">26 f\u00e9vrier 2025<\/a><\/p>\n<\/blockquote>\n<p>Abdul Carter de Penn State \u00e9tait une recrue quatre \u00e9toiles sortant de l&#39;universit\u00e9. Au cours de ses trois saisons avec les Nittany Lions, Carter a fait son chemin pour \u00eatre nomm\u00e9 All-American. Carter \u00e9tait un joueur extr\u00eamement durable de son temps \u00e0 Penn State. Il n&#39;a jamais rat\u00e9 un match au cours de sa carri\u00e8re de trois ans. Cela inclut apr\u00e8s avoir bless\u00e9 l&#39;\u00e9paule contre l&#39;\u00c9tat de Boise.<\/p>\n<p>Abdul Carter \u00e9tait de retour pour son prochain match contre Notre Dame. Il a jou\u00e9 la blessure et a fait ce qu&#39;il pouvait pour l&#39;\u00e9quipe. Penn State a perdu en demi-finale nationale. Au cours de sa campagne en 2024, Carter a termin\u00e9 avec (12,0) sacs et une NCAA Division 1 leader (24,0) pour la perte. Le joueur de 21 ans est incontestablement le rusher n \u00b0 1 de la classe de cette ann\u00e9e.<\/p>\n<p>Les \u00e9claireurs de la NFL ont mentionn\u00e9 le nom de Carter pour le choix global n \u00b0 1 en avril. C&#39;est comme \u00e7a dominant d&#39;un joueur qu&#39;il \u00e9tait en 2024. Il sera en concurrence avec Travis Hunter, Cam Ward et Shedeur Sanders pour \u00eatre s\u00e9lectionn\u00e9 en premier. L&#39;analyste de longue date de l&#39;ESPN, l&#39;analyste de Mel Kiper Jr., le rep\u00eachage simul\u00e9 de Mec a Carter en tant que perspective Connesusn # 2. Abdul Carter ne fonctionnera pas au NFL Scouting Combine cette semaine. Au lieu de cela, il testera sa journ\u00e9e professionnelle le 28 mars.<\/p>\n<\/p><\/div>\n<p><script async src=\"https:\/\/platform.twitter.com\/widgets.js\" charset=\"utf-8\"><\/script><\/p>\n","protected":false},"excerpt":{"rendered":"<p>Contre Boise State dans les s\u00e9ries \u00e9liminatoires. Abdul Carter a subi une blessure \u00e0 l&#39;\u00e9paule. Selon ses m\u00e9decins, Carter est r\u00e9cup\u00e9r\u00e9 \u00e0 90% mais ne<\/p>\n","protected":false},"author":1,"featured_media":20778,"comment_status":"closed","ping_status":"","sticky":false,"template":"","format":"standard","meta":{"footnotes":""},"categories":[3],"tags":[8308,15,1106,4222,1526,217,596,4229,4290,8309,6530],"yoast_head":"<!-- This site is optimized with the Yoast SEO plugin v21.0 - https:\/\/yoast.com\/wordpress\/plugins\/seo\/ -->\n<title>Abdul Carter est r\u00e9cup\u00e9r\u00e9 \u00e0 90% d&#039;une blessure \u00e0 l&#039;\u00e9paule qu&#039;il a subie fin d\u00e9cembre<\/title>\n<meta name=\"robots\" content=\"index, follow, max-snippet:-1, max-image-preview:large, max-video-preview:-1\" \/>\n<link rel=\"canonical\" href=\"https:\/\/footdavant.fr\/actualites\/abdul-carter-est-recupere-a-90-dune-blessure-a-lepaule-quil-a-subie-fin-decembre\/\" \/>\n<meta property=\"og:locale\" content=\"fr_FR\" \/>\n<meta property=\"og:type\" content=\"article\" \/>\n<meta property=\"og:title\" content=\"Abdul Carter est r\u00e9cup\u00e9r\u00e9 \u00e0 90% d&#039;une blessure \u00e0 l&#039;\u00e9paule qu&#039;il a subie fin d\u00e9cembre\" \/>\n<meta property=\"og:description\" content=\"Contre Boise State dans les s\u00e9ries \u00e9liminatoires. Abdul Carter a subi une blessure \u00e0 l&#039;\u00e9paule. Selon ses m\u00e9decins, Carter est r\u00e9cup\u00e9r\u00e9 \u00e0 90% mais ne\" \/>\n<meta property=\"og:url\" content=\"https:\/\/footdavant.fr\/actualites\/abdul-carter-est-recupere-a-90-dune-blessure-a-lepaule-quil-a-subie-fin-decembre\/\" \/>\n<meta property=\"og:site_name\" content=\"Foot d&#039;avant\" \/>\n<meta property=\"article:publisher\" content=\"https:\/\/www.facebook.com\/Footdavant\/\" \/>\n<meta property=\"article:published_time\" content=\"2025-03-03T11:48:28+00:00\" \/>\n<meta property=\"article:modified_time\" content=\"2025-03-03T11:48:29+00:00\" \/>\n<meta property=\"og:image\" content=\"https:\/\/footdavant.fr\/actualites\/wp-content\/uploads\/2025\/03\/Abdul-Carter-est-recupere-a-90-d39une-blessure-a-l39epaule.jpg\" \/>\n\t<meta property=\"og:image:width\" content=\"696\" \/>\n\t<meta property=\"og:image:height\" content=\"464\" \/>\n\t<meta property=\"og:image:type\" content=\"image\/jpeg\" \/>\n<meta name=\"author\" content=\"Cl\u00e9ment\" \/>\n<meta name=\"twitter:card\" content=\"summary_large_image\" \/>\n<meta name=\"twitter:creator\" content=\"@FootdavantFr\" \/>\n<meta name=\"twitter:site\" content=\"@FootdavantFr\" \/>\n<meta name=\"twitter:label1\" content=\"\u00c9crit par\" \/>\n\t<meta name=\"twitter:data1\" content=\"Cl\u00e9ment\" \/>\n\t<meta name=\"twitter:label2\" content=\"Dur\u00e9e de lecture estim\u00e9e\" \/>\n\t<meta name=\"twitter:data2\" content=\"2 minutes\" \/>\n<script type=\"application\/ld+json\" class=\"yoast-schema-graph\">{\"@context\":\"https:\/\/schema.org\",\"@graph\":[{\"@type\":\"Article\",\"@id\":\"https:\/\/footdavant.fr\/actualites\/abdul-carter-est-recupere-a-90-dune-blessure-a-lepaule-quil-a-subie-fin-decembre\/#article\",\"isPartOf\":{\"@id\":\"https:\/\/footdavant.fr\/actualites\/abdul-carter-est-recupere-a-90-dune-blessure-a-lepaule-quil-a-subie-fin-decembre\/\"},\"author\":{\"name\":\"Cl\u00e9ment\",\"@id\":\"https:\/\/footdavant.fr\/actualites\/#\/schema\/person\/bc222566d95871b37e597b3ed3ba5e1d\"},\"headline\":\"Abdul Carter est r\u00e9cup\u00e9r\u00e9 \u00e0 90% d&#39;une blessure \u00e0 l&#39;\u00e9paule qu&#39;il a subie fin d\u00e9cembre\",\"datePublished\":\"2025-03-03T11:48:28+00:00\",\"dateModified\":\"2025-03-03T11:48:29+00:00\",\"mainEntityOfPage\":{\"@id\":\"https:\/\/footdavant.fr\/actualites\/abdul-carter-est-recupere-a-90-dune-blessure-a-lepaule-quil-a-subie-fin-decembre\/\"},\"wordCount\":367,\"publisher\":{\"@id\":\"https:\/\/footdavant.fr\/actualites\/#organization\"},\"keywords\":[\"Abdul\",\"Blessure\",\"Carter\",\"d39une\",\"d\u00e9cembre\",\"est\",\"fin\",\"l39\u00e9paule\",\"qu39il\",\"r\u00e9cup\u00e9r\u00e9\",\"subie\"],\"articleSection\":[\"Football\"],\"inLanguage\":\"fr-FR\"},{\"@type\":\"WebPage\",\"@id\":\"https:\/\/footdavant.fr\/actualites\/abdul-carter-est-recupere-a-90-dune-blessure-a-lepaule-quil-a-subie-fin-decembre\/\",\"url\":\"https:\/\/footdavant.fr\/actualites\/abdul-carter-est-recupere-a-90-dune-blessure-a-lepaule-quil-a-subie-fin-decembre\/\",\"name\":\"Abdul Carter est r\u00e9cup\u00e9r\u00e9 \u00e0 90% d&#39;une blessure \u00e0 l&#39;\u00e9paule qu&#39;il a subie fin d\u00e9cembre\",\"isPartOf\":{\"@id\":\"https:\/\/footdavant.fr\/actualites\/#website\"},\"datePublished\":\"2025-03-03T11:48:28+00:00\",\"dateModified\":\"2025-03-03T11:48:29+00:00\",\"breadcrumb\":{\"@id\":\"https:\/\/footdavant.fr\/actualites\/abdul-carter-est-recupere-a-90-dune-blessure-a-lepaule-quil-a-subie-fin-decembre\/#breadcrumb\"},\"inLanguage\":\"fr-FR\",\"potentialAction\":[{\"@type\":\"ReadAction\",\"target\":[\"https:\/\/footdavant.fr\/actualites\/abdul-carter-est-recupere-a-90-dune-blessure-a-lepaule-quil-a-subie-fin-decembre\/\"]}]},{\"@type\":\"BreadcrumbList\",\"@id\":\"https:\/\/footdavant.fr\/actualites\/abdul-carter-est-recupere-a-90-dune-blessure-a-lepaule-quil-a-subie-fin-decembre\/#breadcrumb\",\"itemListElement\":[{\"@type\":\"ListItem\",\"position\":1,\"name\":\"Accueil\",\"item\":\"https:\/\/footdavant.fr\/actualites\/\"},{\"@type\":\"ListItem\",\"position\":2,\"name\":\"Abdul Carter est r\u00e9cup\u00e9r\u00e9 \u00e0 90% d&#39;une blessure \u00e0 l&#39;\u00e9paule qu&#39;il a subie fin d\u00e9cembre\"}]},{\"@type\":\"WebSite\",\"@id\":\"https:\/\/footdavant.fr\/actualites\/#website\",\"url\":\"https:\/\/footdavant.fr\/actualites\/\",\"name\":\"Foot d'avant\",\"description\":\"\",\"publisher\":{\"@id\":\"https:\/\/footdavant.fr\/actualites\/#organization\"},\"potentialAction\":[{\"@type\":\"SearchAction\",\"target\":{\"@type\":\"EntryPoint\",\"urlTemplate\":\"https:\/\/footdavant.fr\/actualites\/?s={search_term_string}\"},\"query-input\":\"required name=search_term_string\"}],\"inLanguage\":\"fr-FR\"},{\"@type\":\"Organization\",\"@id\":\"https:\/\/footdavant.fr\/actualites\/#organization\",\"name\":\"Foot d'avant\",\"url\":\"https:\/\/footdavant.fr\/actualites\/\",\"logo\":{\"@type\":\"ImageObject\",\"inLanguage\":\"fr-FR\",\"@id\":\"https:\/\/footdavant.fr\/actualites\/#\/schema\/logo\/image\/\",\"url\":\"https:\/\/footdavant.fr\/actualites\/wp-content\/uploads\/2023\/09\/Copy-of-FootDavant-Logo.png\",\"contentUrl\":\"https:\/\/footdavant.fr\/actualites\/wp-content\/uploads\/2023\/09\/Copy-of-FootDavant-Logo.png\",\"width\":936,\"height\":549,\"caption\":\"Foot d'avant\"},\"image\":{\"@id\":\"https:\/\/footdavant.fr\/actualites\/#\/schema\/logo\/image\/\"},\"sameAs\":[\"https:\/\/www.facebook.com\/Footdavant\/\",\"https:\/\/twitter.com\/FootdavantFr\",\"https:\/\/www.instagram.com\/footdavant.fr\/\"]},{\"@type\":\"Person\",\"@id\":\"https:\/\/footdavant.fr\/actualites\/#\/schema\/person\/bc222566d95871b37e597b3ed3ba5e1d\",\"name\":\"Cl\u00e9ment\",\"image\":{\"@type\":\"ImageObject\",\"inLanguage\":\"fr-FR\",\"@id\":\"https:\/\/footdavant.fr\/actualites\/#\/schema\/person\/image\/\",\"url\":\"https:\/\/secure.gravatar.com\/avatar\/7728b29aac2719421e1a9159b2254c44?s=96&d=mm&r=g\",\"contentUrl\":\"https:\/\/secure.gravatar.com\/avatar\/7728b29aac2719421e1a9159b2254c44?s=96&d=mm&r=g\",\"caption\":\"Cl\u00e9ment\"},\"sameAs\":[\"https:\/\/footdavant.fr\/\"]}]}<\/script>\n<!-- \/ Yoast SEO plugin. -->","yoast_head_json":{"title":"Abdul Carter est r\u00e9cup\u00e9r\u00e9 \u00e0 90% d&#39;une blessure \u00e0 l&#39;\u00e9paule qu&#39;il a subie fin d\u00e9cembre","robots":{"index":"index","follow":"follow","max-snippet":"max-snippet:-1","max-image-preview":"max-image-preview:large","max-video-preview":"max-video-preview:-1"},"canonical":"https:\/\/footdavant.fr\/actualites\/abdul-carter-est-recupere-a-90-dune-blessure-a-lepaule-quil-a-subie-fin-decembre\/","og_locale":"fr_FR","og_type":"article","og_title":"Abdul Carter est r\u00e9cup\u00e9r\u00e9 \u00e0 90% d&#39;une blessure \u00e0 l&#39;\u00e9paule qu&#39;il a subie fin d\u00e9cembre","og_description":"Contre Boise State dans les s\u00e9ries \u00e9liminatoires. Abdul Carter a subi une blessure \u00e0 l&#39;\u00e9paule. Selon ses m\u00e9decins, Carter est r\u00e9cup\u00e9r\u00e9 \u00e0 90% mais ne","og_url":"https:\/\/footdavant.fr\/actualites\/abdul-carter-est-recupere-a-90-dune-blessure-a-lepaule-quil-a-subie-fin-decembre\/","og_site_name":"Foot d&#039;avant","article_publisher":"https:\/\/www.facebook.com\/Footdavant\/","article_published_time":"2025-03-03T11:48:28+00:00","article_modified_time":"2025-03-03T11:48:29+00:00","og_image":[{"width":696,"height":464,"url":"https:\/\/footdavant.fr\/actualites\/wp-content\/uploads\/2025\/03\/Abdul-Carter-est-recupere-a-90-d39une-blessure-a-l39epaule.jpg","type":"image\/jpeg"}],"author":"Cl\u00e9ment","twitter_card":"summary_large_image","twitter_creator":"@FootdavantFr","twitter_site":"@FootdavantFr","twitter_misc":{"\u00c9crit par":"Cl\u00e9ment","Dur\u00e9e de lecture estim\u00e9e":"2 minutes"},"schema":{"@context":"https:\/\/schema.org","@graph":[{"@type":"Article","@id":"https:\/\/footdavant.fr\/actualites\/abdul-carter-est-recupere-a-90-dune-blessure-a-lepaule-quil-a-subie-fin-decembre\/#article","isPartOf":{"@id":"https:\/\/footdavant.fr\/actualites\/abdul-carter-est-recupere-a-90-dune-blessure-a-lepaule-quil-a-subie-fin-decembre\/"},"author":{"name":"Cl\u00e9ment","@id":"https:\/\/footdavant.fr\/actualites\/#\/schema\/person\/bc222566d95871b37e597b3ed3ba5e1d"},"headline":"Abdul Carter est r\u00e9cup\u00e9r\u00e9 \u00e0 90% d&#39;une blessure \u00e0 l&#39;\u00e9paule qu&#39;il a subie fin d\u00e9cembre","datePublished":"2025-03-03T11:48:28+00:00","dateModified":"2025-03-03T11:48:29+00:00","mainEntityOfPage":{"@id":"https:\/\/footdavant.fr\/actualites\/abdul-carter-est-recupere-a-90-dune-blessure-a-lepaule-quil-a-subie-fin-decembre\/"},"wordCount":367,"publisher":{"@id":"https:\/\/footdavant.fr\/actualites\/#organization"},"keywords":["Abdul","Blessure","Carter","d39une","d\u00e9cembre","est","fin","l39\u00e9paule","qu39il","r\u00e9cup\u00e9r\u00e9","subie"],"articleSection":["Football"],"inLanguage":"fr-FR"},{"@type":"WebPage","@id":"https:\/\/footdavant.fr\/actualites\/abdul-carter-est-recupere-a-90-dune-blessure-a-lepaule-quil-a-subie-fin-decembre\/","url":"https:\/\/footdavant.fr\/actualites\/abdul-carter-est-recupere-a-90-dune-blessure-a-lepaule-quil-a-subie-fin-decembre\/","name":"Abdul Carter est r\u00e9cup\u00e9r\u00e9 \u00e0 90% d&#39;une blessure \u00e0 l&#39;\u00e9paule qu&#39;il a subie fin d\u00e9cembre","isPartOf":{"@id":"https:\/\/footdavant.fr\/actualites\/#website"},"datePublished":"2025-03-03T11:48:28+00:00","dateModified":"2025-03-03T11:48:29+00:00","breadcrumb":{"@id":"https:\/\/footdavant.fr\/actualites\/abdul-carter-est-recupere-a-90-dune-blessure-a-lepaule-quil-a-subie-fin-decembre\/#breadcrumb"},"inLanguage":"fr-FR","potentialAction":[{"@type":"ReadAction","target":["https:\/\/footdavant.fr\/actualites\/abdul-carter-est-recupere-a-90-dune-blessure-a-lepaule-quil-a-subie-fin-decembre\/"]}]},{"@type":"BreadcrumbList","@id":"https:\/\/footdavant.fr\/actualites\/abdul-carter-est-recupere-a-90-dune-blessure-a-lepaule-quil-a-subie-fin-decembre\/#breadcrumb","itemListElement":[{"@type":"ListItem","position":1,"name":"Accueil","item":"https:\/\/footdavant.fr\/actualites\/"},{"@type":"ListItem","position":2,"name":"Abdul Carter est r\u00e9cup\u00e9r\u00e9 \u00e0 90% d&#39;une blessure \u00e0 l&#39;\u00e9paule qu&#39;il a subie fin d\u00e9cembre"}]},{"@type":"WebSite","@id":"https:\/\/footdavant.fr\/actualites\/#website","url":"https:\/\/footdavant.fr\/actualites\/","name":"Foot d'avant","description":"","publisher":{"@id":"https:\/\/footdavant.fr\/actualites\/#organization"},"potentialAction":[{"@type":"SearchAction","target":{"@type":"EntryPoint","urlTemplate":"https:\/\/footdavant.fr\/actualites\/?s={search_term_string}"},"query-input":"required name=search_term_string"}],"inLanguage":"fr-FR"},{"@type":"Organization","@id":"https:\/\/footdavant.fr\/actualites\/#organization","name":"Foot d'avant","url":"https:\/\/footdavant.fr\/actualites\/","logo":{"@type":"ImageObject","inLanguage":"fr-FR","@id":"https:\/\/footdavant.fr\/actualites\/#\/schema\/logo\/image\/","url":"https:\/\/footdavant.fr\/actualites\/wp-content\/uploads\/2023\/09\/Copy-of-FootDavant-Logo.png","contentUrl":"https:\/\/footdavant.fr\/actualites\/wp-content\/uploads\/2023\/09\/Copy-of-FootDavant-Logo.png","width":936,"height":549,"caption":"Foot d'avant"},"image":{"@id":"https:\/\/footdavant.fr\/actualites\/#\/schema\/logo\/image\/"},"sameAs":["https:\/\/www.facebook.com\/Footdavant\/","https:\/\/twitter.com\/FootdavantFr","https:\/\/www.instagram.com\/footdavant.fr\/"]},{"@type":"Person","@id":"https:\/\/footdavant.fr\/actualites\/#\/schema\/person\/bc222566d95871b37e597b3ed3ba5e1d","name":"Cl\u00e9ment","image":{"@type":"ImageObject","inLanguage":"fr-FR","@id":"https:\/\/footdavant.fr\/actualites\/#\/schema\/person\/image\/","url":"https:\/\/secure.gravatar.com\/avatar\/7728b29aac2719421e1a9159b2254c44?s=96&d=mm&r=g","contentUrl":"https:\/\/secure.gravatar.com\/avatar\/7728b29aac2719421e1a9159b2254c44?s=96&d=mm&r=g","caption":"Cl\u00e9ment"},"sameAs":["https:\/\/footdavant.fr\/"]}]}},"_links":{"self":[{"href":"https:\/\/footdavant.fr\/actualites\/wp-json\/wp\/v2\/posts\/20777"}],"collection":[{"href":"https:\/\/footdavant.fr\/actualites\/wp-json\/wp\/v2\/posts"}],"about":[{"href":"https:\/\/footdavant.fr\/actualites\/wp-json\/wp\/v2\/types\/post"}],"author":[{"embeddable":true,"href":"https:\/\/footdavant.fr\/actualites\/wp-json\/wp\/v2\/users\/1"}],"replies":[{"embeddable":true,"href":"https:\/\/footdavant.fr\/actualites\/wp-json\/wp\/v2\/comments?post=20777"}],"version-history":[{"count":1,"href":"https:\/\/footdavant.fr\/actualites\/wp-json\/wp\/v2\/posts\/20777\/revisions"}],"predecessor-version":[{"id":20779,"href":"https:\/\/footdavant.fr\/actualites\/wp-json\/wp\/v2\/posts\/20777\/revisions\/20779"}],"wp:featuredmedia":[{"embeddable":true,"href":"https:\/\/footdavant.fr\/actualites\/wp-json\/wp\/v2\/media\/20778"}],"wp:attachment":[{"href":"https:\/\/footdavant.fr\/actualites\/wp-json\/wp\/v2\/media?parent=20777"}],"wp:term":[{"taxonomy":"category","embeddable":true,"href":"https:\/\/footdavant.fr\/actualites\/wp-json\/wp\/v2\/categories?post=20777"},{"taxonomy":"post_tag","embeddable":true,"href":"https:\/\/footdavant.fr\/actualites\/wp-json\/wp\/v2\/tags?post=20777"}],"curies":[{"name":"wp","href":"https:\/\/api.w.org\/{rel}","templated":true}]}}