{"id":20862,"date":"2025-03-05T05:48:28","date_gmt":"2025-03-05T04:48:28","guid":{"rendered":"https:\/\/footdavant.fr\/actualites\/actualites-de-lequipe-real-madrid-contre-atletico-madrid-blessure-liste-des-suspensions-predit-xis\/"},"modified":"2025-03-05T05:48:28","modified_gmt":"2025-03-05T04:48:28","slug":"actualites-de-lequipe-real-madrid-contre-atletico-madrid-blessure-liste-des-suspensions-predit-xis","status":"publish","type":"post","link":"https:\/\/footdavant.fr\/actualites\/actualites-de-lequipe-real-madrid-contre-atletico-madrid-blessure-liste-des-suspensions-predit-xis\/","title":{"rendered":"Actualit\u00e9s de l&#39;\u00e9quipe: REAL MADRID contre ATLETICO MADRID Blessure, Liste des suspensions, pr\u00e9dit XIS"},"content":{"rendered":"<p>Sports Mole rassemble toutes les derni\u00e8res nouvelles des blessures et des suspensions avant le conflit de la Ligue des champions de mardi entre le Real Madrid et l&#39;Atletico Madrid.<\/p>\n<div id=\"article_body\" itemprop=\"articleBody\">\n<p class=\"firstPara\">Une seconde <strong class=\"autotag\">Derby de Madrid<\/strong> En l&#39;espace d&#39;un mois, les gros titres mardi <strong class=\"autotag\">Ligue des champions<\/strong> Derni\u00e8res-16 premi\u00e8res jambes, comme <strong class=\"autotag\">Real Madrid<\/strong> et <strong class=\"autotag\">Atletico Madrid<\/strong> Renouveler les hostilit\u00e9s au Bernabeu.<\/p>\n<p><strong class=\"autotag\">Carlo Ancelotti<\/strong>Les hommes <strong>est venu Trumps dans une \u00e9galit\u00e9 des poids lourds avec Manchester City<\/strong> pour gagner une date avec leurs rivaux f\u00e9roces, qui se sont retrouv\u00e9s <strong>cinqui\u00e8me dans le tableau des phases de la ligue<\/strong>et ici <strong>Taupe de sport<\/strong> Arrondit les nouvelles de l&#39;\u00e9quipe pour les deux clubs.<\/p>\n<hr>\n<p class=\"imgI\">\n<h2>Real Madrid<\/h2>\n<p><strong>Dehors:<\/strong> <strong class=\"autotag\">Jude Bellingham<\/strong> (suspendu), <strong class=\"autotag\">Eder Militao<\/strong> (genou), <strong class=\"autotag\">Dani Carvajal<\/strong> (genou), <strong class=\"autotag\">Dani Ceballos<\/strong> (tendon), <strong class=\"autotag\">J\u00e9sus Vallejo<\/strong> (tendon)<\/p>\n<p><strong>Douteux:<\/strong> <strong class=\"autotag\">Federico Valverde<\/strong> (inconfort)<\/p>\n<p><strong>XI pr\u00e9dit de Sports Mole:<\/strong> Courtois; Valverde, Rudiger, Asencio, Mendy; Tchouameni, camavinga; Rodrygo, Diaz, Vinicius; Mbappe<\/p>\n<h2>Atletico Madrid<\/h2>\n<p><strong>Dehors:<\/strong> <strong class=\"autotag\">Koke<\/strong> (cuisse), <strong class=\"autotag\">Cesar azpilicueta<\/strong> (jambe)<\/p>\n<p><strong>Douteux:<\/strong> Aucun<\/p>\n<p><strong>XI pr\u00e9dit de Sports Mole:<\/strong> Oblak; Molina, Le Normand, Gimenez, Galan; Llorente, de Paul, Barrios, Lino; Griezmann, Alvarez<\/p>\n<hr>\n<p>Pour l&#39;analyse des donn\u00e9es des r\u00e9sultats les plus probables, les scores et plus encore pour cette correspondance <strong>Veuillez cliquer ici<\/strong>.<\/p>\n<div class=\"author_box\">\n<div class=\"author_box_banner\">\n<\/div>\n<\/div>\n<\/div>\n","protected":false},"excerpt":{"rendered":"<p>Sports Mole rassemble toutes les derni\u00e8res nouvelles des blessures et des suspensions avant le conflit de la Ligue des champions de mardi entre le Real<\/p>\n","protected":false},"author":1,"featured_media":20807,"comment_status":"closed","ping_status":"","sticky":false,"template":"","format":"standard","meta":{"footnotes":""},"categories":[4],"tags":[7,414,15,20,12,4219,17,303,3581,302,2177,7813],"yoast_head":"<!-- This site is optimized with the Yoast SEO plugin v21.0 - https:\/\/yoast.com\/wordpress\/plugins\/seo\/ -->\n<title>Actualit\u00e9s de l&#039;\u00e9quipe: REAL MADRID contre ATLETICO MADRID Blessure, Liste des suspensions, pr\u00e9dit XIS<\/title>\n<meta name=\"robots\" content=\"index, follow, max-snippet:-1, max-image-preview:large, max-video-preview:-1\" \/>\n<link rel=\"canonical\" href=\"https:\/\/footdavant.fr\/actualites\/actualites-de-lequipe-real-madrid-contre-atletico-madrid-blessure-liste-des-suspensions-predit-xis\/\" \/>\n<meta property=\"og:locale\" content=\"fr_FR\" \/>\n<meta property=\"og:type\" content=\"article\" \/>\n<meta property=\"og:title\" content=\"Actualit\u00e9s de l&#039;\u00e9quipe: REAL MADRID contre ATLETICO MADRID Blessure, Liste des suspensions, pr\u00e9dit XIS\" \/>\n<meta property=\"og:description\" content=\"Sports Mole rassemble toutes les derni\u00e8res nouvelles des blessures et des suspensions avant le conflit de la Ligue des champions de mardi entre le Real\" \/>\n<meta property=\"og:url\" content=\"https:\/\/footdavant.fr\/actualites\/actualites-de-lequipe-real-madrid-contre-atletico-madrid-blessure-liste-des-suspensions-predit-xis\/\" \/>\n<meta property=\"og:site_name\" content=\"Foot d&#039;avant\" \/>\n<meta property=\"article:publisher\" content=\"https:\/\/www.facebook.com\/Footdavant\/\" \/>\n<meta property=\"article:published_time\" content=\"2025-03-05T04:48:28+00:00\" \/>\n<meta property=\"og:image\" content=\"https:\/\/footdavant.fr\/actualites\/wp-content\/uploads\/2025\/03\/1741049287_La-programmation-du-Real-Madrid-contre-l39Atletico-Madrid-Xi-predit.jpg\" \/>\n\t<meta property=\"og:image:width\" content=\"1280\" \/>\n\t<meta property=\"og:image:height\" content=\"960\" \/>\n\t<meta property=\"og:image:type\" content=\"image\/jpeg\" \/>\n<meta name=\"author\" content=\"Cl\u00e9ment\" \/>\n<meta name=\"twitter:card\" content=\"summary_large_image\" \/>\n<meta name=\"twitter:creator\" content=\"@FootdavantFr\" \/>\n<meta name=\"twitter:site\" content=\"@FootdavantFr\" \/>\n<meta name=\"twitter:label1\" content=\"\u00c9crit par\" \/>\n\t<meta name=\"twitter:data1\" content=\"Cl\u00e9ment\" \/>\n\t<meta name=\"twitter:label2\" content=\"Dur\u00e9e de lecture estim\u00e9e\" \/>\n\t<meta name=\"twitter:data2\" content=\"1 minute\" \/>\n<script type=\"application\/ld+json\" class=\"yoast-schema-graph\">{\"@context\":\"https:\/\/schema.org\",\"@graph\":[{\"@type\":\"Article\",\"@id\":\"https:\/\/footdavant.fr\/actualites\/actualites-de-lequipe-real-madrid-contre-atletico-madrid-blessure-liste-des-suspensions-predit-xis\/#article\",\"isPartOf\":{\"@id\":\"https:\/\/footdavant.fr\/actualites\/actualites-de-lequipe-real-madrid-contre-atletico-madrid-blessure-liste-des-suspensions-predit-xis\/\"},\"author\":{\"name\":\"Cl\u00e9ment\",\"@id\":\"https:\/\/footdavant.fr\/actualites\/#\/schema\/person\/bc222566d95871b37e597b3ed3ba5e1d\"},\"headline\":\"Actualit\u00e9s de l&#39;\u00e9quipe: REAL MADRID contre ATLETICO MADRID Blessure, Liste des suspensions, pr\u00e9dit XIS\",\"datePublished\":\"2025-03-05T04:48:28+00:00\",\"dateModified\":\"2025-03-05T04:48:28+00:00\",\"mainEntityOfPage\":{\"@id\":\"https:\/\/footdavant.fr\/actualites\/actualites-de-lequipe-real-madrid-contre-atletico-madrid-blessure-liste-des-suspensions-predit-xis\/\"},\"wordCount\":228,\"publisher\":{\"@id\":\"https:\/\/footdavant.fr\/actualites\/#organization\"},\"keywords\":[\"Actualit\u00e9s\",\"Atletico\",\"Blessure\",\"contre\",\"des\",\"l39\u00e9quipe\",\"liste\",\"Madrid\",\"pr\u00e9dit\",\"Real\",\"suspensions\",\"XIS\"],\"articleSection\":[\"Champions League\"],\"inLanguage\":\"fr-FR\"},{\"@type\":\"WebPage\",\"@id\":\"https:\/\/footdavant.fr\/actualites\/actualites-de-lequipe-real-madrid-contre-atletico-madrid-blessure-liste-des-suspensions-predit-xis\/\",\"url\":\"https:\/\/footdavant.fr\/actualites\/actualites-de-lequipe-real-madrid-contre-atletico-madrid-blessure-liste-des-suspensions-predit-xis\/\",\"name\":\"Actualit\u00e9s de l&#39;\u00e9quipe: REAL MADRID contre ATLETICO MADRID Blessure, Liste des suspensions, pr\u00e9dit XIS\",\"isPartOf\":{\"@id\":\"https:\/\/footdavant.fr\/actualites\/#website\"},\"datePublished\":\"2025-03-05T04:48:28+00:00\",\"dateModified\":\"2025-03-05T04:48:28+00:00\",\"breadcrumb\":{\"@id\":\"https:\/\/footdavant.fr\/actualites\/actualites-de-lequipe-real-madrid-contre-atletico-madrid-blessure-liste-des-suspensions-predit-xis\/#breadcrumb\"},\"inLanguage\":\"fr-FR\",\"potentialAction\":[{\"@type\":\"ReadAction\",\"target\":[\"https:\/\/footdavant.fr\/actualites\/actualites-de-lequipe-real-madrid-contre-atletico-madrid-blessure-liste-des-suspensions-predit-xis\/\"]}]},{\"@type\":\"BreadcrumbList\",\"@id\":\"https:\/\/footdavant.fr\/actualites\/actualites-de-lequipe-real-madrid-contre-atletico-madrid-blessure-liste-des-suspensions-predit-xis\/#breadcrumb\",\"itemListElement\":[{\"@type\":\"ListItem\",\"position\":1,\"name\":\"Accueil\",\"item\":\"https:\/\/footdavant.fr\/actualites\/\"},{\"@type\":\"ListItem\",\"position\":2,\"name\":\"Actualit\u00e9s de l&#39;\u00e9quipe: REAL MADRID contre ATLETICO MADRID Blessure, Liste des suspensions, pr\u00e9dit XIS\"}]},{\"@type\":\"WebSite\",\"@id\":\"https:\/\/footdavant.fr\/actualites\/#website\",\"url\":\"https:\/\/footdavant.fr\/actualites\/\",\"name\":\"Foot d'avant\",\"description\":\"\",\"publisher\":{\"@id\":\"https:\/\/footdavant.fr\/actualites\/#organization\"},\"potentialAction\":[{\"@type\":\"SearchAction\",\"target\":{\"@type\":\"EntryPoint\",\"urlTemplate\":\"https:\/\/footdavant.fr\/actualites\/?s={search_term_string}\"},\"query-input\":\"required name=search_term_string\"}],\"inLanguage\":\"fr-FR\"},{\"@type\":\"Organization\",\"@id\":\"https:\/\/footdavant.fr\/actualites\/#organization\",\"name\":\"Foot d'avant\",\"url\":\"https:\/\/footdavant.fr\/actualites\/\",\"logo\":{\"@type\":\"ImageObject\",\"inLanguage\":\"fr-FR\",\"@id\":\"https:\/\/footdavant.fr\/actualites\/#\/schema\/logo\/image\/\",\"url\":\"https:\/\/footdavant.fr\/actualites\/wp-content\/uploads\/2023\/09\/Copy-of-FootDavant-Logo.png\",\"contentUrl\":\"https:\/\/footdavant.fr\/actualites\/wp-content\/uploads\/2023\/09\/Copy-of-FootDavant-Logo.png\",\"width\":936,\"height\":549,\"caption\":\"Foot d'avant\"},\"image\":{\"@id\":\"https:\/\/footdavant.fr\/actualites\/#\/schema\/logo\/image\/\"},\"sameAs\":[\"https:\/\/www.facebook.com\/Footdavant\/\",\"https:\/\/twitter.com\/FootdavantFr\",\"https:\/\/www.instagram.com\/footdavant.fr\/\"]},{\"@type\":\"Person\",\"@id\":\"https:\/\/footdavant.fr\/actualites\/#\/schema\/person\/bc222566d95871b37e597b3ed3ba5e1d\",\"name\":\"Cl\u00e9ment\",\"image\":{\"@type\":\"ImageObject\",\"inLanguage\":\"fr-FR\",\"@id\":\"https:\/\/footdavant.fr\/actualites\/#\/schema\/person\/image\/\",\"url\":\"https:\/\/secure.gravatar.com\/avatar\/7728b29aac2719421e1a9159b2254c44?s=96&d=mm&r=g\",\"contentUrl\":\"https:\/\/secure.gravatar.com\/avatar\/7728b29aac2719421e1a9159b2254c44?s=96&d=mm&r=g\",\"caption\":\"Cl\u00e9ment\"},\"sameAs\":[\"https:\/\/footdavant.fr\/\"]}]}<\/script>\n<!-- \/ Yoast SEO plugin. -->","yoast_head_json":{"title":"Actualit\u00e9s de l&#39;\u00e9quipe: REAL MADRID contre ATLETICO MADRID Blessure, Liste des suspensions, pr\u00e9dit XIS","robots":{"index":"index","follow":"follow","max-snippet":"max-snippet:-1","max-image-preview":"max-image-preview:large","max-video-preview":"max-video-preview:-1"},"canonical":"https:\/\/footdavant.fr\/actualites\/actualites-de-lequipe-real-madrid-contre-atletico-madrid-blessure-liste-des-suspensions-predit-xis\/","og_locale":"fr_FR","og_type":"article","og_title":"Actualit\u00e9s de l&#39;\u00e9quipe: REAL MADRID contre ATLETICO MADRID Blessure, Liste des suspensions, pr\u00e9dit XIS","og_description":"Sports Mole rassemble toutes les derni\u00e8res nouvelles des blessures et des suspensions avant le conflit de la Ligue des champions de mardi entre le Real","og_url":"https:\/\/footdavant.fr\/actualites\/actualites-de-lequipe-real-madrid-contre-atletico-madrid-blessure-liste-des-suspensions-predit-xis\/","og_site_name":"Foot d&#039;avant","article_publisher":"https:\/\/www.facebook.com\/Footdavant\/","article_published_time":"2025-03-05T04:48:28+00:00","og_image":[{"width":1280,"height":960,"url":"https:\/\/footdavant.fr\/actualites\/wp-content\/uploads\/2025\/03\/1741049287_La-programmation-du-Real-Madrid-contre-l39Atletico-Madrid-Xi-predit.jpg","type":"image\/jpeg"}],"author":"Cl\u00e9ment","twitter_card":"summary_large_image","twitter_creator":"@FootdavantFr","twitter_site":"@FootdavantFr","twitter_misc":{"\u00c9crit par":"Cl\u00e9ment","Dur\u00e9e de lecture estim\u00e9e":"1 minute"},"schema":{"@context":"https:\/\/schema.org","@graph":[{"@type":"Article","@id":"https:\/\/footdavant.fr\/actualites\/actualites-de-lequipe-real-madrid-contre-atletico-madrid-blessure-liste-des-suspensions-predit-xis\/#article","isPartOf":{"@id":"https:\/\/footdavant.fr\/actualites\/actualites-de-lequipe-real-madrid-contre-atletico-madrid-blessure-liste-des-suspensions-predit-xis\/"},"author":{"name":"Cl\u00e9ment","@id":"https:\/\/footdavant.fr\/actualites\/#\/schema\/person\/bc222566d95871b37e597b3ed3ba5e1d"},"headline":"Actualit\u00e9s de l&#39;\u00e9quipe: REAL MADRID contre ATLETICO MADRID Blessure, Liste des suspensions, pr\u00e9dit XIS","datePublished":"2025-03-05T04:48:28+00:00","dateModified":"2025-03-05T04:48:28+00:00","mainEntityOfPage":{"@id":"https:\/\/footdavant.fr\/actualites\/actualites-de-lequipe-real-madrid-contre-atletico-madrid-blessure-liste-des-suspensions-predit-xis\/"},"wordCount":228,"publisher":{"@id":"https:\/\/footdavant.fr\/actualites\/#organization"},"keywords":["Actualit\u00e9s","Atletico","Blessure","contre","des","l39\u00e9quipe","liste","Madrid","pr\u00e9dit","Real","suspensions","XIS"],"articleSection":["Champions League"],"inLanguage":"fr-FR"},{"@type":"WebPage","@id":"https:\/\/footdavant.fr\/actualites\/actualites-de-lequipe-real-madrid-contre-atletico-madrid-blessure-liste-des-suspensions-predit-xis\/","url":"https:\/\/footdavant.fr\/actualites\/actualites-de-lequipe-real-madrid-contre-atletico-madrid-blessure-liste-des-suspensions-predit-xis\/","name":"Actualit\u00e9s de l&#39;\u00e9quipe: REAL MADRID contre ATLETICO MADRID Blessure, Liste des suspensions, pr\u00e9dit XIS","isPartOf":{"@id":"https:\/\/footdavant.fr\/actualites\/#website"},"datePublished":"2025-03-05T04:48:28+00:00","dateModified":"2025-03-05T04:48:28+00:00","breadcrumb":{"@id":"https:\/\/footdavant.fr\/actualites\/actualites-de-lequipe-real-madrid-contre-atletico-madrid-blessure-liste-des-suspensions-predit-xis\/#breadcrumb"},"inLanguage":"fr-FR","potentialAction":[{"@type":"ReadAction","target":["https:\/\/footdavant.fr\/actualites\/actualites-de-lequipe-real-madrid-contre-atletico-madrid-blessure-liste-des-suspensions-predit-xis\/"]}]},{"@type":"BreadcrumbList","@id":"https:\/\/footdavant.fr\/actualites\/actualites-de-lequipe-real-madrid-contre-atletico-madrid-blessure-liste-des-suspensions-predit-xis\/#breadcrumb","itemListElement":[{"@type":"ListItem","position":1,"name":"Accueil","item":"https:\/\/footdavant.fr\/actualites\/"},{"@type":"ListItem","position":2,"name":"Actualit\u00e9s de l&#39;\u00e9quipe: REAL MADRID contre ATLETICO MADRID Blessure, Liste des suspensions, pr\u00e9dit XIS"}]},{"@type":"WebSite","@id":"https:\/\/footdavant.fr\/actualites\/#website","url":"https:\/\/footdavant.fr\/actualites\/","name":"Foot d'avant","description":"","publisher":{"@id":"https:\/\/footdavant.fr\/actualites\/#organization"},"potentialAction":[{"@type":"SearchAction","target":{"@type":"EntryPoint","urlTemplate":"https:\/\/footdavant.fr\/actualites\/?s={search_term_string}"},"query-input":"required name=search_term_string"}],"inLanguage":"fr-FR"},{"@type":"Organization","@id":"https:\/\/footdavant.fr\/actualites\/#organization","name":"Foot d'avant","url":"https:\/\/footdavant.fr\/actualites\/","logo":{"@type":"ImageObject","inLanguage":"fr-FR","@id":"https:\/\/footdavant.fr\/actualites\/#\/schema\/logo\/image\/","url":"https:\/\/footdavant.fr\/actualites\/wp-content\/uploads\/2023\/09\/Copy-of-FootDavant-Logo.png","contentUrl":"https:\/\/footdavant.fr\/actualites\/wp-content\/uploads\/2023\/09\/Copy-of-FootDavant-Logo.png","width":936,"height":549,"caption":"Foot d'avant"},"image":{"@id":"https:\/\/footdavant.fr\/actualites\/#\/schema\/logo\/image\/"},"sameAs":["https:\/\/www.facebook.com\/Footdavant\/","https:\/\/twitter.com\/FootdavantFr","https:\/\/www.instagram.com\/footdavant.fr\/"]},{"@type":"Person","@id":"https:\/\/footdavant.fr\/actualites\/#\/schema\/person\/bc222566d95871b37e597b3ed3ba5e1d","name":"Cl\u00e9ment","image":{"@type":"ImageObject","inLanguage":"fr-FR","@id":"https:\/\/footdavant.fr\/actualites\/#\/schema\/person\/image\/","url":"https:\/\/secure.gravatar.com\/avatar\/7728b29aac2719421e1a9159b2254c44?s=96&d=mm&r=g","contentUrl":"https:\/\/secure.gravatar.com\/avatar\/7728b29aac2719421e1a9159b2254c44?s=96&d=mm&r=g","caption":"Cl\u00e9ment"},"sameAs":["https:\/\/footdavant.fr\/"]}]}},"_links":{"self":[{"href":"https:\/\/footdavant.fr\/actualites\/wp-json\/wp\/v2\/posts\/20862"}],"collection":[{"href":"https:\/\/footdavant.fr\/actualites\/wp-json\/wp\/v2\/posts"}],"about":[{"href":"https:\/\/footdavant.fr\/actualites\/wp-json\/wp\/v2\/types\/post"}],"author":[{"embeddable":true,"href":"https:\/\/footdavant.fr\/actualites\/wp-json\/wp\/v2\/users\/1"}],"replies":[{"embeddable":true,"href":"https:\/\/footdavant.fr\/actualites\/wp-json\/wp\/v2\/comments?post=20862"}],"version-history":[{"count":1,"href":"https:\/\/footdavant.fr\/actualites\/wp-json\/wp\/v2\/posts\/20862\/revisions"}],"predecessor-version":[{"id":20863,"href":"https:\/\/footdavant.fr\/actualites\/wp-json\/wp\/v2\/posts\/20862\/revisions\/20863"}],"wp:featuredmedia":[{"embeddable":true,"href":"https:\/\/footdavant.fr\/actualites\/wp-json\/wp\/v2\/media\/20807"}],"wp:attachment":[{"href":"https:\/\/footdavant.fr\/actualites\/wp-json\/wp\/v2\/media?parent=20862"}],"wp:term":[{"taxonomy":"category","embeddable":true,"href":"https:\/\/footdavant.fr\/actualites\/wp-json\/wp\/v2\/categories?post=20862"},{"taxonomy":"post_tag","embeddable":true,"href":"https:\/\/footdavant.fr\/actualites\/wp-json\/wp\/v2\/tags?post=20862"}],"curies":[{"name":"wp","href":"https:\/\/api.w.org\/{rel}","templated":true}]}}