{"id":20947,"date":"2025-03-06T21:48:19","date_gmt":"2025-03-06T20:48:19","guid":{"rendered":"https:\/\/footdavant.fr\/actualites\/apercu-bayern-munich-contre-bayer-leverkusen-prediction-nouvelles-dequipe-alignements\/"},"modified":"2025-03-06T21:48:20","modified_gmt":"2025-03-06T20:48:20","slug":"apercu-bayern-munich-contre-bayer-leverkusen-prediction-nouvelles-dequipe-alignements","status":"publish","type":"post","link":"https:\/\/footdavant.fr\/actualites\/apercu-bayern-munich-contre-bayer-leverkusen-prediction-nouvelles-dequipe-alignements\/","title":{"rendered":"Aper\u00e7u: Bayern Munich contre Bayer Leverkusen &#8211; Pr\u00e9diction, nouvelles d&#39;\u00e9quipe, alignements"},"content":{"rendered":"<p>Sports Mole pr\u00e9visualise le conflit de la Ligue des champions de mercredi entre le Bayern Munich et Bayer Leverkusen, y compris les pr\u00e9dictions, les nouvelles de l&#39;\u00e9quipe et les alignements possibles.<\/p>\n<div id=\"article_body\" itemprop=\"articleBody\">\n<p class=\"firstPara\"><strong class=\"autotag\">Bayern Munich<\/strong> et <strong class=\"autotag\">Bayer Leverkusen<\/strong>Les chemins de la sc\u00e8ne europ\u00e9ens se retrouveront sur la sc\u00e8ne europ\u00e9enne pour la premi\u00e8re fois lorsqu&#39;ils se r\u00e9percuter dans la premi\u00e8re \u00e9tape de leurs 16 derniers matchs allemands dans le <strong class=\"autotag\">Ligue des champions<\/strong> mercredi.<\/p>\n<p>Les deux parties se sont d\u00e9j\u00e0 rencontr\u00e9es \u00e0 trois reprises cette saison, avec Die Werkself restant invaincu, \u00e9liminant le Bayern du DFB-Pokal d\u00e9j\u00e0 ici \u00e0 l&#39;Allianz Arena.<\/p>\n<h2>Aper\u00e7u de correspondance<\/h2>\n<p class=\"imgI\">\n<p><strong class=\"autotag\">Vincent Kompany<\/strong>Le Bayern est sur la bonne voie pour <strong>Prenez le titre de Bundesliga<\/strong> Cette saison, assis \u00e0 huit points de Bayer, deuxi\u00e8me place, apr\u00e8s une impressionnante victoire 3-1 \u00e0 Stuttgart vendredi.<\/p>\n<p>Cela a \u00e9tendu la s\u00e9quence invaincue du Bayern \u00e0 neuf matchs toutes les comp\u00e9titions, mais cette course inclut le tirage nerveux qu&#39;ils ont r\u00e9cup\u00e9r\u00e9 <strong>\u00e0 la maison au Celtic<\/strong> Dans la deuxi\u00e8me \u00e9tape de la ronde des s\u00e9ries \u00e9liminatoires.<\/p>\n<p><strong class=\"autotag\">Alphonso Davies<\/strong>Le niveau de dernier niveau du dernier cap du Bayern a envoy\u00e9 un total gr\u00e2ce \u00e0 une victoire \u00e0 la premi\u00e8re jambe \u00e0 Glasgow, mais ils sauront qu&#39;ils doivent am\u00e9liorer cette performance s&#39;ils veulent maintenir leur brillant record de 16 derniers dans ce concours.<\/p>\n<p>Le Bayern n&#39;a perdu qu&#39;un de leurs 11 derniers jambes \u00e0 domicile, marquant 41 buts dans le processus, dont sept contre Red Bull Salzbourg et Shakhtar Donetsk, et cinq contre Arsenal et Besiktas.<\/p>\n<p>Leverkusen devrait cependant fournir un test beaucoup plus ster <strong class=\"autotag\">Xabi Alonso<\/strong>Les hommes dans le Pokal plus t\u00f4t cette saison, la Ligue des champions repr\u00e9sente la derni\u00e8re chance de Kompany pour le succ\u00e8s de la Coupe.<\/p>\n<p>Le Bayern a de tr\u00e8s bons souvenirs de leur dernier affrontement avec son compatriote d&#39;opposition allemande en Europe, car c&#39;\u00e9tait la finale de 2013 contre le Borussia Dortmund \u00e0 Wembley quand <strong class=\"autotag\">Arjen Robben<\/strong> a marqu\u00e9 le d\u00e9funt vainqueur.<\/p>\n<p>Leverkusen a \u00e9galement un solide dossier historique contre les clubs de leur propre pays en Europe, faisant sortir Werder Br\u00eame et Hambourg de la Coupe UEFA en 1988 et 2008.<\/p>\n<p class=\"imgI\">\n<p>Le manager Alonso devrait avoir confiance en Leverkusen en faisant trois de trois, car il n&#39;a pas encore perdu contre le Bayern en tant que directeur du club, avec le <strong>0-0 tirage<\/strong> \u00e0 la Bayarena le mois dernier, o\u00f9 Bayer a limit\u00e9 les Bavariens \u00e0 seulement deux tirs, prolongeant cette course \u00e0 six matchs.<\/p>\n<p>La forme sur la route en Europe a l\u00e9g\u00e8rement d\u00e9sert\u00e9 Leverkusen, car malgr\u00e9 son invaincu en 29 matchs \u00e0 l&#39;ext\u00e9rieur en Bundesliga, ils ont perdu leurs deux derniers dans cette comp\u00e9tition, \u00e0 Liverpool et dans ce fameux affrontement avec l&#39;Atletico Madrid.<\/p>\n<p>Les hommes d&#39;Alonso sont invaincus en huit, mais ont rat\u00e9 l&#39;occasion de combler l&#39;\u00e9cart sur le Bayern au niveau national avec ce tirage sans rel\u00e2che le mois dernier, donc ils concentreront tr\u00e8s probablement maintenant toute leur attention sur la Ligue des champions et le Pokal.<\/p>\n<p>Sachant qu&#39;ils ne feront pas face au Real Madrid, \u00e0 Liverpool ou au Paris Saint-Germain informe jusqu&#39;\u00e0 ce que la finale devrait offrir un espoir suppl\u00e9mentaire, mais il y a encore beaucoup d&#39;\u00e9quipes difficiles du c\u00f4t\u00e9 de Leverkusen du tirage, d&#39;abord le Bayern, et aussi Inter Milan et Barcelone.<\/p>\n<p>Formulaire de Ligue des champions du Bayern Munich:<\/p>\n<p>Formulaire du Bayern Munich (toutes les comp\u00e9titions):<\/p>\n<p>Bayer Leverkusen Champions League Form:<\/p>\n<p>Formulaire Bayer Leverkusen (toutes les comp\u00e9titions):<\/p>\n<h2>Nouvelles de l&#39;\u00e9quipe<\/h2>\n<p class=\"imgI\">\n<p>Le Bayern est plein d&#39;espoir <strong class=\"autotag\">Joshua Kimmich<\/strong> sera tous les deux aptes \u00e0 cet affrontement, apr\u00e8s \u00eatre retourn\u00e9 \u00e0 l&#39;entra\u00eenement l\u00e9ger pendant le week-end, et s&#39;engager dans un <strong>Nouveau contrat \u00e0 long terme<\/strong>qui a \u00e9t\u00e9 soumis \u00e0 l&#39;Allemagne au cours des derniers jours.<\/p>\n<p><strong class=\"autotag\">Eric Dier<\/strong> et <strong class=\"autotag\">Aleksandar Pavlovic<\/strong> Les deux ont manqu\u00e9 une formation d&#39;\u00e9quipe avec une maladie mineure dimanche, tandis que <strong class=\"autotag\">Jamal Musiala<\/strong>, <strong class=\"autotag\">Joao Palhinha<\/strong>Et le Sauveur contre le Celtic, Davies, \u00e9tait absent avec les coups mineurs, mais les cinq joueurs devraient \u00eatre bien pour jouer leur r\u00f4le.<\/p>\n<p><strong class=\"autotag\">Harry Kane<\/strong> est en forme et en licenciement, et aucun joueur n&#39;a contribu\u00e9 \u00e0 plus de buts en Ligue des champions que lui depuis le d\u00e9but de la saison derni\u00e8re &#8211; 20 (15 buts, cinq passes d\u00e9cisives).<\/p>\n<p><strong class=\"autotag\">Florian Wirtz<\/strong> Donne au capitaine d&#39;Angleterre une course pour son argent cette saison, mais lors de sa premi\u00e8re campagne UCL, avec six buts et une passe d\u00e9cisive dans la phase de la ligue, lui laissant seulement deux timides de <strong class=\"autotag\">Michael Ballack<\/strong>Le record du club de neuf implication de but dans une saison europ\u00e9enne &#8211; \u00e9tabli lorsqu&#39;ils ont atteint la finale en 2001-2002.<\/p>\n<p><strong class=\"autotag\">Piero Hincapie<\/strong> sera \u00e0 nouveau disponible apr\u00e8s avoir \u00e9t\u00e9 suspendu le week-end, mais son coll\u00e8gue d\u00e9fenseur <strong class=\"autotag\">Jeanuel B\u00e9locien<\/strong> Reste un absent \u00e0 long terme pour les visiteurs.<\/p>\n<p><strong class=\"autotag\">Martin Terrier<\/strong> est la seule autre pr\u00e9occupation des blessures \u00e0 l&#39;heure actuelle, mais avec une grande majeure partie de son \u00e9quipe \u00e0 sa disposition, Alonso est toujours all\u00e9 avec un XI tr\u00e8s fort le week-end, ne prenant aucune chance malgr\u00e9 ce match \u00e0 l&#39;horizon.<\/p>\n<p><strong>Bayern Munich.<\/strong><br \/>Neuer; Laimer, Kim, Upamecano, Davies; Palhinha, Goretzka; Olise, Musiala, Coman; Kane<\/p>\n<p><strong>Bayer Leverkusen Possible LIGNAGE DE D\u00c9MARRAGE:<\/strong><br \/>Hradecky; Mukiele, Tah, Hincapie; Frimpong, Aleix Garcia, Xhaka, Grimaldo; Tella, Schick, Wirtz<\/p>\n<p class=\"sm_center\">\n<h2 class=\"sm_center\">Nous disons: Bayern Munich 1-0 Bayer Leverkusen<\/h2>\n<p>Levverkusen d&#39;Alonso doit encore prouver qu&#39;ils sont prouv\u00e9s pour la grande occasion, apr\u00e8s avoir perdu la finale de la Ligue Europa de la saison derni\u00e8re, ainsi que des voyages \u00e0 Liverpool et en Atletico dans la phase de la ligue, et le Bayern \u00e0 domicile en Ligue des champions sont souvent imparables.<\/p>\n<p>La forme des hommes de Kompany a \u00e9t\u00e9 touch\u00e9e sur le continent, et six matchs se sont \u00e9coul\u00e9s sans victoire contre Die Werkself, mais ils seront toujours les favoris, et devraient prendre les devants en quelque sorte dans la jambe de retour de la semaine prochaine.<\/p>\n<p>Pour l&#39;analyse des donn\u00e9es des r\u00e9sultats les plus probables, les scores et plus encore pour cette correspondance <strong>Veuillez cliquer ici<\/strong>.<\/p>\n<div class=\"author_box\">\n<div class=\"author_box_banner\">\n<\/div>\n<\/div>\n<h2>Aper\u00e7u par e-mail<\/h2>\n<div>Cliquez ici pour obtenir <strong>Taupe de sport<\/strong>Email quotidien des aper\u00e7us et des pr\u00e9dictions pour chaque jeu majeur!<\/div>\n<p><\/div>\n","protected":false},"excerpt":{"rendered":"<p>Sports Mole pr\u00e9visualise le conflit de la Ligue des champions de mercredi entre le Bayern Munich et Bayer Leverkusen, y compris les pr\u00e9dictions, les nouvelles<\/p>\n","protected":false},"author":1,"featured_media":20304,"comment_status":"closed","ping_status":"","sticky":false,"template":"","format":"standard","meta":{"footnotes":""},"categories":[4],"tags":[7750,284,981,340,20,4628,982,341,461,3917],"yoast_head":"<!-- This site is optimized with the Yoast SEO plugin v21.0 - https:\/\/yoast.com\/wordpress\/plugins\/seo\/ -->\n<title>Aper\u00e7u: Bayern Munich contre Bayer Leverkusen - Pr\u00e9diction, nouvelles d&#039;\u00e9quipe, alignements<\/title>\n<meta name=\"robots\" content=\"index, follow, max-snippet:-1, max-image-preview:large, max-video-preview:-1\" \/>\n<link rel=\"canonical\" href=\"https:\/\/footdavant.fr\/actualites\/apercu-bayern-munich-contre-bayer-leverkusen-prediction-nouvelles-dequipe-alignements\/\" \/>\n<meta property=\"og:locale\" content=\"fr_FR\" \/>\n<meta property=\"og:type\" content=\"article\" \/>\n<meta property=\"og:title\" content=\"Aper\u00e7u: Bayern Munich contre Bayer Leverkusen - Pr\u00e9diction, nouvelles d&#039;\u00e9quipe, alignements\" \/>\n<meta property=\"og:description\" content=\"Sports Mole pr\u00e9visualise le conflit de la Ligue des champions de mercredi entre le Bayern Munich et Bayer Leverkusen, y compris les pr\u00e9dictions, les nouvelles\" \/>\n<meta property=\"og:url\" content=\"https:\/\/footdavant.fr\/actualites\/apercu-bayern-munich-contre-bayer-leverkusen-prediction-nouvelles-dequipe-alignements\/\" \/>\n<meta property=\"og:site_name\" content=\"Foot d&#039;avant\" \/>\n<meta property=\"article:publisher\" content=\"https:\/\/www.facebook.com\/Footdavant\/\" \/>\n<meta property=\"article:published_time\" content=\"2025-03-06T20:48:19+00:00\" \/>\n<meta property=\"article:modified_time\" content=\"2025-03-06T20:48:20+00:00\" \/>\n<meta property=\"og:image\" content=\"https:\/\/footdavant.fr\/actualites\/wp-content\/uploads\/2025\/02\/1739998086_Bayern-Munich-1-1-Celtic-Faits-saillants-homme-du-match-statistiques.jpg\" \/>\n\t<meta property=\"og:image:width\" content=\"1280\" \/>\n\t<meta property=\"og:image:height\" content=\"960\" \/>\n\t<meta property=\"og:image:type\" content=\"image\/jpeg\" \/>\n<meta name=\"author\" content=\"Cl\u00e9ment\" \/>\n<meta name=\"twitter:card\" content=\"summary_large_image\" \/>\n<meta name=\"twitter:creator\" content=\"@FootdavantFr\" \/>\n<meta name=\"twitter:site\" content=\"@FootdavantFr\" \/>\n<meta name=\"twitter:label1\" content=\"\u00c9crit par\" \/>\n\t<meta name=\"twitter:data1\" content=\"Cl\u00e9ment\" \/>\n\t<meta name=\"twitter:label2\" content=\"Dur\u00e9e de lecture estim\u00e9e\" \/>\n\t<meta name=\"twitter:data2\" content=\"5 minutes\" \/>\n<script type=\"application\/ld+json\" class=\"yoast-schema-graph\">{\"@context\":\"https:\/\/schema.org\",\"@graph\":[{\"@type\":\"Article\",\"@id\":\"https:\/\/footdavant.fr\/actualites\/apercu-bayern-munich-contre-bayer-leverkusen-prediction-nouvelles-dequipe-alignements\/#article\",\"isPartOf\":{\"@id\":\"https:\/\/footdavant.fr\/actualites\/apercu-bayern-munich-contre-bayer-leverkusen-prediction-nouvelles-dequipe-alignements\/\"},\"author\":{\"name\":\"Cl\u00e9ment\",\"@id\":\"https:\/\/footdavant.fr\/actualites\/#\/schema\/person\/bc222566d95871b37e597b3ed3ba5e1d\"},\"headline\":\"Aper\u00e7u: Bayern Munich contre Bayer Leverkusen &#8211; Pr\u00e9diction, nouvelles d&#39;\u00e9quipe, alignements\",\"datePublished\":\"2025-03-06T20:48:19+00:00\",\"dateModified\":\"2025-03-06T20:48:20+00:00\",\"mainEntityOfPage\":{\"@id\":\"https:\/\/footdavant.fr\/actualites\/apercu-bayern-munich-contre-bayer-leverkusen-prediction-nouvelles-dequipe-alignements\/\"},\"wordCount\":1082,\"publisher\":{\"@id\":\"https:\/\/footdavant.fr\/actualites\/#organization\"},\"keywords\":[\"alignements\",\"Aper\u00e7u\",\"Bayer\",\"Bayern\",\"contre\",\"d39\u00e9quipe\",\"Leverkusen\",\"Munich\",\"Nouvelles\",\"pr\u00e9diction\"],\"articleSection\":[\"Champions League\"],\"inLanguage\":\"fr-FR\"},{\"@type\":\"WebPage\",\"@id\":\"https:\/\/footdavant.fr\/actualites\/apercu-bayern-munich-contre-bayer-leverkusen-prediction-nouvelles-dequipe-alignements\/\",\"url\":\"https:\/\/footdavant.fr\/actualites\/apercu-bayern-munich-contre-bayer-leverkusen-prediction-nouvelles-dequipe-alignements\/\",\"name\":\"Aper\u00e7u: Bayern Munich contre Bayer Leverkusen - Pr\u00e9diction, nouvelles d&#39;\u00e9quipe, alignements\",\"isPartOf\":{\"@id\":\"https:\/\/footdavant.fr\/actualites\/#website\"},\"datePublished\":\"2025-03-06T20:48:19+00:00\",\"dateModified\":\"2025-03-06T20:48:20+00:00\",\"breadcrumb\":{\"@id\":\"https:\/\/footdavant.fr\/actualites\/apercu-bayern-munich-contre-bayer-leverkusen-prediction-nouvelles-dequipe-alignements\/#breadcrumb\"},\"inLanguage\":\"fr-FR\",\"potentialAction\":[{\"@type\":\"ReadAction\",\"target\":[\"https:\/\/footdavant.fr\/actualites\/apercu-bayern-munich-contre-bayer-leverkusen-prediction-nouvelles-dequipe-alignements\/\"]}]},{\"@type\":\"BreadcrumbList\",\"@id\":\"https:\/\/footdavant.fr\/actualites\/apercu-bayern-munich-contre-bayer-leverkusen-prediction-nouvelles-dequipe-alignements\/#breadcrumb\",\"itemListElement\":[{\"@type\":\"ListItem\",\"position\":1,\"name\":\"Accueil\",\"item\":\"https:\/\/footdavant.fr\/actualites\/\"},{\"@type\":\"ListItem\",\"position\":2,\"name\":\"Aper\u00e7u: Bayern Munich contre Bayer Leverkusen &#8211; Pr\u00e9diction, nouvelles d&#39;\u00e9quipe, alignements\"}]},{\"@type\":\"WebSite\",\"@id\":\"https:\/\/footdavant.fr\/actualites\/#website\",\"url\":\"https:\/\/footdavant.fr\/actualites\/\",\"name\":\"Foot d'avant\",\"description\":\"\",\"publisher\":{\"@id\":\"https:\/\/footdavant.fr\/actualites\/#organization\"},\"potentialAction\":[{\"@type\":\"SearchAction\",\"target\":{\"@type\":\"EntryPoint\",\"urlTemplate\":\"https:\/\/footdavant.fr\/actualites\/?s={search_term_string}\"},\"query-input\":\"required name=search_term_string\"}],\"inLanguage\":\"fr-FR\"},{\"@type\":\"Organization\",\"@id\":\"https:\/\/footdavant.fr\/actualites\/#organization\",\"name\":\"Foot d'avant\",\"url\":\"https:\/\/footdavant.fr\/actualites\/\",\"logo\":{\"@type\":\"ImageObject\",\"inLanguage\":\"fr-FR\",\"@id\":\"https:\/\/footdavant.fr\/actualites\/#\/schema\/logo\/image\/\",\"url\":\"https:\/\/footdavant.fr\/actualites\/wp-content\/uploads\/2023\/09\/Copy-of-FootDavant-Logo.png\",\"contentUrl\":\"https:\/\/footdavant.fr\/actualites\/wp-content\/uploads\/2023\/09\/Copy-of-FootDavant-Logo.png\",\"width\":936,\"height\":549,\"caption\":\"Foot d'avant\"},\"image\":{\"@id\":\"https:\/\/footdavant.fr\/actualites\/#\/schema\/logo\/image\/\"},\"sameAs\":[\"https:\/\/www.facebook.com\/Footdavant\/\",\"https:\/\/twitter.com\/FootdavantFr\",\"https:\/\/www.instagram.com\/footdavant.fr\/\"]},{\"@type\":\"Person\",\"@id\":\"https:\/\/footdavant.fr\/actualites\/#\/schema\/person\/bc222566d95871b37e597b3ed3ba5e1d\",\"name\":\"Cl\u00e9ment\",\"image\":{\"@type\":\"ImageObject\",\"inLanguage\":\"fr-FR\",\"@id\":\"https:\/\/footdavant.fr\/actualites\/#\/schema\/person\/image\/\",\"url\":\"https:\/\/secure.gravatar.com\/avatar\/7728b29aac2719421e1a9159b2254c44?s=96&d=mm&r=g\",\"contentUrl\":\"https:\/\/secure.gravatar.com\/avatar\/7728b29aac2719421e1a9159b2254c44?s=96&d=mm&r=g\",\"caption\":\"Cl\u00e9ment\"},\"sameAs\":[\"https:\/\/footdavant.fr\/\"]}]}<\/script>\n<!-- \/ Yoast SEO plugin. -->","yoast_head_json":{"title":"Aper\u00e7u: Bayern Munich contre Bayer Leverkusen - Pr\u00e9diction, nouvelles d&#39;\u00e9quipe, alignements","robots":{"index":"index","follow":"follow","max-snippet":"max-snippet:-1","max-image-preview":"max-image-preview:large","max-video-preview":"max-video-preview:-1"},"canonical":"https:\/\/footdavant.fr\/actualites\/apercu-bayern-munich-contre-bayer-leverkusen-prediction-nouvelles-dequipe-alignements\/","og_locale":"fr_FR","og_type":"article","og_title":"Aper\u00e7u: Bayern Munich contre Bayer Leverkusen - Pr\u00e9diction, nouvelles d&#39;\u00e9quipe, alignements","og_description":"Sports Mole pr\u00e9visualise le conflit de la Ligue des champions de mercredi entre le Bayern Munich et Bayer Leverkusen, y compris les pr\u00e9dictions, les nouvelles","og_url":"https:\/\/footdavant.fr\/actualites\/apercu-bayern-munich-contre-bayer-leverkusen-prediction-nouvelles-dequipe-alignements\/","og_site_name":"Foot d&#039;avant","article_publisher":"https:\/\/www.facebook.com\/Footdavant\/","article_published_time":"2025-03-06T20:48:19+00:00","article_modified_time":"2025-03-06T20:48:20+00:00","og_image":[{"width":1280,"height":960,"url":"https:\/\/footdavant.fr\/actualites\/wp-content\/uploads\/2025\/02\/1739998086_Bayern-Munich-1-1-Celtic-Faits-saillants-homme-du-match-statistiques.jpg","type":"image\/jpeg"}],"author":"Cl\u00e9ment","twitter_card":"summary_large_image","twitter_creator":"@FootdavantFr","twitter_site":"@FootdavantFr","twitter_misc":{"\u00c9crit par":"Cl\u00e9ment","Dur\u00e9e de lecture estim\u00e9e":"5 minutes"},"schema":{"@context":"https:\/\/schema.org","@graph":[{"@type":"Article","@id":"https:\/\/footdavant.fr\/actualites\/apercu-bayern-munich-contre-bayer-leverkusen-prediction-nouvelles-dequipe-alignements\/#article","isPartOf":{"@id":"https:\/\/footdavant.fr\/actualites\/apercu-bayern-munich-contre-bayer-leverkusen-prediction-nouvelles-dequipe-alignements\/"},"author":{"name":"Cl\u00e9ment","@id":"https:\/\/footdavant.fr\/actualites\/#\/schema\/person\/bc222566d95871b37e597b3ed3ba5e1d"},"headline":"Aper\u00e7u: Bayern Munich contre Bayer Leverkusen &#8211; Pr\u00e9diction, nouvelles d&#39;\u00e9quipe, alignements","datePublished":"2025-03-06T20:48:19+00:00","dateModified":"2025-03-06T20:48:20+00:00","mainEntityOfPage":{"@id":"https:\/\/footdavant.fr\/actualites\/apercu-bayern-munich-contre-bayer-leverkusen-prediction-nouvelles-dequipe-alignements\/"},"wordCount":1082,"publisher":{"@id":"https:\/\/footdavant.fr\/actualites\/#organization"},"keywords":["alignements","Aper\u00e7u","Bayer","Bayern","contre","d39\u00e9quipe","Leverkusen","Munich","Nouvelles","pr\u00e9diction"],"articleSection":["Champions League"],"inLanguage":"fr-FR"},{"@type":"WebPage","@id":"https:\/\/footdavant.fr\/actualites\/apercu-bayern-munich-contre-bayer-leverkusen-prediction-nouvelles-dequipe-alignements\/","url":"https:\/\/footdavant.fr\/actualites\/apercu-bayern-munich-contre-bayer-leverkusen-prediction-nouvelles-dequipe-alignements\/","name":"Aper\u00e7u: Bayern Munich contre Bayer Leverkusen - Pr\u00e9diction, nouvelles d&#39;\u00e9quipe, alignements","isPartOf":{"@id":"https:\/\/footdavant.fr\/actualites\/#website"},"datePublished":"2025-03-06T20:48:19+00:00","dateModified":"2025-03-06T20:48:20+00:00","breadcrumb":{"@id":"https:\/\/footdavant.fr\/actualites\/apercu-bayern-munich-contre-bayer-leverkusen-prediction-nouvelles-dequipe-alignements\/#breadcrumb"},"inLanguage":"fr-FR","potentialAction":[{"@type":"ReadAction","target":["https:\/\/footdavant.fr\/actualites\/apercu-bayern-munich-contre-bayer-leverkusen-prediction-nouvelles-dequipe-alignements\/"]}]},{"@type":"BreadcrumbList","@id":"https:\/\/footdavant.fr\/actualites\/apercu-bayern-munich-contre-bayer-leverkusen-prediction-nouvelles-dequipe-alignements\/#breadcrumb","itemListElement":[{"@type":"ListItem","position":1,"name":"Accueil","item":"https:\/\/footdavant.fr\/actualites\/"},{"@type":"ListItem","position":2,"name":"Aper\u00e7u: Bayern Munich contre Bayer Leverkusen &#8211; Pr\u00e9diction, nouvelles d&#39;\u00e9quipe, alignements"}]},{"@type":"WebSite","@id":"https:\/\/footdavant.fr\/actualites\/#website","url":"https:\/\/footdavant.fr\/actualites\/","name":"Foot d'avant","description":"","publisher":{"@id":"https:\/\/footdavant.fr\/actualites\/#organization"},"potentialAction":[{"@type":"SearchAction","target":{"@type":"EntryPoint","urlTemplate":"https:\/\/footdavant.fr\/actualites\/?s={search_term_string}"},"query-input":"required name=search_term_string"}],"inLanguage":"fr-FR"},{"@type":"Organization","@id":"https:\/\/footdavant.fr\/actualites\/#organization","name":"Foot d'avant","url":"https:\/\/footdavant.fr\/actualites\/","logo":{"@type":"ImageObject","inLanguage":"fr-FR","@id":"https:\/\/footdavant.fr\/actualites\/#\/schema\/logo\/image\/","url":"https:\/\/footdavant.fr\/actualites\/wp-content\/uploads\/2023\/09\/Copy-of-FootDavant-Logo.png","contentUrl":"https:\/\/footdavant.fr\/actualites\/wp-content\/uploads\/2023\/09\/Copy-of-FootDavant-Logo.png","width":936,"height":549,"caption":"Foot d'avant"},"image":{"@id":"https:\/\/footdavant.fr\/actualites\/#\/schema\/logo\/image\/"},"sameAs":["https:\/\/www.facebook.com\/Footdavant\/","https:\/\/twitter.com\/FootdavantFr","https:\/\/www.instagram.com\/footdavant.fr\/"]},{"@type":"Person","@id":"https:\/\/footdavant.fr\/actualites\/#\/schema\/person\/bc222566d95871b37e597b3ed3ba5e1d","name":"Cl\u00e9ment","image":{"@type":"ImageObject","inLanguage":"fr-FR","@id":"https:\/\/footdavant.fr\/actualites\/#\/schema\/person\/image\/","url":"https:\/\/secure.gravatar.com\/avatar\/7728b29aac2719421e1a9159b2254c44?s=96&d=mm&r=g","contentUrl":"https:\/\/secure.gravatar.com\/avatar\/7728b29aac2719421e1a9159b2254c44?s=96&d=mm&r=g","caption":"Cl\u00e9ment"},"sameAs":["https:\/\/footdavant.fr\/"]}]}},"_links":{"self":[{"href":"https:\/\/footdavant.fr\/actualites\/wp-json\/wp\/v2\/posts\/20947"}],"collection":[{"href":"https:\/\/footdavant.fr\/actualites\/wp-json\/wp\/v2\/posts"}],"about":[{"href":"https:\/\/footdavant.fr\/actualites\/wp-json\/wp\/v2\/types\/post"}],"author":[{"embeddable":true,"href":"https:\/\/footdavant.fr\/actualites\/wp-json\/wp\/v2\/users\/1"}],"replies":[{"embeddable":true,"href":"https:\/\/footdavant.fr\/actualites\/wp-json\/wp\/v2\/comments?post=20947"}],"version-history":[{"count":1,"href":"https:\/\/footdavant.fr\/actualites\/wp-json\/wp\/v2\/posts\/20947\/revisions"}],"predecessor-version":[{"id":20948,"href":"https:\/\/footdavant.fr\/actualites\/wp-json\/wp\/v2\/posts\/20947\/revisions\/20948"}],"wp:featuredmedia":[{"embeddable":true,"href":"https:\/\/footdavant.fr\/actualites\/wp-json\/wp\/v2\/media\/20304"}],"wp:attachment":[{"href":"https:\/\/footdavant.fr\/actualites\/wp-json\/wp\/v2\/media?parent=20947"}],"wp:term":[{"taxonomy":"category","embeddable":true,"href":"https:\/\/footdavant.fr\/actualites\/wp-json\/wp\/v2\/categories?post=20947"},{"taxonomy":"post_tag","embeddable":true,"href":"https:\/\/footdavant.fr\/actualites\/wp-json\/wp\/v2\/tags?post=20947"}],"curies":[{"name":"wp","href":"https:\/\/api.w.org\/{rel}","templated":true}]}}