{"id":20949,"date":"2025-03-06T22:48:07","date_gmt":"2025-03-06T21:48:07","guid":{"rendered":"https:\/\/footdavant.fr\/actualites\/actualites-de-lequipe-ruben-amorim-confirme-man-united-xi-pour-la-confrontation-de-la-fa-cup-avec-fulham-a-old-trafford\/"},"modified":"2025-03-06T22:48:08","modified_gmt":"2025-03-06T21:48:08","slug":"actualites-de-lequipe-ruben-amorim-confirme-man-united-xi-pour-la-confrontation-de-la-fa-cup-avec-fulham-a-old-trafford","status":"publish","type":"post","link":"https:\/\/footdavant.fr\/actualites\/actualites-de-lequipe-ruben-amorim-confirme-man-united-xi-pour-la-confrontation-de-la-fa-cup-avec-fulham-a-old-trafford\/","title":{"rendered":"Actualit\u00e9s de l&#39;\u00e9quipe: Ruben Amorim confirme Man United Xi pour la confrontation de la FA Cup avec Fulham \u00e0 Old Trafford"},"content":{"rendered":"<p>L&#39;entra\u00eeneur-chef de Manchester United, Ruben Amorim, confirme son \u00e9quipe de d\u00e9part pour le concours de cinqui\u00e8me ronde de la FA Cup dimanche avec Fulham \u00e0 Old Trafford.<\/p>\n<div id=\"article_body\" itemprop=\"articleBody\">\n<p class=\"firstPara\"><strong class=\"autotag\">Manchester United<\/strong> entra\u00eeneur-chef <strong class=\"autotag\">Ruben Amorim<\/strong> a confirm\u00e9 son c\u00f4t\u00e9 de d\u00e9part pour dimanche <strong class=\"autotag\">FA Cup<\/strong> Concours de cinqui\u00e8me ronde avec <strong class=\"autotag\">Fulham<\/strong> \u00e0 Old Trafford.<\/p>\n<p>Amorim a apport\u00e9 deux modifications \u00e0 l&#39;\u00e9quipe qui a commenc\u00e9 contre Ipswich Town en Premier League mercredi soir, avec <strong class=\"autotag\">Doussair mazraoui<\/strong> venir pour le suspendu <strong class=\"autotag\">Patrick Dorgu<\/strong>alors que <strong class=\"autotag\">Christian Eriksen<\/strong> remplace <strong class=\"autotag\">Alejandro Garnacho<\/strong>alors que l&#39;international argentin a frapp\u00e9 le dernier match de l&#39;\u00e9quipe.<\/p>\n<p>Les probl\u00e8mes de blessures de Man United sont d\u00e9montr\u00e9s par le fait que seuls sept substituts ont \u00e9t\u00e9 nomm\u00e9s, dont deux gardiens de but de l&#39;Acad\u00e9mie, tandis qu&#39;il y a une autre place dans l&#39;\u00e9quipe pour l&#39;avant de 17 ans <strong class=\"autotag\">Chido Obi<\/strong>.<\/p>\n<p>Quant \u00e0 Fulham, <strong class=\"autotag\">Alex Iwobi<\/strong>, <strong class=\"autotag\">Antonee Robinson<\/strong> et <strong class=\"autotag\">Calvin Bassey<\/strong> ont \u00e9t\u00e9 introduits dans l&#39;\u00e9quipe apr\u00e8s le succ\u00e8s de l&#39;\u00e9quipe 2-1 contre Wolverhampton Wanderers en Premier League.<\/p>\n<p><strong class=\"autotag\">Rodrigo Muniz<\/strong> dirigera la ligne, avec <strong class=\"autotag\">Raul Jimenez<\/strong> De nouveau nomm\u00e9 sur le banc, alors qu&#39;il y a un d\u00e9but d&#39;attaque pour l&#39;ancien meneur de jeu de Manchester United <strong class=\"autotag\">Andreas Pereira<\/strong>.<\/p>\n<p><strong>Manchester United:<\/strong> Onana; De Ligt, Maguire, Yoro; Mazraoui, Eriksen, Ugarte, Dalot; Fernandes, Hojlund, Zirkzee<br \/>Subs: Graczyk, Murdock, Heaven, Lindelof, Casemiro, Garnacho, Obi<\/p>\n<p><strong>Fulham:<\/strong> Leno; Castagne, Andersen, Bassey, Robinson; Berge, Lukic; Traore, Pereira, Iwobi; Muniz<br \/>Subs: Benda, Cuenca, Diop, Sessegnon, Reed, Cairney, Smith Rowe, Willian, Jimenez<\/p>\n<div class=\"author_box\">\n<div class=\"author_box_banner\">\n<\/div>\n<\/div>\n<\/div>\n","protected":false},"excerpt":{"rendered":"<p>L&#39;entra\u00eeneur-chef de Manchester United, Ruben Amorim, confirme son \u00e9quipe de d\u00e9part pour le concours de cinqui\u00e8me ronde de la FA Cup dimanche avec Fulham \u00e0<\/p>\n","protected":false},"author":1,"featured_media":20950,"comment_status":"closed","ping_status":"","sticky":false,"template":"","format":"standard","meta":{"footnotes":""},"categories":[5],"tags":[7,4477,91,40,3716,466,348,4219,24,51,160,2090,13],"yoast_head":"<!-- This site is optimized with the Yoast SEO plugin v21.0 - https:\/\/yoast.com\/wordpress\/plugins\/seo\/ -->\n<title>Actualit\u00e9s de l&#039;\u00e9quipe: Ruben Amorim confirme Man United Xi pour la confrontation de la FA Cup avec Fulham \u00e0 Old Trafford<\/title>\n<meta name=\"robots\" content=\"index, follow, max-snippet:-1, max-image-preview:large, max-video-preview:-1\" \/>\n<link rel=\"canonical\" href=\"https:\/\/footdavant.fr\/actualites\/actualites-de-lequipe-ruben-amorim-confirme-man-united-xi-pour-la-confrontation-de-la-fa-cup-avec-fulham-a-old-trafford\/\" \/>\n<meta property=\"og:locale\" content=\"fr_FR\" \/>\n<meta property=\"og:type\" content=\"article\" \/>\n<meta property=\"og:title\" content=\"Actualit\u00e9s de l&#039;\u00e9quipe: Ruben Amorim confirme Man United Xi pour la confrontation de la FA Cup avec Fulham \u00e0 Old Trafford\" \/>\n<meta property=\"og:description\" content=\"L&#039;entra\u00eeneur-chef de Manchester United, Ruben Amorim, confirme son \u00e9quipe de d\u00e9part pour le concours de cinqui\u00e8me ronde de la FA Cup dimanche avec Fulham \u00e0\" \/>\n<meta property=\"og:url\" content=\"https:\/\/footdavant.fr\/actualites\/actualites-de-lequipe-ruben-amorim-confirme-man-united-xi-pour-la-confrontation-de-la-fa-cup-avec-fulham-a-old-trafford\/\" \/>\n<meta property=\"og:site_name\" content=\"Foot d&#039;avant\" \/>\n<meta property=\"article:publisher\" content=\"https:\/\/www.facebook.com\/Footdavant\/\" \/>\n<meta property=\"article:published_time\" content=\"2025-03-06T21:48:07+00:00\" \/>\n<meta property=\"article:modified_time\" content=\"2025-03-06T21:48:08+00:00\" \/>\n<meta property=\"og:image\" content=\"https:\/\/footdavant.fr\/actualites\/wp-content\/uploads\/2025\/03\/Actualites-de-l39equipe-Ruben-Amorim-confirme-Man-United-Xi-pour.jpg\" \/>\n\t<meta property=\"og:image:width\" content=\"100\" \/>\n\t<meta property=\"og:image:height\" content=\"119\" \/>\n\t<meta property=\"og:image:type\" content=\"image\/jpeg\" \/>\n<meta name=\"author\" content=\"Cl\u00e9ment\" \/>\n<meta name=\"twitter:card\" content=\"summary_large_image\" \/>\n<meta name=\"twitter:creator\" content=\"@FootdavantFr\" \/>\n<meta name=\"twitter:site\" content=\"@FootdavantFr\" \/>\n<meta name=\"twitter:label1\" content=\"\u00c9crit par\" \/>\n\t<meta name=\"twitter:data1\" content=\"Cl\u00e9ment\" \/>\n\t<meta name=\"twitter:label2\" content=\"Dur\u00e9e de lecture estim\u00e9e\" \/>\n\t<meta name=\"twitter:data2\" content=\"1 minute\" \/>\n<script type=\"application\/ld+json\" class=\"yoast-schema-graph\">{\"@context\":\"https:\/\/schema.org\",\"@graph\":[{\"@type\":\"Article\",\"@id\":\"https:\/\/footdavant.fr\/actualites\/actualites-de-lequipe-ruben-amorim-confirme-man-united-xi-pour-la-confrontation-de-la-fa-cup-avec-fulham-a-old-trafford\/#article\",\"isPartOf\":{\"@id\":\"https:\/\/footdavant.fr\/actualites\/actualites-de-lequipe-ruben-amorim-confirme-man-united-xi-pour-la-confrontation-de-la-fa-cup-avec-fulham-a-old-trafford\/\"},\"author\":{\"name\":\"Cl\u00e9ment\",\"@id\":\"https:\/\/footdavant.fr\/actualites\/#\/schema\/person\/bc222566d95871b37e597b3ed3ba5e1d\"},\"headline\":\"Actualit\u00e9s de l&#39;\u00e9quipe: Ruben Amorim confirme Man United Xi pour la confrontation de la FA Cup avec Fulham \u00e0 Old Trafford\",\"datePublished\":\"2025-03-06T21:48:07+00:00\",\"dateModified\":\"2025-03-06T21:48:08+00:00\",\"mainEntityOfPage\":{\"@id\":\"https:\/\/footdavant.fr\/actualites\/actualites-de-lequipe-ruben-amorim-confirme-man-united-xi-pour-la-confrontation-de-la-fa-cup-avec-fulham-a-old-trafford\/\"},\"wordCount\":282,\"publisher\":{\"@id\":\"https:\/\/footdavant.fr\/actualites\/#organization\"},\"keywords\":[\"Actualit\u00e9s\",\"Amorim\",\"avec\",\"confirme\",\"confrontation\",\"Cup\",\"Fulham\",\"l39\u00e9quipe\",\"Man\",\"pour\",\"Ruben\",\"Trafford\",\"United\"],\"articleSection\":[\"Premier League\"],\"inLanguage\":\"fr-FR\"},{\"@type\":\"WebPage\",\"@id\":\"https:\/\/footdavant.fr\/actualites\/actualites-de-lequipe-ruben-amorim-confirme-man-united-xi-pour-la-confrontation-de-la-fa-cup-avec-fulham-a-old-trafford\/\",\"url\":\"https:\/\/footdavant.fr\/actualites\/actualites-de-lequipe-ruben-amorim-confirme-man-united-xi-pour-la-confrontation-de-la-fa-cup-avec-fulham-a-old-trafford\/\",\"name\":\"Actualit\u00e9s de l&#39;\u00e9quipe: Ruben Amorim confirme Man United Xi pour la confrontation de la FA Cup avec Fulham \u00e0 Old Trafford\",\"isPartOf\":{\"@id\":\"https:\/\/footdavant.fr\/actualites\/#website\"},\"datePublished\":\"2025-03-06T21:48:07+00:00\",\"dateModified\":\"2025-03-06T21:48:08+00:00\",\"breadcrumb\":{\"@id\":\"https:\/\/footdavant.fr\/actualites\/actualites-de-lequipe-ruben-amorim-confirme-man-united-xi-pour-la-confrontation-de-la-fa-cup-avec-fulham-a-old-trafford\/#breadcrumb\"},\"inLanguage\":\"fr-FR\",\"potentialAction\":[{\"@type\":\"ReadAction\",\"target\":[\"https:\/\/footdavant.fr\/actualites\/actualites-de-lequipe-ruben-amorim-confirme-man-united-xi-pour-la-confrontation-de-la-fa-cup-avec-fulham-a-old-trafford\/\"]}]},{\"@type\":\"BreadcrumbList\",\"@id\":\"https:\/\/footdavant.fr\/actualites\/actualites-de-lequipe-ruben-amorim-confirme-man-united-xi-pour-la-confrontation-de-la-fa-cup-avec-fulham-a-old-trafford\/#breadcrumb\",\"itemListElement\":[{\"@type\":\"ListItem\",\"position\":1,\"name\":\"Accueil\",\"item\":\"https:\/\/footdavant.fr\/actualites\/\"},{\"@type\":\"ListItem\",\"position\":2,\"name\":\"Actualit\u00e9s de l&#39;\u00e9quipe: Ruben Amorim confirme Man United Xi pour la confrontation de la FA Cup avec Fulham \u00e0 Old Trafford\"}]},{\"@type\":\"WebSite\",\"@id\":\"https:\/\/footdavant.fr\/actualites\/#website\",\"url\":\"https:\/\/footdavant.fr\/actualites\/\",\"name\":\"Foot d'avant\",\"description\":\"\",\"publisher\":{\"@id\":\"https:\/\/footdavant.fr\/actualites\/#organization\"},\"potentialAction\":[{\"@type\":\"SearchAction\",\"target\":{\"@type\":\"EntryPoint\",\"urlTemplate\":\"https:\/\/footdavant.fr\/actualites\/?s={search_term_string}\"},\"query-input\":\"required name=search_term_string\"}],\"inLanguage\":\"fr-FR\"},{\"@type\":\"Organization\",\"@id\":\"https:\/\/footdavant.fr\/actualites\/#organization\",\"name\":\"Foot d'avant\",\"url\":\"https:\/\/footdavant.fr\/actualites\/\",\"logo\":{\"@type\":\"ImageObject\",\"inLanguage\":\"fr-FR\",\"@id\":\"https:\/\/footdavant.fr\/actualites\/#\/schema\/logo\/image\/\",\"url\":\"https:\/\/footdavant.fr\/actualites\/wp-content\/uploads\/2023\/09\/Copy-of-FootDavant-Logo.png\",\"contentUrl\":\"https:\/\/footdavant.fr\/actualites\/wp-content\/uploads\/2023\/09\/Copy-of-FootDavant-Logo.png\",\"width\":936,\"height\":549,\"caption\":\"Foot d'avant\"},\"image\":{\"@id\":\"https:\/\/footdavant.fr\/actualites\/#\/schema\/logo\/image\/\"},\"sameAs\":[\"https:\/\/www.facebook.com\/Footdavant\/\",\"https:\/\/twitter.com\/FootdavantFr\",\"https:\/\/www.instagram.com\/footdavant.fr\/\"]},{\"@type\":\"Person\",\"@id\":\"https:\/\/footdavant.fr\/actualites\/#\/schema\/person\/bc222566d95871b37e597b3ed3ba5e1d\",\"name\":\"Cl\u00e9ment\",\"image\":{\"@type\":\"ImageObject\",\"inLanguage\":\"fr-FR\",\"@id\":\"https:\/\/footdavant.fr\/actualites\/#\/schema\/person\/image\/\",\"url\":\"https:\/\/secure.gravatar.com\/avatar\/7728b29aac2719421e1a9159b2254c44?s=96&d=mm&r=g\",\"contentUrl\":\"https:\/\/secure.gravatar.com\/avatar\/7728b29aac2719421e1a9159b2254c44?s=96&d=mm&r=g\",\"caption\":\"Cl\u00e9ment\"},\"sameAs\":[\"https:\/\/footdavant.fr\/\"]}]}<\/script>\n<!-- \/ Yoast SEO plugin. -->","yoast_head_json":{"title":"Actualit\u00e9s de l&#39;\u00e9quipe: Ruben Amorim confirme Man United Xi pour la confrontation de la FA Cup avec Fulham \u00e0 Old Trafford","robots":{"index":"index","follow":"follow","max-snippet":"max-snippet:-1","max-image-preview":"max-image-preview:large","max-video-preview":"max-video-preview:-1"},"canonical":"https:\/\/footdavant.fr\/actualites\/actualites-de-lequipe-ruben-amorim-confirme-man-united-xi-pour-la-confrontation-de-la-fa-cup-avec-fulham-a-old-trafford\/","og_locale":"fr_FR","og_type":"article","og_title":"Actualit\u00e9s de l&#39;\u00e9quipe: Ruben Amorim confirme Man United Xi pour la confrontation de la FA Cup avec Fulham \u00e0 Old Trafford","og_description":"L&#39;entra\u00eeneur-chef de Manchester United, Ruben Amorim, confirme son \u00e9quipe de d\u00e9part pour le concours de cinqui\u00e8me ronde de la FA Cup dimanche avec Fulham \u00e0","og_url":"https:\/\/footdavant.fr\/actualites\/actualites-de-lequipe-ruben-amorim-confirme-man-united-xi-pour-la-confrontation-de-la-fa-cup-avec-fulham-a-old-trafford\/","og_site_name":"Foot d&#039;avant","article_publisher":"https:\/\/www.facebook.com\/Footdavant\/","article_published_time":"2025-03-06T21:48:07+00:00","article_modified_time":"2025-03-06T21:48:08+00:00","og_image":[{"width":100,"height":119,"url":"https:\/\/footdavant.fr\/actualites\/wp-content\/uploads\/2025\/03\/Actualites-de-l39equipe-Ruben-Amorim-confirme-Man-United-Xi-pour.jpg","type":"image\/jpeg"}],"author":"Cl\u00e9ment","twitter_card":"summary_large_image","twitter_creator":"@FootdavantFr","twitter_site":"@FootdavantFr","twitter_misc":{"\u00c9crit par":"Cl\u00e9ment","Dur\u00e9e de lecture estim\u00e9e":"1 minute"},"schema":{"@context":"https:\/\/schema.org","@graph":[{"@type":"Article","@id":"https:\/\/footdavant.fr\/actualites\/actualites-de-lequipe-ruben-amorim-confirme-man-united-xi-pour-la-confrontation-de-la-fa-cup-avec-fulham-a-old-trafford\/#article","isPartOf":{"@id":"https:\/\/footdavant.fr\/actualites\/actualites-de-lequipe-ruben-amorim-confirme-man-united-xi-pour-la-confrontation-de-la-fa-cup-avec-fulham-a-old-trafford\/"},"author":{"name":"Cl\u00e9ment","@id":"https:\/\/footdavant.fr\/actualites\/#\/schema\/person\/bc222566d95871b37e597b3ed3ba5e1d"},"headline":"Actualit\u00e9s de l&#39;\u00e9quipe: Ruben Amorim confirme Man United Xi pour la confrontation de la FA Cup avec Fulham \u00e0 Old Trafford","datePublished":"2025-03-06T21:48:07+00:00","dateModified":"2025-03-06T21:48:08+00:00","mainEntityOfPage":{"@id":"https:\/\/footdavant.fr\/actualites\/actualites-de-lequipe-ruben-amorim-confirme-man-united-xi-pour-la-confrontation-de-la-fa-cup-avec-fulham-a-old-trafford\/"},"wordCount":282,"publisher":{"@id":"https:\/\/footdavant.fr\/actualites\/#organization"},"keywords":["Actualit\u00e9s","Amorim","avec","confirme","confrontation","Cup","Fulham","l39\u00e9quipe","Man","pour","Ruben","Trafford","United"],"articleSection":["Premier League"],"inLanguage":"fr-FR"},{"@type":"WebPage","@id":"https:\/\/footdavant.fr\/actualites\/actualites-de-lequipe-ruben-amorim-confirme-man-united-xi-pour-la-confrontation-de-la-fa-cup-avec-fulham-a-old-trafford\/","url":"https:\/\/footdavant.fr\/actualites\/actualites-de-lequipe-ruben-amorim-confirme-man-united-xi-pour-la-confrontation-de-la-fa-cup-avec-fulham-a-old-trafford\/","name":"Actualit\u00e9s de l&#39;\u00e9quipe: Ruben Amorim confirme Man United Xi pour la confrontation de la FA Cup avec Fulham \u00e0 Old Trafford","isPartOf":{"@id":"https:\/\/footdavant.fr\/actualites\/#website"},"datePublished":"2025-03-06T21:48:07+00:00","dateModified":"2025-03-06T21:48:08+00:00","breadcrumb":{"@id":"https:\/\/footdavant.fr\/actualites\/actualites-de-lequipe-ruben-amorim-confirme-man-united-xi-pour-la-confrontation-de-la-fa-cup-avec-fulham-a-old-trafford\/#breadcrumb"},"inLanguage":"fr-FR","potentialAction":[{"@type":"ReadAction","target":["https:\/\/footdavant.fr\/actualites\/actualites-de-lequipe-ruben-amorim-confirme-man-united-xi-pour-la-confrontation-de-la-fa-cup-avec-fulham-a-old-trafford\/"]}]},{"@type":"BreadcrumbList","@id":"https:\/\/footdavant.fr\/actualites\/actualites-de-lequipe-ruben-amorim-confirme-man-united-xi-pour-la-confrontation-de-la-fa-cup-avec-fulham-a-old-trafford\/#breadcrumb","itemListElement":[{"@type":"ListItem","position":1,"name":"Accueil","item":"https:\/\/footdavant.fr\/actualites\/"},{"@type":"ListItem","position":2,"name":"Actualit\u00e9s de l&#39;\u00e9quipe: Ruben Amorim confirme Man United Xi pour la confrontation de la FA Cup avec Fulham \u00e0 Old Trafford"}]},{"@type":"WebSite","@id":"https:\/\/footdavant.fr\/actualites\/#website","url":"https:\/\/footdavant.fr\/actualites\/","name":"Foot d'avant","description":"","publisher":{"@id":"https:\/\/footdavant.fr\/actualites\/#organization"},"potentialAction":[{"@type":"SearchAction","target":{"@type":"EntryPoint","urlTemplate":"https:\/\/footdavant.fr\/actualites\/?s={search_term_string}"},"query-input":"required name=search_term_string"}],"inLanguage":"fr-FR"},{"@type":"Organization","@id":"https:\/\/footdavant.fr\/actualites\/#organization","name":"Foot d'avant","url":"https:\/\/footdavant.fr\/actualites\/","logo":{"@type":"ImageObject","inLanguage":"fr-FR","@id":"https:\/\/footdavant.fr\/actualites\/#\/schema\/logo\/image\/","url":"https:\/\/footdavant.fr\/actualites\/wp-content\/uploads\/2023\/09\/Copy-of-FootDavant-Logo.png","contentUrl":"https:\/\/footdavant.fr\/actualites\/wp-content\/uploads\/2023\/09\/Copy-of-FootDavant-Logo.png","width":936,"height":549,"caption":"Foot d'avant"},"image":{"@id":"https:\/\/footdavant.fr\/actualites\/#\/schema\/logo\/image\/"},"sameAs":["https:\/\/www.facebook.com\/Footdavant\/","https:\/\/twitter.com\/FootdavantFr","https:\/\/www.instagram.com\/footdavant.fr\/"]},{"@type":"Person","@id":"https:\/\/footdavant.fr\/actualites\/#\/schema\/person\/bc222566d95871b37e597b3ed3ba5e1d","name":"Cl\u00e9ment","image":{"@type":"ImageObject","inLanguage":"fr-FR","@id":"https:\/\/footdavant.fr\/actualites\/#\/schema\/person\/image\/","url":"https:\/\/secure.gravatar.com\/avatar\/7728b29aac2719421e1a9159b2254c44?s=96&d=mm&r=g","contentUrl":"https:\/\/secure.gravatar.com\/avatar\/7728b29aac2719421e1a9159b2254c44?s=96&d=mm&r=g","caption":"Cl\u00e9ment"},"sameAs":["https:\/\/footdavant.fr\/"]}]}},"_links":{"self":[{"href":"https:\/\/footdavant.fr\/actualites\/wp-json\/wp\/v2\/posts\/20949"}],"collection":[{"href":"https:\/\/footdavant.fr\/actualites\/wp-json\/wp\/v2\/posts"}],"about":[{"href":"https:\/\/footdavant.fr\/actualites\/wp-json\/wp\/v2\/types\/post"}],"author":[{"embeddable":true,"href":"https:\/\/footdavant.fr\/actualites\/wp-json\/wp\/v2\/users\/1"}],"replies":[{"embeddable":true,"href":"https:\/\/footdavant.fr\/actualites\/wp-json\/wp\/v2\/comments?post=20949"}],"version-history":[{"count":1,"href":"https:\/\/footdavant.fr\/actualites\/wp-json\/wp\/v2\/posts\/20949\/revisions"}],"predecessor-version":[{"id":20951,"href":"https:\/\/footdavant.fr\/actualites\/wp-json\/wp\/v2\/posts\/20949\/revisions\/20951"}],"wp:featuredmedia":[{"embeddable":true,"href":"https:\/\/footdavant.fr\/actualites\/wp-json\/wp\/v2\/media\/20950"}],"wp:attachment":[{"href":"https:\/\/footdavant.fr\/actualites\/wp-json\/wp\/v2\/media?parent=20949"}],"wp:term":[{"taxonomy":"category","embeddable":true,"href":"https:\/\/footdavant.fr\/actualites\/wp-json\/wp\/v2\/categories?post=20949"},{"taxonomy":"post_tag","embeddable":true,"href":"https:\/\/footdavant.fr\/actualites\/wp-json\/wp\/v2\/tags?post=20949"}],"curies":[{"name":"wp","href":"https:\/\/api.w.org\/{rel}","templated":true}]}}