{"id":2109,"date":"2023-12-08T06:52:56","date_gmt":"2023-12-08T05:52:56","guid":{"rendered":"https:\/\/footdavant.fr\/actualites\/spoilers-photo-la-semaine-prochaine-sur-emmerdale-11-15-decembre\/"},"modified":"2023-12-08T06:52:57","modified_gmt":"2023-12-08T05:52:57","slug":"spoilers-photo-la-semaine-prochaine-sur-emmerdale-11-15-decembre","status":"publish","type":"post","link":"https:\/\/footdavant.fr\/actualites\/spoilers-photo-la-semaine-prochaine-sur-emmerdale-11-15-decembre\/","title":{"rendered":"Spoilers photo\u00a0: la semaine prochaine sur Emmerdale (11-15 d\u00e9cembre)"},"content":{"rendered":"<p>D\u00e9couvrez les photos et les spoilers des nouveaux \u00e9pisodes d&rsquo;Emmerdale de la semaine prochaine.<\/p>\n<div id=\"article_body\" itemprop=\"articleBody\">\n<p class=\"firstPara\">La semaine prochaine, le <em>Emmerdale<\/em>Mack fait des d\u00e9marches d\u00e9sesp\u00e9r\u00e9es pour tenter d&rsquo;atteindre Reuben.<\/p>\n<p>Ailleurs, Pollard parle \u00e0 Rodney de son diagnostic, Nicola et Claudette s&rsquo;affrontent alors qu&rsquo;elles co-organisent la foire de No\u00ebl et Tom pr\u00e9pare une surprise festive pour Belle.<\/p>\n<hr>\n<h2>Lundi 11 d\u00e9cembre (\u00e9pisode 9858)<\/h2>\n<p><strong>\u00c9crivain:<\/strong> <strong class=\"autotag\">Karin Jeune<\/strong><br \/><strong>Directeur:<\/strong> <strong class=\"autotag\">Will Brenton<\/strong><\/p>\n<p>Le lien entre Tracy et Caleb devient de plus en plus fort.<\/p>\n<p class=\"imgI\">\n<p>Pollard est incapable de faire face au groupe de soutien pour les personnes atteintes de Parkinson et plus tard, il est surpris lorsqu&rsquo;il ressent un tremblement inattendu.<\/p>\n<p class=\"imgI\"><img decoding=\"async\" loading=\"lazy\" class=\"l\" src=\"https:\/\/footdavant.fr\/actualites\/wp-content\/uploads\/2023\/12\/1702014772_24_Spoilers-photo-la-semaine-prochaine-sur-Emmerdale-11-15-decembre.jpeg\" title=\"Pollard sur Emmerdale le 11 d\u00e9cembre 2023\" alt=\"Pollard sur Emmerdale le 11 d\u00e9cembre 2023\" width=\"640\" height=\"480\"><\/p>\n<p><em>Cet \u00e9pisode est diffus\u00e9 le lundi 11 d\u00e9cembre \u00e0 19h30 sur ITV1 et ITVX<\/em><\/p>\n<hr>\n<h2>Mardi 12 d\u00e9cembre (\u00e9pisode 9859)<\/h2>\n<p><strong>\u00c9crivain:<\/strong> Samantha De Vaux<br \/><strong>Directeur:<\/strong> <strong class=\"autotag\">Vicky Thomas<\/strong><\/p>\n<p>Moira essaie d&rsquo;organiser un grand No\u00ebl en famille et fait pression sur Matty pour qu&rsquo;il invite Amy.  Apr\u00e8s s&rsquo;\u00eatre disput\u00e9 avec Amy, Matty craque et admet \u00e0 Mack que lui et Amy rendent visite \u00e0 Chlo\u00e9 et Reuben demain.<\/p>\n<p class=\"imgI\"><img decoding=\"async\" loading=\"lazy\" class=\"l\" src=\"https:\/\/footdavant.fr\/actualites\/wp-content\/uploads\/2023\/12\/1702014772_689_Spoilers-photo-la-semaine-prochaine-sur-Emmerdale-11-15-decembre.jpeg\" title=\"Matty et Mack sur Emmerdale le 12 d\u00e9cembre 2023\" alt=\"Matty et Mack sur Emmerdale le 12 d\u00e9cembre 2023\" width=\"640\" height=\"480\"><\/p>\n<p>Sam est fier que Samson ait d\u00e9croch\u00e9 un nouvel emploi.<\/p>\n<p class=\"imgI\"><img decoding=\"async\" loading=\"lazy\" class=\"l\" src=\"https:\/\/footdavant.fr\/actualites\/wp-content\/uploads\/2023\/12\/1702014772_439_Spoilers-photo-la-semaine-prochaine-sur-Emmerdale-11-15-decembre.jpeg\" title=\"Samson et Sam sur Emmerdale le 12 d\u00e9cembre 2023\" alt=\"Samson et Sam sur Emmerdale le 12 d\u00e9cembre 2023\" width=\"640\" height=\"480\"><\/p>\n<p class=\"imgI\"><img decoding=\"async\" loading=\"lazy\" class=\"l\" src=\"https:\/\/footdavant.fr\/actualites\/wp-content\/uploads\/2023\/12\/1702014772_282_Spoilers-photo-la-semaine-prochaine-sur-Emmerdale-11-15-decembre.jpeg\" title=\"Samson et Sam sur Emmerdale le 12 d\u00e9cembre 2023\" alt=\"Samson et Sam sur Emmerdale le 12 d\u00e9cembre 2023\" width=\"640\" height=\"480\"><\/p>\n<p><em>Cet \u00e9pisode est diffus\u00e9 le mardi 12 d\u00e9cembre \u00e0 19h30 sur ITV1 et ITVX.<\/em><\/p>\n<hr>\n<h2>Mercredi 13 d\u00e9cembre (\u00e9pisode 9860)<\/h2>\n<p><strong>\u00c9crivain:<\/strong> <strong class=\"autotag\">Tony Hammond<\/strong><br \/><strong>Directeur:<\/strong> Vicky Thomas<\/p>\n<p>Aaron le soutient lorsque Victoria lui parle de sa relation avec Jacob.<\/p>\n<p class=\"imgI\"><img decoding=\"async\" loading=\"lazy\" class=\"l\" src=\"https:\/\/footdavant.fr\/actualites\/wp-content\/uploads\/2023\/12\/1702014773_462_Spoilers-photo-la-semaine-prochaine-sur-Emmerdale-11-15-decembre.jpeg\" title=\"Aaron et Victoria sur Emmerdale le 13 d\u00e9cembre 2023\" alt=\"Aaron et Victoria sur Emmerdale le 13 d\u00e9cembre 2023\" width=\"640\" height=\"480\"><\/p>\n<p>Chas a h\u00e2te de diriger Samson lors de son premier jour au Woolie.<\/p>\n<p class=\"imgI\"><img decoding=\"async\" loading=\"lazy\" class=\"l\" src=\"https:\/\/footdavant.fr\/actualites\/wp-content\/uploads\/2023\/12\/1702014773_659_Spoilers-photo-la-semaine-prochaine-sur-Emmerdale-11-15-decembre.jpeg\" title=\"Chas et Samson sur Emmerdale le 13 d\u00e9cembre 2023\" alt=\"Chas et Samson sur Emmerdale le 13 d\u00e9cembre 2023\" width=\"640\" height=\"480\"><\/p>\n<p>Mack et Charity suivent secr\u00e8tement Amy et Matty alors qu&rsquo;ils quittent le village, mais leur ruse ne tarde pas \u00e0 se r\u00e9v\u00e9ler.  Un Mack d\u00e9sesp\u00e9r\u00e9 attrape le t\u00e9l\u00e9phone d&rsquo;Amy et envoie \u00e0 Chlo\u00e9 un SMS se faisant passer pour Amy &#8211; mais dans un parc voisin, Chlo\u00e9 sent que quelque chose se passe et r\u00e9pond au texte en disant \u00e0 Mack qu&rsquo;il ne reverra plus jamais son fils.<\/p>\n<p class=\"imgI\"><img decoding=\"async\" loading=\"lazy\" class=\"l\" src=\"https:\/\/footdavant.fr\/actualites\/wp-content\/uploads\/2023\/12\/1702014773_20_Spoilers-photo-la-semaine-prochaine-sur-Emmerdale-11-15-decembre.jpeg\" title=\"Mack, Matty et Amy sur Emmerdale le 13 d\u00e9cembre 2023\" alt=\"Mack, Matty et Amy sur Emmerdale le 13 d\u00e9cembre 2023\" width=\"640\" height=\"480\"><\/p>\n<p class=\"imgI\"><img decoding=\"async\" loading=\"lazy\" class=\"l\" src=\"https:\/\/footdavant.fr\/actualites\/wp-content\/uploads\/2023\/12\/1702014773_380_Spoilers-photo-la-semaine-prochaine-sur-Emmerdale-11-15-decembre.jpeg\" title=\"Mack, Matty et Amy sur Emmerdale le 13 d\u00e9cembre 2023\" alt=\"Mack, Matty et Amy sur Emmerdale le 13 d\u00e9cembre 2023\" width=\"640\" height=\"480\"><\/p>\n<p>Manpreet encourage Pollard \u00e0 s&rsquo;ouvrir \u00e0 Rodney sur son \u00e9tat, mais quand il le fait, Pollard est confus par la r\u00e9action d\u00e9sinvolte de Rodney.<\/p>\n<p class=\"imgI\"><img decoding=\"async\" loading=\"lazy\" class=\"l\" src=\"https:\/\/footdavant.fr\/actualites\/wp-content\/uploads\/2023\/12\/1702014773_511_Spoilers-photo-la-semaine-prochaine-sur-Emmerdale-11-15-decembre.jpeg\" title=\"Rodney et Pollard sur Emmerdale le 13 d\u00e9cembre 2023\" alt=\"Rodney et Pollard sur Emmerdale le 13 d\u00e9cembre 2023\" width=\"640\" height=\"480\"><\/p>\n<p><em>Cet \u00e9pisode est diffus\u00e9 le mercredi 13 d\u00e9cembre \u00e0 19h30 sur ITV1 et ITVX<\/em><\/p>\n<hr>\n<h2>Jeudi 14 d\u00e9cembre (\u00e9pisodes 9861 et 9862)<\/h2>\n<p><strong>\u00c9crivain:<\/strong> <strong class=\"autotag\">Sarah Bagshaw<\/strong><br \/><strong>Directeur:<\/strong> Vicky Thomas<\/p>\n<p>Matty accuse Mack d&rsquo;avoir d\u00e9truit sa relation avec Amy, mais quand Mack donne une r\u00e9ponse sarcastique, Matty le frappe.  Plus tard \u00e0 HOP, une silhouette encapuchonn\u00e9e attrape Amy&#8230;<\/p>\n<p class=\"imgI\"><img decoding=\"async\" loading=\"lazy\" class=\"l\" src=\"https:\/\/footdavant.fr\/actualites\/wp-content\/uploads\/2023\/12\/1702014774_253_Spoilers-photo-la-semaine-prochaine-sur-Emmerdale-11-15-decembre.jpeg\" title=\"Amy sur Emmerdale le 14 d\u00e9cembre 2023\" alt=\"Amy sur Emmerdale le 14 d\u00e9cembre 2023\" width=\"640\" height=\"480\"><\/p>\n<p>Nicola et Claudette sont co-organisateurs de la foire de No\u00ebl du village, mais Claudette se rend vite compte qu&rsquo;elle n&rsquo;est pas \u00e0 la hauteur d&rsquo;une Nicola enflamm\u00e9e.<\/p>\n<p class=\"imgI\"><img decoding=\"async\" loading=\"lazy\" class=\"l\" src=\"https:\/\/footdavant.fr\/actualites\/wp-content\/uploads\/2023\/12\/1702014774_134_Spoilers-photo-la-semaine-prochaine-sur-Emmerdale-11-15-decembre.jpeg\" title=\"Claudette, Charles et Nicola sur Emmerdale le 14 d\u00e9cembre 2023\" alt=\"Claudette, Charles et Nicola sur Emmerdale le 14 d\u00e9cembre 2023\" width=\"640\" height=\"480\"><\/p>\n<p>Aaron accuse Paddy d&rsquo;avoir capitul\u00e9 devant Chas sur les arrangements pour le r\u00e9veillon de No\u00ebl, mais Paddy n&rsquo;h\u00e9site pas \u00e0 d\u00e9fendre Chas.<\/p>\n<p class=\"imgI\"><img decoding=\"async\" loading=\"lazy\" class=\"l\" src=\"https:\/\/footdavant.fr\/actualites\/wp-content\/uploads\/2023\/12\/1702014774_139_Spoilers-photo-la-semaine-prochaine-sur-Emmerdale-11-15-decembre.jpeg\" title=\"Passy, \u200b\u200bChas et Aaron sur Emmerdale le 14 d\u00e9cembre 2023\" alt=\"Passy, \u200b\u200bChas et Aaron sur Emmerdale le 14 d\u00e9cembre 2023\" width=\"640\" height=\"480\"><\/p>\n<p class=\"imgI\"><img decoding=\"async\" loading=\"lazy\" class=\"l\" src=\"https:\/\/footdavant.fr\/actualites\/wp-content\/uploads\/2023\/12\/1702014774_718_Spoilers-photo-la-semaine-prochaine-sur-Emmerdale-11-15-decembre.jpeg\" title=\"Paddy, Chas et Aaron sur Emmerdale le 14 d\u00e9cembre 2023\" alt=\"Paddy, Chas et Aaron sur Emmerdale le 14 d\u00e9cembre 2023\" width=\"640\" height=\"480\"><\/p>\n<p><strong>Aussi:<\/strong> Belle est intrigu\u00e9e par les plans secrets de Tom pour lui offrir un No\u00ebl m\u00e9morable.<\/p>\n<p><em>Cet \u00e9pisode d&rsquo;une heure est diffus\u00e9 le jeudi 14 d\u00e9cembre \u00e0 19h30 sur ITV1 et ITVX.<\/em><\/p>\n<hr>\n<h2>Vendredi 15 d\u00e9cembre (\u00e9pisode 9863)<\/h2>\n<p><strong>\u00c9crivain:<\/strong> <strong class=\"autotag\">Aube Harrison<\/strong><br \/><strong>Directeur:<\/strong> <strong class=\"autotag\">Alan Waring<\/strong><\/p>\n<p>Amelia accepte un quart de travail suppl\u00e9mentaire au salon afin qu&rsquo;elle puisse se permettre d&rsquo;aller rendre visite \u00e0 Dan en prison et accroche Angel pour garder Esther.  Mais quand Angel a la chance de sortir avec Heath, elle a un choix \u00e0 faire&#8230;<\/p>\n<p class=\"imgI\"><img decoding=\"async\" loading=\"lazy\" class=\"l\" src=\"https:\/\/footdavant.fr\/actualites\/wp-content\/uploads\/2023\/12\/1702014775_944_Spoilers-photo-la-semaine-prochaine-sur-Emmerdale-11-15-decembre.jpeg\" title=\"Angel et Heath sur Emmerdale le 15 d\u00e9cembre 2023\" alt=\"Angel et Heath sur Emmerdale le 15 d\u00e9cembre 2023\" width=\"640\" height=\"480\"><\/p>\n<p class=\"imgI\"><img decoding=\"async\" loading=\"lazy\" class=\"l\" src=\"https:\/\/footdavant.fr\/actualites\/wp-content\/uploads\/2023\/12\/1702014775_525_Spoilers-photo-la-semaine-prochaine-sur-Emmerdale-11-15-decembre.jpeg\" title=\"Angel sur Emmerdale le 15 d\u00e9cembre 2023\" alt=\"Angel sur Emmerdale le 15 d\u00e9cembre 2023\" width=\"640\" height=\"480\"><\/p>\n<p>Tom s&rsquo;en veut du fait que ses plans ont \u00e9chou\u00e9, tandis que Nicola annonce des invit\u00e9s surprises pour la foire de No\u00ebl.<\/p>\n<p class=\"imgI\"><img decoding=\"async\" loading=\"lazy\" class=\"l\" src=\"https:\/\/footdavant.fr\/actualites\/wp-content\/uploads\/2023\/12\/1702014775_802_Spoilers-photo-la-semaine-prochaine-sur-Emmerdale-11-15-decembre.jpeg\" title=\"Belle et Tom sur Emmerdale le 15 d\u00e9cembre 2023\" alt=\"Belle et Tom sur Emmerdale le 15 d\u00e9cembre 2023\" width=\"640\" height=\"480\"><\/p>\n<p>Charles est choqu\u00e9 par l&rsquo;attitude ignoble d&rsquo;Aaron envers sa m\u00e8re.<\/p>\n<p class=\"imgI\"><img decoding=\"async\" loading=\"lazy\" class=\"l\" src=\"https:\/\/footdavant.fr\/actualites\/wp-content\/uploads\/2023\/12\/1702014775_163_Spoilers-photo-la-semaine-prochaine-sur-Emmerdale-11-15-decembre.jpeg\" title=\"Aaron sur Emmerdale le 15 d\u00e9cembre 2023\" alt=\"Aaron sur Emmerdale le 15 d\u00e9cembre 2023\" width=\"640\" height=\"480\"><\/p>\n<p class=\"imgI\"><img decoding=\"async\" loading=\"lazy\" class=\"l\" src=\"https:\/\/footdavant.fr\/actualites\/wp-content\/uploads\/2023\/12\/1702014776_265_Spoilers-photo-la-semaine-prochaine-sur-Emmerdale-11-15-decembre.jpeg\" title=\"Charles sur Emmerdale le 15 d\u00e9cembre 2023\" alt=\"Charles sur Emmerdale le 15 d\u00e9cembre 2023\" width=\"640\" height=\"480\"><\/p>\n<p><em>Cet \u00e9pisode est diffus\u00e9 le vendredi 15 d\u00e9cembre \u00e0 19h30 sur ITV1 et ITVX.<\/em><\/p>\n<hr>\n<p><span style=\"color:#666666;font-style:italic;font-weight:700\">Suivez-nous sur Twitter <a rel=\"nofollow noopener\" href=\"https:\/\/twitter.com\/SMEntsFeed\" target=\"_blank\">@SMentsFeed<\/a> et aimez-nous sur Facebook pour les derni\u00e8res alertes sur l&rsquo;actualit\u00e9 du divertissement.<\/span><\/p>\n<\/div>\n<p><script async src=\"https:\/\/platform.twitter.com\/widgets.js\" charset=\"utf-8\"><\/script><\/p>\n","protected":false},"excerpt":{"rendered":"<p>D\u00e9couvrez les photos et les spoilers des nouveaux \u00e9pisodes d&rsquo;Emmerdale de la semaine prochaine. La semaine prochaine, le EmmerdaleMack fait des d\u00e9marches d\u00e9sesp\u00e9r\u00e9es pour tenter<\/p>\n","protected":false},"author":1,"featured_media":2110,"comment_status":"closed","ping_status":"","sticky":false,"template":"","format":"standard","meta":{"footnotes":""},"categories":[4],"tags":[1526,1986,1201,1202,29,1200,103],"yoast_head":"<!-- This site is optimized with the Yoast SEO plugin v21.0 - https:\/\/yoast.com\/wordpress\/plugins\/seo\/ -->\n<title>Spoilers photo\u00a0: la semaine prochaine sur Emmerdale (11-15 d\u00e9cembre)<\/title>\n<meta name=\"robots\" content=\"index, follow, max-snippet:-1, max-image-preview:large, max-video-preview:-1\" \/>\n<link rel=\"canonical\" href=\"https:\/\/footdavant.fr\/actualites\/spoilers-photo-la-semaine-prochaine-sur-emmerdale-11-15-decembre\/\" \/>\n<meta property=\"og:locale\" content=\"fr_FR\" \/>\n<meta property=\"og:type\" content=\"article\" \/>\n<meta property=\"og:title\" content=\"Spoilers photo\u00a0: la semaine prochaine sur Emmerdale (11-15 d\u00e9cembre)\" \/>\n<meta property=\"og:description\" content=\"D\u00e9couvrez les photos et les spoilers des nouveaux \u00e9pisodes d&rsquo;Emmerdale de la semaine prochaine. La semaine prochaine, le EmmerdaleMack fait des d\u00e9marches d\u00e9sesp\u00e9r\u00e9es pour tenter\" \/>\n<meta property=\"og:url\" content=\"https:\/\/footdavant.fr\/actualites\/spoilers-photo-la-semaine-prochaine-sur-emmerdale-11-15-decembre\/\" \/>\n<meta property=\"og:site_name\" content=\"Foot d&#039;avant\" \/>\n<meta property=\"article:publisher\" content=\"https:\/\/www.facebook.com\/Footdavant\/\" \/>\n<meta property=\"article:published_time\" content=\"2023-12-08T05:52:56+00:00\" \/>\n<meta property=\"article:modified_time\" content=\"2023-12-08T05:52:57+00:00\" \/>\n<meta property=\"og:image\" content=\"https:\/\/footdavant.fr\/actualites\/wp-content\/uploads\/2023\/12\/Spoilers-photo-la-semaine-prochaine-sur-Emmerdale-11-15-decembre.jpeg\" \/>\n\t<meta property=\"og:image:width\" content=\"640\" \/>\n\t<meta property=\"og:image:height\" content=\"480\" \/>\n\t<meta property=\"og:image:type\" content=\"image\/jpeg\" \/>\n<meta name=\"author\" content=\"Cl\u00e9ment\" \/>\n<meta name=\"twitter:card\" content=\"summary_large_image\" \/>\n<meta name=\"twitter:creator\" content=\"@FootdavantFr\" \/>\n<meta name=\"twitter:site\" content=\"@FootdavantFr\" \/>\n<meta name=\"twitter:label1\" content=\"\u00c9crit par\" \/>\n\t<meta name=\"twitter:data1\" content=\"Cl\u00e9ment\" \/>\n\t<meta name=\"twitter:label2\" content=\"Dur\u00e9e de lecture estim\u00e9e\" \/>\n\t<meta name=\"twitter:data2\" content=\"3 minutes\" \/>\n<script type=\"application\/ld+json\" class=\"yoast-schema-graph\">{\"@context\":\"https:\/\/schema.org\",\"@graph\":[{\"@type\":\"Article\",\"@id\":\"https:\/\/footdavant.fr\/actualites\/spoilers-photo-la-semaine-prochaine-sur-emmerdale-11-15-decembre\/#article\",\"isPartOf\":{\"@id\":\"https:\/\/footdavant.fr\/actualites\/spoilers-photo-la-semaine-prochaine-sur-emmerdale-11-15-decembre\/\"},\"author\":{\"name\":\"Cl\u00e9ment\",\"@id\":\"https:\/\/footdavant.fr\/actualites\/#\/schema\/person\/bc222566d95871b37e597b3ed3ba5e1d\"},\"headline\":\"Spoilers photo\u00a0: la semaine prochaine sur Emmerdale (11-15 d\u00e9cembre)\",\"datePublished\":\"2023-12-08T05:52:56+00:00\",\"dateModified\":\"2023-12-08T05:52:57+00:00\",\"mainEntityOfPage\":{\"@id\":\"https:\/\/footdavant.fr\/actualites\/spoilers-photo-la-semaine-prochaine-sur-emmerdale-11-15-decembre\/\"},\"wordCount\":598,\"publisher\":{\"@id\":\"https:\/\/footdavant.fr\/actualites\/#organization\"},\"keywords\":[\"d\u00e9cembre\",\"Emmerdale\",\"photo\",\"prochaine\",\"semaine\",\"Spoilers\",\"sur\"],\"articleSection\":[\"Champions League\"],\"inLanguage\":\"fr-FR\"},{\"@type\":\"WebPage\",\"@id\":\"https:\/\/footdavant.fr\/actualites\/spoilers-photo-la-semaine-prochaine-sur-emmerdale-11-15-decembre\/\",\"url\":\"https:\/\/footdavant.fr\/actualites\/spoilers-photo-la-semaine-prochaine-sur-emmerdale-11-15-decembre\/\",\"name\":\"Spoilers photo\u00a0: la semaine prochaine sur Emmerdale (11-15 d\u00e9cembre)\",\"isPartOf\":{\"@id\":\"https:\/\/footdavant.fr\/actualites\/#website\"},\"datePublished\":\"2023-12-08T05:52:56+00:00\",\"dateModified\":\"2023-12-08T05:52:57+00:00\",\"breadcrumb\":{\"@id\":\"https:\/\/footdavant.fr\/actualites\/spoilers-photo-la-semaine-prochaine-sur-emmerdale-11-15-decembre\/#breadcrumb\"},\"inLanguage\":\"fr-FR\",\"potentialAction\":[{\"@type\":\"ReadAction\",\"target\":[\"https:\/\/footdavant.fr\/actualites\/spoilers-photo-la-semaine-prochaine-sur-emmerdale-11-15-decembre\/\"]}]},{\"@type\":\"BreadcrumbList\",\"@id\":\"https:\/\/footdavant.fr\/actualites\/spoilers-photo-la-semaine-prochaine-sur-emmerdale-11-15-decembre\/#breadcrumb\",\"itemListElement\":[{\"@type\":\"ListItem\",\"position\":1,\"name\":\"Accueil\",\"item\":\"https:\/\/footdavant.fr\/actualites\/\"},{\"@type\":\"ListItem\",\"position\":2,\"name\":\"Spoilers photo\u00a0: la semaine prochaine sur Emmerdale (11-15 d\u00e9cembre)\"}]},{\"@type\":\"WebSite\",\"@id\":\"https:\/\/footdavant.fr\/actualites\/#website\",\"url\":\"https:\/\/footdavant.fr\/actualites\/\",\"name\":\"Foot d'avant\",\"description\":\"\",\"publisher\":{\"@id\":\"https:\/\/footdavant.fr\/actualites\/#organization\"},\"potentialAction\":[{\"@type\":\"SearchAction\",\"target\":{\"@type\":\"EntryPoint\",\"urlTemplate\":\"https:\/\/footdavant.fr\/actualites\/?s={search_term_string}\"},\"query-input\":\"required name=search_term_string\"}],\"inLanguage\":\"fr-FR\"},{\"@type\":\"Organization\",\"@id\":\"https:\/\/footdavant.fr\/actualites\/#organization\",\"name\":\"Foot d'avant\",\"url\":\"https:\/\/footdavant.fr\/actualites\/\",\"logo\":{\"@type\":\"ImageObject\",\"inLanguage\":\"fr-FR\",\"@id\":\"https:\/\/footdavant.fr\/actualites\/#\/schema\/logo\/image\/\",\"url\":\"https:\/\/footdavant.fr\/actualites\/wp-content\/uploads\/2023\/09\/Copy-of-FootDavant-Logo.png\",\"contentUrl\":\"https:\/\/footdavant.fr\/actualites\/wp-content\/uploads\/2023\/09\/Copy-of-FootDavant-Logo.png\",\"width\":936,\"height\":549,\"caption\":\"Foot d'avant\"},\"image\":{\"@id\":\"https:\/\/footdavant.fr\/actualites\/#\/schema\/logo\/image\/\"},\"sameAs\":[\"https:\/\/www.facebook.com\/Footdavant\/\",\"https:\/\/twitter.com\/FootdavantFr\",\"https:\/\/www.instagram.com\/footdavant.fr\/\"]},{\"@type\":\"Person\",\"@id\":\"https:\/\/footdavant.fr\/actualites\/#\/schema\/person\/bc222566d95871b37e597b3ed3ba5e1d\",\"name\":\"Cl\u00e9ment\",\"image\":{\"@type\":\"ImageObject\",\"inLanguage\":\"fr-FR\",\"@id\":\"https:\/\/footdavant.fr\/actualites\/#\/schema\/person\/image\/\",\"url\":\"https:\/\/secure.gravatar.com\/avatar\/7728b29aac2719421e1a9159b2254c44?s=96&d=mm&r=g\",\"contentUrl\":\"https:\/\/secure.gravatar.com\/avatar\/7728b29aac2719421e1a9159b2254c44?s=96&d=mm&r=g\",\"caption\":\"Cl\u00e9ment\"},\"sameAs\":[\"https:\/\/footdavant.fr\/\"]}]}<\/script>\n<!-- \/ Yoast SEO plugin. -->","yoast_head_json":{"title":"Spoilers photo\u00a0: la semaine prochaine sur Emmerdale (11-15 d\u00e9cembre)","robots":{"index":"index","follow":"follow","max-snippet":"max-snippet:-1","max-image-preview":"max-image-preview:large","max-video-preview":"max-video-preview:-1"},"canonical":"https:\/\/footdavant.fr\/actualites\/spoilers-photo-la-semaine-prochaine-sur-emmerdale-11-15-decembre\/","og_locale":"fr_FR","og_type":"article","og_title":"Spoilers photo\u00a0: la semaine prochaine sur Emmerdale (11-15 d\u00e9cembre)","og_description":"D\u00e9couvrez les photos et les spoilers des nouveaux \u00e9pisodes d&rsquo;Emmerdale de la semaine prochaine. La semaine prochaine, le EmmerdaleMack fait des d\u00e9marches d\u00e9sesp\u00e9r\u00e9es pour tenter","og_url":"https:\/\/footdavant.fr\/actualites\/spoilers-photo-la-semaine-prochaine-sur-emmerdale-11-15-decembre\/","og_site_name":"Foot d&#039;avant","article_publisher":"https:\/\/www.facebook.com\/Footdavant\/","article_published_time":"2023-12-08T05:52:56+00:00","article_modified_time":"2023-12-08T05:52:57+00:00","og_image":[{"width":640,"height":480,"url":"https:\/\/footdavant.fr\/actualites\/wp-content\/uploads\/2023\/12\/Spoilers-photo-la-semaine-prochaine-sur-Emmerdale-11-15-decembre.jpeg","type":"image\/jpeg"}],"author":"Cl\u00e9ment","twitter_card":"summary_large_image","twitter_creator":"@FootdavantFr","twitter_site":"@FootdavantFr","twitter_misc":{"\u00c9crit par":"Cl\u00e9ment","Dur\u00e9e de lecture estim\u00e9e":"3 minutes"},"schema":{"@context":"https:\/\/schema.org","@graph":[{"@type":"Article","@id":"https:\/\/footdavant.fr\/actualites\/spoilers-photo-la-semaine-prochaine-sur-emmerdale-11-15-decembre\/#article","isPartOf":{"@id":"https:\/\/footdavant.fr\/actualites\/spoilers-photo-la-semaine-prochaine-sur-emmerdale-11-15-decembre\/"},"author":{"name":"Cl\u00e9ment","@id":"https:\/\/footdavant.fr\/actualites\/#\/schema\/person\/bc222566d95871b37e597b3ed3ba5e1d"},"headline":"Spoilers photo\u00a0: la semaine prochaine sur Emmerdale (11-15 d\u00e9cembre)","datePublished":"2023-12-08T05:52:56+00:00","dateModified":"2023-12-08T05:52:57+00:00","mainEntityOfPage":{"@id":"https:\/\/footdavant.fr\/actualites\/spoilers-photo-la-semaine-prochaine-sur-emmerdale-11-15-decembre\/"},"wordCount":598,"publisher":{"@id":"https:\/\/footdavant.fr\/actualites\/#organization"},"keywords":["d\u00e9cembre","Emmerdale","photo","prochaine","semaine","Spoilers","sur"],"articleSection":["Champions League"],"inLanguage":"fr-FR"},{"@type":"WebPage","@id":"https:\/\/footdavant.fr\/actualites\/spoilers-photo-la-semaine-prochaine-sur-emmerdale-11-15-decembre\/","url":"https:\/\/footdavant.fr\/actualites\/spoilers-photo-la-semaine-prochaine-sur-emmerdale-11-15-decembre\/","name":"Spoilers photo\u00a0: la semaine prochaine sur Emmerdale (11-15 d\u00e9cembre)","isPartOf":{"@id":"https:\/\/footdavant.fr\/actualites\/#website"},"datePublished":"2023-12-08T05:52:56+00:00","dateModified":"2023-12-08T05:52:57+00:00","breadcrumb":{"@id":"https:\/\/footdavant.fr\/actualites\/spoilers-photo-la-semaine-prochaine-sur-emmerdale-11-15-decembre\/#breadcrumb"},"inLanguage":"fr-FR","potentialAction":[{"@type":"ReadAction","target":["https:\/\/footdavant.fr\/actualites\/spoilers-photo-la-semaine-prochaine-sur-emmerdale-11-15-decembre\/"]}]},{"@type":"BreadcrumbList","@id":"https:\/\/footdavant.fr\/actualites\/spoilers-photo-la-semaine-prochaine-sur-emmerdale-11-15-decembre\/#breadcrumb","itemListElement":[{"@type":"ListItem","position":1,"name":"Accueil","item":"https:\/\/footdavant.fr\/actualites\/"},{"@type":"ListItem","position":2,"name":"Spoilers photo\u00a0: la semaine prochaine sur Emmerdale (11-15 d\u00e9cembre)"}]},{"@type":"WebSite","@id":"https:\/\/footdavant.fr\/actualites\/#website","url":"https:\/\/footdavant.fr\/actualites\/","name":"Foot d'avant","description":"","publisher":{"@id":"https:\/\/footdavant.fr\/actualites\/#organization"},"potentialAction":[{"@type":"SearchAction","target":{"@type":"EntryPoint","urlTemplate":"https:\/\/footdavant.fr\/actualites\/?s={search_term_string}"},"query-input":"required name=search_term_string"}],"inLanguage":"fr-FR"},{"@type":"Organization","@id":"https:\/\/footdavant.fr\/actualites\/#organization","name":"Foot d'avant","url":"https:\/\/footdavant.fr\/actualites\/","logo":{"@type":"ImageObject","inLanguage":"fr-FR","@id":"https:\/\/footdavant.fr\/actualites\/#\/schema\/logo\/image\/","url":"https:\/\/footdavant.fr\/actualites\/wp-content\/uploads\/2023\/09\/Copy-of-FootDavant-Logo.png","contentUrl":"https:\/\/footdavant.fr\/actualites\/wp-content\/uploads\/2023\/09\/Copy-of-FootDavant-Logo.png","width":936,"height":549,"caption":"Foot d'avant"},"image":{"@id":"https:\/\/footdavant.fr\/actualites\/#\/schema\/logo\/image\/"},"sameAs":["https:\/\/www.facebook.com\/Footdavant\/","https:\/\/twitter.com\/FootdavantFr","https:\/\/www.instagram.com\/footdavant.fr\/"]},{"@type":"Person","@id":"https:\/\/footdavant.fr\/actualites\/#\/schema\/person\/bc222566d95871b37e597b3ed3ba5e1d","name":"Cl\u00e9ment","image":{"@type":"ImageObject","inLanguage":"fr-FR","@id":"https:\/\/footdavant.fr\/actualites\/#\/schema\/person\/image\/","url":"https:\/\/secure.gravatar.com\/avatar\/7728b29aac2719421e1a9159b2254c44?s=96&d=mm&r=g","contentUrl":"https:\/\/secure.gravatar.com\/avatar\/7728b29aac2719421e1a9159b2254c44?s=96&d=mm&r=g","caption":"Cl\u00e9ment"},"sameAs":["https:\/\/footdavant.fr\/"]}]}},"_links":{"self":[{"href":"https:\/\/footdavant.fr\/actualites\/wp-json\/wp\/v2\/posts\/2109"}],"collection":[{"href":"https:\/\/footdavant.fr\/actualites\/wp-json\/wp\/v2\/posts"}],"about":[{"href":"https:\/\/footdavant.fr\/actualites\/wp-json\/wp\/v2\/types\/post"}],"author":[{"embeddable":true,"href":"https:\/\/footdavant.fr\/actualites\/wp-json\/wp\/v2\/users\/1"}],"replies":[{"embeddable":true,"href":"https:\/\/footdavant.fr\/actualites\/wp-json\/wp\/v2\/comments?post=2109"}],"version-history":[{"count":1,"href":"https:\/\/footdavant.fr\/actualites\/wp-json\/wp\/v2\/posts\/2109\/revisions"}],"predecessor-version":[{"id":2111,"href":"https:\/\/footdavant.fr\/actualites\/wp-json\/wp\/v2\/posts\/2109\/revisions\/2111"}],"wp:featuredmedia":[{"embeddable":true,"href":"https:\/\/footdavant.fr\/actualites\/wp-json\/wp\/v2\/media\/2110"}],"wp:attachment":[{"href":"https:\/\/footdavant.fr\/actualites\/wp-json\/wp\/v2\/media?parent=2109"}],"wp:term":[{"taxonomy":"category","embeddable":true,"href":"https:\/\/footdavant.fr\/actualites\/wp-json\/wp\/v2\/categories?post=2109"},{"taxonomy":"post_tag","embeddable":true,"href":"https:\/\/footdavant.fr\/actualites\/wp-json\/wp\/v2\/tags?post=2109"}],"curies":[{"name":"wp","href":"https:\/\/api.w.org\/{rel}","templated":true}]}}