{"id":2115,"date":"2023-12-08T08:58:04","date_gmt":"2023-12-08T07:58:04","guid":{"rendered":"https:\/\/footdavant.fr\/actualites\/pourquoi-pochettino-ne-doit-pas-etre-limoge-a-la-mi-saison\/"},"modified":"2023-12-08T08:58:04","modified_gmt":"2023-12-08T07:58:04","slug":"pourquoi-pochettino-ne-doit-pas-etre-limoge-a-la-mi-saison","status":"publish","type":"post","link":"https:\/\/footdavant.fr\/actualites\/pourquoi-pochettino-ne-doit-pas-etre-limoge-a-la-mi-saison\/","title":{"rendered":"Pourquoi Pochettino ne doit pas \u00eatre limog\u00e9 \u00e0 la mi-saison \u2013"},"content":{"rendered":"<div id=\"mvp-content-main\">\n<p>Pour la premi\u00e8re fois cette saison, je suis \u00e9galement frustr\u00e9 par Mauricio Pochettino au point que je me demande s&rsquo;il peut \u00eatre le manager qui ram\u00e8nera Chelsea au sommet.<\/p>\n<p>Mais le limoger n\u2019est pas la solution, et ce serait en fait r\u00e9gressif.<\/p>\n<p>Pochettino a \u00e9t\u00e9 embauch\u00e9 en raison de son exp\u00e9rience de travail et de d\u00e9veloppement de jeunes joueurs.  J&rsquo;ai toujours dit qu&rsquo;il n&rsquo;y avait pas beaucoup de meilleurs choix que Pochettino pour tirer le meilleur parti de l&rsquo;\u00e9quipe que nous avons, et je pense que beaucoup de gens ressentaient la m\u00eame chose.<\/p>\n<p>Si vous regardez les statistiques, Pochettino A effectivement am\u00e9lior\u00e9 notre jeu.  Mais malheureusement, je suis une personne qui pr\u00e9f\u00e8re regarder le test de la vue \u00e0 c\u00f4t\u00e9 des donn\u00e9es, ainsi que des faits solides plus importants, le classement.  Et rien de tout cela n\u2019est positif pour le moment.  J&rsquo;ai \u00e9crit davantage sur les n\u00e9gativit\u00e9s de Pochettino en mati\u00e8re d&rsquo;entra\u00eenement dans mon autre article d&rsquo;aujourd&rsquo;hui sur mon site Substack &lsquo;Si Phillips Talks Chelsea&rsquo; o\u00f9 je fais un petit discours \u2013 je voulais que celui-ci soit un peu plus mesur\u00e9.<\/p>\n<p>Parce que s\u00e9rieusement, je n&rsquo;ai pas envie de me lancer dans un autre man\u00e8ge de manager, ce n&rsquo;est pas la r\u00e9ponse \u00e0 mon avis.  Et je vais maintenant expliquer pourquoi\u00a0:<\/p>\n<h3>Les joueurs adorent Poch<\/h3>\n<p>Les gens de Cobham m&rsquo;ont dit \u00e0 quel point les joueurs, en g\u00e9n\u00e9ral, aiment Mauricio Pochettino.  Ce ne sont pas des relations publiques, ce sont vraiment juste des gens qui ne devraient pas vraiment parler mais qui sont assez gentils pour me faire savoir certaines choses de temps en temps.<\/p>\n<p>Il a soigneusement construit des relations avec chaque joueur, et les jeunes joueurs aiment vraiment travailler avec lui et lui font vraiment confiance \u2013 au moins en tant que personne et en tant que leader.  Certains joueurs attribuent leurs am\u00e9liorations (rares mais il y en a eu) au seul Pochettino.<\/p>\n<h3>Ils devraient cr\u00e9er de nouvelles relations<\/h3>\n<p>Si Poch \u00e9tait limog\u00e9, une grande poign\u00e9e de joueurs seraient boulevers\u00e9s et le moral chuterait consid\u00e9rablement (car croyez-le ou non, le groupe a \u00e9t\u00e9 tr\u00e8s bon).  Ensuite, lorsque le nouveau manager arriverait, il leur faudrait prendre le temps de cr\u00e9er une relation avec lui et de regagner sa confiance.<\/p>\n<h3>Nous reviendrions \u00e0 la pr\u00e9-saison<\/h3>\n<p>Cela nous renverrait.  \u00c0 la mi-saison, cela nous ram\u00e8nerait au d\u00e9but de la saison.  Un manager devrait prendre le temps de se familiariser avec son \u00e9quipe, de lui transmettre ses id\u00e9es et ses tactiques, d&rsquo;apprendre comment ils fonctionnent et \u00e0 quoi ils ressemblent.  Et tout cela prendrait du temps et pourrait \u00eatre d\u00e9sastreux.  Nous ne sommes pas dans une position o\u00f9 nous avons besoin d&rsquo;un nouveau manager, car les joueurs ne se sont pas retourn\u00e9s contre Pochettino, loin de l\u00e0.  S\u2019ils l\u2019avaient fait, je pourrais avoir des sentiments diff\u00e9rents.  Nous r\u00e9gresserions consid\u00e9rablement si nous limogeions Poch maintenant et cela pourrait finir par \u00eatre d\u00e9sastreux pour le reste de la saison.<\/p>\n<h3>Au juste, qui est disponible \u00e0 la place\u00a0?<\/h3>\n<p>Franchement, qui faites-vous venir maintenant, \u00e0 la mi-saison ?  R\u00e9ponses en commentaires si vous en avez une bonne.  Je vois des appels pour Jos\u00e9 Mourinho, mais s&rsquo;il vous pla\u00eet\u2026.<\/p>\n<div id=\"attachment_24551\" style=\"width: 1290px\" class=\"wp-caption alignnone\">\n<p id=\"caption-attachment-24551\" class=\"wp-caption-text\">Laurence Griffiths\/Getty Images<\/p>\n<\/div>\n<h3>Qui voudrait venir ici maintenant ?<\/h3>\n<p>Si nous licenciions un autre manager, qui serait le 45\u00e8me (l\u00e9g\u00e8re exag\u00e9ration) manager depuis l&rsquo;arriv\u00e9e de nos nouveaux propri\u00e9taires, qui diable voudrait accepter ce poste maintenant ?  Cela pourrait litt\u00e9ralement RUINER leur carri\u00e8re.  Quel beau message cela enverrait \u00e0 un autre pr\u00e9tendant si nous limogeions Poch maintenant.  \u00ab\u00a0Venez rejoindre notre projet sur le long terme qui peut ou non \u00eatre sur le long terme en fonction du d\u00e9roulement de vos 15 premiers matchs.\u00a0\u00bb<\/p>\n<h3>Le limoger, c&rsquo;est admettre une fois de plus ses erreurs de propri\u00e9t\u00e9<\/h3>\n<p>Nos propri\u00e9taires sont d\u00e9j\u00e0 sous surveillance et ont commis de grosses erreurs.  Imaginez qu&rsquo;ils limogent Pochettino maintenant, ce serait admettre une grosse erreur de plus \u00e0 ajouter \u00e0 la liste \u2013 ce n&rsquo;est pas une bonne id\u00e9e.<\/p>\n<h3>Nous avons besoin de stabilit\u00e9<\/h3>\n<p>La stabilit\u00e9 est tr\u00e8s importante \u00e0 mon avis, surtout avec une \u00e9quipe jeune et immature qui serait pr\u00e9tendument dans un projet.  Changer les choses sera tr\u00e8s perturbant pour ce groupe.  Changer d\u2019entra\u00eeneur ne nous donnerait pas soudainement une \u00e9quipe plus mature et moins brute, n\u2019est-ce pas ?  La stabilit\u00e9 et le temps font cela.<\/p>\n<h3>Il y a eu des am\u00e9liorations<\/h3>\n<p>Comme je l\u2019ai dit ci-dessus, les statistiques montrent qu\u2019en termes de performances, il y a eu des am\u00e9liorations sous Pochettino.  Et m\u00eame si je d\u00e9teste les excuses et que je regarde \u00e9galement la situation dans son ensemble, vous ne pouvez pas ignorer les blessures massives et les situations sans pr\u00e9c\u00e9dent auxquelles nous avons \u00e9t\u00e9 confront\u00e9s.  Je ne d\u00e9fends personne, mais il serait injuste et r\u00e9actionnaire d&rsquo;ignorer tout cela.<\/p>\n<h3>Notre direction continuerait de changer<\/h3>\n<p>Dans quelle direction irions-nous alors ?  Eh bien, cela d\u00e9pendrait du type de personne et de manager qu\u2019ils recruteraient. Si c\u2019\u00e9tait quelqu\u2019un qui arrivait et exigeait plus de contr\u00f4le, devrons-nous alors reconstruire l\u2019\u00e9quipe ?  Allait-on alors passer \u00e0 une approche de titres plus gagnants maintenant et continuer \u00e0 tourner en rond ?  Changer de manager change encore une fois la direction.<\/p>\n<p>Je pourrais continuer aussi\u2026.<\/p>\n<p>Il est facile de dire \u00ab renvoyer le manager \u00bb lorsque nous sommes dans la situation dans laquelle nous nous trouvons, mais parfois, il y a bien plus que cela.  Les gens exigent des r\u00e9ponses et une r\u00e9ponse dans des situations comme celle-ci, ce que je comprends tout \u00e0 fait, mais parfois le chef du manager n&rsquo;est tout simplement pas la solution.<\/p>\n<p>Je comprends, Pochettino a \u00e9t\u00e9 loin d\u2019\u00eatre parfait, et oui, moi aussi je suis un peu inquiet.  Mais comme ci-dessus, nous ne pouvons tout simplement pas le limoger pour le moment et nous devons maintenir notre plan de r\u00e9vision \u00e0 la fin de la saison.<\/p>\n<p>Et je crois que c\u2019est aussi ce qu\u2019ils feront.<\/p>\n<div class=\"feature-box\">Si vous souhaitez figurer sur Talk Chelsea.<\/div>\n<p>\t\t\t\t\t\t\t\t\t<!--mvp-post-tags--><\/p><\/div>\n","protected":false},"excerpt":{"rendered":"<p>Pour la premi\u00e8re fois cette saison, je suis \u00e9galement frustr\u00e9 par Mauricio Pochettino au point que je me demande s&rsquo;il peut \u00eatre le manager qui<\/p>\n","protected":false},"author":1,"featured_media":2116,"comment_status":"closed","ping_status":"","sticky":false,"template":"","format":"standard","meta":{"footnotes":""},"categories":[3],"tags":[578,270,1960,2024,71,47,610],"yoast_head":"<!-- This site is optimized with the Yoast SEO plugin v21.0 - https:\/\/yoast.com\/wordpress\/plugins\/seo\/ -->\n<title>Pourquoi Pochettino ne doit pas \u00eatre limog\u00e9 \u00e0 la mi-saison \u2013<\/title>\n<meta name=\"robots\" content=\"index, follow, max-snippet:-1, max-image-preview:large, max-video-preview:-1\" \/>\n<link rel=\"canonical\" href=\"https:\/\/footdavant.fr\/actualites\/pourquoi-pochettino-ne-doit-pas-etre-limoge-a-la-mi-saison\/\" \/>\n<meta property=\"og:locale\" content=\"fr_FR\" \/>\n<meta property=\"og:type\" content=\"article\" \/>\n<meta property=\"og:title\" content=\"Pourquoi Pochettino ne doit pas \u00eatre limog\u00e9 \u00e0 la mi-saison \u2013\" \/>\n<meta property=\"og:description\" content=\"Pour la premi\u00e8re fois cette saison, je suis \u00e9galement frustr\u00e9 par Mauricio Pochettino au point que je me demande s&rsquo;il peut \u00eatre le manager qui\" \/>\n<meta property=\"og:url\" content=\"https:\/\/footdavant.fr\/actualites\/pourquoi-pochettino-ne-doit-pas-etre-limoge-a-la-mi-saison\/\" \/>\n<meta property=\"og:site_name\" content=\"Foot d&#039;avant\" \/>\n<meta property=\"article:publisher\" content=\"https:\/\/www.facebook.com\/Footdavant\/\" \/>\n<meta property=\"article:published_time\" content=\"2023-12-08T07:58:04+00:00\" \/>\n<meta property=\"og:image\" content=\"https:\/\/footdavant.fr\/actualites\/wp-content\/uploads\/2023\/12\/Pourquoi-Pochettino-ne-doit-pas-etre-limoge-a-la-mi-saison.jpg\" \/>\n\t<meta property=\"og:image:width\" content=\"1000\" \/>\n\t<meta property=\"og:image:height\" content=\"600\" \/>\n\t<meta property=\"og:image:type\" content=\"image\/jpeg\" \/>\n<meta name=\"author\" content=\"Cl\u00e9ment\" \/>\n<meta name=\"twitter:card\" content=\"summary_large_image\" \/>\n<meta name=\"twitter:creator\" content=\"@FootdavantFr\" \/>\n<meta name=\"twitter:site\" content=\"@FootdavantFr\" \/>\n<meta name=\"twitter:label1\" content=\"\u00c9crit par\" \/>\n\t<meta name=\"twitter:data1\" content=\"Cl\u00e9ment\" \/>\n\t<meta name=\"twitter:label2\" content=\"Dur\u00e9e de lecture estim\u00e9e\" \/>\n\t<meta name=\"twitter:data2\" content=\"5 minutes\" \/>\n<script type=\"application\/ld+json\" class=\"yoast-schema-graph\">{\"@context\":\"https:\/\/schema.org\",\"@graph\":[{\"@type\":\"Article\",\"@id\":\"https:\/\/footdavant.fr\/actualites\/pourquoi-pochettino-ne-doit-pas-etre-limoge-a-la-mi-saison\/#article\",\"isPartOf\":{\"@id\":\"https:\/\/footdavant.fr\/actualites\/pourquoi-pochettino-ne-doit-pas-etre-limoge-a-la-mi-saison\/\"},\"author\":{\"name\":\"Cl\u00e9ment\",\"@id\":\"https:\/\/footdavant.fr\/actualites\/#\/schema\/person\/bc222566d95871b37e597b3ed3ba5e1d\"},\"headline\":\"Pourquoi Pochettino ne doit pas \u00eatre limog\u00e9 \u00e0 la mi-saison \u2013\",\"datePublished\":\"2023-12-08T07:58:04+00:00\",\"dateModified\":\"2023-12-08T07:58:04+00:00\",\"mainEntityOfPage\":{\"@id\":\"https:\/\/footdavant.fr\/actualites\/pourquoi-pochettino-ne-doit-pas-etre-limoge-a-la-mi-saison\/\"},\"wordCount\":1046,\"publisher\":{\"@id\":\"https:\/\/footdavant.fr\/actualites\/#organization\"},\"keywords\":[\"doit\",\"\u00eatre\",\"limoge\",\"misaison\",\"pas\",\"Pochettino\",\"Pourquoi\"],\"articleSection\":[\"Football\"],\"inLanguage\":\"fr-FR\"},{\"@type\":\"WebPage\",\"@id\":\"https:\/\/footdavant.fr\/actualites\/pourquoi-pochettino-ne-doit-pas-etre-limoge-a-la-mi-saison\/\",\"url\":\"https:\/\/footdavant.fr\/actualites\/pourquoi-pochettino-ne-doit-pas-etre-limoge-a-la-mi-saison\/\",\"name\":\"Pourquoi Pochettino ne doit pas \u00eatre limog\u00e9 \u00e0 la mi-saison \u2013\",\"isPartOf\":{\"@id\":\"https:\/\/footdavant.fr\/actualites\/#website\"},\"datePublished\":\"2023-12-08T07:58:04+00:00\",\"dateModified\":\"2023-12-08T07:58:04+00:00\",\"breadcrumb\":{\"@id\":\"https:\/\/footdavant.fr\/actualites\/pourquoi-pochettino-ne-doit-pas-etre-limoge-a-la-mi-saison\/#breadcrumb\"},\"inLanguage\":\"fr-FR\",\"potentialAction\":[{\"@type\":\"ReadAction\",\"target\":[\"https:\/\/footdavant.fr\/actualites\/pourquoi-pochettino-ne-doit-pas-etre-limoge-a-la-mi-saison\/\"]}]},{\"@type\":\"BreadcrumbList\",\"@id\":\"https:\/\/footdavant.fr\/actualites\/pourquoi-pochettino-ne-doit-pas-etre-limoge-a-la-mi-saison\/#breadcrumb\",\"itemListElement\":[{\"@type\":\"ListItem\",\"position\":1,\"name\":\"Accueil\",\"item\":\"https:\/\/footdavant.fr\/actualites\/\"},{\"@type\":\"ListItem\",\"position\":2,\"name\":\"Pourquoi Pochettino ne doit pas \u00eatre limog\u00e9 \u00e0 la mi-saison \u2013\"}]},{\"@type\":\"WebSite\",\"@id\":\"https:\/\/footdavant.fr\/actualites\/#website\",\"url\":\"https:\/\/footdavant.fr\/actualites\/\",\"name\":\"Foot d'avant\",\"description\":\"\",\"publisher\":{\"@id\":\"https:\/\/footdavant.fr\/actualites\/#organization\"},\"potentialAction\":[{\"@type\":\"SearchAction\",\"target\":{\"@type\":\"EntryPoint\",\"urlTemplate\":\"https:\/\/footdavant.fr\/actualites\/?s={search_term_string}\"},\"query-input\":\"required name=search_term_string\"}],\"inLanguage\":\"fr-FR\"},{\"@type\":\"Organization\",\"@id\":\"https:\/\/footdavant.fr\/actualites\/#organization\",\"name\":\"Foot d'avant\",\"url\":\"https:\/\/footdavant.fr\/actualites\/\",\"logo\":{\"@type\":\"ImageObject\",\"inLanguage\":\"fr-FR\",\"@id\":\"https:\/\/footdavant.fr\/actualites\/#\/schema\/logo\/image\/\",\"url\":\"https:\/\/footdavant.fr\/actualites\/wp-content\/uploads\/2023\/09\/Copy-of-FootDavant-Logo.png\",\"contentUrl\":\"https:\/\/footdavant.fr\/actualites\/wp-content\/uploads\/2023\/09\/Copy-of-FootDavant-Logo.png\",\"width\":936,\"height\":549,\"caption\":\"Foot d'avant\"},\"image\":{\"@id\":\"https:\/\/footdavant.fr\/actualites\/#\/schema\/logo\/image\/\"},\"sameAs\":[\"https:\/\/www.facebook.com\/Footdavant\/\",\"https:\/\/twitter.com\/FootdavantFr\",\"https:\/\/www.instagram.com\/footdavant.fr\/\"]},{\"@type\":\"Person\",\"@id\":\"https:\/\/footdavant.fr\/actualites\/#\/schema\/person\/bc222566d95871b37e597b3ed3ba5e1d\",\"name\":\"Cl\u00e9ment\",\"image\":{\"@type\":\"ImageObject\",\"inLanguage\":\"fr-FR\",\"@id\":\"https:\/\/footdavant.fr\/actualites\/#\/schema\/person\/image\/\",\"url\":\"https:\/\/secure.gravatar.com\/avatar\/7728b29aac2719421e1a9159b2254c44?s=96&d=mm&r=g\",\"contentUrl\":\"https:\/\/secure.gravatar.com\/avatar\/7728b29aac2719421e1a9159b2254c44?s=96&d=mm&r=g\",\"caption\":\"Cl\u00e9ment\"},\"sameAs\":[\"https:\/\/footdavant.fr\/\"]}]}<\/script>\n<!-- \/ Yoast SEO plugin. -->","yoast_head_json":{"title":"Pourquoi Pochettino ne doit pas \u00eatre limog\u00e9 \u00e0 la mi-saison \u2013","robots":{"index":"index","follow":"follow","max-snippet":"max-snippet:-1","max-image-preview":"max-image-preview:large","max-video-preview":"max-video-preview:-1"},"canonical":"https:\/\/footdavant.fr\/actualites\/pourquoi-pochettino-ne-doit-pas-etre-limoge-a-la-mi-saison\/","og_locale":"fr_FR","og_type":"article","og_title":"Pourquoi Pochettino ne doit pas \u00eatre limog\u00e9 \u00e0 la mi-saison \u2013","og_description":"Pour la premi\u00e8re fois cette saison, je suis \u00e9galement frustr\u00e9 par Mauricio Pochettino au point que je me demande s&rsquo;il peut \u00eatre le manager qui","og_url":"https:\/\/footdavant.fr\/actualites\/pourquoi-pochettino-ne-doit-pas-etre-limoge-a-la-mi-saison\/","og_site_name":"Foot d&#039;avant","article_publisher":"https:\/\/www.facebook.com\/Footdavant\/","article_published_time":"2023-12-08T07:58:04+00:00","og_image":[{"width":1000,"height":600,"url":"https:\/\/footdavant.fr\/actualites\/wp-content\/uploads\/2023\/12\/Pourquoi-Pochettino-ne-doit-pas-etre-limoge-a-la-mi-saison.jpg","type":"image\/jpeg"}],"author":"Cl\u00e9ment","twitter_card":"summary_large_image","twitter_creator":"@FootdavantFr","twitter_site":"@FootdavantFr","twitter_misc":{"\u00c9crit par":"Cl\u00e9ment","Dur\u00e9e de lecture estim\u00e9e":"5 minutes"},"schema":{"@context":"https:\/\/schema.org","@graph":[{"@type":"Article","@id":"https:\/\/footdavant.fr\/actualites\/pourquoi-pochettino-ne-doit-pas-etre-limoge-a-la-mi-saison\/#article","isPartOf":{"@id":"https:\/\/footdavant.fr\/actualites\/pourquoi-pochettino-ne-doit-pas-etre-limoge-a-la-mi-saison\/"},"author":{"name":"Cl\u00e9ment","@id":"https:\/\/footdavant.fr\/actualites\/#\/schema\/person\/bc222566d95871b37e597b3ed3ba5e1d"},"headline":"Pourquoi Pochettino ne doit pas \u00eatre limog\u00e9 \u00e0 la mi-saison \u2013","datePublished":"2023-12-08T07:58:04+00:00","dateModified":"2023-12-08T07:58:04+00:00","mainEntityOfPage":{"@id":"https:\/\/footdavant.fr\/actualites\/pourquoi-pochettino-ne-doit-pas-etre-limoge-a-la-mi-saison\/"},"wordCount":1046,"publisher":{"@id":"https:\/\/footdavant.fr\/actualites\/#organization"},"keywords":["doit","\u00eatre","limoge","misaison","pas","Pochettino","Pourquoi"],"articleSection":["Football"],"inLanguage":"fr-FR"},{"@type":"WebPage","@id":"https:\/\/footdavant.fr\/actualites\/pourquoi-pochettino-ne-doit-pas-etre-limoge-a-la-mi-saison\/","url":"https:\/\/footdavant.fr\/actualites\/pourquoi-pochettino-ne-doit-pas-etre-limoge-a-la-mi-saison\/","name":"Pourquoi Pochettino ne doit pas \u00eatre limog\u00e9 \u00e0 la mi-saison \u2013","isPartOf":{"@id":"https:\/\/footdavant.fr\/actualites\/#website"},"datePublished":"2023-12-08T07:58:04+00:00","dateModified":"2023-12-08T07:58:04+00:00","breadcrumb":{"@id":"https:\/\/footdavant.fr\/actualites\/pourquoi-pochettino-ne-doit-pas-etre-limoge-a-la-mi-saison\/#breadcrumb"},"inLanguage":"fr-FR","potentialAction":[{"@type":"ReadAction","target":["https:\/\/footdavant.fr\/actualites\/pourquoi-pochettino-ne-doit-pas-etre-limoge-a-la-mi-saison\/"]}]},{"@type":"BreadcrumbList","@id":"https:\/\/footdavant.fr\/actualites\/pourquoi-pochettino-ne-doit-pas-etre-limoge-a-la-mi-saison\/#breadcrumb","itemListElement":[{"@type":"ListItem","position":1,"name":"Accueil","item":"https:\/\/footdavant.fr\/actualites\/"},{"@type":"ListItem","position":2,"name":"Pourquoi Pochettino ne doit pas \u00eatre limog\u00e9 \u00e0 la mi-saison \u2013"}]},{"@type":"WebSite","@id":"https:\/\/footdavant.fr\/actualites\/#website","url":"https:\/\/footdavant.fr\/actualites\/","name":"Foot d'avant","description":"","publisher":{"@id":"https:\/\/footdavant.fr\/actualites\/#organization"},"potentialAction":[{"@type":"SearchAction","target":{"@type":"EntryPoint","urlTemplate":"https:\/\/footdavant.fr\/actualites\/?s={search_term_string}"},"query-input":"required name=search_term_string"}],"inLanguage":"fr-FR"},{"@type":"Organization","@id":"https:\/\/footdavant.fr\/actualites\/#organization","name":"Foot d'avant","url":"https:\/\/footdavant.fr\/actualites\/","logo":{"@type":"ImageObject","inLanguage":"fr-FR","@id":"https:\/\/footdavant.fr\/actualites\/#\/schema\/logo\/image\/","url":"https:\/\/footdavant.fr\/actualites\/wp-content\/uploads\/2023\/09\/Copy-of-FootDavant-Logo.png","contentUrl":"https:\/\/footdavant.fr\/actualites\/wp-content\/uploads\/2023\/09\/Copy-of-FootDavant-Logo.png","width":936,"height":549,"caption":"Foot d'avant"},"image":{"@id":"https:\/\/footdavant.fr\/actualites\/#\/schema\/logo\/image\/"},"sameAs":["https:\/\/www.facebook.com\/Footdavant\/","https:\/\/twitter.com\/FootdavantFr","https:\/\/www.instagram.com\/footdavant.fr\/"]},{"@type":"Person","@id":"https:\/\/footdavant.fr\/actualites\/#\/schema\/person\/bc222566d95871b37e597b3ed3ba5e1d","name":"Cl\u00e9ment","image":{"@type":"ImageObject","inLanguage":"fr-FR","@id":"https:\/\/footdavant.fr\/actualites\/#\/schema\/person\/image\/","url":"https:\/\/secure.gravatar.com\/avatar\/7728b29aac2719421e1a9159b2254c44?s=96&d=mm&r=g","contentUrl":"https:\/\/secure.gravatar.com\/avatar\/7728b29aac2719421e1a9159b2254c44?s=96&d=mm&r=g","caption":"Cl\u00e9ment"},"sameAs":["https:\/\/footdavant.fr\/"]}]}},"_links":{"self":[{"href":"https:\/\/footdavant.fr\/actualites\/wp-json\/wp\/v2\/posts\/2115"}],"collection":[{"href":"https:\/\/footdavant.fr\/actualites\/wp-json\/wp\/v2\/posts"}],"about":[{"href":"https:\/\/footdavant.fr\/actualites\/wp-json\/wp\/v2\/types\/post"}],"author":[{"embeddable":true,"href":"https:\/\/footdavant.fr\/actualites\/wp-json\/wp\/v2\/users\/1"}],"replies":[{"embeddable":true,"href":"https:\/\/footdavant.fr\/actualites\/wp-json\/wp\/v2\/comments?post=2115"}],"version-history":[{"count":1,"href":"https:\/\/footdavant.fr\/actualites\/wp-json\/wp\/v2\/posts\/2115\/revisions"}],"predecessor-version":[{"id":2117,"href":"https:\/\/footdavant.fr\/actualites\/wp-json\/wp\/v2\/posts\/2115\/revisions\/2117"}],"wp:featuredmedia":[{"embeddable":true,"href":"https:\/\/footdavant.fr\/actualites\/wp-json\/wp\/v2\/media\/2116"}],"wp:attachment":[{"href":"https:\/\/footdavant.fr\/actualites\/wp-json\/wp\/v2\/media?parent=2115"}],"wp:term":[{"taxonomy":"category","embeddable":true,"href":"https:\/\/footdavant.fr\/actualites\/wp-json\/wp\/v2\/categories?post=2115"},{"taxonomy":"post_tag","embeddable":true,"href":"https:\/\/footdavant.fr\/actualites\/wp-json\/wp\/v2\/tags?post=2115"}],"curies":[{"name":"wp","href":"https:\/\/api.w.org\/{rel}","templated":true}]}}