{"id":21161,"date":"2025-03-11T04:48:28","date_gmt":"2025-03-11T03:48:28","guid":{"rendered":"https:\/\/footdavant.fr\/actualites\/rio-ferdinand-lance-des-eloges-sur-ayden-heaven-apres-ses-debuts-en-premier-league-contre-arsenal-man-united-news-and-transfer-news\/"},"modified":"2025-03-11T04:48:29","modified_gmt":"2025-03-11T03:48:29","slug":"rio-ferdinand-lance-des-eloges-sur-ayden-heaven-apres-ses-debuts-en-premier-league-contre-arsenal-man-united-news-and-transfer-news","status":"publish","type":"post","link":"https:\/\/footdavant.fr\/actualites\/rio-ferdinand-lance-des-eloges-sur-ayden-heaven-apres-ses-debuts-en-premier-league-contre-arsenal-man-united-news-and-transfer-news\/","title":{"rendered":"Rio Ferdinand lance des \u00e9loges sur Ayden Heaven apr\u00e8s ses d\u00e9buts en Premier League contre Arsenal &#8211; Man United News and Transfer News"},"content":{"rendered":"<div id=\"penci-post-entry-inner\">\n<p>\t\t\t<i class=\"penci-post-countview-number-check\" style=\"display:none\">1<\/i><\/p>\n<p><!--Article Start--><br \/>Manchester United a produit une exposition de combat pour prendre un point de son match de Premier League contre Arsenal \u00e0 Old Trafford dimanche, m\u00eame si beaucoup avaient pr\u00e9dit une victoire facile pour l&#39;\u00e9quipe du nord de Londres.<\/p>\n<p>Ruben Amorim avait d\u00e9clar\u00e9 avant le match que son \u00e9quipe avait besoin de survivre, mais ils ont fait plus que cela en seconde p\u00e9riode et auraient d\u00fb r\u00e9clamer les trois points, mais pour un gardien de but brillant de David Raya.<\/p>\n<p>L&#39;entra\u00eeneur-chef sera \u00e9galement satisfait de la performance lors de ses d\u00e9buts en Premier League pour le club par Ayden Heaven, qui a sign\u00e9 pour les Red Devils des Gunners en janvier.<\/p>\n<p>Jouer contre son ancien club n&#39;aura pas \u00e9t\u00e9 facile pour le joueur de 18 ans, surtout lorsqu&#39;il est venu pour le fiable Leny Yoro en seconde p\u00e9riode.<\/p>\n<h5>Cameo impressionnant \u00e0 nouveau<\/h5>\n<p>Mais il a plus que tenu le coup comme on le voit des statistiques. L&#39;arri\u00e8re central du pied gauche n&#39;a pas \u00e9t\u00e9 dribbl\u00e9 une fois et a termin\u00e9 100% de ses plaqu\u00e9s.<\/p>\n<p>L&#39;ancien homme d&#39;Arsenal a \u00e9galement \u00e9tabli trois autorisations et la l\u00e9gende du club Rio Ferdinand a \u00e9t\u00e9 impressionn\u00e9e par ce qu&#39;il a vu (toutes les statistiques via).<\/p>\n<p>Parlant Rio Ferdinand pr\u00e9sente la cha\u00eene YouTube de YouTube, l&#39;ancienne star de l&#39;Angleterre a expliqu\u00e9 comment le paradis \u00e9tait fier de son affichage tout en qualifiant sa d\u00e9cision de quitter le nord de Londres pour Manchester comme la bonne.<\/p>\n<h5>Rio plein d&#39;\u00e9loges<\/h5>\n<p>\u00abJ&#39;ai vu une bonne attitude parce que j&#39;ai vu un homme \u00e0 ressembler:\u00ab Je ne vais pas laisser Arsenal me battre aujourd&#39;hui. Il y a une fiert\u00e9, n&#39;est-ce pas parce que lorsque vous allez dans votre ancien club, c&#39;est une chose tout \u00e0 fait \u00e9motionnelle et il y a beaucoup de pression qui vient avec cela.<\/p>\n<p>\u00abVous devez prouver maintenant pourquoi je suis ici et je vous ai beaucoup laiss\u00e9 et je joue \u00e0 la premi\u00e8re \u00e9quipe maintenant, c&#39;est pourquoi. Donc, c&#39;est une grande pression et je pensais qu&#39;il l&#39;a tr\u00e8s bien g\u00e9r\u00e9. Je pense que les commentaires du manager disant qu&#39;il est parfois presque trop \u00e0 l&#39;aise, mais je l&#39;aime vraiment et vraiment positif \u00e0 son sujet sera vraiment g\u00e9nial pour sa confiance.<\/p>\n<p>\u00abJe pense qu&#39;il a \u00e9t\u00e9 justifi\u00e9 d&#39;aller \u00e0 Man United \u00e0 ce stade parce qu&#39;il joue en ce moment. \u00c0 long terme, je ne sais pas, \u00e0 long terme, nous ne savons pas. \u00ab\u00a0<\/p>\n<p>Que Amorim lui fasse maintenant confiance pour un d\u00e9but, surtout si Yoro et Harry Maguire ne parviennent pas \u00e0 r\u00e9cup\u00e9rer \u00e0 temps pour le match de la Ligue Europa de jeudi, reste \u00e0 voir.<\/p>\n<p>Mais comme on le voit \u00e9galement de son impressionnant cam\u00e9e contre Fulham dans la FA Cup, Heaven a montr\u00e9 qu&#39;il \u00e9tait pr\u00eat \u00e0 avoir un impact sur les matchs pour les 20 champions de la Ligue anglaise.<\/p>\n<\/p>\n<hr>\n<p>Suivez-nous sur bluesky: @ PeopleSerson.bsky.social<br \/><!--Article End--><\/p>\n<p><!-- CONTENT END 3 --><\/p><\/div>\n","protected":false},"excerpt":{"rendered":"<p>1 Manchester United a produit une exposition de combat pour prendre un point de son match de Premier League contre Arsenal \u00e0 Old Trafford dimanche,<\/p>\n","protected":false},"author":1,"featured_media":20754,"comment_status":"closed","ping_status":"","sticky":false,"template":"","format":"standard","meta":{"footnotes":""},"categories":[3],"tags":[25,67,8301,20,721,12,5727,484,8302,4464,202,24,409,201,483,154,103,2732,13],"yoast_head":"<!-- This site is optimized with the Yoast SEO plugin v21.0 - https:\/\/yoast.com\/wordpress\/plugins\/seo\/ -->\n<title>Rio Ferdinand lance des \u00e9loges sur Ayden Heaven apr\u00e8s ses d\u00e9buts en Premier League contre Arsenal - Man United News and Transfer News<\/title>\n<meta name=\"robots\" content=\"index, follow, max-snippet:-1, max-image-preview:large, max-video-preview:-1\" \/>\n<link rel=\"canonical\" href=\"https:\/\/footdavant.fr\/actualites\/rio-ferdinand-lance-des-eloges-sur-ayden-heaven-apres-ses-debuts-en-premier-league-contre-arsenal-man-united-news-and-transfer-news\/\" \/>\n<meta property=\"og:locale\" content=\"fr_FR\" \/>\n<meta property=\"og:type\" content=\"article\" \/>\n<meta property=\"og:title\" content=\"Rio Ferdinand lance des \u00e9loges sur Ayden Heaven apr\u00e8s ses d\u00e9buts en Premier League contre Arsenal - Man United News and Transfer News\" \/>\n<meta property=\"og:description\" content=\"1 Manchester United a produit une exposition de combat pour prendre un point de son match de Premier League contre Arsenal \u00e0 Old Trafford dimanche,\" \/>\n<meta property=\"og:url\" content=\"https:\/\/footdavant.fr\/actualites\/rio-ferdinand-lance-des-eloges-sur-ayden-heaven-apres-ses-debuts-en-premier-league-contre-arsenal-man-united-news-and-transfer-news\/\" \/>\n<meta property=\"og:site_name\" content=\"Foot d&#039;avant\" \/>\n<meta property=\"article:publisher\" content=\"https:\/\/www.facebook.com\/Footdavant\/\" \/>\n<meta property=\"article:published_time\" content=\"2025-03-11T03:48:28+00:00\" \/>\n<meta property=\"article:modified_time\" content=\"2025-03-11T03:48:29+00:00\" \/>\n<meta property=\"og:image\" content=\"https:\/\/footdavant.fr\/actualites\/wp-content\/uploads\/2025\/03\/Man-United-Boss-Ruben-Amorim-plein-d39eloges-pour-Chido-Obi.jpg\" \/>\n\t<meta property=\"og:image:width\" content=\"1600\" \/>\n\t<meta property=\"og:image:height\" content=\"702\" \/>\n\t<meta property=\"og:image:type\" content=\"image\/jpeg\" \/>\n<meta name=\"author\" content=\"Cl\u00e9ment\" \/>\n<meta name=\"twitter:card\" content=\"summary_large_image\" \/>\n<meta name=\"twitter:creator\" content=\"@FootdavantFr\" \/>\n<meta name=\"twitter:site\" content=\"@FootdavantFr\" \/>\n<meta name=\"twitter:label1\" content=\"\u00c9crit par\" \/>\n\t<meta name=\"twitter:data1\" content=\"Cl\u00e9ment\" \/>\n\t<meta name=\"twitter:label2\" content=\"Dur\u00e9e de lecture estim\u00e9e\" \/>\n\t<meta name=\"twitter:data2\" content=\"3 minutes\" \/>\n<script type=\"application\/ld+json\" class=\"yoast-schema-graph\">{\"@context\":\"https:\/\/schema.org\",\"@graph\":[{\"@type\":\"Article\",\"@id\":\"https:\/\/footdavant.fr\/actualites\/rio-ferdinand-lance-des-eloges-sur-ayden-heaven-apres-ses-debuts-en-premier-league-contre-arsenal-man-united-news-and-transfer-news\/#article\",\"isPartOf\":{\"@id\":\"https:\/\/footdavant.fr\/actualites\/rio-ferdinand-lance-des-eloges-sur-ayden-heaven-apres-ses-debuts-en-premier-league-contre-arsenal-man-united-news-and-transfer-news\/\"},\"author\":{\"name\":\"Cl\u00e9ment\",\"@id\":\"https:\/\/footdavant.fr\/actualites\/#\/schema\/person\/bc222566d95871b37e597b3ed3ba5e1d\"},\"headline\":\"Rio Ferdinand lance des \u00e9loges sur Ayden Heaven apr\u00e8s ses d\u00e9buts en Premier League contre Arsenal &#8211; Man United News and Transfer News\",\"datePublished\":\"2025-03-11T03:48:28+00:00\",\"dateModified\":\"2025-03-11T03:48:29+00:00\",\"mainEntityOfPage\":{\"@id\":\"https:\/\/footdavant.fr\/actualites\/rio-ferdinand-lance-des-eloges-sur-ayden-heaven-apres-ses-debuts-en-premier-league-contre-arsenal-man-united-news-and-transfer-news\/\"},\"wordCount\":535,\"publisher\":{\"@id\":\"https:\/\/footdavant.fr\/actualites\/#organization\"},\"keywords\":[\"apr\u00e8s\",\"Arsenal\",\"Ayden\",\"contre\",\"d\u00e9buts\",\"des\",\"\u00e9loges\",\"Ferdinand\",\"Heaven\",\"lance\",\"League\",\"Man\",\"News\",\"Premier\",\"Rio\",\"ses\",\"sur\",\"Transfer\",\"United\"],\"articleSection\":[\"Football\"],\"inLanguage\":\"fr-FR\"},{\"@type\":\"WebPage\",\"@id\":\"https:\/\/footdavant.fr\/actualites\/rio-ferdinand-lance-des-eloges-sur-ayden-heaven-apres-ses-debuts-en-premier-league-contre-arsenal-man-united-news-and-transfer-news\/\",\"url\":\"https:\/\/footdavant.fr\/actualites\/rio-ferdinand-lance-des-eloges-sur-ayden-heaven-apres-ses-debuts-en-premier-league-contre-arsenal-man-united-news-and-transfer-news\/\",\"name\":\"Rio Ferdinand lance des \u00e9loges sur Ayden Heaven apr\u00e8s ses d\u00e9buts en Premier League contre Arsenal - Man United News and Transfer News\",\"isPartOf\":{\"@id\":\"https:\/\/footdavant.fr\/actualites\/#website\"},\"datePublished\":\"2025-03-11T03:48:28+00:00\",\"dateModified\":\"2025-03-11T03:48:29+00:00\",\"breadcrumb\":{\"@id\":\"https:\/\/footdavant.fr\/actualites\/rio-ferdinand-lance-des-eloges-sur-ayden-heaven-apres-ses-debuts-en-premier-league-contre-arsenal-man-united-news-and-transfer-news\/#breadcrumb\"},\"inLanguage\":\"fr-FR\",\"potentialAction\":[{\"@type\":\"ReadAction\",\"target\":[\"https:\/\/footdavant.fr\/actualites\/rio-ferdinand-lance-des-eloges-sur-ayden-heaven-apres-ses-debuts-en-premier-league-contre-arsenal-man-united-news-and-transfer-news\/\"]}]},{\"@type\":\"BreadcrumbList\",\"@id\":\"https:\/\/footdavant.fr\/actualites\/rio-ferdinand-lance-des-eloges-sur-ayden-heaven-apres-ses-debuts-en-premier-league-contre-arsenal-man-united-news-and-transfer-news\/#breadcrumb\",\"itemListElement\":[{\"@type\":\"ListItem\",\"position\":1,\"name\":\"Accueil\",\"item\":\"https:\/\/footdavant.fr\/actualites\/\"},{\"@type\":\"ListItem\",\"position\":2,\"name\":\"Rio Ferdinand lance des \u00e9loges sur Ayden Heaven apr\u00e8s ses d\u00e9buts en Premier League contre Arsenal &#8211; Man United News and Transfer News\"}]},{\"@type\":\"WebSite\",\"@id\":\"https:\/\/footdavant.fr\/actualites\/#website\",\"url\":\"https:\/\/footdavant.fr\/actualites\/\",\"name\":\"Foot d'avant\",\"description\":\"\",\"publisher\":{\"@id\":\"https:\/\/footdavant.fr\/actualites\/#organization\"},\"potentialAction\":[{\"@type\":\"SearchAction\",\"target\":{\"@type\":\"EntryPoint\",\"urlTemplate\":\"https:\/\/footdavant.fr\/actualites\/?s={search_term_string}\"},\"query-input\":\"required name=search_term_string\"}],\"inLanguage\":\"fr-FR\"},{\"@type\":\"Organization\",\"@id\":\"https:\/\/footdavant.fr\/actualites\/#organization\",\"name\":\"Foot d'avant\",\"url\":\"https:\/\/footdavant.fr\/actualites\/\",\"logo\":{\"@type\":\"ImageObject\",\"inLanguage\":\"fr-FR\",\"@id\":\"https:\/\/footdavant.fr\/actualites\/#\/schema\/logo\/image\/\",\"url\":\"https:\/\/footdavant.fr\/actualites\/wp-content\/uploads\/2023\/09\/Copy-of-FootDavant-Logo.png\",\"contentUrl\":\"https:\/\/footdavant.fr\/actualites\/wp-content\/uploads\/2023\/09\/Copy-of-FootDavant-Logo.png\",\"width\":936,\"height\":549,\"caption\":\"Foot d'avant\"},\"image\":{\"@id\":\"https:\/\/footdavant.fr\/actualites\/#\/schema\/logo\/image\/\"},\"sameAs\":[\"https:\/\/www.facebook.com\/Footdavant\/\",\"https:\/\/twitter.com\/FootdavantFr\",\"https:\/\/www.instagram.com\/footdavant.fr\/\"]},{\"@type\":\"Person\",\"@id\":\"https:\/\/footdavant.fr\/actualites\/#\/schema\/person\/bc222566d95871b37e597b3ed3ba5e1d\",\"name\":\"Cl\u00e9ment\",\"image\":{\"@type\":\"ImageObject\",\"inLanguage\":\"fr-FR\",\"@id\":\"https:\/\/footdavant.fr\/actualites\/#\/schema\/person\/image\/\",\"url\":\"https:\/\/secure.gravatar.com\/avatar\/7728b29aac2719421e1a9159b2254c44?s=96&d=mm&r=g\",\"contentUrl\":\"https:\/\/secure.gravatar.com\/avatar\/7728b29aac2719421e1a9159b2254c44?s=96&d=mm&r=g\",\"caption\":\"Cl\u00e9ment\"},\"sameAs\":[\"https:\/\/footdavant.fr\/\"]}]}<\/script>\n<!-- \/ Yoast SEO plugin. -->","yoast_head_json":{"title":"Rio Ferdinand lance des \u00e9loges sur Ayden Heaven apr\u00e8s ses d\u00e9buts en Premier League contre Arsenal - Man United News and Transfer News","robots":{"index":"index","follow":"follow","max-snippet":"max-snippet:-1","max-image-preview":"max-image-preview:large","max-video-preview":"max-video-preview:-1"},"canonical":"https:\/\/footdavant.fr\/actualites\/rio-ferdinand-lance-des-eloges-sur-ayden-heaven-apres-ses-debuts-en-premier-league-contre-arsenal-man-united-news-and-transfer-news\/","og_locale":"fr_FR","og_type":"article","og_title":"Rio Ferdinand lance des \u00e9loges sur Ayden Heaven apr\u00e8s ses d\u00e9buts en Premier League contre Arsenal - Man United News and Transfer News","og_description":"1 Manchester United a produit une exposition de combat pour prendre un point de son match de Premier League contre Arsenal \u00e0 Old Trafford dimanche,","og_url":"https:\/\/footdavant.fr\/actualites\/rio-ferdinand-lance-des-eloges-sur-ayden-heaven-apres-ses-debuts-en-premier-league-contre-arsenal-man-united-news-and-transfer-news\/","og_site_name":"Foot d&#039;avant","article_publisher":"https:\/\/www.facebook.com\/Footdavant\/","article_published_time":"2025-03-11T03:48:28+00:00","article_modified_time":"2025-03-11T03:48:29+00:00","og_image":[{"width":1600,"height":702,"url":"https:\/\/footdavant.fr\/actualites\/wp-content\/uploads\/2025\/03\/Man-United-Boss-Ruben-Amorim-plein-d39eloges-pour-Chido-Obi.jpg","type":"image\/jpeg"}],"author":"Cl\u00e9ment","twitter_card":"summary_large_image","twitter_creator":"@FootdavantFr","twitter_site":"@FootdavantFr","twitter_misc":{"\u00c9crit par":"Cl\u00e9ment","Dur\u00e9e de lecture estim\u00e9e":"3 minutes"},"schema":{"@context":"https:\/\/schema.org","@graph":[{"@type":"Article","@id":"https:\/\/footdavant.fr\/actualites\/rio-ferdinand-lance-des-eloges-sur-ayden-heaven-apres-ses-debuts-en-premier-league-contre-arsenal-man-united-news-and-transfer-news\/#article","isPartOf":{"@id":"https:\/\/footdavant.fr\/actualites\/rio-ferdinand-lance-des-eloges-sur-ayden-heaven-apres-ses-debuts-en-premier-league-contre-arsenal-man-united-news-and-transfer-news\/"},"author":{"name":"Cl\u00e9ment","@id":"https:\/\/footdavant.fr\/actualites\/#\/schema\/person\/bc222566d95871b37e597b3ed3ba5e1d"},"headline":"Rio Ferdinand lance des \u00e9loges sur Ayden Heaven apr\u00e8s ses d\u00e9buts en Premier League contre Arsenal &#8211; Man United News and Transfer News","datePublished":"2025-03-11T03:48:28+00:00","dateModified":"2025-03-11T03:48:29+00:00","mainEntityOfPage":{"@id":"https:\/\/footdavant.fr\/actualites\/rio-ferdinand-lance-des-eloges-sur-ayden-heaven-apres-ses-debuts-en-premier-league-contre-arsenal-man-united-news-and-transfer-news\/"},"wordCount":535,"publisher":{"@id":"https:\/\/footdavant.fr\/actualites\/#organization"},"keywords":["apr\u00e8s","Arsenal","Ayden","contre","d\u00e9buts","des","\u00e9loges","Ferdinand","Heaven","lance","League","Man","News","Premier","Rio","ses","sur","Transfer","United"],"articleSection":["Football"],"inLanguage":"fr-FR"},{"@type":"WebPage","@id":"https:\/\/footdavant.fr\/actualites\/rio-ferdinand-lance-des-eloges-sur-ayden-heaven-apres-ses-debuts-en-premier-league-contre-arsenal-man-united-news-and-transfer-news\/","url":"https:\/\/footdavant.fr\/actualites\/rio-ferdinand-lance-des-eloges-sur-ayden-heaven-apres-ses-debuts-en-premier-league-contre-arsenal-man-united-news-and-transfer-news\/","name":"Rio Ferdinand lance des \u00e9loges sur Ayden Heaven apr\u00e8s ses d\u00e9buts en Premier League contre Arsenal - Man United News and Transfer News","isPartOf":{"@id":"https:\/\/footdavant.fr\/actualites\/#website"},"datePublished":"2025-03-11T03:48:28+00:00","dateModified":"2025-03-11T03:48:29+00:00","breadcrumb":{"@id":"https:\/\/footdavant.fr\/actualites\/rio-ferdinand-lance-des-eloges-sur-ayden-heaven-apres-ses-debuts-en-premier-league-contre-arsenal-man-united-news-and-transfer-news\/#breadcrumb"},"inLanguage":"fr-FR","potentialAction":[{"@type":"ReadAction","target":["https:\/\/footdavant.fr\/actualites\/rio-ferdinand-lance-des-eloges-sur-ayden-heaven-apres-ses-debuts-en-premier-league-contre-arsenal-man-united-news-and-transfer-news\/"]}]},{"@type":"BreadcrumbList","@id":"https:\/\/footdavant.fr\/actualites\/rio-ferdinand-lance-des-eloges-sur-ayden-heaven-apres-ses-debuts-en-premier-league-contre-arsenal-man-united-news-and-transfer-news\/#breadcrumb","itemListElement":[{"@type":"ListItem","position":1,"name":"Accueil","item":"https:\/\/footdavant.fr\/actualites\/"},{"@type":"ListItem","position":2,"name":"Rio Ferdinand lance des \u00e9loges sur Ayden Heaven apr\u00e8s ses d\u00e9buts en Premier League contre Arsenal &#8211; Man United News and Transfer News"}]},{"@type":"WebSite","@id":"https:\/\/footdavant.fr\/actualites\/#website","url":"https:\/\/footdavant.fr\/actualites\/","name":"Foot d'avant","description":"","publisher":{"@id":"https:\/\/footdavant.fr\/actualites\/#organization"},"potentialAction":[{"@type":"SearchAction","target":{"@type":"EntryPoint","urlTemplate":"https:\/\/footdavant.fr\/actualites\/?s={search_term_string}"},"query-input":"required name=search_term_string"}],"inLanguage":"fr-FR"},{"@type":"Organization","@id":"https:\/\/footdavant.fr\/actualites\/#organization","name":"Foot d'avant","url":"https:\/\/footdavant.fr\/actualites\/","logo":{"@type":"ImageObject","inLanguage":"fr-FR","@id":"https:\/\/footdavant.fr\/actualites\/#\/schema\/logo\/image\/","url":"https:\/\/footdavant.fr\/actualites\/wp-content\/uploads\/2023\/09\/Copy-of-FootDavant-Logo.png","contentUrl":"https:\/\/footdavant.fr\/actualites\/wp-content\/uploads\/2023\/09\/Copy-of-FootDavant-Logo.png","width":936,"height":549,"caption":"Foot d'avant"},"image":{"@id":"https:\/\/footdavant.fr\/actualites\/#\/schema\/logo\/image\/"},"sameAs":["https:\/\/www.facebook.com\/Footdavant\/","https:\/\/twitter.com\/FootdavantFr","https:\/\/www.instagram.com\/footdavant.fr\/"]},{"@type":"Person","@id":"https:\/\/footdavant.fr\/actualites\/#\/schema\/person\/bc222566d95871b37e597b3ed3ba5e1d","name":"Cl\u00e9ment","image":{"@type":"ImageObject","inLanguage":"fr-FR","@id":"https:\/\/footdavant.fr\/actualites\/#\/schema\/person\/image\/","url":"https:\/\/secure.gravatar.com\/avatar\/7728b29aac2719421e1a9159b2254c44?s=96&d=mm&r=g","contentUrl":"https:\/\/secure.gravatar.com\/avatar\/7728b29aac2719421e1a9159b2254c44?s=96&d=mm&r=g","caption":"Cl\u00e9ment"},"sameAs":["https:\/\/footdavant.fr\/"]}]}},"_links":{"self":[{"href":"https:\/\/footdavant.fr\/actualites\/wp-json\/wp\/v2\/posts\/21161"}],"collection":[{"href":"https:\/\/footdavant.fr\/actualites\/wp-json\/wp\/v2\/posts"}],"about":[{"href":"https:\/\/footdavant.fr\/actualites\/wp-json\/wp\/v2\/types\/post"}],"author":[{"embeddable":true,"href":"https:\/\/footdavant.fr\/actualites\/wp-json\/wp\/v2\/users\/1"}],"replies":[{"embeddable":true,"href":"https:\/\/footdavant.fr\/actualites\/wp-json\/wp\/v2\/comments?post=21161"}],"version-history":[{"count":1,"href":"https:\/\/footdavant.fr\/actualites\/wp-json\/wp\/v2\/posts\/21161\/revisions"}],"predecessor-version":[{"id":21162,"href":"https:\/\/footdavant.fr\/actualites\/wp-json\/wp\/v2\/posts\/21161\/revisions\/21162"}],"wp:featuredmedia":[{"embeddable":true,"href":"https:\/\/footdavant.fr\/actualites\/wp-json\/wp\/v2\/media\/20754"}],"wp:attachment":[{"href":"https:\/\/footdavant.fr\/actualites\/wp-json\/wp\/v2\/media?parent=21161"}],"wp:term":[{"taxonomy":"category","embeddable":true,"href":"https:\/\/footdavant.fr\/actualites\/wp-json\/wp\/v2\/categories?post=21161"},{"taxonomy":"post_tag","embeddable":true,"href":"https:\/\/footdavant.fr\/actualites\/wp-json\/wp\/v2\/tags?post=21161"}],"curies":[{"name":"wp","href":"https:\/\/api.w.org\/{rel}","templated":true}]}}