{"id":2127,"date":"2023-12-08T14:57:08","date_gmt":"2023-12-08T13:57:08","guid":{"rendered":"https:\/\/footdavant.fr\/actualites\/nicol-dit-quil-a-peu-confiance-en-las-du-lfc-de-24-ans\/"},"modified":"2023-12-08T14:57:10","modified_gmt":"2023-12-08T13:57:10","slug":"nicol-dit-quil-a-peu-confiance-en-las-du-lfc-de-24-ans","status":"publish","type":"post","link":"https:\/\/footdavant.fr\/actualites\/nicol-dit-quil-a-peu-confiance-en-las-du-lfc-de-24-ans\/","title":{"rendered":"Nicol dit qu&rsquo;il a peu confiance en l&rsquo;as du LFC de 24 ans"},"content":{"rendered":"<p><\/p>\n<div id=\"article-body\">\n<!-- Article Start --><\/p>\n<p>Steve Nicol a admis qu&rsquo;il avait tr\u00e8s peu confiance en l&rsquo;un des joueurs de Jurgen Klopp \u00e0 Liverpool pour le moment, mais a exhort\u00e9 le tacticien allemand \u00e0 lui donner une \u00ab\u00a0course vendue\u00a0\u00bb dans l&rsquo;\u00e9quipe.<\/p>\n<p>Darwin Nunez a d\u00fb se contenter d&rsquo;une place sur le banc lors de la d\u00e9faite 2-0 des Reds contre Sheffield United mercredi, mais a \u00e9t\u00e9 pr\u00e9sent\u00e9 comme rempla\u00e7ant en seconde p\u00e9riode et a obtenu une passe d\u00e9cisive \u00e0 Bramall Lane.<\/p>\n<p>L&rsquo;Uruguayen est un personnage unique dans le sens o\u00f9 on ne sait pas vraiment ce qu&rsquo;il va faire ensuite.  C&rsquo;est cependant la raison pour laquelle il est d\u00e9j\u00e0 en quelque sorte un h\u00e9ros culte \u00e0 Anfield et Nicol pense que Liverpool pourrait voir le meilleur de lui s&rsquo;il continuait \u00e0 jouer longtemps dans l&rsquo;\u00e9quipe.<\/p>\n<p>  a d\u00e9clar\u00e9 l&rsquo;homme de 61 ans \u00e0 ESPN.<\/p>\n<\/p>\n<\/p>\n<p>Le joueur de 24 ans a d\u00e9but\u00e9 11 des 22 matchs de Liverpool jusqu&rsquo;\u00e0 pr\u00e9sent cette saison (toutes comp\u00e9titions confondues) et a inscrit sept buts et sept passes d\u00e9cisives.<\/p>\n<p>Ces chiffres sont plut\u00f4t corrects, mais ce qui est frustrant, c&rsquo;est le nombre d&rsquo;occasions manqu\u00e9es par notre num\u00e9ro 9.  Son total de buts pourrait tr\u00e8s facilement \u00eatre \u00e0 deux chiffres avec la menace qu&rsquo;il repr\u00e9sente derri\u00e8re et son mouvement brillant.<\/p>\n<p>Il est parfois quelque peu irr\u00e9gulier devant le but, mais si Klopp and Co. peut continuer \u00e0 travailler sur l&rsquo;ancien joueur de Benfica, il n&rsquo;y a aucune raison pour qu&rsquo;il ne devienne pas un finisseur clinique.<\/p>\n<p>La prochaine \u00e9tape pour les Reds est un voyage \u00e0 Selhurst Park demain et Nunez sera impatient de revenir dans le onze de d\u00e9part apr\u00e8s son impressionnante apparition sur le banc au cours de la semaine.<\/p>\n<\/p>\n<p><span class=\"embed-youtube\" style=\"text-align:center; display: block;\"><\/span><\/p>\n<p><!-- Article End -->\t\t\t\t<\/div>\n","protected":false},"excerpt":{"rendered":"<p>Steve Nicol a admis qu&rsquo;il avait tr\u00e8s peu confiance en l&rsquo;un des joueurs de Jurgen Klopp \u00e0 Liverpool pour le moment, mais a exhort\u00e9 le<\/p>\n","protected":false},"author":1,"featured_media":2128,"comment_status":"closed","ping_status":"","sticky":false,"template":"","format":"standard","meta":{"footnotes":""},"categories":[3],"tags":[209,1565,125,848,204,2028,1776,514],"yoast_head":"<!-- This site is optimized with the Yoast SEO plugin v21.0 - https:\/\/yoast.com\/wordpress\/plugins\/seo\/ -->\n<title>Nicol dit qu&#039;il a peu confiance en l&#039;as du LFC de 24 ans<\/title>\n<meta name=\"robots\" content=\"index, follow, max-snippet:-1, max-image-preview:large, max-video-preview:-1\" \/>\n<link rel=\"canonical\" href=\"https:\/\/footdavant.fr\/actualites\/nicol-dit-quil-a-peu-confiance-en-las-du-lfc-de-24-ans\/\" \/>\n<meta property=\"og:locale\" content=\"fr_FR\" \/>\n<meta property=\"og:type\" content=\"article\" \/>\n<meta property=\"og:title\" content=\"Nicol dit qu&#039;il a peu confiance en l&#039;as du LFC de 24 ans\" \/>\n<meta property=\"og:description\" content=\"Steve Nicol a admis qu&rsquo;il avait tr\u00e8s peu confiance en l&rsquo;un des joueurs de Jurgen Klopp \u00e0 Liverpool pour le moment, mais a exhort\u00e9 le\" \/>\n<meta property=\"og:url\" content=\"https:\/\/footdavant.fr\/actualites\/nicol-dit-quil-a-peu-confiance-en-las-du-lfc-de-24-ans\/\" \/>\n<meta property=\"og:site_name\" content=\"Foot d&#039;avant\" \/>\n<meta property=\"article:publisher\" content=\"https:\/\/www.facebook.com\/Footdavant\/\" \/>\n<meta property=\"article:published_time\" content=\"2023-12-08T13:57:08+00:00\" \/>\n<meta property=\"article:modified_time\" content=\"2023-12-08T13:57:10+00:00\" \/>\n<meta property=\"og:image\" content=\"https:\/\/footdavant.fr\/actualites\/wp-content\/uploads\/2023\/12\/Nicol-dit-quil-a-peu-confiance-en-las-du-LFC.jpg\" \/>\n\t<meta property=\"og:image:width\" content=\"1221\" \/>\n\t<meta property=\"og:image:height\" content=\"768\" \/>\n\t<meta property=\"og:image:type\" content=\"image\/jpeg\" \/>\n<meta name=\"author\" content=\"Cl\u00e9ment\" \/>\n<meta name=\"twitter:card\" content=\"summary_large_image\" \/>\n<meta name=\"twitter:creator\" content=\"@FootdavantFr\" \/>\n<meta name=\"twitter:site\" content=\"@FootdavantFr\" \/>\n<meta name=\"twitter:label1\" content=\"\u00c9crit par\" \/>\n\t<meta name=\"twitter:data1\" content=\"Cl\u00e9ment\" \/>\n\t<meta name=\"twitter:label2\" content=\"Dur\u00e9e de lecture estim\u00e9e\" \/>\n\t<meta name=\"twitter:data2\" content=\"1 minute\" \/>\n<script type=\"application\/ld+json\" class=\"yoast-schema-graph\">{\"@context\":\"https:\/\/schema.org\",\"@graph\":[{\"@type\":\"Article\",\"@id\":\"https:\/\/footdavant.fr\/actualites\/nicol-dit-quil-a-peu-confiance-en-las-du-lfc-de-24-ans\/#article\",\"isPartOf\":{\"@id\":\"https:\/\/footdavant.fr\/actualites\/nicol-dit-quil-a-peu-confiance-en-las-du-lfc-de-24-ans\/\"},\"author\":{\"name\":\"Cl\u00e9ment\",\"@id\":\"https:\/\/footdavant.fr\/actualites\/#\/schema\/person\/bc222566d95871b37e597b3ed3ba5e1d\"},\"headline\":\"Nicol dit qu&rsquo;il a peu confiance en l&rsquo;as du LFC de 24 ans\",\"datePublished\":\"2023-12-08T13:57:08+00:00\",\"dateModified\":\"2023-12-08T13:57:10+00:00\",\"mainEntityOfPage\":{\"@id\":\"https:\/\/footdavant.fr\/actualites\/nicol-dit-quil-a-peu-confiance-en-las-du-lfc-de-24-ans\/\"},\"wordCount\":300,\"publisher\":{\"@id\":\"https:\/\/footdavant.fr\/actualites\/#organization\"},\"keywords\":[\"ans\",\"confiance\",\"dit\",\"las\",\"LFC\",\"Nicol\",\"peu\",\"quil\"],\"articleSection\":[\"Football\"],\"inLanguage\":\"fr-FR\"},{\"@type\":\"WebPage\",\"@id\":\"https:\/\/footdavant.fr\/actualites\/nicol-dit-quil-a-peu-confiance-en-las-du-lfc-de-24-ans\/\",\"url\":\"https:\/\/footdavant.fr\/actualites\/nicol-dit-quil-a-peu-confiance-en-las-du-lfc-de-24-ans\/\",\"name\":\"Nicol dit qu'il a peu confiance en l'as du LFC de 24 ans\",\"isPartOf\":{\"@id\":\"https:\/\/footdavant.fr\/actualites\/#website\"},\"datePublished\":\"2023-12-08T13:57:08+00:00\",\"dateModified\":\"2023-12-08T13:57:10+00:00\",\"breadcrumb\":{\"@id\":\"https:\/\/footdavant.fr\/actualites\/nicol-dit-quil-a-peu-confiance-en-las-du-lfc-de-24-ans\/#breadcrumb\"},\"inLanguage\":\"fr-FR\",\"potentialAction\":[{\"@type\":\"ReadAction\",\"target\":[\"https:\/\/footdavant.fr\/actualites\/nicol-dit-quil-a-peu-confiance-en-las-du-lfc-de-24-ans\/\"]}]},{\"@type\":\"BreadcrumbList\",\"@id\":\"https:\/\/footdavant.fr\/actualites\/nicol-dit-quil-a-peu-confiance-en-las-du-lfc-de-24-ans\/#breadcrumb\",\"itemListElement\":[{\"@type\":\"ListItem\",\"position\":1,\"name\":\"Accueil\",\"item\":\"https:\/\/footdavant.fr\/actualites\/\"},{\"@type\":\"ListItem\",\"position\":2,\"name\":\"Nicol dit qu&rsquo;il a peu confiance en l&rsquo;as du LFC de 24 ans\"}]},{\"@type\":\"WebSite\",\"@id\":\"https:\/\/footdavant.fr\/actualites\/#website\",\"url\":\"https:\/\/footdavant.fr\/actualites\/\",\"name\":\"Foot d'avant\",\"description\":\"\",\"publisher\":{\"@id\":\"https:\/\/footdavant.fr\/actualites\/#organization\"},\"potentialAction\":[{\"@type\":\"SearchAction\",\"target\":{\"@type\":\"EntryPoint\",\"urlTemplate\":\"https:\/\/footdavant.fr\/actualites\/?s={search_term_string}\"},\"query-input\":\"required name=search_term_string\"}],\"inLanguage\":\"fr-FR\"},{\"@type\":\"Organization\",\"@id\":\"https:\/\/footdavant.fr\/actualites\/#organization\",\"name\":\"Foot d'avant\",\"url\":\"https:\/\/footdavant.fr\/actualites\/\",\"logo\":{\"@type\":\"ImageObject\",\"inLanguage\":\"fr-FR\",\"@id\":\"https:\/\/footdavant.fr\/actualites\/#\/schema\/logo\/image\/\",\"url\":\"https:\/\/footdavant.fr\/actualites\/wp-content\/uploads\/2023\/09\/Copy-of-FootDavant-Logo.png\",\"contentUrl\":\"https:\/\/footdavant.fr\/actualites\/wp-content\/uploads\/2023\/09\/Copy-of-FootDavant-Logo.png\",\"width\":936,\"height\":549,\"caption\":\"Foot d'avant\"},\"image\":{\"@id\":\"https:\/\/footdavant.fr\/actualites\/#\/schema\/logo\/image\/\"},\"sameAs\":[\"https:\/\/www.facebook.com\/Footdavant\/\",\"https:\/\/twitter.com\/FootdavantFr\",\"https:\/\/www.instagram.com\/footdavant.fr\/\"]},{\"@type\":\"Person\",\"@id\":\"https:\/\/footdavant.fr\/actualites\/#\/schema\/person\/bc222566d95871b37e597b3ed3ba5e1d\",\"name\":\"Cl\u00e9ment\",\"image\":{\"@type\":\"ImageObject\",\"inLanguage\":\"fr-FR\",\"@id\":\"https:\/\/footdavant.fr\/actualites\/#\/schema\/person\/image\/\",\"url\":\"https:\/\/secure.gravatar.com\/avatar\/7728b29aac2719421e1a9159b2254c44?s=96&d=mm&r=g\",\"contentUrl\":\"https:\/\/secure.gravatar.com\/avatar\/7728b29aac2719421e1a9159b2254c44?s=96&d=mm&r=g\",\"caption\":\"Cl\u00e9ment\"},\"sameAs\":[\"https:\/\/footdavant.fr\/\"]}]}<\/script>\n<!-- \/ Yoast SEO plugin. -->","yoast_head_json":{"title":"Nicol dit qu'il a peu confiance en l'as du LFC de 24 ans","robots":{"index":"index","follow":"follow","max-snippet":"max-snippet:-1","max-image-preview":"max-image-preview:large","max-video-preview":"max-video-preview:-1"},"canonical":"https:\/\/footdavant.fr\/actualites\/nicol-dit-quil-a-peu-confiance-en-las-du-lfc-de-24-ans\/","og_locale":"fr_FR","og_type":"article","og_title":"Nicol dit qu'il a peu confiance en l'as du LFC de 24 ans","og_description":"Steve Nicol a admis qu&rsquo;il avait tr\u00e8s peu confiance en l&rsquo;un des joueurs de Jurgen Klopp \u00e0 Liverpool pour le moment, mais a exhort\u00e9 le","og_url":"https:\/\/footdavant.fr\/actualites\/nicol-dit-quil-a-peu-confiance-en-las-du-lfc-de-24-ans\/","og_site_name":"Foot d&#039;avant","article_publisher":"https:\/\/www.facebook.com\/Footdavant\/","article_published_time":"2023-12-08T13:57:08+00:00","article_modified_time":"2023-12-08T13:57:10+00:00","og_image":[{"width":1221,"height":768,"url":"https:\/\/footdavant.fr\/actualites\/wp-content\/uploads\/2023\/12\/Nicol-dit-quil-a-peu-confiance-en-las-du-LFC.jpg","type":"image\/jpeg"}],"author":"Cl\u00e9ment","twitter_card":"summary_large_image","twitter_creator":"@FootdavantFr","twitter_site":"@FootdavantFr","twitter_misc":{"\u00c9crit par":"Cl\u00e9ment","Dur\u00e9e de lecture estim\u00e9e":"1 minute"},"schema":{"@context":"https:\/\/schema.org","@graph":[{"@type":"Article","@id":"https:\/\/footdavant.fr\/actualites\/nicol-dit-quil-a-peu-confiance-en-las-du-lfc-de-24-ans\/#article","isPartOf":{"@id":"https:\/\/footdavant.fr\/actualites\/nicol-dit-quil-a-peu-confiance-en-las-du-lfc-de-24-ans\/"},"author":{"name":"Cl\u00e9ment","@id":"https:\/\/footdavant.fr\/actualites\/#\/schema\/person\/bc222566d95871b37e597b3ed3ba5e1d"},"headline":"Nicol dit qu&rsquo;il a peu confiance en l&rsquo;as du LFC de 24 ans","datePublished":"2023-12-08T13:57:08+00:00","dateModified":"2023-12-08T13:57:10+00:00","mainEntityOfPage":{"@id":"https:\/\/footdavant.fr\/actualites\/nicol-dit-quil-a-peu-confiance-en-las-du-lfc-de-24-ans\/"},"wordCount":300,"publisher":{"@id":"https:\/\/footdavant.fr\/actualites\/#organization"},"keywords":["ans","confiance","dit","las","LFC","Nicol","peu","quil"],"articleSection":["Football"],"inLanguage":"fr-FR"},{"@type":"WebPage","@id":"https:\/\/footdavant.fr\/actualites\/nicol-dit-quil-a-peu-confiance-en-las-du-lfc-de-24-ans\/","url":"https:\/\/footdavant.fr\/actualites\/nicol-dit-quil-a-peu-confiance-en-las-du-lfc-de-24-ans\/","name":"Nicol dit qu'il a peu confiance en l'as du LFC de 24 ans","isPartOf":{"@id":"https:\/\/footdavant.fr\/actualites\/#website"},"datePublished":"2023-12-08T13:57:08+00:00","dateModified":"2023-12-08T13:57:10+00:00","breadcrumb":{"@id":"https:\/\/footdavant.fr\/actualites\/nicol-dit-quil-a-peu-confiance-en-las-du-lfc-de-24-ans\/#breadcrumb"},"inLanguage":"fr-FR","potentialAction":[{"@type":"ReadAction","target":["https:\/\/footdavant.fr\/actualites\/nicol-dit-quil-a-peu-confiance-en-las-du-lfc-de-24-ans\/"]}]},{"@type":"BreadcrumbList","@id":"https:\/\/footdavant.fr\/actualites\/nicol-dit-quil-a-peu-confiance-en-las-du-lfc-de-24-ans\/#breadcrumb","itemListElement":[{"@type":"ListItem","position":1,"name":"Accueil","item":"https:\/\/footdavant.fr\/actualites\/"},{"@type":"ListItem","position":2,"name":"Nicol dit qu&rsquo;il a peu confiance en l&rsquo;as du LFC de 24 ans"}]},{"@type":"WebSite","@id":"https:\/\/footdavant.fr\/actualites\/#website","url":"https:\/\/footdavant.fr\/actualites\/","name":"Foot d'avant","description":"","publisher":{"@id":"https:\/\/footdavant.fr\/actualites\/#organization"},"potentialAction":[{"@type":"SearchAction","target":{"@type":"EntryPoint","urlTemplate":"https:\/\/footdavant.fr\/actualites\/?s={search_term_string}"},"query-input":"required name=search_term_string"}],"inLanguage":"fr-FR"},{"@type":"Organization","@id":"https:\/\/footdavant.fr\/actualites\/#organization","name":"Foot d'avant","url":"https:\/\/footdavant.fr\/actualites\/","logo":{"@type":"ImageObject","inLanguage":"fr-FR","@id":"https:\/\/footdavant.fr\/actualites\/#\/schema\/logo\/image\/","url":"https:\/\/footdavant.fr\/actualites\/wp-content\/uploads\/2023\/09\/Copy-of-FootDavant-Logo.png","contentUrl":"https:\/\/footdavant.fr\/actualites\/wp-content\/uploads\/2023\/09\/Copy-of-FootDavant-Logo.png","width":936,"height":549,"caption":"Foot d'avant"},"image":{"@id":"https:\/\/footdavant.fr\/actualites\/#\/schema\/logo\/image\/"},"sameAs":["https:\/\/www.facebook.com\/Footdavant\/","https:\/\/twitter.com\/FootdavantFr","https:\/\/www.instagram.com\/footdavant.fr\/"]},{"@type":"Person","@id":"https:\/\/footdavant.fr\/actualites\/#\/schema\/person\/bc222566d95871b37e597b3ed3ba5e1d","name":"Cl\u00e9ment","image":{"@type":"ImageObject","inLanguage":"fr-FR","@id":"https:\/\/footdavant.fr\/actualites\/#\/schema\/person\/image\/","url":"https:\/\/secure.gravatar.com\/avatar\/7728b29aac2719421e1a9159b2254c44?s=96&d=mm&r=g","contentUrl":"https:\/\/secure.gravatar.com\/avatar\/7728b29aac2719421e1a9159b2254c44?s=96&d=mm&r=g","caption":"Cl\u00e9ment"},"sameAs":["https:\/\/footdavant.fr\/"]}]}},"_links":{"self":[{"href":"https:\/\/footdavant.fr\/actualites\/wp-json\/wp\/v2\/posts\/2127"}],"collection":[{"href":"https:\/\/footdavant.fr\/actualites\/wp-json\/wp\/v2\/posts"}],"about":[{"href":"https:\/\/footdavant.fr\/actualites\/wp-json\/wp\/v2\/types\/post"}],"author":[{"embeddable":true,"href":"https:\/\/footdavant.fr\/actualites\/wp-json\/wp\/v2\/users\/1"}],"replies":[{"embeddable":true,"href":"https:\/\/footdavant.fr\/actualites\/wp-json\/wp\/v2\/comments?post=2127"}],"version-history":[{"count":1,"href":"https:\/\/footdavant.fr\/actualites\/wp-json\/wp\/v2\/posts\/2127\/revisions"}],"predecessor-version":[{"id":2129,"href":"https:\/\/footdavant.fr\/actualites\/wp-json\/wp\/v2\/posts\/2127\/revisions\/2129"}],"wp:featuredmedia":[{"embeddable":true,"href":"https:\/\/footdavant.fr\/actualites\/wp-json\/wp\/v2\/media\/2128"}],"wp:attachment":[{"href":"https:\/\/footdavant.fr\/actualites\/wp-json\/wp\/v2\/media?parent=2127"}],"wp:term":[{"taxonomy":"category","embeddable":true,"href":"https:\/\/footdavant.fr\/actualites\/wp-json\/wp\/v2\/categories?post=2127"},{"taxonomy":"post_tag","embeddable":true,"href":"https:\/\/footdavant.fr\/actualites\/wp-json\/wp\/v2\/tags?post=2127"}],"curies":[{"name":"wp","href":"https:\/\/api.w.org\/{rel}","templated":true}]}}