{"id":21466,"date":"2025-03-17T06:48:08","date_gmt":"2025-03-17T05:48:08","guid":{"rendered":"https:\/\/footdavant.fr\/actualites\/manchester-united-transfer-news-dernier-defender-recoit-loffre-de-premier-league-alors-que-ruben-amorim-prevoit-de-reconstruire\/"},"modified":"2025-03-17T06:48:09","modified_gmt":"2025-03-17T05:48:09","slug":"manchester-united-transfer-news-dernier-defender-recoit-loffre-de-premier-league-alors-que-ruben-amorim-prevoit-de-reconstruire","status":"publish","type":"post","link":"https:\/\/footdavant.fr\/actualites\/manchester-united-transfer-news-dernier-defender-recoit-loffre-de-premier-league-alors-que-ruben-amorim-prevoit-de-reconstruire\/","title":{"rendered":"Manchester United Transfer News Dernier: Defender \u00abre\u00e7oit l&#39;offre\u00bb de Premier League alors que Ruben Amorim pr\u00e9voit de reconstruire"},"content":{"rendered":"<p>Les plans d&#39;\u00e9t\u00e9 de Manchester United pourraient subir un revers \u00e9tant donn\u00e9 que des rapports sugg\u00e8rent qu&#39;une cible d\u00e9fensive int\u00e9resse d&#39;autres clubs de Premier League.<\/p>\n<div id=\"article_body\" itemprop=\"articleBody\">\n<h3 class=\"firstPara\">\n<strong class=\"autotag\">Fenerbahce<\/strong> auraient re\u00e7u une offre pour <strong class=\"autotag\">Manchester United<\/strong> cible <strong class=\"autotag\">Yusuf Akcicek<\/strong> d&#39;un club de Premier League.<\/h3>\n<p>Le d\u00e9fenseur central de 19 ans exerce actuellement son m\u00e9tier sous l&#39;ancien patron uni <strong class=\"autotag\">Jose Mourinho<\/strong>bien que ses \u00e9quipes aient \u00e9t\u00e9 \u00e9limin\u00e9es de la Ligue Europa apr\u00e8s avoir perdu un <strong>Des tirs au but contre les Rangers jeudi<\/strong>.<\/p>\n<p>Akcicek a \u00e9t\u00e9 li\u00e9 \u00e0 un passage \u00e0 Napoli, RB Leipzig et l&#39;Atletico Madrid, tandis que le coordinateur scout du Bayern Munich <strong class=\"autotag\">Gurkan Karahan<\/strong> Ce serait dans les tribunes pour regarder son match contre Samsunspor dimanche, mais le d\u00e9fenseur a \u00e9t\u00e9 cens\u00e9 faire l&#39;objet d&#39;une offre d&#39;Angleterre.<\/p>\n<p><em>Fanatik<\/em> citer le vice-pr\u00e9sident du club <strong class=\"autotag\">Acun iLicali<\/strong> En disant: \u00ab\u00a0Nous avons eu une r\u00e9union verbale pour Yusuf. Apr\u00e8s le match Anderlecht, un directeur sportif de la Premier League m&#39;a envoy\u00e9 un texto en disant, maintenant, c&#39;est 20 millions de livres sterling, mais nous ne pr\u00e9voyons pas de le vendre.\u00a0\u00bb<\/p>\n<p>Les rapports de la Turquie sugg\u00e8rent que le club est dispos\u00e9 \u00e0 accepter une offre dans la r\u00e9gion de 33 millions de livres sterling, avec Aston Villa, qui voulait obtenir la signature du d\u00e9fenseur.<\/p>\n<p class=\"imgI\">\n<h2>Ratcliffe est-il une \u00e9quipe pour l&#39;avenir pour l&#39;avenir?<\/h2>\n<p>Pendant son mandat en tant que copropri\u00e9taire de United, Sir <strong class=\"autotag\">Jim Ratcliffe<\/strong> a mis en \u0153uvre un certain nombre de mesures controvers\u00e9es de r\u00e9duction des co\u00fbts pour tenter d&#39;am\u00e9liorer la sant\u00e9 financi\u00e8re du club.<\/p>\n<p>Les difficult\u00e9s financi\u00e8res des Red Devils ont vu l&#39;\u00e9quipe de recrutement se concentrer sur la signature de talents plus jeunes sur la pointe des apparitions en premi\u00e8re \u00e9quipe, braconnant les go\u00fbts de 17 ans <strong class=\"autotag\">Chido Obi-Martin<\/strong> et 19 ans <strong class=\"autotag\">Ayden Heaven<\/strong> d&#39;Arsenal.<\/p>\n<p>Le paradis a re\u00e7u son premier d\u00e9part en tant que joueur unis contre <strong>Real Sociedad dans la Ligue Europa jeudi<\/strong>et son sang-froid avec et sans le ballon \u00e9tait impressionnant.<\/p>\n<p>Bien que de nombreux joueurs de la prochaine fen\u00eatre de transfert pourraient s&#39;av\u00e9rer prohibitifs, peut-\u00eatre que United pourra s&#39;en sortir tant que leurs jeunes stars se d\u00e9veloppent comme pr\u00e9vu.<\/p>\n<p class=\"imgI\"><img decoding=\"async\" loading=\"lazy\" class=\"l\" src=\"https:\/\/footdavant.fr\/actualites\/wp-content\/uploads\/2025\/03\/1742190488_378_Manchester-United-Transfer-News-Dernier-Defender-recoit-l39offre-de-Premier.jpg\" title=\"Yusuf Akcicek de Fenerbahce illustr\u00e9 le 13 f\u00e9vrier 2025\" alt=\"Yusuf Akcicek de Fenerbahce illustr\u00e9 le 13 f\u00e9vrier 2025\" width=\"640\" height=\"480\"><\/p>\n<h2>\u00c0 quelle distance sont-ils unis de la comp\u00e9tition?<\/h2>\n<p><strong class=\"autotag\">Ruben Amorim<\/strong> a eu du mal \u00e0 mettre en \u0153uvre son style de jeu unique pendant son s\u00e9jour \u00e0 Old Trafford, et il aura sans doute besoin d&#39;une refonte compl\u00e8te de son \u00e9quipe actuelle afin de faire fonctionner correctement son syst\u00e8me du syst\u00e8me.<\/p>\n<p><strong class=\"autotag\">Patrick Dorgu<\/strong> repr\u00e9sente la seule signature du manager portugais jusqu&#39;\u00e0 pr\u00e9sent \u00e0 son arriv\u00e9e en janvier, mais il n&#39;a pas pu avoir beaucoup d&#39;impact jusqu&#39;\u00e0 pr\u00e9sent \u00e9tant donn\u00e9 que son \u00e9quipe est actuellement <strong>15e du tableau avec 34 points<\/strong> Apr\u00e8s 28 v\u00eatements d&#39;allumettes.<\/p>\n<p>Bien que United ait sign\u00e9 des jeunes stars prometteuses, il est peu probable qu&#39;ils puissent contribuer \u00e0 l&#39;\u00e9quipe en tant que d\u00e9butants r\u00e9guliers, ce qui peut limiter les am\u00e9liorations qu&#39;Amorim est en mesure de faire \u00e0 court terme.<\/p>\n<p>Si les r\u00e9sultats vont \u00e0 l&#39;encontre d&#39;Amorim au d\u00e9but de la saison prochaine, l&#39;examen de son poste de boss acc\u00e9l\u00e9rera sans aucun doute qu&#39;il ait \u00e9t\u00e9 autoris\u00e9 \u00e0 fa\u00e7onner l&#39;\u00e9quipe \u00e0 son image.<\/p>\n<div class=\"author_box\">\n<div class=\"author_box_banner\">\n<img decoding=\"async\" class=\"author_img\" src=\"https:\/\/footdavant.fr\/actualites\/wp-content\/uploads\/2025\/03\/1742190488_102_Manchester-United-Transfer-News-Dernier-Defender-recoit-l39offre-de-Premier.jpg\"><\/p>\n<\/div>\n<\/div>\n<\/div>\n","protected":false},"excerpt":{"rendered":"<p>Les plans d&#39;\u00e9t\u00e9 de Manchester United pourraient subir un revers \u00e9tant donn\u00e9 que des rapports sugg\u00e8rent qu&#39;une cible d\u00e9fensive int\u00e9resse d&#39;autres clubs de Premier League.<\/p>\n","protected":false},"author":1,"featured_media":21467,"comment_status":"closed","ping_status":"","sticky":false,"template":"","format":"standard","meta":{"footnotes":""},"categories":[5],"tags":[318,4477,7755,2317,4598,202,11,409,201,1417,488,8502,160,2732,13],"yoast_head":"<!-- This site is optimized with the Yoast SEO plugin v21.0 - https:\/\/yoast.com\/wordpress\/plugins\/seo\/ -->\n<title>Manchester United Transfer News Dernier: Defender \u00abre\u00e7oit l&#039;offre\u00bb de Premier League alors que Ruben Amorim pr\u00e9voit de reconstruire<\/title>\n<meta name=\"robots\" content=\"index, follow, max-snippet:-1, max-image-preview:large, max-video-preview:-1\" \/>\n<link rel=\"canonical\" href=\"https:\/\/footdavant.fr\/actualites\/manchester-united-transfer-news-dernier-defender-recoit-loffre-de-premier-league-alors-que-ruben-amorim-prevoit-de-reconstruire\/\" \/>\n<meta property=\"og:locale\" content=\"fr_FR\" \/>\n<meta property=\"og:type\" content=\"article\" \/>\n<meta property=\"og:title\" content=\"Manchester United Transfer News Dernier: Defender \u00abre\u00e7oit l&#039;offre\u00bb de Premier League alors que Ruben Amorim pr\u00e9voit de reconstruire\" \/>\n<meta property=\"og:description\" content=\"Les plans d&#039;\u00e9t\u00e9 de Manchester United pourraient subir un revers \u00e9tant donn\u00e9 que des rapports sugg\u00e8rent qu&#039;une cible d\u00e9fensive int\u00e9resse d&#039;autres clubs de Premier League.\" \/>\n<meta property=\"og:url\" content=\"https:\/\/footdavant.fr\/actualites\/manchester-united-transfer-news-dernier-defender-recoit-loffre-de-premier-league-alors-que-ruben-amorim-prevoit-de-reconstruire\/\" \/>\n<meta property=\"og:site_name\" content=\"Foot d&#039;avant\" \/>\n<meta property=\"article:publisher\" content=\"https:\/\/www.facebook.com\/Footdavant\/\" \/>\n<meta property=\"article:published_time\" content=\"2025-03-17T05:48:08+00:00\" \/>\n<meta property=\"article:modified_time\" content=\"2025-03-17T05:48:09+00:00\" \/>\n<meta property=\"og:image\" content=\"https:\/\/footdavant.fr\/actualites\/wp-content\/uploads\/2025\/03\/Manchester-United-Transfer-News-Dernier-Defender-recoit-l39offre-de-Premier.jpg\" \/>\n\t<meta property=\"og:image:width\" content=\"640\" \/>\n\t<meta property=\"og:image:height\" content=\"480\" \/>\n\t<meta property=\"og:image:type\" content=\"image\/jpeg\" \/>\n<meta name=\"author\" content=\"Cl\u00e9ment\" \/>\n<meta name=\"twitter:card\" content=\"summary_large_image\" \/>\n<meta name=\"twitter:creator\" content=\"@FootdavantFr\" \/>\n<meta name=\"twitter:site\" content=\"@FootdavantFr\" \/>\n<meta name=\"twitter:label1\" content=\"\u00c9crit par\" \/>\n\t<meta name=\"twitter:data1\" content=\"Cl\u00e9ment\" \/>\n\t<meta name=\"twitter:label2\" content=\"Dur\u00e9e de lecture estim\u00e9e\" \/>\n\t<meta name=\"twitter:data2\" content=\"3 minutes\" \/>\n<script type=\"application\/ld+json\" class=\"yoast-schema-graph\">{\"@context\":\"https:\/\/schema.org\",\"@graph\":[{\"@type\":\"Article\",\"@id\":\"https:\/\/footdavant.fr\/actualites\/manchester-united-transfer-news-dernier-defender-recoit-loffre-de-premier-league-alors-que-ruben-amorim-prevoit-de-reconstruire\/#article\",\"isPartOf\":{\"@id\":\"https:\/\/footdavant.fr\/actualites\/manchester-united-transfer-news-dernier-defender-recoit-loffre-de-premier-league-alors-que-ruben-amorim-prevoit-de-reconstruire\/\"},\"author\":{\"name\":\"Cl\u00e9ment\",\"@id\":\"https:\/\/footdavant.fr\/actualites\/#\/schema\/person\/bc222566d95871b37e597b3ed3ba5e1d\"},\"headline\":\"Manchester United Transfer News Dernier: Defender \u00abre\u00e7oit l&#39;offre\u00bb de Premier League alors que Ruben Amorim pr\u00e9voit de reconstruire\",\"datePublished\":\"2025-03-17T05:48:08+00:00\",\"dateModified\":\"2025-03-17T05:48:09+00:00\",\"mainEntityOfPage\":{\"@id\":\"https:\/\/footdavant.fr\/actualites\/manchester-united-transfer-news-dernier-defender-recoit-loffre-de-premier-league-alors-que-ruben-amorim-prevoit-de-reconstruire\/\"},\"wordCount\":601,\"publisher\":{\"@id\":\"https:\/\/footdavant.fr\/actualites\/#organization\"},\"keywords\":[\"alors\",\"Amorim\",\"Defender\",\"dernier\",\"l39offre\",\"League\",\"Manchester\",\"News\",\"Premier\",\"pr\u00e9voit\",\"re\u00e7oit\",\"reconstruire\",\"Ruben\",\"Transfer\",\"United\"],\"articleSection\":[\"Premier League\"],\"inLanguage\":\"fr-FR\"},{\"@type\":\"WebPage\",\"@id\":\"https:\/\/footdavant.fr\/actualites\/manchester-united-transfer-news-dernier-defender-recoit-loffre-de-premier-league-alors-que-ruben-amorim-prevoit-de-reconstruire\/\",\"url\":\"https:\/\/footdavant.fr\/actualites\/manchester-united-transfer-news-dernier-defender-recoit-loffre-de-premier-league-alors-que-ruben-amorim-prevoit-de-reconstruire\/\",\"name\":\"Manchester United Transfer News Dernier: Defender \u00abre\u00e7oit l&#39;offre\u00bb de Premier League alors que Ruben Amorim pr\u00e9voit de reconstruire\",\"isPartOf\":{\"@id\":\"https:\/\/footdavant.fr\/actualites\/#website\"},\"datePublished\":\"2025-03-17T05:48:08+00:00\",\"dateModified\":\"2025-03-17T05:48:09+00:00\",\"breadcrumb\":{\"@id\":\"https:\/\/footdavant.fr\/actualites\/manchester-united-transfer-news-dernier-defender-recoit-loffre-de-premier-league-alors-que-ruben-amorim-prevoit-de-reconstruire\/#breadcrumb\"},\"inLanguage\":\"fr-FR\",\"potentialAction\":[{\"@type\":\"ReadAction\",\"target\":[\"https:\/\/footdavant.fr\/actualites\/manchester-united-transfer-news-dernier-defender-recoit-loffre-de-premier-league-alors-que-ruben-amorim-prevoit-de-reconstruire\/\"]}]},{\"@type\":\"BreadcrumbList\",\"@id\":\"https:\/\/footdavant.fr\/actualites\/manchester-united-transfer-news-dernier-defender-recoit-loffre-de-premier-league-alors-que-ruben-amorim-prevoit-de-reconstruire\/#breadcrumb\",\"itemListElement\":[{\"@type\":\"ListItem\",\"position\":1,\"name\":\"Accueil\",\"item\":\"https:\/\/footdavant.fr\/actualites\/\"},{\"@type\":\"ListItem\",\"position\":2,\"name\":\"Manchester United Transfer News Dernier: Defender \u00abre\u00e7oit l&#39;offre\u00bb de Premier League alors que Ruben Amorim pr\u00e9voit de reconstruire\"}]},{\"@type\":\"WebSite\",\"@id\":\"https:\/\/footdavant.fr\/actualites\/#website\",\"url\":\"https:\/\/footdavant.fr\/actualites\/\",\"name\":\"Foot d'avant\",\"description\":\"\",\"publisher\":{\"@id\":\"https:\/\/footdavant.fr\/actualites\/#organization\"},\"potentialAction\":[{\"@type\":\"SearchAction\",\"target\":{\"@type\":\"EntryPoint\",\"urlTemplate\":\"https:\/\/footdavant.fr\/actualites\/?s={search_term_string}\"},\"query-input\":\"required name=search_term_string\"}],\"inLanguage\":\"fr-FR\"},{\"@type\":\"Organization\",\"@id\":\"https:\/\/footdavant.fr\/actualites\/#organization\",\"name\":\"Foot d'avant\",\"url\":\"https:\/\/footdavant.fr\/actualites\/\",\"logo\":{\"@type\":\"ImageObject\",\"inLanguage\":\"fr-FR\",\"@id\":\"https:\/\/footdavant.fr\/actualites\/#\/schema\/logo\/image\/\",\"url\":\"https:\/\/footdavant.fr\/actualites\/wp-content\/uploads\/2023\/09\/Copy-of-FootDavant-Logo.png\",\"contentUrl\":\"https:\/\/footdavant.fr\/actualites\/wp-content\/uploads\/2023\/09\/Copy-of-FootDavant-Logo.png\",\"width\":936,\"height\":549,\"caption\":\"Foot d'avant\"},\"image\":{\"@id\":\"https:\/\/footdavant.fr\/actualites\/#\/schema\/logo\/image\/\"},\"sameAs\":[\"https:\/\/www.facebook.com\/Footdavant\/\",\"https:\/\/twitter.com\/FootdavantFr\",\"https:\/\/www.instagram.com\/footdavant.fr\/\"]},{\"@type\":\"Person\",\"@id\":\"https:\/\/footdavant.fr\/actualites\/#\/schema\/person\/bc222566d95871b37e597b3ed3ba5e1d\",\"name\":\"Cl\u00e9ment\",\"image\":{\"@type\":\"ImageObject\",\"inLanguage\":\"fr-FR\",\"@id\":\"https:\/\/footdavant.fr\/actualites\/#\/schema\/person\/image\/\",\"url\":\"https:\/\/secure.gravatar.com\/avatar\/7728b29aac2719421e1a9159b2254c44?s=96&d=mm&r=g\",\"contentUrl\":\"https:\/\/secure.gravatar.com\/avatar\/7728b29aac2719421e1a9159b2254c44?s=96&d=mm&r=g\",\"caption\":\"Cl\u00e9ment\"},\"sameAs\":[\"https:\/\/footdavant.fr\/\"]}]}<\/script>\n<!-- \/ Yoast SEO plugin. -->","yoast_head_json":{"title":"Manchester United Transfer News Dernier: Defender \u00abre\u00e7oit l&#39;offre\u00bb de Premier League alors que Ruben Amorim pr\u00e9voit de reconstruire","robots":{"index":"index","follow":"follow","max-snippet":"max-snippet:-1","max-image-preview":"max-image-preview:large","max-video-preview":"max-video-preview:-1"},"canonical":"https:\/\/footdavant.fr\/actualites\/manchester-united-transfer-news-dernier-defender-recoit-loffre-de-premier-league-alors-que-ruben-amorim-prevoit-de-reconstruire\/","og_locale":"fr_FR","og_type":"article","og_title":"Manchester United Transfer News Dernier: Defender \u00abre\u00e7oit l&#39;offre\u00bb de Premier League alors que Ruben Amorim pr\u00e9voit de reconstruire","og_description":"Les plans d&#39;\u00e9t\u00e9 de Manchester United pourraient subir un revers \u00e9tant donn\u00e9 que des rapports sugg\u00e8rent qu&#39;une cible d\u00e9fensive int\u00e9resse d&#39;autres clubs de Premier League.","og_url":"https:\/\/footdavant.fr\/actualites\/manchester-united-transfer-news-dernier-defender-recoit-loffre-de-premier-league-alors-que-ruben-amorim-prevoit-de-reconstruire\/","og_site_name":"Foot d&#039;avant","article_publisher":"https:\/\/www.facebook.com\/Footdavant\/","article_published_time":"2025-03-17T05:48:08+00:00","article_modified_time":"2025-03-17T05:48:09+00:00","og_image":[{"width":640,"height":480,"url":"https:\/\/footdavant.fr\/actualites\/wp-content\/uploads\/2025\/03\/Manchester-United-Transfer-News-Dernier-Defender-recoit-l39offre-de-Premier.jpg","type":"image\/jpeg"}],"author":"Cl\u00e9ment","twitter_card":"summary_large_image","twitter_creator":"@FootdavantFr","twitter_site":"@FootdavantFr","twitter_misc":{"\u00c9crit par":"Cl\u00e9ment","Dur\u00e9e de lecture estim\u00e9e":"3 minutes"},"schema":{"@context":"https:\/\/schema.org","@graph":[{"@type":"Article","@id":"https:\/\/footdavant.fr\/actualites\/manchester-united-transfer-news-dernier-defender-recoit-loffre-de-premier-league-alors-que-ruben-amorim-prevoit-de-reconstruire\/#article","isPartOf":{"@id":"https:\/\/footdavant.fr\/actualites\/manchester-united-transfer-news-dernier-defender-recoit-loffre-de-premier-league-alors-que-ruben-amorim-prevoit-de-reconstruire\/"},"author":{"name":"Cl\u00e9ment","@id":"https:\/\/footdavant.fr\/actualites\/#\/schema\/person\/bc222566d95871b37e597b3ed3ba5e1d"},"headline":"Manchester United Transfer News Dernier: Defender \u00abre\u00e7oit l&#39;offre\u00bb de Premier League alors que Ruben Amorim pr\u00e9voit de reconstruire","datePublished":"2025-03-17T05:48:08+00:00","dateModified":"2025-03-17T05:48:09+00:00","mainEntityOfPage":{"@id":"https:\/\/footdavant.fr\/actualites\/manchester-united-transfer-news-dernier-defender-recoit-loffre-de-premier-league-alors-que-ruben-amorim-prevoit-de-reconstruire\/"},"wordCount":601,"publisher":{"@id":"https:\/\/footdavant.fr\/actualites\/#organization"},"keywords":["alors","Amorim","Defender","dernier","l39offre","League","Manchester","News","Premier","pr\u00e9voit","re\u00e7oit","reconstruire","Ruben","Transfer","United"],"articleSection":["Premier League"],"inLanguage":"fr-FR"},{"@type":"WebPage","@id":"https:\/\/footdavant.fr\/actualites\/manchester-united-transfer-news-dernier-defender-recoit-loffre-de-premier-league-alors-que-ruben-amorim-prevoit-de-reconstruire\/","url":"https:\/\/footdavant.fr\/actualites\/manchester-united-transfer-news-dernier-defender-recoit-loffre-de-premier-league-alors-que-ruben-amorim-prevoit-de-reconstruire\/","name":"Manchester United Transfer News Dernier: Defender \u00abre\u00e7oit l&#39;offre\u00bb de Premier League alors que Ruben Amorim pr\u00e9voit de reconstruire","isPartOf":{"@id":"https:\/\/footdavant.fr\/actualites\/#website"},"datePublished":"2025-03-17T05:48:08+00:00","dateModified":"2025-03-17T05:48:09+00:00","breadcrumb":{"@id":"https:\/\/footdavant.fr\/actualites\/manchester-united-transfer-news-dernier-defender-recoit-loffre-de-premier-league-alors-que-ruben-amorim-prevoit-de-reconstruire\/#breadcrumb"},"inLanguage":"fr-FR","potentialAction":[{"@type":"ReadAction","target":["https:\/\/footdavant.fr\/actualites\/manchester-united-transfer-news-dernier-defender-recoit-loffre-de-premier-league-alors-que-ruben-amorim-prevoit-de-reconstruire\/"]}]},{"@type":"BreadcrumbList","@id":"https:\/\/footdavant.fr\/actualites\/manchester-united-transfer-news-dernier-defender-recoit-loffre-de-premier-league-alors-que-ruben-amorim-prevoit-de-reconstruire\/#breadcrumb","itemListElement":[{"@type":"ListItem","position":1,"name":"Accueil","item":"https:\/\/footdavant.fr\/actualites\/"},{"@type":"ListItem","position":2,"name":"Manchester United Transfer News Dernier: Defender \u00abre\u00e7oit l&#39;offre\u00bb de Premier League alors que Ruben Amorim pr\u00e9voit de reconstruire"}]},{"@type":"WebSite","@id":"https:\/\/footdavant.fr\/actualites\/#website","url":"https:\/\/footdavant.fr\/actualites\/","name":"Foot d'avant","description":"","publisher":{"@id":"https:\/\/footdavant.fr\/actualites\/#organization"},"potentialAction":[{"@type":"SearchAction","target":{"@type":"EntryPoint","urlTemplate":"https:\/\/footdavant.fr\/actualites\/?s={search_term_string}"},"query-input":"required name=search_term_string"}],"inLanguage":"fr-FR"},{"@type":"Organization","@id":"https:\/\/footdavant.fr\/actualites\/#organization","name":"Foot d'avant","url":"https:\/\/footdavant.fr\/actualites\/","logo":{"@type":"ImageObject","inLanguage":"fr-FR","@id":"https:\/\/footdavant.fr\/actualites\/#\/schema\/logo\/image\/","url":"https:\/\/footdavant.fr\/actualites\/wp-content\/uploads\/2023\/09\/Copy-of-FootDavant-Logo.png","contentUrl":"https:\/\/footdavant.fr\/actualites\/wp-content\/uploads\/2023\/09\/Copy-of-FootDavant-Logo.png","width":936,"height":549,"caption":"Foot d'avant"},"image":{"@id":"https:\/\/footdavant.fr\/actualites\/#\/schema\/logo\/image\/"},"sameAs":["https:\/\/www.facebook.com\/Footdavant\/","https:\/\/twitter.com\/FootdavantFr","https:\/\/www.instagram.com\/footdavant.fr\/"]},{"@type":"Person","@id":"https:\/\/footdavant.fr\/actualites\/#\/schema\/person\/bc222566d95871b37e597b3ed3ba5e1d","name":"Cl\u00e9ment","image":{"@type":"ImageObject","inLanguage":"fr-FR","@id":"https:\/\/footdavant.fr\/actualites\/#\/schema\/person\/image\/","url":"https:\/\/secure.gravatar.com\/avatar\/7728b29aac2719421e1a9159b2254c44?s=96&d=mm&r=g","contentUrl":"https:\/\/secure.gravatar.com\/avatar\/7728b29aac2719421e1a9159b2254c44?s=96&d=mm&r=g","caption":"Cl\u00e9ment"},"sameAs":["https:\/\/footdavant.fr\/"]}]}},"_links":{"self":[{"href":"https:\/\/footdavant.fr\/actualites\/wp-json\/wp\/v2\/posts\/21466"}],"collection":[{"href":"https:\/\/footdavant.fr\/actualites\/wp-json\/wp\/v2\/posts"}],"about":[{"href":"https:\/\/footdavant.fr\/actualites\/wp-json\/wp\/v2\/types\/post"}],"author":[{"embeddable":true,"href":"https:\/\/footdavant.fr\/actualites\/wp-json\/wp\/v2\/users\/1"}],"replies":[{"embeddable":true,"href":"https:\/\/footdavant.fr\/actualites\/wp-json\/wp\/v2\/comments?post=21466"}],"version-history":[{"count":1,"href":"https:\/\/footdavant.fr\/actualites\/wp-json\/wp\/v2\/posts\/21466\/revisions"}],"predecessor-version":[{"id":21468,"href":"https:\/\/footdavant.fr\/actualites\/wp-json\/wp\/v2\/posts\/21466\/revisions\/21468"}],"wp:featuredmedia":[{"embeddable":true,"href":"https:\/\/footdavant.fr\/actualites\/wp-json\/wp\/v2\/media\/21467"}],"wp:attachment":[{"href":"https:\/\/footdavant.fr\/actualites\/wp-json\/wp\/v2\/media?parent=21466"}],"wp:term":[{"taxonomy":"category","embeddable":true,"href":"https:\/\/footdavant.fr\/actualites\/wp-json\/wp\/v2\/categories?post=21466"},{"taxonomy":"post_tag","embeddable":true,"href":"https:\/\/footdavant.fr\/actualites\/wp-json\/wp\/v2\/tags?post=21466"}],"curies":[{"name":"wp","href":"https:\/\/api.w.org\/{rel}","templated":true}]}}