{"id":21472,"date":"2025-03-17T09:48:38","date_gmt":"2025-03-17T08:48:38","guid":{"rendered":"https:\/\/footdavant.fr\/actualites\/liverpool-a-traite-une-enorme-inquietude-finale-de-la-coupe-efl-car-le-defenseur-subit-une-blessure-au-genou-dans-le-clash-de-la-ligue-des-champions-du-psg\/"},"modified":"2025-03-17T09:48:40","modified_gmt":"2025-03-17T08:48:40","slug":"liverpool-a-traite-une-enorme-inquietude-finale-de-la-coupe-efl-car-le-defenseur-subit-une-blessure-au-genou-dans-le-clash-de-la-ligue-des-champions-du-psg","status":"publish","type":"post","link":"https:\/\/footdavant.fr\/actualites\/liverpool-a-traite-une-enorme-inquietude-finale-de-la-coupe-efl-car-le-defenseur-subit-une-blessure-au-genou-dans-le-clash-de-la-ligue-des-champions-du-psg\/","title":{"rendered":"Liverpool a trait\u00e9 une \u00e9norme inqui\u00e9tude finale de la Coupe EFL car le d\u00e9fenseur subit une blessure au genou dans le Clash de la Ligue des champions du PSG"},"content":{"rendered":"<p>Liverpool subit une \u00e9norme inqui\u00e9tude avant la finale de la Coupe d&#39;EFL de ce week-end, alors que Trent Alexander-Arnold semble se blesser au genou contre le Saint-Germain de Paris.<\/p>\n<div id=\"article_body\" itemprop=\"articleBody\">\n<h3 class=\"firstPara\">\n<strong class=\"autotag\">Liverpool<\/strong> ont subi une \u00e9norme inqui\u00e9tude dans les blessures avant ce week-end <strong class=\"autotag\">Tasse EFL<\/strong> final, comme <strong class=\"autotag\">Trent Alexander-Arnold<\/strong> semblait se blesser au genou contre <strong class=\"autotag\">Paris Saint-Germain<\/strong> dans le <strong class=\"autotag\">Ligue des champions<\/strong>.<\/h3>\n<p>L&#39;international anglais a commenc\u00e9 sans surprise \u00e0 l&#39;arri\u00e8re droit pour la visite des champions fran\u00e7ais, qui ont soumissionner pour renverser un <strong>1-0 d\u00e9ficit<\/strong> D\u00e8s la premi\u00e8re \u00e9tape de leur derni\u00e8re rencontre \u00e0 Paris.<\/p>\n<p>Les Pariens a combattu leur chemin dans le lien gr\u00e2ce \u00e0 un but en premi\u00e8re mi-temps de <strong class=\"autotag\">Ousmane Dembele<\/strong>et avec le score \u00e0 1-0 \u00e0 mi-chemin en deuxi\u00e8me mi-temps, <strong class=\"autotag\">Slot arne<\/strong> a \u00e9t\u00e9 trait\u00e9 une pr\u00e9occupation majeure.<\/p>\n<p>Alexander-Arnold est all\u00e9 d\u00e9fier le milieu de terrain du PSG <strong class=\"autotag\">Vitinha<\/strong> Sur la ligne de touche mais a attrap\u00e9 son pied dans le gazon alors qu&#39;il tentait de bloquer l&#39;autorisation du Portugais, apparemment choquant son genou dans le processus.<\/p>\n<p>Alexander-Arnold a imm\u00e9diatement critiqu\u00e9 le gazon \u00e0 l&#39;agonie et est rest\u00e9 en bas avant de recevoir un traitement de l&#39;\u00e9quipe m\u00e9dicale de Liverpool, et Slot n&#39;a pris aucun risque alors qu&#39;il le substituait \u00e0 <strong class=\"autotag\">Jarell Quansah<\/strong>.<\/p>\n<p>Le joueur de 26 ans marchait incroyablement avec pr\u00e9caution alors qu&#39;il se retirait en marge et revint \u00e0 la pirogue, plongeant sa disponibilit\u00e9 pour la finale de la Coupe EFL de ce week-end avec <strong class=\"autotag\">Newcastle United<\/strong> en doute.<\/p>\n<p>Slot &#8211; qui sera sans aucun doute invit\u00e9 \u00e0 une mise \u00e0 jour d&#39;apr\u00e8s-match &#8211; il manque d\u00e9j\u00e0 deux autres options d&#39;arri\u00e8re droit dans <strong class=\"autotag\">Joe Gomez<\/strong> et <strong class=\"autotag\">Conor Bradley<\/strong> En raison de blessures aux ischio-jambiers, Quansah commencerait probablement \u00e0 Wembley si le probl\u00e8me d&#39;Alexander-Arnold est suffisamment grave pour le garder \u00e0 l&#39;\u00e9cart.<\/p>\n<div class=\"author_box\">\n<div class=\"author_box_banner\">\n<\/div>\n<\/div>\n<\/div>\n","protected":false},"excerpt":{"rendered":"<p>Liverpool subit une \u00e9norme inqui\u00e9tude avant la finale de la Coupe d&#39;EFL de ce week-end, alors que Trent Alexander-Arnold semble se blesser au genou contre<\/p>\n","protected":false},"author":1,"featured_media":21473,"comment_status":"closed","ping_status":"","sticky":false,"template":"","format":"standard","meta":{"footnotes":""},"categories":[4],"tags":[15,2929,31,1720,1946,19,928,12,2290,1032,897,2899,1251,30,53,1656,366,7853,92],"yoast_head":"<!-- This site is optimized with the Yoast SEO plugin v21.0 - https:\/\/yoast.com\/wordpress\/plugins\/seo\/ -->\n<title>Liverpool a trait\u00e9 une \u00e9norme inqui\u00e9tude finale de la Coupe EFL car le d\u00e9fenseur subit une blessure au genou dans le Clash de la Ligue des champions du PSG<\/title>\n<meta name=\"robots\" content=\"index, follow, max-snippet:-1, max-image-preview:large, max-video-preview:-1\" \/>\n<link rel=\"canonical\" href=\"https:\/\/footdavant.fr\/actualites\/liverpool-a-traite-une-enorme-inquietude-finale-de-la-coupe-efl-car-le-defenseur-subit-une-blessure-au-genou-dans-le-clash-de-la-ligue-des-champions-du-psg\/\" \/>\n<meta property=\"og:locale\" content=\"fr_FR\" \/>\n<meta property=\"og:type\" content=\"article\" \/>\n<meta property=\"og:title\" content=\"Liverpool a trait\u00e9 une \u00e9norme inqui\u00e9tude finale de la Coupe EFL car le d\u00e9fenseur subit une blessure au genou dans le Clash de la Ligue des champions du PSG\" \/>\n<meta property=\"og:description\" content=\"Liverpool subit une \u00e9norme inqui\u00e9tude avant la finale de la Coupe d&#039;EFL de ce week-end, alors que Trent Alexander-Arnold semble se blesser au genou contre\" \/>\n<meta property=\"og:url\" content=\"https:\/\/footdavant.fr\/actualites\/liverpool-a-traite-une-enorme-inquietude-finale-de-la-coupe-efl-car-le-defenseur-subit-une-blessure-au-genou-dans-le-clash-de-la-ligue-des-champions-du-psg\/\" \/>\n<meta property=\"og:site_name\" content=\"Foot d&#039;avant\" \/>\n<meta property=\"article:publisher\" content=\"https:\/\/www.facebook.com\/Footdavant\/\" \/>\n<meta property=\"article:published_time\" content=\"2025-03-17T08:48:38+00:00\" \/>\n<meta property=\"article:modified_time\" content=\"2025-03-17T08:48:40+00:00\" \/>\n<meta property=\"og:image\" content=\"https:\/\/footdavant.fr\/actualites\/wp-content\/uploads\/2025\/03\/1742201319_Liverpool-a-traite-une-enorme-inquietude-finale-de-la-Coupe.jpg\" \/>\n\t<meta property=\"og:image:width\" content=\"1280\" \/>\n\t<meta property=\"og:image:height\" content=\"960\" \/>\n\t<meta property=\"og:image:type\" content=\"image\/jpeg\" \/>\n<meta name=\"author\" content=\"Cl\u00e9ment\" \/>\n<meta name=\"twitter:card\" content=\"summary_large_image\" \/>\n<meta name=\"twitter:creator\" content=\"@FootdavantFr\" \/>\n<meta name=\"twitter:site\" content=\"@FootdavantFr\" \/>\n<meta name=\"twitter:label1\" content=\"\u00c9crit par\" \/>\n\t<meta name=\"twitter:data1\" content=\"Cl\u00e9ment\" \/>\n\t<meta name=\"twitter:label2\" content=\"Dur\u00e9e de lecture estim\u00e9e\" \/>\n\t<meta name=\"twitter:data2\" content=\"2 minutes\" \/>\n<script type=\"application\/ld+json\" class=\"yoast-schema-graph\">{\"@context\":\"https:\/\/schema.org\",\"@graph\":[{\"@type\":\"Article\",\"@id\":\"https:\/\/footdavant.fr\/actualites\/liverpool-a-traite-une-enorme-inquietude-finale-de-la-coupe-efl-car-le-defenseur-subit-une-blessure-au-genou-dans-le-clash-de-la-ligue-des-champions-du-psg\/#article\",\"isPartOf\":{\"@id\":\"https:\/\/footdavant.fr\/actualites\/liverpool-a-traite-une-enorme-inquietude-finale-de-la-coupe-efl-car-le-defenseur-subit-une-blessure-au-genou-dans-le-clash-de-la-ligue-des-champions-du-psg\/\"},\"author\":{\"name\":\"Cl\u00e9ment\",\"@id\":\"https:\/\/footdavant.fr\/actualites\/#\/schema\/person\/bc222566d95871b37e597b3ed3ba5e1d\"},\"headline\":\"Liverpool a trait\u00e9 une \u00e9norme inqui\u00e9tude finale de la Coupe EFL car le d\u00e9fenseur subit une blessure au genou dans le Clash de la Ligue des champions du PSG\",\"datePublished\":\"2025-03-17T08:48:38+00:00\",\"dateModified\":\"2025-03-17T08:48:40+00:00\",\"mainEntityOfPage\":{\"@id\":\"https:\/\/footdavant.fr\/actualites\/liverpool-a-traite-une-enorme-inquietude-finale-de-la-coupe-efl-car-le-defenseur-subit-une-blessure-au-genou-dans-le-clash-de-la-ligue-des-champions-du-psg\/\"},\"wordCount\":347,\"publisher\":{\"@id\":\"https:\/\/footdavant.fr\/actualites\/#organization\"},\"keywords\":[\"Blessure\",\"car\",\"champions\",\"clash\",\"Coupe\",\"dans\",\"d\u00e9fenseur\",\"des\",\"EFL\",\"\u00e9norme\",\"finale\",\"genou\",\"Inqui\u00e9tude\",\"Ligue\",\"Liverpool\",\"PSG\",\"subit\",\"trait\u00e9\",\"une\"],\"articleSection\":[\"Champions League\"],\"inLanguage\":\"fr-FR\"},{\"@type\":\"WebPage\",\"@id\":\"https:\/\/footdavant.fr\/actualites\/liverpool-a-traite-une-enorme-inquietude-finale-de-la-coupe-efl-car-le-defenseur-subit-une-blessure-au-genou-dans-le-clash-de-la-ligue-des-champions-du-psg\/\",\"url\":\"https:\/\/footdavant.fr\/actualites\/liverpool-a-traite-une-enorme-inquietude-finale-de-la-coupe-efl-car-le-defenseur-subit-une-blessure-au-genou-dans-le-clash-de-la-ligue-des-champions-du-psg\/\",\"name\":\"Liverpool a trait\u00e9 une \u00e9norme inqui\u00e9tude finale de la Coupe EFL car le d\u00e9fenseur subit une blessure au genou dans le Clash de la Ligue des champions du PSG\",\"isPartOf\":{\"@id\":\"https:\/\/footdavant.fr\/actualites\/#website\"},\"datePublished\":\"2025-03-17T08:48:38+00:00\",\"dateModified\":\"2025-03-17T08:48:40+00:00\",\"breadcrumb\":{\"@id\":\"https:\/\/footdavant.fr\/actualites\/liverpool-a-traite-une-enorme-inquietude-finale-de-la-coupe-efl-car-le-defenseur-subit-une-blessure-au-genou-dans-le-clash-de-la-ligue-des-champions-du-psg\/#breadcrumb\"},\"inLanguage\":\"fr-FR\",\"potentialAction\":[{\"@type\":\"ReadAction\",\"target\":[\"https:\/\/footdavant.fr\/actualites\/liverpool-a-traite-une-enorme-inquietude-finale-de-la-coupe-efl-car-le-defenseur-subit-une-blessure-au-genou-dans-le-clash-de-la-ligue-des-champions-du-psg\/\"]}]},{\"@type\":\"BreadcrumbList\",\"@id\":\"https:\/\/footdavant.fr\/actualites\/liverpool-a-traite-une-enorme-inquietude-finale-de-la-coupe-efl-car-le-defenseur-subit-une-blessure-au-genou-dans-le-clash-de-la-ligue-des-champions-du-psg\/#breadcrumb\",\"itemListElement\":[{\"@type\":\"ListItem\",\"position\":1,\"name\":\"Accueil\",\"item\":\"https:\/\/footdavant.fr\/actualites\/\"},{\"@type\":\"ListItem\",\"position\":2,\"name\":\"Liverpool a trait\u00e9 une \u00e9norme inqui\u00e9tude finale de la Coupe EFL car le d\u00e9fenseur subit une blessure au genou dans le Clash de la Ligue des champions du PSG\"}]},{\"@type\":\"WebSite\",\"@id\":\"https:\/\/footdavant.fr\/actualites\/#website\",\"url\":\"https:\/\/footdavant.fr\/actualites\/\",\"name\":\"Foot d'avant\",\"description\":\"\",\"publisher\":{\"@id\":\"https:\/\/footdavant.fr\/actualites\/#organization\"},\"potentialAction\":[{\"@type\":\"SearchAction\",\"target\":{\"@type\":\"EntryPoint\",\"urlTemplate\":\"https:\/\/footdavant.fr\/actualites\/?s={search_term_string}\"},\"query-input\":\"required name=search_term_string\"}],\"inLanguage\":\"fr-FR\"},{\"@type\":\"Organization\",\"@id\":\"https:\/\/footdavant.fr\/actualites\/#organization\",\"name\":\"Foot d'avant\",\"url\":\"https:\/\/footdavant.fr\/actualites\/\",\"logo\":{\"@type\":\"ImageObject\",\"inLanguage\":\"fr-FR\",\"@id\":\"https:\/\/footdavant.fr\/actualites\/#\/schema\/logo\/image\/\",\"url\":\"https:\/\/footdavant.fr\/actualites\/wp-content\/uploads\/2023\/09\/Copy-of-FootDavant-Logo.png\",\"contentUrl\":\"https:\/\/footdavant.fr\/actualites\/wp-content\/uploads\/2023\/09\/Copy-of-FootDavant-Logo.png\",\"width\":936,\"height\":549,\"caption\":\"Foot d'avant\"},\"image\":{\"@id\":\"https:\/\/footdavant.fr\/actualites\/#\/schema\/logo\/image\/\"},\"sameAs\":[\"https:\/\/www.facebook.com\/Footdavant\/\",\"https:\/\/twitter.com\/FootdavantFr\",\"https:\/\/www.instagram.com\/footdavant.fr\/\"]},{\"@type\":\"Person\",\"@id\":\"https:\/\/footdavant.fr\/actualites\/#\/schema\/person\/bc222566d95871b37e597b3ed3ba5e1d\",\"name\":\"Cl\u00e9ment\",\"image\":{\"@type\":\"ImageObject\",\"inLanguage\":\"fr-FR\",\"@id\":\"https:\/\/footdavant.fr\/actualites\/#\/schema\/person\/image\/\",\"url\":\"https:\/\/secure.gravatar.com\/avatar\/7728b29aac2719421e1a9159b2254c44?s=96&d=mm&r=g\",\"contentUrl\":\"https:\/\/secure.gravatar.com\/avatar\/7728b29aac2719421e1a9159b2254c44?s=96&d=mm&r=g\",\"caption\":\"Cl\u00e9ment\"},\"sameAs\":[\"https:\/\/footdavant.fr\/\"]}]}<\/script>\n<!-- \/ Yoast SEO plugin. -->","yoast_head_json":{"title":"Liverpool a trait\u00e9 une \u00e9norme inqui\u00e9tude finale de la Coupe EFL car le d\u00e9fenseur subit une blessure au genou dans le Clash de la Ligue des champions du PSG","robots":{"index":"index","follow":"follow","max-snippet":"max-snippet:-1","max-image-preview":"max-image-preview:large","max-video-preview":"max-video-preview:-1"},"canonical":"https:\/\/footdavant.fr\/actualites\/liverpool-a-traite-une-enorme-inquietude-finale-de-la-coupe-efl-car-le-defenseur-subit-une-blessure-au-genou-dans-le-clash-de-la-ligue-des-champions-du-psg\/","og_locale":"fr_FR","og_type":"article","og_title":"Liverpool a trait\u00e9 une \u00e9norme inqui\u00e9tude finale de la Coupe EFL car le d\u00e9fenseur subit une blessure au genou dans le Clash de la Ligue des champions du PSG","og_description":"Liverpool subit une \u00e9norme inqui\u00e9tude avant la finale de la Coupe d&#39;EFL de ce week-end, alors que Trent Alexander-Arnold semble se blesser au genou contre","og_url":"https:\/\/footdavant.fr\/actualites\/liverpool-a-traite-une-enorme-inquietude-finale-de-la-coupe-efl-car-le-defenseur-subit-une-blessure-au-genou-dans-le-clash-de-la-ligue-des-champions-du-psg\/","og_site_name":"Foot d&#039;avant","article_publisher":"https:\/\/www.facebook.com\/Footdavant\/","article_published_time":"2025-03-17T08:48:38+00:00","article_modified_time":"2025-03-17T08:48:40+00:00","og_image":[{"width":1280,"height":960,"url":"https:\/\/footdavant.fr\/actualites\/wp-content\/uploads\/2025\/03\/1742201319_Liverpool-a-traite-une-enorme-inquietude-finale-de-la-Coupe.jpg","type":"image\/jpeg"}],"author":"Cl\u00e9ment","twitter_card":"summary_large_image","twitter_creator":"@FootdavantFr","twitter_site":"@FootdavantFr","twitter_misc":{"\u00c9crit par":"Cl\u00e9ment","Dur\u00e9e de lecture estim\u00e9e":"2 minutes"},"schema":{"@context":"https:\/\/schema.org","@graph":[{"@type":"Article","@id":"https:\/\/footdavant.fr\/actualites\/liverpool-a-traite-une-enorme-inquietude-finale-de-la-coupe-efl-car-le-defenseur-subit-une-blessure-au-genou-dans-le-clash-de-la-ligue-des-champions-du-psg\/#article","isPartOf":{"@id":"https:\/\/footdavant.fr\/actualites\/liverpool-a-traite-une-enorme-inquietude-finale-de-la-coupe-efl-car-le-defenseur-subit-une-blessure-au-genou-dans-le-clash-de-la-ligue-des-champions-du-psg\/"},"author":{"name":"Cl\u00e9ment","@id":"https:\/\/footdavant.fr\/actualites\/#\/schema\/person\/bc222566d95871b37e597b3ed3ba5e1d"},"headline":"Liverpool a trait\u00e9 une \u00e9norme inqui\u00e9tude finale de la Coupe EFL car le d\u00e9fenseur subit une blessure au genou dans le Clash de la Ligue des champions du PSG","datePublished":"2025-03-17T08:48:38+00:00","dateModified":"2025-03-17T08:48:40+00:00","mainEntityOfPage":{"@id":"https:\/\/footdavant.fr\/actualites\/liverpool-a-traite-une-enorme-inquietude-finale-de-la-coupe-efl-car-le-defenseur-subit-une-blessure-au-genou-dans-le-clash-de-la-ligue-des-champions-du-psg\/"},"wordCount":347,"publisher":{"@id":"https:\/\/footdavant.fr\/actualites\/#organization"},"keywords":["Blessure","car","champions","clash","Coupe","dans","d\u00e9fenseur","des","EFL","\u00e9norme","finale","genou","Inqui\u00e9tude","Ligue","Liverpool","PSG","subit","trait\u00e9","une"],"articleSection":["Champions League"],"inLanguage":"fr-FR"},{"@type":"WebPage","@id":"https:\/\/footdavant.fr\/actualites\/liverpool-a-traite-une-enorme-inquietude-finale-de-la-coupe-efl-car-le-defenseur-subit-une-blessure-au-genou-dans-le-clash-de-la-ligue-des-champions-du-psg\/","url":"https:\/\/footdavant.fr\/actualites\/liverpool-a-traite-une-enorme-inquietude-finale-de-la-coupe-efl-car-le-defenseur-subit-une-blessure-au-genou-dans-le-clash-de-la-ligue-des-champions-du-psg\/","name":"Liverpool a trait\u00e9 une \u00e9norme inqui\u00e9tude finale de la Coupe EFL car le d\u00e9fenseur subit une blessure au genou dans le Clash de la Ligue des champions du PSG","isPartOf":{"@id":"https:\/\/footdavant.fr\/actualites\/#website"},"datePublished":"2025-03-17T08:48:38+00:00","dateModified":"2025-03-17T08:48:40+00:00","breadcrumb":{"@id":"https:\/\/footdavant.fr\/actualites\/liverpool-a-traite-une-enorme-inquietude-finale-de-la-coupe-efl-car-le-defenseur-subit-une-blessure-au-genou-dans-le-clash-de-la-ligue-des-champions-du-psg\/#breadcrumb"},"inLanguage":"fr-FR","potentialAction":[{"@type":"ReadAction","target":["https:\/\/footdavant.fr\/actualites\/liverpool-a-traite-une-enorme-inquietude-finale-de-la-coupe-efl-car-le-defenseur-subit-une-blessure-au-genou-dans-le-clash-de-la-ligue-des-champions-du-psg\/"]}]},{"@type":"BreadcrumbList","@id":"https:\/\/footdavant.fr\/actualites\/liverpool-a-traite-une-enorme-inquietude-finale-de-la-coupe-efl-car-le-defenseur-subit-une-blessure-au-genou-dans-le-clash-de-la-ligue-des-champions-du-psg\/#breadcrumb","itemListElement":[{"@type":"ListItem","position":1,"name":"Accueil","item":"https:\/\/footdavant.fr\/actualites\/"},{"@type":"ListItem","position":2,"name":"Liverpool a trait\u00e9 une \u00e9norme inqui\u00e9tude finale de la Coupe EFL car le d\u00e9fenseur subit une blessure au genou dans le Clash de la Ligue des champions du PSG"}]},{"@type":"WebSite","@id":"https:\/\/footdavant.fr\/actualites\/#website","url":"https:\/\/footdavant.fr\/actualites\/","name":"Foot d'avant","description":"","publisher":{"@id":"https:\/\/footdavant.fr\/actualites\/#organization"},"potentialAction":[{"@type":"SearchAction","target":{"@type":"EntryPoint","urlTemplate":"https:\/\/footdavant.fr\/actualites\/?s={search_term_string}"},"query-input":"required name=search_term_string"}],"inLanguage":"fr-FR"},{"@type":"Organization","@id":"https:\/\/footdavant.fr\/actualites\/#organization","name":"Foot d'avant","url":"https:\/\/footdavant.fr\/actualites\/","logo":{"@type":"ImageObject","inLanguage":"fr-FR","@id":"https:\/\/footdavant.fr\/actualites\/#\/schema\/logo\/image\/","url":"https:\/\/footdavant.fr\/actualites\/wp-content\/uploads\/2023\/09\/Copy-of-FootDavant-Logo.png","contentUrl":"https:\/\/footdavant.fr\/actualites\/wp-content\/uploads\/2023\/09\/Copy-of-FootDavant-Logo.png","width":936,"height":549,"caption":"Foot d'avant"},"image":{"@id":"https:\/\/footdavant.fr\/actualites\/#\/schema\/logo\/image\/"},"sameAs":["https:\/\/www.facebook.com\/Footdavant\/","https:\/\/twitter.com\/FootdavantFr","https:\/\/www.instagram.com\/footdavant.fr\/"]},{"@type":"Person","@id":"https:\/\/footdavant.fr\/actualites\/#\/schema\/person\/bc222566d95871b37e597b3ed3ba5e1d","name":"Cl\u00e9ment","image":{"@type":"ImageObject","inLanguage":"fr-FR","@id":"https:\/\/footdavant.fr\/actualites\/#\/schema\/person\/image\/","url":"https:\/\/secure.gravatar.com\/avatar\/7728b29aac2719421e1a9159b2254c44?s=96&d=mm&r=g","contentUrl":"https:\/\/secure.gravatar.com\/avatar\/7728b29aac2719421e1a9159b2254c44?s=96&d=mm&r=g","caption":"Cl\u00e9ment"},"sameAs":["https:\/\/footdavant.fr\/"]}]}},"_links":{"self":[{"href":"https:\/\/footdavant.fr\/actualites\/wp-json\/wp\/v2\/posts\/21472"}],"collection":[{"href":"https:\/\/footdavant.fr\/actualites\/wp-json\/wp\/v2\/posts"}],"about":[{"href":"https:\/\/footdavant.fr\/actualites\/wp-json\/wp\/v2\/types\/post"}],"author":[{"embeddable":true,"href":"https:\/\/footdavant.fr\/actualites\/wp-json\/wp\/v2\/users\/1"}],"replies":[{"embeddable":true,"href":"https:\/\/footdavant.fr\/actualites\/wp-json\/wp\/v2\/comments?post=21472"}],"version-history":[{"count":1,"href":"https:\/\/footdavant.fr\/actualites\/wp-json\/wp\/v2\/posts\/21472\/revisions"}],"predecessor-version":[{"id":21474,"href":"https:\/\/footdavant.fr\/actualites\/wp-json\/wp\/v2\/posts\/21472\/revisions\/21474"}],"wp:featuredmedia":[{"embeddable":true,"href":"https:\/\/footdavant.fr\/actualites\/wp-json\/wp\/v2\/media\/21473"}],"wp:attachment":[{"href":"https:\/\/footdavant.fr\/actualites\/wp-json\/wp\/v2\/media?parent=21472"}],"wp:term":[{"taxonomy":"category","embeddable":true,"href":"https:\/\/footdavant.fr\/actualites\/wp-json\/wp\/v2\/categories?post=21472"},{"taxonomy":"post_tag","embeddable":true,"href":"https:\/\/footdavant.fr\/actualites\/wp-json\/wp\/v2\/tags?post=21472"}],"curies":[{"name":"wp","href":"https:\/\/api.w.org\/{rel}","templated":true}]}}