{"id":21478,"date":"2025-03-17T12:48:14","date_gmt":"2025-03-17T11:48:14","guid":{"rendered":"https:\/\/footdavant.fr\/actualites\/le-commentaire-only-the-league-de-ferdinand-montre-un-interrupteur-narratif-liverpool\/"},"modified":"2025-03-17T12:48:16","modified_gmt":"2025-03-17T11:48:16","slug":"le-commentaire-only-the-league-de-ferdinand-montre-un-interrupteur-narratif-liverpool","status":"publish","type":"post","link":"https:\/\/footdavant.fr\/actualites\/le-commentaire-only-the-league-de-ferdinand-montre-un-interrupteur-narratif-liverpool\/","title":{"rendered":"Le commentaire \u00abOnly the League\u00bb de Ferdinand montre un interrupteur narratif Liverpool"},"content":{"rendered":"<div id=\"article-body\">\n<!-- Article Start --><\/p>\n<p>La semaine derni\u00e8re, les r\u00eaves d&#39;une finale de Munich et d&#39;argenterie de la Coupe Carabao \u00e9taient en place pour les fans de Liverpool, mais Les Ferdinand s&#39;est d\u00e9lect\u00e9 de notre disparition.<\/p>\n<p>S&#39;exprimant apr\u00e8s la victoire de Newcastle, l&#39;ancien attaquant a d\u00e9clar\u00e9: <\/p>\n<p>Bien que les Reds soient des leaders en fuite au sommet, ce r\u00e9cit de \u00abseulement\u00bb gagner la Premier League est risible.<\/p>\n<p>Comment remporter notre premi\u00e8re ligue en cinq saisons, arr\u00eatant une course de Manchester City de quatre-une rang\u00e9e et en gardant actuellement Arsenal &#8211; \u00eatre consid\u00e9r\u00e9 comme une petite r\u00e9ussite?<\/p>\n<h2>Les efforts de Liverpool cette saison ne sont pas appr\u00e9ci\u00e9s<\/h2>\n<figure class=\"wp-caption alignnone\"><picture><source type=\"image\/webp\" data- data-><\/source><\/picture><\/figure>\n<p>Au moins, Alan Shearer a cr\u00e9dit\u00e9 la fa\u00e7on dont notre \u00e9quipe a jou\u00e9, alors qu&#39;il parlait apr\u00e8s la victoire du club, il a soutenu toute sa vie.<\/p>\n<p>Apr\u00e8s avoir abandonn\u00e9 deux comp\u00e9titions en une semaine, cela semble terrible, mais nos efforts ont \u00e9t\u00e9 si impressionnants jusqu&#39;\u00e0 pr\u00e9sent &#8211; ils m\u00e9ritent la reconnaissance.<\/p>\n<p>Jamie Carragher a commenc\u00e9 les pr\u00e9paratifs de l&#39;\u00e9t\u00e9 et o\u00f9 les Reds doivent se renforcer, mais cette campagne n&#39;est toujours pas termin\u00e9e.<\/p>\n<p>Si nous sortons dans les prochains matchs, continuons \u00e0 enregistrer les victoires, puis parlons de gagner la ligue &#8211; cela ne ressemblera pas du tout \u00e0 un prix de consolation.<\/p>\n<p>Parce que nous avons \u00e9t\u00e9 si loin, les experts et les \u00e9quipes rivales essaient de dire que notre r\u00e9alisation potentielle ne devrait pas \u00eatre aussi appr\u00e9ci\u00e9e qu&#39;elle devrait l&#39;\u00eatre si clairement.<\/p>\n<p>Le glissement de la langue de Les Ferdinand est un exemple de la fa\u00e7on dont notre saison sera d\u00e9crite, m\u00eame si nous remportons le prix le plus souhait\u00e9 par nos supporters.<\/p>\n<\/p>\n<p><span class=\"embed-youtube\" style=\"text-align:center; display: block;\"><\/span><\/p>\n<\/p>\n<p><!-- Article End -->\t\t\t\t<\/div>\n","protected":false},"excerpt":{"rendered":"<p>La semaine derni\u00e8re, les r\u00eaves d&#39;une finale de Munich et d&#39;argenterie de la Coupe Carabao \u00e9taient en place pour les fans de Liverpool, mais Les<\/p>\n","protected":false},"author":1,"featured_media":21479,"comment_status":"closed","ping_status":"","sticky":false,"template":"","format":"standard","meta":{"footnotes":""},"categories":[3],"tags":[1467,484,8506,202,53,85,8507],"yoast_head":"<!-- This site is optimized with the Yoast SEO plugin v21.0 - https:\/\/yoast.com\/wordpress\/plugins\/seo\/ -->\n<title>Le commentaire \u00abOnly the League\u00bb de Ferdinand montre un interrupteur narratif Liverpool<\/title>\n<meta name=\"robots\" content=\"index, follow, max-snippet:-1, max-image-preview:large, max-video-preview:-1\" \/>\n<link rel=\"canonical\" href=\"https:\/\/footdavant.fr\/actualites\/le-commentaire-only-the-league-de-ferdinand-montre-un-interrupteur-narratif-liverpool\/\" \/>\n<meta property=\"og:locale\" content=\"fr_FR\" \/>\n<meta property=\"og:type\" content=\"article\" \/>\n<meta property=\"og:title\" content=\"Le commentaire \u00abOnly the League\u00bb de Ferdinand montre un interrupteur narratif Liverpool\" \/>\n<meta property=\"og:description\" content=\"La semaine derni\u00e8re, les r\u00eaves d&#039;une finale de Munich et d&#039;argenterie de la Coupe Carabao \u00e9taient en place pour les fans de Liverpool, mais Les\" \/>\n<meta property=\"og:url\" content=\"https:\/\/footdavant.fr\/actualites\/le-commentaire-only-the-league-de-ferdinand-montre-un-interrupteur-narratif-liverpool\/\" \/>\n<meta property=\"og:site_name\" content=\"Foot d&#039;avant\" \/>\n<meta property=\"article:publisher\" content=\"https:\/\/www.facebook.com\/Footdavant\/\" \/>\n<meta property=\"article:published_time\" content=\"2025-03-17T11:48:14+00:00\" \/>\n<meta property=\"article:modified_time\" content=\"2025-03-17T11:48:16+00:00\" \/>\n<meta property=\"og:image\" content=\"https:\/\/footdavant.fr\/actualites\/wp-content\/uploads\/2025\/03\/1742212095_Le-commentaire-Only-the-League-de-Ferdinand-montre-un-interrupteur.jpg\" \/>\n\t<meta property=\"og:image:width\" content=\"1920\" \/>\n\t<meta property=\"og:image:height\" content=\"960\" \/>\n\t<meta property=\"og:image:type\" content=\"image\/jpeg\" \/>\n<meta name=\"author\" content=\"Cl\u00e9ment\" \/>\n<meta name=\"twitter:card\" content=\"summary_large_image\" \/>\n<meta name=\"twitter:creator\" content=\"@FootdavantFr\" \/>\n<meta name=\"twitter:site\" content=\"@FootdavantFr\" \/>\n<meta name=\"twitter:label1\" content=\"\u00c9crit par\" \/>\n\t<meta name=\"twitter:data1\" content=\"Cl\u00e9ment\" \/>\n\t<meta name=\"twitter:label2\" content=\"Dur\u00e9e de lecture estim\u00e9e\" \/>\n\t<meta name=\"twitter:data2\" content=\"2 minutes\" \/>\n<script type=\"application\/ld+json\" class=\"yoast-schema-graph\">{\"@context\":\"https:\/\/schema.org\",\"@graph\":[{\"@type\":\"Article\",\"@id\":\"https:\/\/footdavant.fr\/actualites\/le-commentaire-only-the-league-de-ferdinand-montre-un-interrupteur-narratif-liverpool\/#article\",\"isPartOf\":{\"@id\":\"https:\/\/footdavant.fr\/actualites\/le-commentaire-only-the-league-de-ferdinand-montre-un-interrupteur-narratif-liverpool\/\"},\"author\":{\"name\":\"Cl\u00e9ment\",\"@id\":\"https:\/\/footdavant.fr\/actualites\/#\/schema\/person\/bc222566d95871b37e597b3ed3ba5e1d\"},\"headline\":\"Le commentaire \u00abOnly the League\u00bb de Ferdinand montre un interrupteur narratif Liverpool\",\"datePublished\":\"2025-03-17T11:48:14+00:00\",\"dateModified\":\"2025-03-17T11:48:16+00:00\",\"mainEntityOfPage\":{\"@id\":\"https:\/\/footdavant.fr\/actualites\/le-commentaire-only-the-league-de-ferdinand-montre-un-interrupteur-narratif-liverpool\/\"},\"wordCount\":315,\"publisher\":{\"@id\":\"https:\/\/footdavant.fr\/actualites\/#organization\"},\"keywords\":[\"commentaire\",\"Ferdinand\",\"interrupteur\",\"League\",\"Liverpool\",\"montre\",\"narratif\"],\"articleSection\":[\"Football\"],\"inLanguage\":\"fr-FR\"},{\"@type\":\"WebPage\",\"@id\":\"https:\/\/footdavant.fr\/actualites\/le-commentaire-only-the-league-de-ferdinand-montre-un-interrupteur-narratif-liverpool\/\",\"url\":\"https:\/\/footdavant.fr\/actualites\/le-commentaire-only-the-league-de-ferdinand-montre-un-interrupteur-narratif-liverpool\/\",\"name\":\"Le commentaire \u00abOnly the League\u00bb de Ferdinand montre un interrupteur narratif Liverpool\",\"isPartOf\":{\"@id\":\"https:\/\/footdavant.fr\/actualites\/#website\"},\"datePublished\":\"2025-03-17T11:48:14+00:00\",\"dateModified\":\"2025-03-17T11:48:16+00:00\",\"breadcrumb\":{\"@id\":\"https:\/\/footdavant.fr\/actualites\/le-commentaire-only-the-league-de-ferdinand-montre-un-interrupteur-narratif-liverpool\/#breadcrumb\"},\"inLanguage\":\"fr-FR\",\"potentialAction\":[{\"@type\":\"ReadAction\",\"target\":[\"https:\/\/footdavant.fr\/actualites\/le-commentaire-only-the-league-de-ferdinand-montre-un-interrupteur-narratif-liverpool\/\"]}]},{\"@type\":\"BreadcrumbList\",\"@id\":\"https:\/\/footdavant.fr\/actualites\/le-commentaire-only-the-league-de-ferdinand-montre-un-interrupteur-narratif-liverpool\/#breadcrumb\",\"itemListElement\":[{\"@type\":\"ListItem\",\"position\":1,\"name\":\"Accueil\",\"item\":\"https:\/\/footdavant.fr\/actualites\/\"},{\"@type\":\"ListItem\",\"position\":2,\"name\":\"Le commentaire \u00abOnly the League\u00bb de Ferdinand montre un interrupteur narratif Liverpool\"}]},{\"@type\":\"WebSite\",\"@id\":\"https:\/\/footdavant.fr\/actualites\/#website\",\"url\":\"https:\/\/footdavant.fr\/actualites\/\",\"name\":\"Foot d'avant\",\"description\":\"\",\"publisher\":{\"@id\":\"https:\/\/footdavant.fr\/actualites\/#organization\"},\"potentialAction\":[{\"@type\":\"SearchAction\",\"target\":{\"@type\":\"EntryPoint\",\"urlTemplate\":\"https:\/\/footdavant.fr\/actualites\/?s={search_term_string}\"},\"query-input\":\"required name=search_term_string\"}],\"inLanguage\":\"fr-FR\"},{\"@type\":\"Organization\",\"@id\":\"https:\/\/footdavant.fr\/actualites\/#organization\",\"name\":\"Foot d'avant\",\"url\":\"https:\/\/footdavant.fr\/actualites\/\",\"logo\":{\"@type\":\"ImageObject\",\"inLanguage\":\"fr-FR\",\"@id\":\"https:\/\/footdavant.fr\/actualites\/#\/schema\/logo\/image\/\",\"url\":\"https:\/\/footdavant.fr\/actualites\/wp-content\/uploads\/2023\/09\/Copy-of-FootDavant-Logo.png\",\"contentUrl\":\"https:\/\/footdavant.fr\/actualites\/wp-content\/uploads\/2023\/09\/Copy-of-FootDavant-Logo.png\",\"width\":936,\"height\":549,\"caption\":\"Foot d'avant\"},\"image\":{\"@id\":\"https:\/\/footdavant.fr\/actualites\/#\/schema\/logo\/image\/\"},\"sameAs\":[\"https:\/\/www.facebook.com\/Footdavant\/\",\"https:\/\/twitter.com\/FootdavantFr\",\"https:\/\/www.instagram.com\/footdavant.fr\/\"]},{\"@type\":\"Person\",\"@id\":\"https:\/\/footdavant.fr\/actualites\/#\/schema\/person\/bc222566d95871b37e597b3ed3ba5e1d\",\"name\":\"Cl\u00e9ment\",\"image\":{\"@type\":\"ImageObject\",\"inLanguage\":\"fr-FR\",\"@id\":\"https:\/\/footdavant.fr\/actualites\/#\/schema\/person\/image\/\",\"url\":\"https:\/\/secure.gravatar.com\/avatar\/7728b29aac2719421e1a9159b2254c44?s=96&d=mm&r=g\",\"contentUrl\":\"https:\/\/secure.gravatar.com\/avatar\/7728b29aac2719421e1a9159b2254c44?s=96&d=mm&r=g\",\"caption\":\"Cl\u00e9ment\"},\"sameAs\":[\"https:\/\/footdavant.fr\/\"]}]}<\/script>\n<!-- \/ Yoast SEO plugin. -->","yoast_head_json":{"title":"Le commentaire \u00abOnly the League\u00bb de Ferdinand montre un interrupteur narratif Liverpool","robots":{"index":"index","follow":"follow","max-snippet":"max-snippet:-1","max-image-preview":"max-image-preview:large","max-video-preview":"max-video-preview:-1"},"canonical":"https:\/\/footdavant.fr\/actualites\/le-commentaire-only-the-league-de-ferdinand-montre-un-interrupteur-narratif-liverpool\/","og_locale":"fr_FR","og_type":"article","og_title":"Le commentaire \u00abOnly the League\u00bb de Ferdinand montre un interrupteur narratif Liverpool","og_description":"La semaine derni\u00e8re, les r\u00eaves d&#39;une finale de Munich et d&#39;argenterie de la Coupe Carabao \u00e9taient en place pour les fans de Liverpool, mais Les","og_url":"https:\/\/footdavant.fr\/actualites\/le-commentaire-only-the-league-de-ferdinand-montre-un-interrupteur-narratif-liverpool\/","og_site_name":"Foot d&#039;avant","article_publisher":"https:\/\/www.facebook.com\/Footdavant\/","article_published_time":"2025-03-17T11:48:14+00:00","article_modified_time":"2025-03-17T11:48:16+00:00","og_image":[{"width":1920,"height":960,"url":"https:\/\/footdavant.fr\/actualites\/wp-content\/uploads\/2025\/03\/1742212095_Le-commentaire-Only-the-League-de-Ferdinand-montre-un-interrupteur.jpg","type":"image\/jpeg"}],"author":"Cl\u00e9ment","twitter_card":"summary_large_image","twitter_creator":"@FootdavantFr","twitter_site":"@FootdavantFr","twitter_misc":{"\u00c9crit par":"Cl\u00e9ment","Dur\u00e9e de lecture estim\u00e9e":"2 minutes"},"schema":{"@context":"https:\/\/schema.org","@graph":[{"@type":"Article","@id":"https:\/\/footdavant.fr\/actualites\/le-commentaire-only-the-league-de-ferdinand-montre-un-interrupteur-narratif-liverpool\/#article","isPartOf":{"@id":"https:\/\/footdavant.fr\/actualites\/le-commentaire-only-the-league-de-ferdinand-montre-un-interrupteur-narratif-liverpool\/"},"author":{"name":"Cl\u00e9ment","@id":"https:\/\/footdavant.fr\/actualites\/#\/schema\/person\/bc222566d95871b37e597b3ed3ba5e1d"},"headline":"Le commentaire \u00abOnly the League\u00bb de Ferdinand montre un interrupteur narratif Liverpool","datePublished":"2025-03-17T11:48:14+00:00","dateModified":"2025-03-17T11:48:16+00:00","mainEntityOfPage":{"@id":"https:\/\/footdavant.fr\/actualites\/le-commentaire-only-the-league-de-ferdinand-montre-un-interrupteur-narratif-liverpool\/"},"wordCount":315,"publisher":{"@id":"https:\/\/footdavant.fr\/actualites\/#organization"},"keywords":["commentaire","Ferdinand","interrupteur","League","Liverpool","montre","narratif"],"articleSection":["Football"],"inLanguage":"fr-FR"},{"@type":"WebPage","@id":"https:\/\/footdavant.fr\/actualites\/le-commentaire-only-the-league-de-ferdinand-montre-un-interrupteur-narratif-liverpool\/","url":"https:\/\/footdavant.fr\/actualites\/le-commentaire-only-the-league-de-ferdinand-montre-un-interrupteur-narratif-liverpool\/","name":"Le commentaire \u00abOnly the League\u00bb de Ferdinand montre un interrupteur narratif Liverpool","isPartOf":{"@id":"https:\/\/footdavant.fr\/actualites\/#website"},"datePublished":"2025-03-17T11:48:14+00:00","dateModified":"2025-03-17T11:48:16+00:00","breadcrumb":{"@id":"https:\/\/footdavant.fr\/actualites\/le-commentaire-only-the-league-de-ferdinand-montre-un-interrupteur-narratif-liverpool\/#breadcrumb"},"inLanguage":"fr-FR","potentialAction":[{"@type":"ReadAction","target":["https:\/\/footdavant.fr\/actualites\/le-commentaire-only-the-league-de-ferdinand-montre-un-interrupteur-narratif-liverpool\/"]}]},{"@type":"BreadcrumbList","@id":"https:\/\/footdavant.fr\/actualites\/le-commentaire-only-the-league-de-ferdinand-montre-un-interrupteur-narratif-liverpool\/#breadcrumb","itemListElement":[{"@type":"ListItem","position":1,"name":"Accueil","item":"https:\/\/footdavant.fr\/actualites\/"},{"@type":"ListItem","position":2,"name":"Le commentaire \u00abOnly the League\u00bb de Ferdinand montre un interrupteur narratif Liverpool"}]},{"@type":"WebSite","@id":"https:\/\/footdavant.fr\/actualites\/#website","url":"https:\/\/footdavant.fr\/actualites\/","name":"Foot d'avant","description":"","publisher":{"@id":"https:\/\/footdavant.fr\/actualites\/#organization"},"potentialAction":[{"@type":"SearchAction","target":{"@type":"EntryPoint","urlTemplate":"https:\/\/footdavant.fr\/actualites\/?s={search_term_string}"},"query-input":"required name=search_term_string"}],"inLanguage":"fr-FR"},{"@type":"Organization","@id":"https:\/\/footdavant.fr\/actualites\/#organization","name":"Foot d'avant","url":"https:\/\/footdavant.fr\/actualites\/","logo":{"@type":"ImageObject","inLanguage":"fr-FR","@id":"https:\/\/footdavant.fr\/actualites\/#\/schema\/logo\/image\/","url":"https:\/\/footdavant.fr\/actualites\/wp-content\/uploads\/2023\/09\/Copy-of-FootDavant-Logo.png","contentUrl":"https:\/\/footdavant.fr\/actualites\/wp-content\/uploads\/2023\/09\/Copy-of-FootDavant-Logo.png","width":936,"height":549,"caption":"Foot d'avant"},"image":{"@id":"https:\/\/footdavant.fr\/actualites\/#\/schema\/logo\/image\/"},"sameAs":["https:\/\/www.facebook.com\/Footdavant\/","https:\/\/twitter.com\/FootdavantFr","https:\/\/www.instagram.com\/footdavant.fr\/"]},{"@type":"Person","@id":"https:\/\/footdavant.fr\/actualites\/#\/schema\/person\/bc222566d95871b37e597b3ed3ba5e1d","name":"Cl\u00e9ment","image":{"@type":"ImageObject","inLanguage":"fr-FR","@id":"https:\/\/footdavant.fr\/actualites\/#\/schema\/person\/image\/","url":"https:\/\/secure.gravatar.com\/avatar\/7728b29aac2719421e1a9159b2254c44?s=96&d=mm&r=g","contentUrl":"https:\/\/secure.gravatar.com\/avatar\/7728b29aac2719421e1a9159b2254c44?s=96&d=mm&r=g","caption":"Cl\u00e9ment"},"sameAs":["https:\/\/footdavant.fr\/"]}]}},"_links":{"self":[{"href":"https:\/\/footdavant.fr\/actualites\/wp-json\/wp\/v2\/posts\/21478"}],"collection":[{"href":"https:\/\/footdavant.fr\/actualites\/wp-json\/wp\/v2\/posts"}],"about":[{"href":"https:\/\/footdavant.fr\/actualites\/wp-json\/wp\/v2\/types\/post"}],"author":[{"embeddable":true,"href":"https:\/\/footdavant.fr\/actualites\/wp-json\/wp\/v2\/users\/1"}],"replies":[{"embeddable":true,"href":"https:\/\/footdavant.fr\/actualites\/wp-json\/wp\/v2\/comments?post=21478"}],"version-history":[{"count":1,"href":"https:\/\/footdavant.fr\/actualites\/wp-json\/wp\/v2\/posts\/21478\/revisions"}],"predecessor-version":[{"id":21480,"href":"https:\/\/footdavant.fr\/actualites\/wp-json\/wp\/v2\/posts\/21478\/revisions\/21480"}],"wp:featuredmedia":[{"embeddable":true,"href":"https:\/\/footdavant.fr\/actualites\/wp-json\/wp\/v2\/media\/21479"}],"wp:attachment":[{"href":"https:\/\/footdavant.fr\/actualites\/wp-json\/wp\/v2\/media?parent=21478"}],"wp:term":[{"taxonomy":"category","embeddable":true,"href":"https:\/\/footdavant.fr\/actualites\/wp-json\/wp\/v2\/categories?post=21478"},{"taxonomy":"post_tag","embeddable":true,"href":"https:\/\/footdavant.fr\/actualites\/wp-json\/wp\/v2\/tags?post=21478"}],"curies":[{"name":"wp","href":"https:\/\/api.w.org\/{rel}","templated":true}]}}