{"id":2160,"date":"2023-12-09T05:49:44","date_gmt":"2023-12-09T04:49:44","guid":{"rendered":"https:\/\/footdavant.fr\/actualites\/klopp-un-peu-surpris-de-ce-que-virgil-van-dijk-a-fait-contre-sheffield-united\/"},"modified":"2023-12-09T05:49:45","modified_gmt":"2023-12-09T04:49:45","slug":"klopp-un-peu-surpris-de-ce-que-virgil-van-dijk-a-fait-contre-sheffield-united","status":"publish","type":"post","link":"https:\/\/footdavant.fr\/actualites\/klopp-un-peu-surpris-de-ce-que-virgil-van-dijk-a-fait-contre-sheffield-united\/","title":{"rendered":"Klopp \u00ab\u00a0un peu surpris\u00a0\u00bb de ce que Virgil van Dijk a fait contre Sheffield United"},"content":{"rendered":"<p><\/p>\n<div id=\"article-body\">\n<!-- Article Start --><\/p>\n<p>Jurgen Klopp a admis qu&rsquo;il \u00e9tait \u00ab\u00a0un peu surpris\u00a0\u00bb d&rsquo;apprendre que le but de Virgil van Dijk contre Sheffield United mercredi \u00e9tait le premier du N\u00e9erlandais de la saison.<\/p>\n<p>Le skipper des Reds a donn\u00e9 l&rsquo;avantage \u00e0 son \u00e9quipe en premi\u00e8re mi-temps avant que Dominik Szoboszlai ne scelle les trois points pour les Merseysiders \u00e0 Bramall Lane avec une superbe finition dans le temps additionnel de la deuxi\u00e8me mi-temps.<\/p>\n<p>L&rsquo;effort de notre num\u00e9ro 4, qui l&rsquo;a vu rentrer de vol\u00e9e sur le corner de Trent Alexander-Arnold, \u00e9tait son 20e but pour le club depuis son arriv\u00e9e de Southampton en 2018 et Klopp a admis apr\u00e8s le match que les coups de pied arr\u00eat\u00e9s sont une \u00ab\u00a0aide massive dans les matchs serr\u00e9s\u00a0\u00bb. comme celui contre l\u2019\u00e9quipe de Chris Wilder.<\/p>\n<p>Il a d\u00e9clar\u00e9, selon le site officiel de Liverpool :<\/p>\n<\/p>\n<p>L&rsquo;international n\u00e9erlandais constitue une \u00e9norme menace sur coups de pied arr\u00eat\u00e9s avec sa pr\u00e9sence imposante et son impressionnante capacit\u00e9 de t\u00eate.<\/p>\n<p>C&rsquo;\u00e9tait quelque peu surprenant d&rsquo;apprendre que son but contre les Blades \u00e9tait son premier de la saison, mais sa principale priorit\u00e9 est d&#8217;emp\u00eacher les buts plut\u00f4t que d&rsquo;en marquer.<\/p>\n<p>En plus de figurer sur la feuille de match, il a \u00e9galement aid\u00e9 Liverpool \u00e0 r\u00e9aliser sa septi\u00e8me feuille blanche de la campagne (toutes comp\u00e9titions confondues).<\/p>\n<p>Il aura h\u00e2te de faire exactement la m\u00eame chose samedi lorsque les Reds se rendront \u00e0 Selhurst Park pour affronter Crystal Palace.<\/p>\n<\/p>\n<p><span class=\"embed-youtube\" style=\"text-align:center; display: block;\"><\/span><\/p>\n<p><!-- Article End -->\t\t\t\t<\/div>\n","protected":false},"excerpt":{"rendered":"<p>Jurgen Klopp a admis qu&rsquo;il \u00e9tait \u00ab\u00a0un peu surpris\u00a0\u00bb d&rsquo;apprendre que le but de Virgil van Dijk contre Sheffield United mercredi \u00e9tait le premier du<\/p>\n","protected":false},"author":1,"featured_media":2161,"comment_status":"closed","ping_status":"","sticky":false,"template":"","format":"standard","meta":{"footnotes":""},"categories":[3],"tags":[20,784,152,238,1776,179,2045,13,783,782],"yoast_head":"<!-- This site is optimized with the Yoast SEO plugin v21.0 - https:\/\/yoast.com\/wordpress\/plugins\/seo\/ -->\n<title>Klopp &quot;un peu surpris&quot; de ce que Virgil van Dijk a fait contre Sheffield United<\/title>\n<meta name=\"robots\" content=\"index, follow, max-snippet:-1, max-image-preview:large, max-video-preview:-1\" \/>\n<link rel=\"canonical\" href=\"https:\/\/footdavant.fr\/actualites\/klopp-un-peu-surpris-de-ce-que-virgil-van-dijk-a-fait-contre-sheffield-united\/\" \/>\n<meta property=\"og:locale\" content=\"fr_FR\" \/>\n<meta property=\"og:type\" content=\"article\" \/>\n<meta property=\"og:title\" content=\"Klopp &quot;un peu surpris&quot; de ce que Virgil van Dijk a fait contre Sheffield United\" \/>\n<meta property=\"og:description\" content=\"Jurgen Klopp a admis qu&rsquo;il \u00e9tait \u00ab\u00a0un peu surpris\u00a0\u00bb d&rsquo;apprendre que le but de Virgil van Dijk contre Sheffield United mercredi \u00e9tait le premier du\" \/>\n<meta property=\"og:url\" content=\"https:\/\/footdavant.fr\/actualites\/klopp-un-peu-surpris-de-ce-que-virgil-van-dijk-a-fait-contre-sheffield-united\/\" \/>\n<meta property=\"og:site_name\" content=\"Foot d&#039;avant\" \/>\n<meta property=\"article:publisher\" content=\"https:\/\/www.facebook.com\/Footdavant\/\" \/>\n<meta property=\"article:published_time\" content=\"2023-12-09T04:49:44+00:00\" \/>\n<meta property=\"article:modified_time\" content=\"2023-12-09T04:49:45+00:00\" \/>\n<meta property=\"og:image\" content=\"https:\/\/footdavant.fr\/actualites\/wp-content\/uploads\/2023\/12\/Klopp-un-peu-surpris-de-ce-que-Virgil-van-Dijk.jpg\" \/>\n\t<meta property=\"og:image:width\" content=\"1050\" \/>\n\t<meta property=\"og:image:height\" content=\"678\" \/>\n\t<meta property=\"og:image:type\" content=\"image\/jpeg\" \/>\n<meta name=\"author\" content=\"Cl\u00e9ment\" \/>\n<meta name=\"twitter:card\" content=\"summary_large_image\" \/>\n<meta name=\"twitter:creator\" content=\"@FootdavantFr\" \/>\n<meta name=\"twitter:site\" content=\"@FootdavantFr\" \/>\n<meta name=\"twitter:label1\" content=\"\u00c9crit par\" \/>\n\t<meta name=\"twitter:data1\" content=\"Cl\u00e9ment\" \/>\n\t<meta name=\"twitter:label2\" content=\"Dur\u00e9e de lecture estim\u00e9e\" \/>\n\t<meta name=\"twitter:data2\" content=\"1 minute\" \/>\n<script type=\"application\/ld+json\" class=\"yoast-schema-graph\">{\"@context\":\"https:\/\/schema.org\",\"@graph\":[{\"@type\":\"Article\",\"@id\":\"https:\/\/footdavant.fr\/actualites\/klopp-un-peu-surpris-de-ce-que-virgil-van-dijk-a-fait-contre-sheffield-united\/#article\",\"isPartOf\":{\"@id\":\"https:\/\/footdavant.fr\/actualites\/klopp-un-peu-surpris-de-ce-que-virgil-van-dijk-a-fait-contre-sheffield-united\/\"},\"author\":{\"name\":\"Cl\u00e9ment\",\"@id\":\"https:\/\/footdavant.fr\/actualites\/#\/schema\/person\/bc222566d95871b37e597b3ed3ba5e1d\"},\"headline\":\"Klopp \u00ab\u00a0un peu surpris\u00a0\u00bb de ce que Virgil van Dijk a fait contre Sheffield United\",\"datePublished\":\"2023-12-09T04:49:44+00:00\",\"dateModified\":\"2023-12-09T04:49:45+00:00\",\"mainEntityOfPage\":{\"@id\":\"https:\/\/footdavant.fr\/actualites\/klopp-un-peu-surpris-de-ce-que-virgil-van-dijk-a-fait-contre-sheffield-united\/\"},\"wordCount\":269,\"publisher\":{\"@id\":\"https:\/\/footdavant.fr\/actualites\/#organization\"},\"keywords\":[\"contre\",\"Dijk\",\"fait\",\"Klopp\",\"peu\",\"Sheffield\",\"surpris\",\"United\",\"van\",\"Virgil\"],\"articleSection\":[\"Football\"],\"inLanguage\":\"fr-FR\"},{\"@type\":\"WebPage\",\"@id\":\"https:\/\/footdavant.fr\/actualites\/klopp-un-peu-surpris-de-ce-que-virgil-van-dijk-a-fait-contre-sheffield-united\/\",\"url\":\"https:\/\/footdavant.fr\/actualites\/klopp-un-peu-surpris-de-ce-que-virgil-van-dijk-a-fait-contre-sheffield-united\/\",\"name\":\"Klopp \\\"un peu surpris\\\" de ce que Virgil van Dijk a fait contre Sheffield United\",\"isPartOf\":{\"@id\":\"https:\/\/footdavant.fr\/actualites\/#website\"},\"datePublished\":\"2023-12-09T04:49:44+00:00\",\"dateModified\":\"2023-12-09T04:49:45+00:00\",\"breadcrumb\":{\"@id\":\"https:\/\/footdavant.fr\/actualites\/klopp-un-peu-surpris-de-ce-que-virgil-van-dijk-a-fait-contre-sheffield-united\/#breadcrumb\"},\"inLanguage\":\"fr-FR\",\"potentialAction\":[{\"@type\":\"ReadAction\",\"target\":[\"https:\/\/footdavant.fr\/actualites\/klopp-un-peu-surpris-de-ce-que-virgil-van-dijk-a-fait-contre-sheffield-united\/\"]}]},{\"@type\":\"BreadcrumbList\",\"@id\":\"https:\/\/footdavant.fr\/actualites\/klopp-un-peu-surpris-de-ce-que-virgil-van-dijk-a-fait-contre-sheffield-united\/#breadcrumb\",\"itemListElement\":[{\"@type\":\"ListItem\",\"position\":1,\"name\":\"Accueil\",\"item\":\"https:\/\/footdavant.fr\/actualites\/\"},{\"@type\":\"ListItem\",\"position\":2,\"name\":\"Klopp \u00ab\u00a0un peu surpris\u00a0\u00bb de ce que Virgil van Dijk a fait contre Sheffield United\"}]},{\"@type\":\"WebSite\",\"@id\":\"https:\/\/footdavant.fr\/actualites\/#website\",\"url\":\"https:\/\/footdavant.fr\/actualites\/\",\"name\":\"Foot d'avant\",\"description\":\"\",\"publisher\":{\"@id\":\"https:\/\/footdavant.fr\/actualites\/#organization\"},\"potentialAction\":[{\"@type\":\"SearchAction\",\"target\":{\"@type\":\"EntryPoint\",\"urlTemplate\":\"https:\/\/footdavant.fr\/actualites\/?s={search_term_string}\"},\"query-input\":\"required name=search_term_string\"}],\"inLanguage\":\"fr-FR\"},{\"@type\":\"Organization\",\"@id\":\"https:\/\/footdavant.fr\/actualites\/#organization\",\"name\":\"Foot d'avant\",\"url\":\"https:\/\/footdavant.fr\/actualites\/\",\"logo\":{\"@type\":\"ImageObject\",\"inLanguage\":\"fr-FR\",\"@id\":\"https:\/\/footdavant.fr\/actualites\/#\/schema\/logo\/image\/\",\"url\":\"https:\/\/footdavant.fr\/actualites\/wp-content\/uploads\/2023\/09\/Copy-of-FootDavant-Logo.png\",\"contentUrl\":\"https:\/\/footdavant.fr\/actualites\/wp-content\/uploads\/2023\/09\/Copy-of-FootDavant-Logo.png\",\"width\":936,\"height\":549,\"caption\":\"Foot d'avant\"},\"image\":{\"@id\":\"https:\/\/footdavant.fr\/actualites\/#\/schema\/logo\/image\/\"},\"sameAs\":[\"https:\/\/www.facebook.com\/Footdavant\/\",\"https:\/\/twitter.com\/FootdavantFr\",\"https:\/\/www.instagram.com\/footdavant.fr\/\"]},{\"@type\":\"Person\",\"@id\":\"https:\/\/footdavant.fr\/actualites\/#\/schema\/person\/bc222566d95871b37e597b3ed3ba5e1d\",\"name\":\"Cl\u00e9ment\",\"image\":{\"@type\":\"ImageObject\",\"inLanguage\":\"fr-FR\",\"@id\":\"https:\/\/footdavant.fr\/actualites\/#\/schema\/person\/image\/\",\"url\":\"https:\/\/secure.gravatar.com\/avatar\/7728b29aac2719421e1a9159b2254c44?s=96&d=mm&r=g\",\"contentUrl\":\"https:\/\/secure.gravatar.com\/avatar\/7728b29aac2719421e1a9159b2254c44?s=96&d=mm&r=g\",\"caption\":\"Cl\u00e9ment\"},\"sameAs\":[\"https:\/\/footdavant.fr\/\"]}]}<\/script>\n<!-- \/ Yoast SEO plugin. -->","yoast_head_json":{"title":"Klopp \"un peu surpris\" de ce que Virgil van Dijk a fait contre Sheffield United","robots":{"index":"index","follow":"follow","max-snippet":"max-snippet:-1","max-image-preview":"max-image-preview:large","max-video-preview":"max-video-preview:-1"},"canonical":"https:\/\/footdavant.fr\/actualites\/klopp-un-peu-surpris-de-ce-que-virgil-van-dijk-a-fait-contre-sheffield-united\/","og_locale":"fr_FR","og_type":"article","og_title":"Klopp \"un peu surpris\" de ce que Virgil van Dijk a fait contre Sheffield United","og_description":"Jurgen Klopp a admis qu&rsquo;il \u00e9tait \u00ab\u00a0un peu surpris\u00a0\u00bb d&rsquo;apprendre que le but de Virgil van Dijk contre Sheffield United mercredi \u00e9tait le premier du","og_url":"https:\/\/footdavant.fr\/actualites\/klopp-un-peu-surpris-de-ce-que-virgil-van-dijk-a-fait-contre-sheffield-united\/","og_site_name":"Foot d&#039;avant","article_publisher":"https:\/\/www.facebook.com\/Footdavant\/","article_published_time":"2023-12-09T04:49:44+00:00","article_modified_time":"2023-12-09T04:49:45+00:00","og_image":[{"width":1050,"height":678,"url":"https:\/\/footdavant.fr\/actualites\/wp-content\/uploads\/2023\/12\/Klopp-un-peu-surpris-de-ce-que-Virgil-van-Dijk.jpg","type":"image\/jpeg"}],"author":"Cl\u00e9ment","twitter_card":"summary_large_image","twitter_creator":"@FootdavantFr","twitter_site":"@FootdavantFr","twitter_misc":{"\u00c9crit par":"Cl\u00e9ment","Dur\u00e9e de lecture estim\u00e9e":"1 minute"},"schema":{"@context":"https:\/\/schema.org","@graph":[{"@type":"Article","@id":"https:\/\/footdavant.fr\/actualites\/klopp-un-peu-surpris-de-ce-que-virgil-van-dijk-a-fait-contre-sheffield-united\/#article","isPartOf":{"@id":"https:\/\/footdavant.fr\/actualites\/klopp-un-peu-surpris-de-ce-que-virgil-van-dijk-a-fait-contre-sheffield-united\/"},"author":{"name":"Cl\u00e9ment","@id":"https:\/\/footdavant.fr\/actualites\/#\/schema\/person\/bc222566d95871b37e597b3ed3ba5e1d"},"headline":"Klopp \u00ab\u00a0un peu surpris\u00a0\u00bb de ce que Virgil van Dijk a fait contre Sheffield United","datePublished":"2023-12-09T04:49:44+00:00","dateModified":"2023-12-09T04:49:45+00:00","mainEntityOfPage":{"@id":"https:\/\/footdavant.fr\/actualites\/klopp-un-peu-surpris-de-ce-que-virgil-van-dijk-a-fait-contre-sheffield-united\/"},"wordCount":269,"publisher":{"@id":"https:\/\/footdavant.fr\/actualites\/#organization"},"keywords":["contre","Dijk","fait","Klopp","peu","Sheffield","surpris","United","van","Virgil"],"articleSection":["Football"],"inLanguage":"fr-FR"},{"@type":"WebPage","@id":"https:\/\/footdavant.fr\/actualites\/klopp-un-peu-surpris-de-ce-que-virgil-van-dijk-a-fait-contre-sheffield-united\/","url":"https:\/\/footdavant.fr\/actualites\/klopp-un-peu-surpris-de-ce-que-virgil-van-dijk-a-fait-contre-sheffield-united\/","name":"Klopp \"un peu surpris\" de ce que Virgil van Dijk a fait contre Sheffield United","isPartOf":{"@id":"https:\/\/footdavant.fr\/actualites\/#website"},"datePublished":"2023-12-09T04:49:44+00:00","dateModified":"2023-12-09T04:49:45+00:00","breadcrumb":{"@id":"https:\/\/footdavant.fr\/actualites\/klopp-un-peu-surpris-de-ce-que-virgil-van-dijk-a-fait-contre-sheffield-united\/#breadcrumb"},"inLanguage":"fr-FR","potentialAction":[{"@type":"ReadAction","target":["https:\/\/footdavant.fr\/actualites\/klopp-un-peu-surpris-de-ce-que-virgil-van-dijk-a-fait-contre-sheffield-united\/"]}]},{"@type":"BreadcrumbList","@id":"https:\/\/footdavant.fr\/actualites\/klopp-un-peu-surpris-de-ce-que-virgil-van-dijk-a-fait-contre-sheffield-united\/#breadcrumb","itemListElement":[{"@type":"ListItem","position":1,"name":"Accueil","item":"https:\/\/footdavant.fr\/actualites\/"},{"@type":"ListItem","position":2,"name":"Klopp \u00ab\u00a0un peu surpris\u00a0\u00bb de ce que Virgil van Dijk a fait contre Sheffield United"}]},{"@type":"WebSite","@id":"https:\/\/footdavant.fr\/actualites\/#website","url":"https:\/\/footdavant.fr\/actualites\/","name":"Foot d'avant","description":"","publisher":{"@id":"https:\/\/footdavant.fr\/actualites\/#organization"},"potentialAction":[{"@type":"SearchAction","target":{"@type":"EntryPoint","urlTemplate":"https:\/\/footdavant.fr\/actualites\/?s={search_term_string}"},"query-input":"required name=search_term_string"}],"inLanguage":"fr-FR"},{"@type":"Organization","@id":"https:\/\/footdavant.fr\/actualites\/#organization","name":"Foot d'avant","url":"https:\/\/footdavant.fr\/actualites\/","logo":{"@type":"ImageObject","inLanguage":"fr-FR","@id":"https:\/\/footdavant.fr\/actualites\/#\/schema\/logo\/image\/","url":"https:\/\/footdavant.fr\/actualites\/wp-content\/uploads\/2023\/09\/Copy-of-FootDavant-Logo.png","contentUrl":"https:\/\/footdavant.fr\/actualites\/wp-content\/uploads\/2023\/09\/Copy-of-FootDavant-Logo.png","width":936,"height":549,"caption":"Foot d'avant"},"image":{"@id":"https:\/\/footdavant.fr\/actualites\/#\/schema\/logo\/image\/"},"sameAs":["https:\/\/www.facebook.com\/Footdavant\/","https:\/\/twitter.com\/FootdavantFr","https:\/\/www.instagram.com\/footdavant.fr\/"]},{"@type":"Person","@id":"https:\/\/footdavant.fr\/actualites\/#\/schema\/person\/bc222566d95871b37e597b3ed3ba5e1d","name":"Cl\u00e9ment","image":{"@type":"ImageObject","inLanguage":"fr-FR","@id":"https:\/\/footdavant.fr\/actualites\/#\/schema\/person\/image\/","url":"https:\/\/secure.gravatar.com\/avatar\/7728b29aac2719421e1a9159b2254c44?s=96&d=mm&r=g","contentUrl":"https:\/\/secure.gravatar.com\/avatar\/7728b29aac2719421e1a9159b2254c44?s=96&d=mm&r=g","caption":"Cl\u00e9ment"},"sameAs":["https:\/\/footdavant.fr\/"]}]}},"_links":{"self":[{"href":"https:\/\/footdavant.fr\/actualites\/wp-json\/wp\/v2\/posts\/2160"}],"collection":[{"href":"https:\/\/footdavant.fr\/actualites\/wp-json\/wp\/v2\/posts"}],"about":[{"href":"https:\/\/footdavant.fr\/actualites\/wp-json\/wp\/v2\/types\/post"}],"author":[{"embeddable":true,"href":"https:\/\/footdavant.fr\/actualites\/wp-json\/wp\/v2\/users\/1"}],"replies":[{"embeddable":true,"href":"https:\/\/footdavant.fr\/actualites\/wp-json\/wp\/v2\/comments?post=2160"}],"version-history":[{"count":1,"href":"https:\/\/footdavant.fr\/actualites\/wp-json\/wp\/v2\/posts\/2160\/revisions"}],"predecessor-version":[{"id":2162,"href":"https:\/\/footdavant.fr\/actualites\/wp-json\/wp\/v2\/posts\/2160\/revisions\/2162"}],"wp:featuredmedia":[{"embeddable":true,"href":"https:\/\/footdavant.fr\/actualites\/wp-json\/wp\/v2\/media\/2161"}],"wp:attachment":[{"href":"https:\/\/footdavant.fr\/actualites\/wp-json\/wp\/v2\/media?parent=2160"}],"wp:term":[{"taxonomy":"category","embeddable":true,"href":"https:\/\/footdavant.fr\/actualites\/wp-json\/wp\/v2\/categories?post=2160"},{"taxonomy":"post_tag","embeddable":true,"href":"https:\/\/footdavant.fr\/actualites\/wp-json\/wp\/v2\/tags?post=2160"}],"curies":[{"name":"wp","href":"https:\/\/api.w.org\/{rel}","templated":true}]}}