{"id":21666,"date":"2025-03-22T06:48:59","date_gmt":"2025-03-22T05:48:59","guid":{"rendered":"https:\/\/footdavant.fr\/actualites\/chelsea-transfer-news-dario-essugo-date-de-debut-possible-revelee-comme-medical-termine-avant-185-millions-de-livres-sterling\/"},"modified":"2025-03-22T06:49:00","modified_gmt":"2025-03-22T05:49:00","slug":"chelsea-transfer-news-dario-essugo-date-de-debut-possible-revelee-comme-medical-termine-avant-185-millions-de-livres-sterling","status":"publish","type":"post","link":"https:\/\/footdavant.fr\/actualites\/chelsea-transfer-news-dario-essugo-date-de-debut-possible-revelee-comme-medical-termine-avant-185-millions-de-livres-sterling\/","title":{"rendered":"Chelsea Transfer News: Dario Essugo Date de d\u00e9but possible r\u00e9v\u00e9l\u00e9e comme \u00abMedical termin\u00e9\u00bb avant 18,5 millions de livres sterling"},"content":{"rendered":"<p>Chelsea aurait conclu un accord pour signer le milieu de terrain sportif de Lisbonne Dario Essugo dans un accord de 18,5 millions de livres sterling apr\u00e8s avoir d\u00e9j\u00e0 obtenu la signature de Geovany Quenda.<\/p>\n<div id=\"article_body\" itemprop=\"articleBody\">\n<h3 class=\"firstPara\">\n<strong class=\"autotag\">Ch\u00e9lat<\/strong> auraient conclu un accord pour signer <strong class=\"autotag\">Lisbonne sportive<\/strong> milieu de terrain <strong class=\"autotag\">Dario Essugo<\/strong> dans un accord de 18,5 millions de livres sterling apr\u00e8s avoir d\u00e9j\u00e0 obtenu la signature de <strong class=\"autotag\">Geovany Quenda<\/strong>.<\/h3>\n<p>Vendredi, il a \u00e9t\u00e9 affirm\u00e9 que <strong>Les Blues avaient r\u00e9ussi un \u00abBlitz secret\u00bb<\/strong> pour l&#39;aile de 17 ans Quenda, qui devrait rejoindre <strong class=\"autotag\">Enzo Maresca<\/strong>Le c\u00f4t\u00e9 de 40 millions de livres sterling cet \u00e9t\u00e9.<\/p>\n<p>Quenda passera la saison 2025-26 en pr\u00eat \u00e0 Sporting avant de d\u00e9m\u00e9nager officiellement \u00e0 Chelsea en 2026, et les Blues ont remport\u00e9 la course pour sa signature malgr\u00e9 le discours persistant que Manchester United s&#39;int\u00e9resse \u00e0 un accord.<\/p>\n<p><strong class=\"autotag\">Ruben Amorim<\/strong>Le c\u00f4t\u00e9 aurait tenu des discussions informelles sur une d\u00e9cision pour Quenda, mais <strong>Les Red Devils n&#39;ont jamais fait une offre officielle<\/strong>ayant d\u00e9j\u00e0 apport\u00e9 <strong class=\"autotag\">Patrick Dorgu<\/strong> au club en janvier.<\/p>\n<p>Apr\u00e8s que Chelsea et Sporting aient serr\u00e9 la main sur un accord pour Quenda, les deux clubs ont men\u00e9 une autre entreprise en temps rapide, car Fabrizio Romano rapporte qu&#39;Essugo sera \u00e9galement bient\u00f4t un joueur de blues.<\/p>\n<h2 class=\"k3\">Essugo pour faire ses d\u00e9buts \u00e0 Chelsea lors de la Coupe du monde du club?<\/h2>\n<p class=\"imgI\">\n<p>Le joueur de 20 ans &#8211; qui exprime actuellement son m\u00e9tier de pr\u00eat \u00e0 Las Palmas espagnol &#8211; a d\u00e9j\u00e0 termin\u00e9 son m\u00e9decin et se joindra \u00e0 un \u00a3 relativement modeste de 18,5 millions de livres sterling.<\/p>\n<p>Le contrat de Stamford Bridge d&#39;Essugo se d\u00e9roulera pendant sept ans jusqu&#39;\u00e0 l&#39;\u00e9t\u00e9 2032, et contrairement \u00e0 Dorgu, le milieu de terrain sera int\u00e9gr\u00e9 \u00e0 la premi\u00e8re \u00e9quipe avant la saison prochaine.<\/p>\n<p>Un rapport distinct de <em>BBC Sport<\/em> Les affirmations selon lesquelles le contrat d&#39;Essugo comprendra \u00e9galement une option de 12 mois jusqu&#39;\u00e0 la fin de la saison 2032-33, et son \u00abd\u00e9veloppement rapide\u00bb a attir\u00e9 l&#39;attention des scouts du blues.<\/p>\n<p>Chelsea est consid\u00e9r\u00e9 comme d\u00e9sireux d&#39;avoir le joueur de 20 ans dans leur \u00e9quipe \u00e0 temps pour la Coupe du monde des clubs de cet \u00e9t\u00e9, qui pour l&#39;\u00e9quipe de Maresca commence par un match de groupe contre la tenue mexicaine Leon le 16 juin.<\/p>\n<p>Essugo partira sportif 11 ans apr\u00e8s avoir rejoint en tant que jeune joueur en 2014, depuis quand il a disput\u00e9 25 matchs pour la premi\u00e8re \u00e9quipe, dont deux apparitions en Ligue des champions.<\/p>\n<p>Cette saison, l&#39;international du Portugal des moins de 21 ans a enregistr\u00e9 une passe d\u00e9cisive de 17 apparitions La Liga pour Las Palmas, bien qu&#39;il ait \u00e9galement re\u00e7u une paire de cartons rouges pour deux infractions r\u00e9servables.<\/p>\n<h2 class=\"k3\">O\u00f9 Essugo s&#39;int\u00e9grera-t-il \u00e0 Chelsea?<\/h2>\n<p class=\"imgI\"><img decoding=\"async\" loading=\"lazy\" class=\"l\" src=\"https:\/\/footdavant.fr\/actualites\/wp-content\/uploads\/2025\/03\/1742622539_709_Chelsea-Transfer-News-Dario-Essugo-Date-de-debut-possible-revelee.jpg\" title=\"Le directeur de Chelsea, Enzo Maresca, illustr\u00e9 le 22 d\u00e9cembre 2024\" alt=\"Le directeur de Chelsea, Enzo Maresca, illustr\u00e9 le 22 d\u00e9cembre 2024\" width=\"640\" height=\"480\"><\/p>\n<p>Se faire un nom en tant que num\u00e9ro six vainqueur, Essugo devrait \u00eatre pris sous <strong class=\"autotag\">Moises Caicedo<\/strong>Aile quand il arrive \u00e0 Stamford Bridge dans quelques mois.<\/p>\n<p>Le joueur de 20 ans pouvait \u00e0 peine apprendre d&#39;un meilleur sup\u00e9rieur, car Caicedo a surmont\u00e9 un d\u00e9but d\u00e9licat \u00e0 Chelsea pour \u00eatre consid\u00e9r\u00e9 comme l&#39;un des milieux de terrain les plus impressionnants de la Premier League de la saison 2024-25.<\/p>\n<p>Avec Essugo, il est pr\u00eat \u00e0 rejoindre le blues, 19 ans <strong class=\"autotag\">Mathis Amougou<\/strong> devrait se rendre au club s\u0153ur Strasbourg, tandis que l&#39;avenir de <strong class=\"autotag\">Lesley Ugochukwu<\/strong> reste dans les airs.<\/p>\n<p>Le joueur de 20 ans reviendra de son pr\u00eat \u00e0 Southampton condamn\u00e9 cet \u00e9t\u00e9 et est toujours contract\u00e9 au club jusqu&#39;en 2030, mais comme l&#39;arriv\u00e9e d&#39;Essugo le poussera probablement dans l&#39;ordre hi\u00e9rarchique, une vente n&#39;est peut-\u00eatre pas au-del\u00e0 du domaine de la possibilit\u00e9.<\/p>\n<div class=\"author_box\">\n<div class=\"author_box_banner\">\n<img decoding=\"async\" class=\"author_img\" src=\"https:\/\/footdavant.fr\/actualites\/wp-content\/uploads\/2025\/03\/1742622539_123_Chelsea-Transfer-News-Dario-Essugo-Date-de-debut-possible-revelee.jpg\"><\/p>\n<\/div>\n<\/div>\n<\/div>\n","protected":false},"excerpt":{"rendered":"<p>Chelsea aurait conclu un accord pour signer le milieu de terrain sportif de Lisbonne Dario Essugo dans un accord de 18,5 millions de livres sterling<\/p>\n","protected":false},"author":1,"featured_media":21667,"comment_status":"closed","ping_status":"","sticky":false,"template":"","format":"standard","meta":{"footnotes":""},"categories":[5],"tags":[491,171,990,7053,391,481,7054,115,2462,114,409,4750,116,2205,2732],"yoast_head":"<!-- This site is optimized with the Yoast SEO plugin v21.0 - https:\/\/yoast.com\/wordpress\/plugins\/seo\/ -->\n<title>Chelsea Transfer News: Dario Essugo Date de d\u00e9but possible r\u00e9v\u00e9l\u00e9e comme \u00abMedical termin\u00e9\u00bb avant 18,5 millions de livres sterling<\/title>\n<meta name=\"robots\" content=\"index, follow, max-snippet:-1, max-image-preview:large, max-video-preview:-1\" \/>\n<link rel=\"canonical\" href=\"https:\/\/footdavant.fr\/actualites\/chelsea-transfer-news-dario-essugo-date-de-debut-possible-revelee-comme-medical-termine-avant-185-millions-de-livres-sterling\/\" \/>\n<meta property=\"og:locale\" content=\"fr_FR\" \/>\n<meta property=\"og:type\" content=\"article\" \/>\n<meta property=\"og:title\" content=\"Chelsea Transfer News: Dario Essugo Date de d\u00e9but possible r\u00e9v\u00e9l\u00e9e comme \u00abMedical termin\u00e9\u00bb avant 18,5 millions de livres sterling\" \/>\n<meta property=\"og:description\" content=\"Chelsea aurait conclu un accord pour signer le milieu de terrain sportif de Lisbonne Dario Essugo dans un accord de 18,5 millions de livres sterling\" \/>\n<meta property=\"og:url\" content=\"https:\/\/footdavant.fr\/actualites\/chelsea-transfer-news-dario-essugo-date-de-debut-possible-revelee-comme-medical-termine-avant-185-millions-de-livres-sterling\/\" \/>\n<meta property=\"og:site_name\" content=\"Foot d&#039;avant\" \/>\n<meta property=\"article:publisher\" content=\"https:\/\/www.facebook.com\/Footdavant\/\" \/>\n<meta property=\"article:published_time\" content=\"2025-03-22T05:48:59+00:00\" \/>\n<meta property=\"article:modified_time\" content=\"2025-03-22T05:49:00+00:00\" \/>\n<meta property=\"og:image\" content=\"https:\/\/footdavant.fr\/actualites\/wp-content\/uploads\/2025\/03\/Chelsea-Transfer-News-Dario-Essugo-Date-de-debut-possible-revelee.jpg\" \/>\n\t<meta property=\"og:image:width\" content=\"640\" \/>\n\t<meta property=\"og:image:height\" content=\"480\" \/>\n\t<meta property=\"og:image:type\" content=\"image\/jpeg\" \/>\n<meta name=\"author\" content=\"Cl\u00e9ment\" \/>\n<meta name=\"twitter:card\" content=\"summary_large_image\" \/>\n<meta name=\"twitter:creator\" content=\"@FootdavantFr\" \/>\n<meta name=\"twitter:site\" content=\"@FootdavantFr\" \/>\n<meta name=\"twitter:label1\" content=\"\u00c9crit par\" \/>\n\t<meta name=\"twitter:data1\" content=\"Cl\u00e9ment\" \/>\n\t<meta name=\"twitter:label2\" content=\"Dur\u00e9e de lecture estim\u00e9e\" \/>\n\t<meta name=\"twitter:data2\" content=\"3 minutes\" \/>\n<script type=\"application\/ld+json\" class=\"yoast-schema-graph\">{\"@context\":\"https:\/\/schema.org\",\"@graph\":[{\"@type\":\"Article\",\"@id\":\"https:\/\/footdavant.fr\/actualites\/chelsea-transfer-news-dario-essugo-date-de-debut-possible-revelee-comme-medical-termine-avant-185-millions-de-livres-sterling\/#article\",\"isPartOf\":{\"@id\":\"https:\/\/footdavant.fr\/actualites\/chelsea-transfer-news-dario-essugo-date-de-debut-possible-revelee-comme-medical-termine-avant-185-millions-de-livres-sterling\/\"},\"author\":{\"name\":\"Cl\u00e9ment\",\"@id\":\"https:\/\/footdavant.fr\/actualites\/#\/schema\/person\/bc222566d95871b37e597b3ed3ba5e1d\"},\"headline\":\"Chelsea Transfer News: Dario Essugo Date de d\u00e9but possible r\u00e9v\u00e9l\u00e9e comme \u00abMedical termin\u00e9\u00bb avant 18,5 millions de livres sterling\",\"datePublished\":\"2025-03-22T05:48:59+00:00\",\"dateModified\":\"2025-03-22T05:49:00+00:00\",\"mainEntityOfPage\":{\"@id\":\"https:\/\/footdavant.fr\/actualites\/chelsea-transfer-news-dario-essugo-date-de-debut-possible-revelee-comme-medical-termine-avant-185-millions-de-livres-sterling\/\"},\"wordCount\":638,\"publisher\":{\"@id\":\"https:\/\/footdavant.fr\/actualites\/#organization\"},\"keywords\":[\"avant\",\"Chelsea\",\"comme\",\"Dario\",\"date\",\"d\u00e9but\",\"Essugo\",\"livres\",\"m\u00e9dical\",\"millions\",\"News\",\"r\u00e9v\u00e9l\u00e9e\",\"sterling\",\"termine\",\"Transfer\"],\"articleSection\":[\"Premier League\"],\"inLanguage\":\"fr-FR\"},{\"@type\":\"WebPage\",\"@id\":\"https:\/\/footdavant.fr\/actualites\/chelsea-transfer-news-dario-essugo-date-de-debut-possible-revelee-comme-medical-termine-avant-185-millions-de-livres-sterling\/\",\"url\":\"https:\/\/footdavant.fr\/actualites\/chelsea-transfer-news-dario-essugo-date-de-debut-possible-revelee-comme-medical-termine-avant-185-millions-de-livres-sterling\/\",\"name\":\"Chelsea Transfer News: Dario Essugo Date de d\u00e9but possible r\u00e9v\u00e9l\u00e9e comme \u00abMedical termin\u00e9\u00bb avant 18,5 millions de livres sterling\",\"isPartOf\":{\"@id\":\"https:\/\/footdavant.fr\/actualites\/#website\"},\"datePublished\":\"2025-03-22T05:48:59+00:00\",\"dateModified\":\"2025-03-22T05:49:00+00:00\",\"breadcrumb\":{\"@id\":\"https:\/\/footdavant.fr\/actualites\/chelsea-transfer-news-dario-essugo-date-de-debut-possible-revelee-comme-medical-termine-avant-185-millions-de-livres-sterling\/#breadcrumb\"},\"inLanguage\":\"fr-FR\",\"potentialAction\":[{\"@type\":\"ReadAction\",\"target\":[\"https:\/\/footdavant.fr\/actualites\/chelsea-transfer-news-dario-essugo-date-de-debut-possible-revelee-comme-medical-termine-avant-185-millions-de-livres-sterling\/\"]}]},{\"@type\":\"BreadcrumbList\",\"@id\":\"https:\/\/footdavant.fr\/actualites\/chelsea-transfer-news-dario-essugo-date-de-debut-possible-revelee-comme-medical-termine-avant-185-millions-de-livres-sterling\/#breadcrumb\",\"itemListElement\":[{\"@type\":\"ListItem\",\"position\":1,\"name\":\"Accueil\",\"item\":\"https:\/\/footdavant.fr\/actualites\/\"},{\"@type\":\"ListItem\",\"position\":2,\"name\":\"Chelsea Transfer News: Dario Essugo Date de d\u00e9but possible r\u00e9v\u00e9l\u00e9e comme \u00abMedical termin\u00e9\u00bb avant 18,5 millions de livres sterling\"}]},{\"@type\":\"WebSite\",\"@id\":\"https:\/\/footdavant.fr\/actualites\/#website\",\"url\":\"https:\/\/footdavant.fr\/actualites\/\",\"name\":\"Foot d'avant\",\"description\":\"\",\"publisher\":{\"@id\":\"https:\/\/footdavant.fr\/actualites\/#organization\"},\"potentialAction\":[{\"@type\":\"SearchAction\",\"target\":{\"@type\":\"EntryPoint\",\"urlTemplate\":\"https:\/\/footdavant.fr\/actualites\/?s={search_term_string}\"},\"query-input\":\"required name=search_term_string\"}],\"inLanguage\":\"fr-FR\"},{\"@type\":\"Organization\",\"@id\":\"https:\/\/footdavant.fr\/actualites\/#organization\",\"name\":\"Foot d'avant\",\"url\":\"https:\/\/footdavant.fr\/actualites\/\",\"logo\":{\"@type\":\"ImageObject\",\"inLanguage\":\"fr-FR\",\"@id\":\"https:\/\/footdavant.fr\/actualites\/#\/schema\/logo\/image\/\",\"url\":\"https:\/\/footdavant.fr\/actualites\/wp-content\/uploads\/2023\/09\/Copy-of-FootDavant-Logo.png\",\"contentUrl\":\"https:\/\/footdavant.fr\/actualites\/wp-content\/uploads\/2023\/09\/Copy-of-FootDavant-Logo.png\",\"width\":936,\"height\":549,\"caption\":\"Foot d'avant\"},\"image\":{\"@id\":\"https:\/\/footdavant.fr\/actualites\/#\/schema\/logo\/image\/\"},\"sameAs\":[\"https:\/\/www.facebook.com\/Footdavant\/\",\"https:\/\/twitter.com\/FootdavantFr\",\"https:\/\/www.instagram.com\/footdavant.fr\/\"]},{\"@type\":\"Person\",\"@id\":\"https:\/\/footdavant.fr\/actualites\/#\/schema\/person\/bc222566d95871b37e597b3ed3ba5e1d\",\"name\":\"Cl\u00e9ment\",\"image\":{\"@type\":\"ImageObject\",\"inLanguage\":\"fr-FR\",\"@id\":\"https:\/\/footdavant.fr\/actualites\/#\/schema\/person\/image\/\",\"url\":\"https:\/\/secure.gravatar.com\/avatar\/7728b29aac2719421e1a9159b2254c44?s=96&d=mm&r=g\",\"contentUrl\":\"https:\/\/secure.gravatar.com\/avatar\/7728b29aac2719421e1a9159b2254c44?s=96&d=mm&r=g\",\"caption\":\"Cl\u00e9ment\"},\"sameAs\":[\"https:\/\/footdavant.fr\/\"]}]}<\/script>\n<!-- \/ Yoast SEO plugin. -->","yoast_head_json":{"title":"Chelsea Transfer News: Dario Essugo Date de d\u00e9but possible r\u00e9v\u00e9l\u00e9e comme \u00abMedical termin\u00e9\u00bb avant 18,5 millions de livres sterling","robots":{"index":"index","follow":"follow","max-snippet":"max-snippet:-1","max-image-preview":"max-image-preview:large","max-video-preview":"max-video-preview:-1"},"canonical":"https:\/\/footdavant.fr\/actualites\/chelsea-transfer-news-dario-essugo-date-de-debut-possible-revelee-comme-medical-termine-avant-185-millions-de-livres-sterling\/","og_locale":"fr_FR","og_type":"article","og_title":"Chelsea Transfer News: Dario Essugo Date de d\u00e9but possible r\u00e9v\u00e9l\u00e9e comme \u00abMedical termin\u00e9\u00bb avant 18,5 millions de livres sterling","og_description":"Chelsea aurait conclu un accord pour signer le milieu de terrain sportif de Lisbonne Dario Essugo dans un accord de 18,5 millions de livres sterling","og_url":"https:\/\/footdavant.fr\/actualites\/chelsea-transfer-news-dario-essugo-date-de-debut-possible-revelee-comme-medical-termine-avant-185-millions-de-livres-sterling\/","og_site_name":"Foot d&#039;avant","article_publisher":"https:\/\/www.facebook.com\/Footdavant\/","article_published_time":"2025-03-22T05:48:59+00:00","article_modified_time":"2025-03-22T05:49:00+00:00","og_image":[{"width":640,"height":480,"url":"https:\/\/footdavant.fr\/actualites\/wp-content\/uploads\/2025\/03\/Chelsea-Transfer-News-Dario-Essugo-Date-de-debut-possible-revelee.jpg","type":"image\/jpeg"}],"author":"Cl\u00e9ment","twitter_card":"summary_large_image","twitter_creator":"@FootdavantFr","twitter_site":"@FootdavantFr","twitter_misc":{"\u00c9crit par":"Cl\u00e9ment","Dur\u00e9e de lecture estim\u00e9e":"3 minutes"},"schema":{"@context":"https:\/\/schema.org","@graph":[{"@type":"Article","@id":"https:\/\/footdavant.fr\/actualites\/chelsea-transfer-news-dario-essugo-date-de-debut-possible-revelee-comme-medical-termine-avant-185-millions-de-livres-sterling\/#article","isPartOf":{"@id":"https:\/\/footdavant.fr\/actualites\/chelsea-transfer-news-dario-essugo-date-de-debut-possible-revelee-comme-medical-termine-avant-185-millions-de-livres-sterling\/"},"author":{"name":"Cl\u00e9ment","@id":"https:\/\/footdavant.fr\/actualites\/#\/schema\/person\/bc222566d95871b37e597b3ed3ba5e1d"},"headline":"Chelsea Transfer News: Dario Essugo Date de d\u00e9but possible r\u00e9v\u00e9l\u00e9e comme \u00abMedical termin\u00e9\u00bb avant 18,5 millions de livres sterling","datePublished":"2025-03-22T05:48:59+00:00","dateModified":"2025-03-22T05:49:00+00:00","mainEntityOfPage":{"@id":"https:\/\/footdavant.fr\/actualites\/chelsea-transfer-news-dario-essugo-date-de-debut-possible-revelee-comme-medical-termine-avant-185-millions-de-livres-sterling\/"},"wordCount":638,"publisher":{"@id":"https:\/\/footdavant.fr\/actualites\/#organization"},"keywords":["avant","Chelsea","comme","Dario","date","d\u00e9but","Essugo","livres","m\u00e9dical","millions","News","r\u00e9v\u00e9l\u00e9e","sterling","termine","Transfer"],"articleSection":["Premier League"],"inLanguage":"fr-FR"},{"@type":"WebPage","@id":"https:\/\/footdavant.fr\/actualites\/chelsea-transfer-news-dario-essugo-date-de-debut-possible-revelee-comme-medical-termine-avant-185-millions-de-livres-sterling\/","url":"https:\/\/footdavant.fr\/actualites\/chelsea-transfer-news-dario-essugo-date-de-debut-possible-revelee-comme-medical-termine-avant-185-millions-de-livres-sterling\/","name":"Chelsea Transfer News: Dario Essugo Date de d\u00e9but possible r\u00e9v\u00e9l\u00e9e comme \u00abMedical termin\u00e9\u00bb avant 18,5 millions de livres sterling","isPartOf":{"@id":"https:\/\/footdavant.fr\/actualites\/#website"},"datePublished":"2025-03-22T05:48:59+00:00","dateModified":"2025-03-22T05:49:00+00:00","breadcrumb":{"@id":"https:\/\/footdavant.fr\/actualites\/chelsea-transfer-news-dario-essugo-date-de-debut-possible-revelee-comme-medical-termine-avant-185-millions-de-livres-sterling\/#breadcrumb"},"inLanguage":"fr-FR","potentialAction":[{"@type":"ReadAction","target":["https:\/\/footdavant.fr\/actualites\/chelsea-transfer-news-dario-essugo-date-de-debut-possible-revelee-comme-medical-termine-avant-185-millions-de-livres-sterling\/"]}]},{"@type":"BreadcrumbList","@id":"https:\/\/footdavant.fr\/actualites\/chelsea-transfer-news-dario-essugo-date-de-debut-possible-revelee-comme-medical-termine-avant-185-millions-de-livres-sterling\/#breadcrumb","itemListElement":[{"@type":"ListItem","position":1,"name":"Accueil","item":"https:\/\/footdavant.fr\/actualites\/"},{"@type":"ListItem","position":2,"name":"Chelsea Transfer News: Dario Essugo Date de d\u00e9but possible r\u00e9v\u00e9l\u00e9e comme \u00abMedical termin\u00e9\u00bb avant 18,5 millions de livres sterling"}]},{"@type":"WebSite","@id":"https:\/\/footdavant.fr\/actualites\/#website","url":"https:\/\/footdavant.fr\/actualites\/","name":"Foot d'avant","description":"","publisher":{"@id":"https:\/\/footdavant.fr\/actualites\/#organization"},"potentialAction":[{"@type":"SearchAction","target":{"@type":"EntryPoint","urlTemplate":"https:\/\/footdavant.fr\/actualites\/?s={search_term_string}"},"query-input":"required name=search_term_string"}],"inLanguage":"fr-FR"},{"@type":"Organization","@id":"https:\/\/footdavant.fr\/actualites\/#organization","name":"Foot d'avant","url":"https:\/\/footdavant.fr\/actualites\/","logo":{"@type":"ImageObject","inLanguage":"fr-FR","@id":"https:\/\/footdavant.fr\/actualites\/#\/schema\/logo\/image\/","url":"https:\/\/footdavant.fr\/actualites\/wp-content\/uploads\/2023\/09\/Copy-of-FootDavant-Logo.png","contentUrl":"https:\/\/footdavant.fr\/actualites\/wp-content\/uploads\/2023\/09\/Copy-of-FootDavant-Logo.png","width":936,"height":549,"caption":"Foot d'avant"},"image":{"@id":"https:\/\/footdavant.fr\/actualites\/#\/schema\/logo\/image\/"},"sameAs":["https:\/\/www.facebook.com\/Footdavant\/","https:\/\/twitter.com\/FootdavantFr","https:\/\/www.instagram.com\/footdavant.fr\/"]},{"@type":"Person","@id":"https:\/\/footdavant.fr\/actualites\/#\/schema\/person\/bc222566d95871b37e597b3ed3ba5e1d","name":"Cl\u00e9ment","image":{"@type":"ImageObject","inLanguage":"fr-FR","@id":"https:\/\/footdavant.fr\/actualites\/#\/schema\/person\/image\/","url":"https:\/\/secure.gravatar.com\/avatar\/7728b29aac2719421e1a9159b2254c44?s=96&d=mm&r=g","contentUrl":"https:\/\/secure.gravatar.com\/avatar\/7728b29aac2719421e1a9159b2254c44?s=96&d=mm&r=g","caption":"Cl\u00e9ment"},"sameAs":["https:\/\/footdavant.fr\/"]}]}},"_links":{"self":[{"href":"https:\/\/footdavant.fr\/actualites\/wp-json\/wp\/v2\/posts\/21666"}],"collection":[{"href":"https:\/\/footdavant.fr\/actualites\/wp-json\/wp\/v2\/posts"}],"about":[{"href":"https:\/\/footdavant.fr\/actualites\/wp-json\/wp\/v2\/types\/post"}],"author":[{"embeddable":true,"href":"https:\/\/footdavant.fr\/actualites\/wp-json\/wp\/v2\/users\/1"}],"replies":[{"embeddable":true,"href":"https:\/\/footdavant.fr\/actualites\/wp-json\/wp\/v2\/comments?post=21666"}],"version-history":[{"count":1,"href":"https:\/\/footdavant.fr\/actualites\/wp-json\/wp\/v2\/posts\/21666\/revisions"}],"predecessor-version":[{"id":21668,"href":"https:\/\/footdavant.fr\/actualites\/wp-json\/wp\/v2\/posts\/21666\/revisions\/21668"}],"wp:featuredmedia":[{"embeddable":true,"href":"https:\/\/footdavant.fr\/actualites\/wp-json\/wp\/v2\/media\/21667"}],"wp:attachment":[{"href":"https:\/\/footdavant.fr\/actualites\/wp-json\/wp\/v2\/media?parent=21666"}],"wp:term":[{"taxonomy":"category","embeddable":true,"href":"https:\/\/footdavant.fr\/actualites\/wp-json\/wp\/v2\/categories?post=21666"},{"taxonomy":"post_tag","embeddable":true,"href":"https:\/\/footdavant.fr\/actualites\/wp-json\/wp\/v2\/tags?post=21666"}],"curies":[{"name":"wp","href":"https:\/\/api.w.org\/{rel}","templated":true}]}}