{"id":21669,"date":"2025-03-22T08:48:04","date_gmt":"2025-03-22T07:48:04","guid":{"rendered":"https:\/\/footdavant.fr\/actualites\/quand-est-la-coupe-du-monde-date-de-debut-horaire-pour-2026-edition-du-tournoi-de-football\/"},"modified":"2025-03-22T08:48:05","modified_gmt":"2025-03-22T07:48:05","slug":"quand-est-la-coupe-du-monde-date-de-debut-horaire-pour-2026-edition-du-tournoi-de-football","status":"publish","type":"post","link":"https:\/\/footdavant.fr\/actualites\/quand-est-la-coupe-du-monde-date-de-debut-horaire-pour-2026-edition-du-tournoi-de-football\/","title":{"rendered":"Quand est la Coupe du monde? Date de d\u00e9but, horaire pour 2026 \u00e9dition du tournoi de football"},"content":{"rendered":"<div>\n<p>La Coupe du Monde de la FIFA 2026 sera la premi\u00e8re \u00e9dition du tournoi \u00e0 pr\u00e9senter 48 \u00e9quipes et \u00e0 avoir lieu dans trois pays.<\/p>\n<p>Au total, 16 stades accueillent des jeux, accueillant des \u00e9quipes de groupes de qualification couvrant l&#39;Asie, l&#39;Afrique, l&#39;Am\u00e9rique du Sud, l&#39;Oc\u00e9anie, l&#39;Europe, l&#39;Am\u00e9rique du Nord et centrale et les Cara\u00efbes.<\/p>\n<p>L&#39;Argentine esp\u00e8re d\u00e9fendre le titre qu&#39;ils ont remport\u00e9 au Qatar en 2022, battant la France aux p\u00e9nalit\u00e9s en finale dans un jeu avec un tripl\u00e9 de chapeau de Mbappe Kylian pour Les Bleus et deux buts Lionel Messi pour les champions.<\/p>\n<p>101GereatGoals.com a les d\u00e9tails sur le d\u00e9but de la Coupe du monde 2026, ainsi que des d\u00e9tails cl\u00e9s sur le calendrier au d\u00e9but des qualifications europ\u00e9ennes.<\/p>\n<blockquote class=\"twitter-tweet\">\n<p dir=\"ltr\" lang=\"en\">\ud83c\udf8c Le Japon se dirige vers leur huiti\u00e8me cons\u00e9cutif <a rel=\"nofollow\" href=\"https:\/\/twitter.com\/hashtag\/FIFAWorldCup?src=hash&amp;ref_src=twsrc%5Etfw\" rel=\"nofollow noopener\">#Fifaworldcup<\/a>!<a rel=\"nofollow\" href=\"https:\/\/twitter.com\/hashtag\/WeAre26?src=hash&amp;ref_src=twsrc%5Etfw\" rel=\"nofollow noopener\"># Weare26<\/a> <a rel=\"nofollow\" href=\"https:\/\/t.co\/8wnSKpYBgZ\" rel=\"nofollow\">pic.twitter.com\/8wnskpybgz<\/a><\/p>\n<p>&#8211; Coupe du monde de la FIFA (@fifaworldcup) <a rel=\"nofollow\" href=\"https:\/\/twitter.com\/FIFAWorldCup\/status\/1902714255532499293?ref_src=twsrc%5Etfw\" rel=\"nofollow noopener\">20 mars 2025<\/a><\/p>\n<\/blockquote>\n<h2><span id=\"When_is_the_World_Cup_2026_Schedule_dates\">Quand est la Coupe du monde 2026? Calendrier, dates<\/span><\/h2>\n<p>Alors que l&#39;\u00e9dition du Qatar a eu lieu en novembre et d\u00e9cembre, le tournoi 2026 reviendra \u00e0 la p\u00e9riode traditionnelle au cours de laquelle la Coupe du monde a commenc\u00e9 depuis sa tenue inaugurale en 1930.<\/p>\n<p>Le match d&#39;ouverture aura lieu le jeudi 11 juin, avec la phase de groupes se d\u00e9roulant jusqu&#39;au 27 juin. La manche de 32 d\u00e9butera le 29 juin et se terminera le 3 juillet, suivie des matchs de 16 ans entre le 4 et le 7 juillet.<\/p>\n<p>Les quarts de finale se tiendront entre le 9 et le 11 juillet, et la finale sera d\u00e9cid\u00e9e par les demi-finales les 14 et 15 juillet. Une troisi\u00e8me place a lieu le 18 juillet.<\/p>\n<blockquote class=\"twitter-tweet\">\n<p dir=\"ltr\" lang=\"en\">Pour l&#39;insigne \u2764\ufe0f\ud83d\udee1\ufe0f<a rel=\"nofollow\" href=\"https:\/\/twitter.com\/hashtag\/FIFAWorldCup?src=hash&amp;ref_src=twsrc%5Etfw\" rel=\"nofollow noopener\">#Fifaworldcup<\/a> <a rel=\"nofollow\" href=\"https:\/\/t.co\/z5UvYngD89\" rel=\"nofollow\">pic.twitter.com\/z5uvyngd89<\/a><\/p>\n<p>&#8211; Coupe du monde de la FIFA (@fifaworldcup) <a rel=\"nofollow\" href=\"https:\/\/twitter.com\/FIFAWorldCup\/status\/1900872103085191530?ref_src=twsrc%5Etfw\" rel=\"nofollow noopener\">15 mars 2025<\/a><\/p>\n<\/blockquote>\n<h2><span id=\"When_is_the_World_Cup_final\">Quand est la finale de la Coupe du monde?<\/span><\/h2>\n<p>La finale aura lieu le dimanche 19 juillet.<\/p>\n<h2><span id=\"Where_is_the_World_Cup_2026\">O\u00f9 est la Coupe du monde 2026?<\/span><\/h2>\n<p>Le Canada, les \u00c9tats-Unis et le Mexique organiseront le tournoi, avec 11 sites am\u00e9ricains: Seattle, San Francisco Bay Area, Los Angeles, Dallas, Houston, Kansas City, Philadelphie, Atlanta, Miami, Boston et New York New Jersey, o\u00f9 la finale se jouera.<\/p>\n<p>L&#39;Azteca de Mexico mettra en sc\u00e8ne le match d&#39;ouverture. Le si\u00e8ge mexicain sera \u00e0 Monterrey, Guadalajara et Mexico et les sites canadiens sont Vancouver et Toronto.<\/p>\n<blockquote class=\"twitter-tweet\">\n<p dir=\"ltr\" lang=\"en\">L&#39;homme le plus \u00e2g\u00e9 \u00e0 soulever le <a rel=\"nofollow\" href=\"https:\/\/twitter.com\/hashtag\/FIFAWorldCup?src=hash&amp;ref_src=twsrc%5Etfw\" rel=\"nofollow noopener\">#Fifaworldcup<\/a> \ud83c\udfc6<\/p>\n<p>Le l\u00e9gendaire Dino Zoff. \ud83c\uddee\ud83c\uddf9 <a rel=\"nofollow\" href=\"https:\/\/t.co\/geR0DUbslx\" rel=\"nofollow\">pic.twitter.com\/ger0dubslx<\/a><\/p>\n<p>&#8211; Coupe du monde de la FIFA (@fifaworldcup) <a rel=\"nofollow\" href=\"https:\/\/twitter.com\/FIFAWorldCup\/status\/1895406086452302158?ref_src=twsrc%5Etfw\" rel=\"nofollow noopener\">28 f\u00e9vrier 2025<\/a><\/p>\n<\/blockquote>\n<h2><span id=\"World_Cup_2026_format\">Format de la Coupe du monde 2026<\/span><\/h2>\n<p>L&#39;\u00e9tape initiale a \u00e9t\u00e9 \u00e9largie de 16 groupes de trois \u00e9quipes \u00e0 12 groupes de quatre nations, augmentant le nombre de jeux pour les pays allant de sept \u00e0 huit matchs.<\/p>\n<p>Les deux meilleures \u00e9quipes de chaque groupe et les huit meilleures \u00e9quipes de troisi\u00e8me place atteindront le tour de 32.<\/p>\n<\/div>\n<p><script async src=\"https:\/\/platform.twitter.com\/widgets.js\" charset=\"utf-8\"><\/script><\/p>\n","protected":false},"excerpt":{"rendered":"<p>La Coupe du Monde de la FIFA 2026 sera la premi\u00e8re \u00e9dition du tournoi \u00e0 pr\u00e9senter 48 \u00e9quipes et \u00e0 avoir lieu dans trois pays.<\/p>\n","protected":false},"author":1,"featured_media":21670,"comment_status":"closed","ping_status":"","sticky":false,"template":"","format":"standard","meta":{"footnotes":""},"categories":[3],"tags":[1946,391,481,8580,217,474,8579,562,51,561,2087],"yoast_head":"<!-- This site is optimized with the Yoast SEO plugin v21.0 - https:\/\/yoast.com\/wordpress\/plugins\/seo\/ -->\n<title>Quand est la Coupe du monde? Date de d\u00e9but, horaire pour 2026 \u00e9dition du tournoi de football<\/title>\n<meta name=\"robots\" content=\"index, follow, max-snippet:-1, max-image-preview:large, max-video-preview:-1\" \/>\n<link rel=\"canonical\" href=\"https:\/\/footdavant.fr\/actualites\/quand-est-la-coupe-du-monde-date-de-debut-horaire-pour-2026-edition-du-tournoi-de-football\/\" \/>\n<meta property=\"og:locale\" content=\"fr_FR\" \/>\n<meta property=\"og:type\" content=\"article\" \/>\n<meta property=\"og:title\" content=\"Quand est la Coupe du monde? Date de d\u00e9but, horaire pour 2026 \u00e9dition du tournoi de football\" \/>\n<meta property=\"og:description\" content=\"La Coupe du Monde de la FIFA 2026 sera la premi\u00e8re \u00e9dition du tournoi \u00e0 pr\u00e9senter 48 \u00e9quipes et \u00e0 avoir lieu dans trois pays.\" \/>\n<meta property=\"og:url\" content=\"https:\/\/footdavant.fr\/actualites\/quand-est-la-coupe-du-monde-date-de-debut-horaire-pour-2026-edition-du-tournoi-de-football\/\" \/>\n<meta property=\"og:site_name\" content=\"Foot d&#039;avant\" \/>\n<meta property=\"article:publisher\" content=\"https:\/\/www.facebook.com\/Footdavant\/\" \/>\n<meta property=\"article:published_time\" content=\"2025-03-22T07:48:04+00:00\" \/>\n<meta property=\"article:modified_time\" content=\"2025-03-22T07:48:05+00:00\" \/>\n<meta property=\"og:image\" content=\"https:\/\/footdavant.fr\/actualites\/wp-content\/uploads\/2025\/03\/Quand-est-la-Coupe-du-monde-Date-de-debut-horaire.jpg\" \/>\n\t<meta property=\"og:image:width\" content=\"1200\" \/>\n\t<meta property=\"og:image:height\" content=\"675\" \/>\n\t<meta property=\"og:image:type\" content=\"image\/jpeg\" \/>\n<meta name=\"author\" content=\"Cl\u00e9ment\" \/>\n<meta name=\"twitter:card\" content=\"summary_large_image\" \/>\n<meta name=\"twitter:creator\" content=\"@FootdavantFr\" \/>\n<meta name=\"twitter:site\" content=\"@FootdavantFr\" \/>\n<meta name=\"twitter:label1\" content=\"\u00c9crit par\" \/>\n\t<meta name=\"twitter:data1\" content=\"Cl\u00e9ment\" \/>\n\t<meta name=\"twitter:label2\" content=\"Dur\u00e9e de lecture estim\u00e9e\" \/>\n\t<meta name=\"twitter:data2\" content=\"2 minutes\" \/>\n<script type=\"application\/ld+json\" class=\"yoast-schema-graph\">{\"@context\":\"https:\/\/schema.org\",\"@graph\":[{\"@type\":\"Article\",\"@id\":\"https:\/\/footdavant.fr\/actualites\/quand-est-la-coupe-du-monde-date-de-debut-horaire-pour-2026-edition-du-tournoi-de-football\/#article\",\"isPartOf\":{\"@id\":\"https:\/\/footdavant.fr\/actualites\/quand-est-la-coupe-du-monde-date-de-debut-horaire-pour-2026-edition-du-tournoi-de-football\/\"},\"author\":{\"name\":\"Cl\u00e9ment\",\"@id\":\"https:\/\/footdavant.fr\/actualites\/#\/schema\/person\/bc222566d95871b37e597b3ed3ba5e1d\"},\"headline\":\"Quand est la Coupe du monde? Date de d\u00e9but, horaire pour 2026 \u00e9dition du tournoi de football\",\"datePublished\":\"2025-03-22T07:48:04+00:00\",\"dateModified\":\"2025-03-22T07:48:05+00:00\",\"mainEntityOfPage\":{\"@id\":\"https:\/\/footdavant.fr\/actualites\/quand-est-la-coupe-du-monde-date-de-debut-horaire-pour-2026-edition-du-tournoi-de-football\/\"},\"wordCount\":490,\"publisher\":{\"@id\":\"https:\/\/footdavant.fr\/actualites\/#organization\"},\"keywords\":[\"Coupe\",\"date\",\"d\u00e9but\",\"\u00e9dition\",\"est\",\"Football\",\"horaire\",\"monde\",\"pour\",\"quand\",\"tournoi\"],\"articleSection\":[\"Football\"],\"inLanguage\":\"fr-FR\"},{\"@type\":\"WebPage\",\"@id\":\"https:\/\/footdavant.fr\/actualites\/quand-est-la-coupe-du-monde-date-de-debut-horaire-pour-2026-edition-du-tournoi-de-football\/\",\"url\":\"https:\/\/footdavant.fr\/actualites\/quand-est-la-coupe-du-monde-date-de-debut-horaire-pour-2026-edition-du-tournoi-de-football\/\",\"name\":\"Quand est la Coupe du monde? Date de d\u00e9but, horaire pour 2026 \u00e9dition du tournoi de football\",\"isPartOf\":{\"@id\":\"https:\/\/footdavant.fr\/actualites\/#website\"},\"datePublished\":\"2025-03-22T07:48:04+00:00\",\"dateModified\":\"2025-03-22T07:48:05+00:00\",\"breadcrumb\":{\"@id\":\"https:\/\/footdavant.fr\/actualites\/quand-est-la-coupe-du-monde-date-de-debut-horaire-pour-2026-edition-du-tournoi-de-football\/#breadcrumb\"},\"inLanguage\":\"fr-FR\",\"potentialAction\":[{\"@type\":\"ReadAction\",\"target\":[\"https:\/\/footdavant.fr\/actualites\/quand-est-la-coupe-du-monde-date-de-debut-horaire-pour-2026-edition-du-tournoi-de-football\/\"]}]},{\"@type\":\"BreadcrumbList\",\"@id\":\"https:\/\/footdavant.fr\/actualites\/quand-est-la-coupe-du-monde-date-de-debut-horaire-pour-2026-edition-du-tournoi-de-football\/#breadcrumb\",\"itemListElement\":[{\"@type\":\"ListItem\",\"position\":1,\"name\":\"Accueil\",\"item\":\"https:\/\/footdavant.fr\/actualites\/\"},{\"@type\":\"ListItem\",\"position\":2,\"name\":\"Quand est la Coupe du monde? Date de d\u00e9but, horaire pour 2026 \u00e9dition du tournoi de football\"}]},{\"@type\":\"WebSite\",\"@id\":\"https:\/\/footdavant.fr\/actualites\/#website\",\"url\":\"https:\/\/footdavant.fr\/actualites\/\",\"name\":\"Foot d'avant\",\"description\":\"\",\"publisher\":{\"@id\":\"https:\/\/footdavant.fr\/actualites\/#organization\"},\"potentialAction\":[{\"@type\":\"SearchAction\",\"target\":{\"@type\":\"EntryPoint\",\"urlTemplate\":\"https:\/\/footdavant.fr\/actualites\/?s={search_term_string}\"},\"query-input\":\"required name=search_term_string\"}],\"inLanguage\":\"fr-FR\"},{\"@type\":\"Organization\",\"@id\":\"https:\/\/footdavant.fr\/actualites\/#organization\",\"name\":\"Foot d'avant\",\"url\":\"https:\/\/footdavant.fr\/actualites\/\",\"logo\":{\"@type\":\"ImageObject\",\"inLanguage\":\"fr-FR\",\"@id\":\"https:\/\/footdavant.fr\/actualites\/#\/schema\/logo\/image\/\",\"url\":\"https:\/\/footdavant.fr\/actualites\/wp-content\/uploads\/2023\/09\/Copy-of-FootDavant-Logo.png\",\"contentUrl\":\"https:\/\/footdavant.fr\/actualites\/wp-content\/uploads\/2023\/09\/Copy-of-FootDavant-Logo.png\",\"width\":936,\"height\":549,\"caption\":\"Foot d'avant\"},\"image\":{\"@id\":\"https:\/\/footdavant.fr\/actualites\/#\/schema\/logo\/image\/\"},\"sameAs\":[\"https:\/\/www.facebook.com\/Footdavant\/\",\"https:\/\/twitter.com\/FootdavantFr\",\"https:\/\/www.instagram.com\/footdavant.fr\/\"]},{\"@type\":\"Person\",\"@id\":\"https:\/\/footdavant.fr\/actualites\/#\/schema\/person\/bc222566d95871b37e597b3ed3ba5e1d\",\"name\":\"Cl\u00e9ment\",\"image\":{\"@type\":\"ImageObject\",\"inLanguage\":\"fr-FR\",\"@id\":\"https:\/\/footdavant.fr\/actualites\/#\/schema\/person\/image\/\",\"url\":\"https:\/\/secure.gravatar.com\/avatar\/7728b29aac2719421e1a9159b2254c44?s=96&d=mm&r=g\",\"contentUrl\":\"https:\/\/secure.gravatar.com\/avatar\/7728b29aac2719421e1a9159b2254c44?s=96&d=mm&r=g\",\"caption\":\"Cl\u00e9ment\"},\"sameAs\":[\"https:\/\/footdavant.fr\/\"]}]}<\/script>\n<!-- \/ Yoast SEO plugin. -->","yoast_head_json":{"title":"Quand est la Coupe du monde? Date de d\u00e9but, horaire pour 2026 \u00e9dition du tournoi de football","robots":{"index":"index","follow":"follow","max-snippet":"max-snippet:-1","max-image-preview":"max-image-preview:large","max-video-preview":"max-video-preview:-1"},"canonical":"https:\/\/footdavant.fr\/actualites\/quand-est-la-coupe-du-monde-date-de-debut-horaire-pour-2026-edition-du-tournoi-de-football\/","og_locale":"fr_FR","og_type":"article","og_title":"Quand est la Coupe du monde? Date de d\u00e9but, horaire pour 2026 \u00e9dition du tournoi de football","og_description":"La Coupe du Monde de la FIFA 2026 sera la premi\u00e8re \u00e9dition du tournoi \u00e0 pr\u00e9senter 48 \u00e9quipes et \u00e0 avoir lieu dans trois pays.","og_url":"https:\/\/footdavant.fr\/actualites\/quand-est-la-coupe-du-monde-date-de-debut-horaire-pour-2026-edition-du-tournoi-de-football\/","og_site_name":"Foot d&#039;avant","article_publisher":"https:\/\/www.facebook.com\/Footdavant\/","article_published_time":"2025-03-22T07:48:04+00:00","article_modified_time":"2025-03-22T07:48:05+00:00","og_image":[{"width":1200,"height":675,"url":"https:\/\/footdavant.fr\/actualites\/wp-content\/uploads\/2025\/03\/Quand-est-la-Coupe-du-monde-Date-de-debut-horaire.jpg","type":"image\/jpeg"}],"author":"Cl\u00e9ment","twitter_card":"summary_large_image","twitter_creator":"@FootdavantFr","twitter_site":"@FootdavantFr","twitter_misc":{"\u00c9crit par":"Cl\u00e9ment","Dur\u00e9e de lecture estim\u00e9e":"2 minutes"},"schema":{"@context":"https:\/\/schema.org","@graph":[{"@type":"Article","@id":"https:\/\/footdavant.fr\/actualites\/quand-est-la-coupe-du-monde-date-de-debut-horaire-pour-2026-edition-du-tournoi-de-football\/#article","isPartOf":{"@id":"https:\/\/footdavant.fr\/actualites\/quand-est-la-coupe-du-monde-date-de-debut-horaire-pour-2026-edition-du-tournoi-de-football\/"},"author":{"name":"Cl\u00e9ment","@id":"https:\/\/footdavant.fr\/actualites\/#\/schema\/person\/bc222566d95871b37e597b3ed3ba5e1d"},"headline":"Quand est la Coupe du monde? Date de d\u00e9but, horaire pour 2026 \u00e9dition du tournoi de football","datePublished":"2025-03-22T07:48:04+00:00","dateModified":"2025-03-22T07:48:05+00:00","mainEntityOfPage":{"@id":"https:\/\/footdavant.fr\/actualites\/quand-est-la-coupe-du-monde-date-de-debut-horaire-pour-2026-edition-du-tournoi-de-football\/"},"wordCount":490,"publisher":{"@id":"https:\/\/footdavant.fr\/actualites\/#organization"},"keywords":["Coupe","date","d\u00e9but","\u00e9dition","est","Football","horaire","monde","pour","quand","tournoi"],"articleSection":["Football"],"inLanguage":"fr-FR"},{"@type":"WebPage","@id":"https:\/\/footdavant.fr\/actualites\/quand-est-la-coupe-du-monde-date-de-debut-horaire-pour-2026-edition-du-tournoi-de-football\/","url":"https:\/\/footdavant.fr\/actualites\/quand-est-la-coupe-du-monde-date-de-debut-horaire-pour-2026-edition-du-tournoi-de-football\/","name":"Quand est la Coupe du monde? Date de d\u00e9but, horaire pour 2026 \u00e9dition du tournoi de football","isPartOf":{"@id":"https:\/\/footdavant.fr\/actualites\/#website"},"datePublished":"2025-03-22T07:48:04+00:00","dateModified":"2025-03-22T07:48:05+00:00","breadcrumb":{"@id":"https:\/\/footdavant.fr\/actualites\/quand-est-la-coupe-du-monde-date-de-debut-horaire-pour-2026-edition-du-tournoi-de-football\/#breadcrumb"},"inLanguage":"fr-FR","potentialAction":[{"@type":"ReadAction","target":["https:\/\/footdavant.fr\/actualites\/quand-est-la-coupe-du-monde-date-de-debut-horaire-pour-2026-edition-du-tournoi-de-football\/"]}]},{"@type":"BreadcrumbList","@id":"https:\/\/footdavant.fr\/actualites\/quand-est-la-coupe-du-monde-date-de-debut-horaire-pour-2026-edition-du-tournoi-de-football\/#breadcrumb","itemListElement":[{"@type":"ListItem","position":1,"name":"Accueil","item":"https:\/\/footdavant.fr\/actualites\/"},{"@type":"ListItem","position":2,"name":"Quand est la Coupe du monde? Date de d\u00e9but, horaire pour 2026 \u00e9dition du tournoi de football"}]},{"@type":"WebSite","@id":"https:\/\/footdavant.fr\/actualites\/#website","url":"https:\/\/footdavant.fr\/actualites\/","name":"Foot d'avant","description":"","publisher":{"@id":"https:\/\/footdavant.fr\/actualites\/#organization"},"potentialAction":[{"@type":"SearchAction","target":{"@type":"EntryPoint","urlTemplate":"https:\/\/footdavant.fr\/actualites\/?s={search_term_string}"},"query-input":"required name=search_term_string"}],"inLanguage":"fr-FR"},{"@type":"Organization","@id":"https:\/\/footdavant.fr\/actualites\/#organization","name":"Foot d'avant","url":"https:\/\/footdavant.fr\/actualites\/","logo":{"@type":"ImageObject","inLanguage":"fr-FR","@id":"https:\/\/footdavant.fr\/actualites\/#\/schema\/logo\/image\/","url":"https:\/\/footdavant.fr\/actualites\/wp-content\/uploads\/2023\/09\/Copy-of-FootDavant-Logo.png","contentUrl":"https:\/\/footdavant.fr\/actualites\/wp-content\/uploads\/2023\/09\/Copy-of-FootDavant-Logo.png","width":936,"height":549,"caption":"Foot d'avant"},"image":{"@id":"https:\/\/footdavant.fr\/actualites\/#\/schema\/logo\/image\/"},"sameAs":["https:\/\/www.facebook.com\/Footdavant\/","https:\/\/twitter.com\/FootdavantFr","https:\/\/www.instagram.com\/footdavant.fr\/"]},{"@type":"Person","@id":"https:\/\/footdavant.fr\/actualites\/#\/schema\/person\/bc222566d95871b37e597b3ed3ba5e1d","name":"Cl\u00e9ment","image":{"@type":"ImageObject","inLanguage":"fr-FR","@id":"https:\/\/footdavant.fr\/actualites\/#\/schema\/person\/image\/","url":"https:\/\/secure.gravatar.com\/avatar\/7728b29aac2719421e1a9159b2254c44?s=96&d=mm&r=g","contentUrl":"https:\/\/secure.gravatar.com\/avatar\/7728b29aac2719421e1a9159b2254c44?s=96&d=mm&r=g","caption":"Cl\u00e9ment"},"sameAs":["https:\/\/footdavant.fr\/"]}]}},"_links":{"self":[{"href":"https:\/\/footdavant.fr\/actualites\/wp-json\/wp\/v2\/posts\/21669"}],"collection":[{"href":"https:\/\/footdavant.fr\/actualites\/wp-json\/wp\/v2\/posts"}],"about":[{"href":"https:\/\/footdavant.fr\/actualites\/wp-json\/wp\/v2\/types\/post"}],"author":[{"embeddable":true,"href":"https:\/\/footdavant.fr\/actualites\/wp-json\/wp\/v2\/users\/1"}],"replies":[{"embeddable":true,"href":"https:\/\/footdavant.fr\/actualites\/wp-json\/wp\/v2\/comments?post=21669"}],"version-history":[{"count":1,"href":"https:\/\/footdavant.fr\/actualites\/wp-json\/wp\/v2\/posts\/21669\/revisions"}],"predecessor-version":[{"id":21671,"href":"https:\/\/footdavant.fr\/actualites\/wp-json\/wp\/v2\/posts\/21669\/revisions\/21671"}],"wp:featuredmedia":[{"embeddable":true,"href":"https:\/\/footdavant.fr\/actualites\/wp-json\/wp\/v2\/media\/21670"}],"wp:attachment":[{"href":"https:\/\/footdavant.fr\/actualites\/wp-json\/wp\/v2\/media?parent=21669"}],"wp:term":[{"taxonomy":"category","embeddable":true,"href":"https:\/\/footdavant.fr\/actualites\/wp-json\/wp\/v2\/categories?post=21669"},{"taxonomy":"post_tag","embeddable":true,"href":"https:\/\/footdavant.fr\/actualites\/wp-json\/wp\/v2\/tags?post=21669"}],"curies":[{"name":"wp","href":"https:\/\/api.w.org\/{rel}","templated":true}]}}