{"id":2177,"date":"2023-12-09T16:48:59","date_gmt":"2023-12-09T15:48:59","guid":{"rendered":"https:\/\/footdavant.fr\/actualites\/erling-haaland-de-manchester-city-risque-detre-inculpe-par-la-fa-apres-un-commentaire-sur-les-reseaux-sociaux\/"},"modified":"2023-12-09T16:49:00","modified_gmt":"2023-12-09T15:49:00","slug":"erling-haaland-de-manchester-city-risque-detre-inculpe-par-la-fa-apres-un-commentaire-sur-les-reseaux-sociaux","status":"publish","type":"post","link":"https:\/\/footdavant.fr\/actualites\/erling-haaland-de-manchester-city-risque-detre-inculpe-par-la-fa-apres-un-commentaire-sur-les-reseaux-sociaux\/","title":{"rendered":"Erling Haaland de Manchester City \u00ab\u00a0risque d&rsquo;\u00eatre inculp\u00e9 par la FA apr\u00e8s un commentaire sur les r\u00e9seaux sociaux\u00a0\u00bb"},"content":{"rendered":"<p>Erling Haaland de Manchester City pourrait \u00eatre inculp\u00e9 par la FA pour une publication sur les r\u00e9seaux sociaux critiquant l&rsquo;arbitre Simon Hooper apr\u00e8s le match nul 3-3 de dimanche contre Tottenham Hotspur.<\/p>\n<div id=\"article_body\" itemprop=\"articleBody\">\n<h3 class=\"firstPara\">\n<strong class=\"autotag\">Manchester City<\/strong> le buteur <strong class=\"autotag\">Erling Haaland<\/strong> pourrait \u00eatre inculp\u00e9 \u00e0 plusieurs reprises par la Football Association pour une publication sur les r\u00e9seaux sociaux critiquant l&rsquo;arbitre <strong class=\"autotag\">Simon Hooper<\/strong> apr\u00e8s le match nul 3-3 de dimanche contre <strong class=\"autotag\">Tottenham Hotspur<\/strong> en Premier League.<\/h3>\n<p><strong class=\"autotag\">Dejan Kulusevski<\/strong> a r\u00e9cup\u00e9r\u00e9 un point pour les Spurs avec un \u00e9galiseur \u00e0 la 90e minute lors d&rsquo;un match passionnant au stade Etihad, mais l&rsquo;arbitre sur le terrain Hooper a refus\u00e9 de mani\u00e8re controvers\u00e9e aux Citizens l&rsquo;opportunit\u00e9 de marquer un but vainqueur dans les arr\u00eats de jeu.<\/p>\n<p>Hooper a d&rsquo;abord reconnu que Haaland avait \u00e9t\u00e9 victime d&rsquo;une faute de <strong class=\"autotag\">Emerson Royal<\/strong> dans la moiti\u00e9 de terrain de City et a fait signe de jouer l&rsquo;avantage alors que le Norv\u00e9gien reprenait pied.<\/p>\n<p>Cependant, Hooper a bizarrement siffl\u00e9 pour retirer le jeu pour un coup franc de Man City alors que Haaland envoyait <strong class=\"autotag\">Jack Grealish<\/strong> sur le but de Tottenham.<\/p>\n<p>La d\u00e9cision a suscit\u00e9 une r\u00e9action de col\u00e8re de la part de plusieurs joueurs des Citizens, dont Haaland, qui a protest\u00e9 face \u00e0 Hooper et a ensuite re\u00e7u un carton jaune, avant de poursuivre sa protestation apr\u00e8s le coup de sifflet \u00e0 temps plein.<\/p>\n<p class=\"imgI\">\n<p>Ancien officiel de la Premier League <strong class=\"autotag\">Dermot Gallagher<\/strong> a depuis admis que Hooper avait commis une \u00ab\u00a0erreur\u00a0\u00bb en sifflant \u00e0 ce moment-l\u00e0, mais a insist\u00e9 sur le fait que l&rsquo;arbitre n&rsquo;avait pas, selon la loi, pris la mauvaise d\u00e9cision.<\/p>\n<p>Parler \u00e0 <em>Sports a\u00e9riens<\/em>Gallagher a d\u00e9clar\u00e9 : \u00ab Difficile parce que [Hooper] est un gar\u00e7on qui, je dirais, joue un avantage plus que quiconque.  Il continue \u00e0 jouer, \u00e0 juste titre, et pour une raison quelconque, Simon explose. <\/p>\n<p>\u00ab\u00a0S&rsquo;il avait attendu une seconde plus tard, tout le paysage changerait. Malheureusement, c&rsquo;est une erreur qu&rsquo;il a commise. Techniquement, selon la loi, il n&rsquo;a rien fait de mal. C&rsquo;est le choix de l&rsquo;arbitre de jouer l&rsquo;avantage, pas n&rsquo;importe qui d&rsquo;autre. \u00ab\u00a0<\/p>\n<p>Le patron de Tottenham <strong class=\"autotag\">Ange Postecoglou<\/strong> a \u00e9galement admis apr\u00e8s le match que son \u00e9quipe \u00ab\u00a0s&rsquo;en \u00e9tait tir\u00e9e\u00a0\u00bb suite \u00e0 la d\u00e9cision de Hooper.<\/p>\n<p>En r\u00e9ponse au drame tardif, Haaland s&rsquo;est adress\u00e9 aux r\u00e9seaux sociaux pour exprimer sa frustration, en publiant une vid\u00e9o de l&rsquo;incident controvers\u00e9 sur &lsquo;<em>X<\/em>&lsquo; avec la l\u00e9gende d&rsquo;argot offensante \u00ab\u00a0Wtf\u00a0\u00bb.<\/p>\n<p>Cependant, selon <em>ESPN<\/em>le n\u00b09 de Man City risque d\u00e9sormais d&rsquo;\u00eatre inculp\u00e9 par la FA s&rsquo;il est consid\u00e9r\u00e9 comme ayant enfreint la r\u00e8gle E3.1 qui concerne les commentaires sur les r\u00e9seaux sociaux ou les remarques faites dans les m\u00e9dias.<\/p>\n<blockquote class=\"twitter-tweet\">\n<p lang=\"qst\" dir=\"ltr\">Wtf https:\/\/t.co\/E7GKDiTZAf<\/p>\n<p>\u2013 Erling Haaland (@ErlingHaaland) <a rel=\"nofollow\" href=\"https:\/\/twitter.com\/ErlingHaaland\/status\/1731387201622004197?ref_src=twsrc%5Etfw\">3 d\u00e9cembre 2023<\/a>\n<\/p><\/blockquote>\n<p>Le mois dernier, le manager d&rsquo;Arsenal <strong class=\"autotag\">Mikel Arteta<\/strong> a \u00e9t\u00e9 inculp\u00e9 par la FA apr\u00e8s avoir \u00e9tiquet\u00e9 la d\u00e9cision d&rsquo;attribuer <strong class=\"autotag\">Anthony Gordon<\/strong>Le but de Newcastle United lors d&rsquo;une victoire 1-0 contre les Gunners est \u00ab\u00a0embarrassant\u00a0\u00bb et \u00ab\u00a0honte absolue\u00a0\u00bb dans une diatribe d&rsquo;apr\u00e8s-match.<\/p>\n<p>Le patron de Man City <strong class=\"autotag\">Pep Guardiola<\/strong>qui a d\u00e9cid\u00e9 de ne pas faire \u00ab\u00a0un commentaire de Mikel Arteta\u00a0\u00bb sur le drame tardif contre les Spurs, a d\u00e9fendu les pitreries de Haaland \u00e0 plein temps, d\u00e9clarant aux journalistes : \u00ab\u00a0C&rsquo;est normal. Sa r\u00e9action a \u00e9t\u00e9 la m\u00eame pour 10 joueurs. <\/p>\n<p>\u00ab\u00a0Les r\u00e8gles sont que vous ne pouvez pas parler avec les arbitres ou les quatri\u00e8mes officiels, donc nous aurions d\u00fb expulser 10 joueurs aujourd&rsquo;hui. Il est un peu d\u00e9\u00e7u. M\u00eame l&rsquo;arbitre \u2013 s&rsquo;il jouait pour Man City aujourd&rsquo;hui, il serait d\u00e9\u00e7u de cette action, \u00e7a c&rsquo;est s\u00fbr.<\/p>\n<p>\u00ab\u00a0Je fais des erreurs, les joueurs font des erreurs. Quand Erling tombe, l&rsquo;arbitre a dit de continuer et apr\u00e8s avoir fait la passe, il a arr\u00eat\u00e9 le jeu.<\/p>\n<p>\u00ab\u00a0Je ne veux pas le critiquer. Parfois sur la ligne de touche, je perds la t\u00eate, mes gestes ne sont pas corrects, mais nous n&rsquo;avons pas fait match nul pour \u00e7a. Les Spurs sont contents d&rsquo;un point, nous sommes un peu moins contents.\u00a0\u00bb<\/p>\n<p>Man City esp\u00e8re que Haaland \u00e9vitera une suspension car ils doivent d\u00e9j\u00e0 se d\u00e9brouiller sans les deux <strong class=\"autotag\">Rodri<\/strong> et Grealish pour le voyage de mercredi prochain \u00e0 <strong class=\"autotag\">Aston Villa<\/strong>puisque les deux joueurs ont re\u00e7u leur cinqui\u00e8me carton jaune de la saison lors du match nul contre les Spurs et purgeront ensuite une suspension d&rsquo;un match.<\/p>\n<\/div>\n<p><script async src=\"https:\/\/platform.twitter.com\/widgets.js\" charset=\"utf-8\"><\/script><\/p>\n","protected":false},"excerpt":{"rendered":"<p>Erling Haaland de Manchester City pourrait \u00eatre inculp\u00e9 par la FA pour une publication sur les r\u00e9seaux sociaux critiquant l&rsquo;arbitre Simon Hooper apr\u00e8s le match<\/p>\n","protected":false},"author":1,"featured_media":2178,"comment_status":"closed","ping_status":"","sticky":false,"template":"","format":"standard","meta":{"footnotes":""},"categories":[5],"tags":[25,27,1467,1207,36,37,1369,93,11,75,1862,2051,1863,103],"yoast_head":"<!-- This site is optimized with the Yoast SEO plugin v21.0 - https:\/\/yoast.com\/wordpress\/plugins\/seo\/ -->\n<title>Erling Haaland de Manchester City &quot;risque d&#039;\u00eatre inculp\u00e9 par la FA apr\u00e8s un commentaire sur les r\u00e9seaux sociaux&quot;<\/title>\n<meta name=\"robots\" content=\"index, follow, max-snippet:-1, max-image-preview:large, max-video-preview:-1\" \/>\n<link rel=\"canonical\" href=\"https:\/\/footdavant.fr\/actualites\/erling-haaland-de-manchester-city-risque-detre-inculpe-par-la-fa-apres-un-commentaire-sur-les-reseaux-sociaux\/\" \/>\n<meta property=\"og:locale\" content=\"fr_FR\" \/>\n<meta property=\"og:type\" content=\"article\" \/>\n<meta property=\"og:title\" content=\"Erling Haaland de Manchester City &quot;risque d&#039;\u00eatre inculp\u00e9 par la FA apr\u00e8s un commentaire sur les r\u00e9seaux sociaux&quot;\" \/>\n<meta property=\"og:description\" content=\"Erling Haaland de Manchester City pourrait \u00eatre inculp\u00e9 par la FA pour une publication sur les r\u00e9seaux sociaux critiquant l&rsquo;arbitre Simon Hooper apr\u00e8s le match\" \/>\n<meta property=\"og:url\" content=\"https:\/\/footdavant.fr\/actualites\/erling-haaland-de-manchester-city-risque-detre-inculpe-par-la-fa-apres-un-commentaire-sur-les-reseaux-sociaux\/\" \/>\n<meta property=\"og:site_name\" content=\"Foot d&#039;avant\" \/>\n<meta property=\"article:publisher\" content=\"https:\/\/www.facebook.com\/Footdavant\/\" \/>\n<meta property=\"article:published_time\" content=\"2023-12-09T15:48:59+00:00\" \/>\n<meta property=\"article:modified_time\" content=\"2023-12-09T15:49:00+00:00\" \/>\n<meta property=\"og:image\" content=\"https:\/\/footdavant.fr\/actualites\/wp-content\/uploads\/2023\/12\/Erling-Haaland-de-Manchester-City-risque-detre-inculpe-par-la.jpg\" \/>\n\t<meta property=\"og:image:width\" content=\"640\" \/>\n\t<meta property=\"og:image:height\" content=\"480\" \/>\n\t<meta property=\"og:image:type\" content=\"image\/jpeg\" \/>\n<meta name=\"author\" content=\"Cl\u00e9ment\" \/>\n<meta name=\"twitter:card\" content=\"summary_large_image\" \/>\n<meta name=\"twitter:creator\" content=\"@FootdavantFr\" \/>\n<meta name=\"twitter:site\" content=\"@FootdavantFr\" \/>\n<meta name=\"twitter:label1\" content=\"\u00c9crit par\" \/>\n\t<meta name=\"twitter:data1\" content=\"Cl\u00e9ment\" \/>\n\t<meta name=\"twitter:label2\" content=\"Dur\u00e9e de lecture estim\u00e9e\" \/>\n\t<meta name=\"twitter:data2\" content=\"4 minutes\" \/>\n<script type=\"application\/ld+json\" class=\"yoast-schema-graph\">{\"@context\":\"https:\/\/schema.org\",\"@graph\":[{\"@type\":\"Article\",\"@id\":\"https:\/\/footdavant.fr\/actualites\/erling-haaland-de-manchester-city-risque-detre-inculpe-par-la-fa-apres-un-commentaire-sur-les-reseaux-sociaux\/#article\",\"isPartOf\":{\"@id\":\"https:\/\/footdavant.fr\/actualites\/erling-haaland-de-manchester-city-risque-detre-inculpe-par-la-fa-apres-un-commentaire-sur-les-reseaux-sociaux\/\"},\"author\":{\"name\":\"Cl\u00e9ment\",\"@id\":\"https:\/\/footdavant.fr\/actualites\/#\/schema\/person\/bc222566d95871b37e597b3ed3ba5e1d\"},\"headline\":\"Erling Haaland de Manchester City \u00ab\u00a0risque d&rsquo;\u00eatre inculp\u00e9 par la FA apr\u00e8s un commentaire sur les r\u00e9seaux sociaux\u00a0\u00bb\",\"datePublished\":\"2023-12-09T15:48:59+00:00\",\"dateModified\":\"2023-12-09T15:49:00+00:00\",\"mainEntityOfPage\":{\"@id\":\"https:\/\/footdavant.fr\/actualites\/erling-haaland-de-manchester-city-risque-detre-inculpe-par-la-fa-apres-un-commentaire-sur-les-reseaux-sociaux\/\"},\"wordCount\":766,\"publisher\":{\"@id\":\"https:\/\/footdavant.fr\/actualites\/#organization\"},\"keywords\":[\"apr\u00e8s\",\"City\",\"commentaire\",\"d\u00eatre\",\"Erling\",\"Haaland\",\"inculp\u00e9\",\"les\",\"Manchester\",\"par\",\"r\u00e9seaux\",\"risque\",\"sociaux\",\"sur\"],\"articleSection\":[\"Premier League\"],\"inLanguage\":\"fr-FR\"},{\"@type\":\"WebPage\",\"@id\":\"https:\/\/footdavant.fr\/actualites\/erling-haaland-de-manchester-city-risque-detre-inculpe-par-la-fa-apres-un-commentaire-sur-les-reseaux-sociaux\/\",\"url\":\"https:\/\/footdavant.fr\/actualites\/erling-haaland-de-manchester-city-risque-detre-inculpe-par-la-fa-apres-un-commentaire-sur-les-reseaux-sociaux\/\",\"name\":\"Erling Haaland de Manchester City \\\"risque d'\u00eatre inculp\u00e9 par la FA apr\u00e8s un commentaire sur les r\u00e9seaux sociaux\\\"\",\"isPartOf\":{\"@id\":\"https:\/\/footdavant.fr\/actualites\/#website\"},\"datePublished\":\"2023-12-09T15:48:59+00:00\",\"dateModified\":\"2023-12-09T15:49:00+00:00\",\"breadcrumb\":{\"@id\":\"https:\/\/footdavant.fr\/actualites\/erling-haaland-de-manchester-city-risque-detre-inculpe-par-la-fa-apres-un-commentaire-sur-les-reseaux-sociaux\/#breadcrumb\"},\"inLanguage\":\"fr-FR\",\"potentialAction\":[{\"@type\":\"ReadAction\",\"target\":[\"https:\/\/footdavant.fr\/actualites\/erling-haaland-de-manchester-city-risque-detre-inculpe-par-la-fa-apres-un-commentaire-sur-les-reseaux-sociaux\/\"]}]},{\"@type\":\"BreadcrumbList\",\"@id\":\"https:\/\/footdavant.fr\/actualites\/erling-haaland-de-manchester-city-risque-detre-inculpe-par-la-fa-apres-un-commentaire-sur-les-reseaux-sociaux\/#breadcrumb\",\"itemListElement\":[{\"@type\":\"ListItem\",\"position\":1,\"name\":\"Accueil\",\"item\":\"https:\/\/footdavant.fr\/actualites\/\"},{\"@type\":\"ListItem\",\"position\":2,\"name\":\"Erling Haaland de Manchester City \u00ab\u00a0risque d&rsquo;\u00eatre inculp\u00e9 par la FA apr\u00e8s un commentaire sur les r\u00e9seaux sociaux\u00a0\u00bb\"}]},{\"@type\":\"WebSite\",\"@id\":\"https:\/\/footdavant.fr\/actualites\/#website\",\"url\":\"https:\/\/footdavant.fr\/actualites\/\",\"name\":\"Foot d'avant\",\"description\":\"\",\"publisher\":{\"@id\":\"https:\/\/footdavant.fr\/actualites\/#organization\"},\"potentialAction\":[{\"@type\":\"SearchAction\",\"target\":{\"@type\":\"EntryPoint\",\"urlTemplate\":\"https:\/\/footdavant.fr\/actualites\/?s={search_term_string}\"},\"query-input\":\"required name=search_term_string\"}],\"inLanguage\":\"fr-FR\"},{\"@type\":\"Organization\",\"@id\":\"https:\/\/footdavant.fr\/actualites\/#organization\",\"name\":\"Foot d'avant\",\"url\":\"https:\/\/footdavant.fr\/actualites\/\",\"logo\":{\"@type\":\"ImageObject\",\"inLanguage\":\"fr-FR\",\"@id\":\"https:\/\/footdavant.fr\/actualites\/#\/schema\/logo\/image\/\",\"url\":\"https:\/\/footdavant.fr\/actualites\/wp-content\/uploads\/2023\/09\/Copy-of-FootDavant-Logo.png\",\"contentUrl\":\"https:\/\/footdavant.fr\/actualites\/wp-content\/uploads\/2023\/09\/Copy-of-FootDavant-Logo.png\",\"width\":936,\"height\":549,\"caption\":\"Foot d'avant\"},\"image\":{\"@id\":\"https:\/\/footdavant.fr\/actualites\/#\/schema\/logo\/image\/\"},\"sameAs\":[\"https:\/\/www.facebook.com\/Footdavant\/\",\"https:\/\/twitter.com\/FootdavantFr\",\"https:\/\/www.instagram.com\/footdavant.fr\/\"]},{\"@type\":\"Person\",\"@id\":\"https:\/\/footdavant.fr\/actualites\/#\/schema\/person\/bc222566d95871b37e597b3ed3ba5e1d\",\"name\":\"Cl\u00e9ment\",\"image\":{\"@type\":\"ImageObject\",\"inLanguage\":\"fr-FR\",\"@id\":\"https:\/\/footdavant.fr\/actualites\/#\/schema\/person\/image\/\",\"url\":\"https:\/\/secure.gravatar.com\/avatar\/7728b29aac2719421e1a9159b2254c44?s=96&d=mm&r=g\",\"contentUrl\":\"https:\/\/secure.gravatar.com\/avatar\/7728b29aac2719421e1a9159b2254c44?s=96&d=mm&r=g\",\"caption\":\"Cl\u00e9ment\"},\"sameAs\":[\"https:\/\/footdavant.fr\/\"]}]}<\/script>\n<!-- \/ Yoast SEO plugin. -->","yoast_head_json":{"title":"Erling Haaland de Manchester City \"risque d'\u00eatre inculp\u00e9 par la FA apr\u00e8s un commentaire sur les r\u00e9seaux sociaux\"","robots":{"index":"index","follow":"follow","max-snippet":"max-snippet:-1","max-image-preview":"max-image-preview:large","max-video-preview":"max-video-preview:-1"},"canonical":"https:\/\/footdavant.fr\/actualites\/erling-haaland-de-manchester-city-risque-detre-inculpe-par-la-fa-apres-un-commentaire-sur-les-reseaux-sociaux\/","og_locale":"fr_FR","og_type":"article","og_title":"Erling Haaland de Manchester City \"risque d'\u00eatre inculp\u00e9 par la FA apr\u00e8s un commentaire sur les r\u00e9seaux sociaux\"","og_description":"Erling Haaland de Manchester City pourrait \u00eatre inculp\u00e9 par la FA pour une publication sur les r\u00e9seaux sociaux critiquant l&rsquo;arbitre Simon Hooper apr\u00e8s le match","og_url":"https:\/\/footdavant.fr\/actualites\/erling-haaland-de-manchester-city-risque-detre-inculpe-par-la-fa-apres-un-commentaire-sur-les-reseaux-sociaux\/","og_site_name":"Foot d&#039;avant","article_publisher":"https:\/\/www.facebook.com\/Footdavant\/","article_published_time":"2023-12-09T15:48:59+00:00","article_modified_time":"2023-12-09T15:49:00+00:00","og_image":[{"width":640,"height":480,"url":"https:\/\/footdavant.fr\/actualites\/wp-content\/uploads\/2023\/12\/Erling-Haaland-de-Manchester-City-risque-detre-inculpe-par-la.jpg","type":"image\/jpeg"}],"author":"Cl\u00e9ment","twitter_card":"summary_large_image","twitter_creator":"@FootdavantFr","twitter_site":"@FootdavantFr","twitter_misc":{"\u00c9crit par":"Cl\u00e9ment","Dur\u00e9e de lecture estim\u00e9e":"4 minutes"},"schema":{"@context":"https:\/\/schema.org","@graph":[{"@type":"Article","@id":"https:\/\/footdavant.fr\/actualites\/erling-haaland-de-manchester-city-risque-detre-inculpe-par-la-fa-apres-un-commentaire-sur-les-reseaux-sociaux\/#article","isPartOf":{"@id":"https:\/\/footdavant.fr\/actualites\/erling-haaland-de-manchester-city-risque-detre-inculpe-par-la-fa-apres-un-commentaire-sur-les-reseaux-sociaux\/"},"author":{"name":"Cl\u00e9ment","@id":"https:\/\/footdavant.fr\/actualites\/#\/schema\/person\/bc222566d95871b37e597b3ed3ba5e1d"},"headline":"Erling Haaland de Manchester City \u00ab\u00a0risque d&rsquo;\u00eatre inculp\u00e9 par la FA apr\u00e8s un commentaire sur les r\u00e9seaux sociaux\u00a0\u00bb","datePublished":"2023-12-09T15:48:59+00:00","dateModified":"2023-12-09T15:49:00+00:00","mainEntityOfPage":{"@id":"https:\/\/footdavant.fr\/actualites\/erling-haaland-de-manchester-city-risque-detre-inculpe-par-la-fa-apres-un-commentaire-sur-les-reseaux-sociaux\/"},"wordCount":766,"publisher":{"@id":"https:\/\/footdavant.fr\/actualites\/#organization"},"keywords":["apr\u00e8s","City","commentaire","d\u00eatre","Erling","Haaland","inculp\u00e9","les","Manchester","par","r\u00e9seaux","risque","sociaux","sur"],"articleSection":["Premier League"],"inLanguage":"fr-FR"},{"@type":"WebPage","@id":"https:\/\/footdavant.fr\/actualites\/erling-haaland-de-manchester-city-risque-detre-inculpe-par-la-fa-apres-un-commentaire-sur-les-reseaux-sociaux\/","url":"https:\/\/footdavant.fr\/actualites\/erling-haaland-de-manchester-city-risque-detre-inculpe-par-la-fa-apres-un-commentaire-sur-les-reseaux-sociaux\/","name":"Erling Haaland de Manchester City \"risque d'\u00eatre inculp\u00e9 par la FA apr\u00e8s un commentaire sur les r\u00e9seaux sociaux\"","isPartOf":{"@id":"https:\/\/footdavant.fr\/actualites\/#website"},"datePublished":"2023-12-09T15:48:59+00:00","dateModified":"2023-12-09T15:49:00+00:00","breadcrumb":{"@id":"https:\/\/footdavant.fr\/actualites\/erling-haaland-de-manchester-city-risque-detre-inculpe-par-la-fa-apres-un-commentaire-sur-les-reseaux-sociaux\/#breadcrumb"},"inLanguage":"fr-FR","potentialAction":[{"@type":"ReadAction","target":["https:\/\/footdavant.fr\/actualites\/erling-haaland-de-manchester-city-risque-detre-inculpe-par-la-fa-apres-un-commentaire-sur-les-reseaux-sociaux\/"]}]},{"@type":"BreadcrumbList","@id":"https:\/\/footdavant.fr\/actualites\/erling-haaland-de-manchester-city-risque-detre-inculpe-par-la-fa-apres-un-commentaire-sur-les-reseaux-sociaux\/#breadcrumb","itemListElement":[{"@type":"ListItem","position":1,"name":"Accueil","item":"https:\/\/footdavant.fr\/actualites\/"},{"@type":"ListItem","position":2,"name":"Erling Haaland de Manchester City \u00ab\u00a0risque d&rsquo;\u00eatre inculp\u00e9 par la FA apr\u00e8s un commentaire sur les r\u00e9seaux sociaux\u00a0\u00bb"}]},{"@type":"WebSite","@id":"https:\/\/footdavant.fr\/actualites\/#website","url":"https:\/\/footdavant.fr\/actualites\/","name":"Foot d'avant","description":"","publisher":{"@id":"https:\/\/footdavant.fr\/actualites\/#organization"},"potentialAction":[{"@type":"SearchAction","target":{"@type":"EntryPoint","urlTemplate":"https:\/\/footdavant.fr\/actualites\/?s={search_term_string}"},"query-input":"required name=search_term_string"}],"inLanguage":"fr-FR"},{"@type":"Organization","@id":"https:\/\/footdavant.fr\/actualites\/#organization","name":"Foot d'avant","url":"https:\/\/footdavant.fr\/actualites\/","logo":{"@type":"ImageObject","inLanguage":"fr-FR","@id":"https:\/\/footdavant.fr\/actualites\/#\/schema\/logo\/image\/","url":"https:\/\/footdavant.fr\/actualites\/wp-content\/uploads\/2023\/09\/Copy-of-FootDavant-Logo.png","contentUrl":"https:\/\/footdavant.fr\/actualites\/wp-content\/uploads\/2023\/09\/Copy-of-FootDavant-Logo.png","width":936,"height":549,"caption":"Foot d'avant"},"image":{"@id":"https:\/\/footdavant.fr\/actualites\/#\/schema\/logo\/image\/"},"sameAs":["https:\/\/www.facebook.com\/Footdavant\/","https:\/\/twitter.com\/FootdavantFr","https:\/\/www.instagram.com\/footdavant.fr\/"]},{"@type":"Person","@id":"https:\/\/footdavant.fr\/actualites\/#\/schema\/person\/bc222566d95871b37e597b3ed3ba5e1d","name":"Cl\u00e9ment","image":{"@type":"ImageObject","inLanguage":"fr-FR","@id":"https:\/\/footdavant.fr\/actualites\/#\/schema\/person\/image\/","url":"https:\/\/secure.gravatar.com\/avatar\/7728b29aac2719421e1a9159b2254c44?s=96&d=mm&r=g","contentUrl":"https:\/\/secure.gravatar.com\/avatar\/7728b29aac2719421e1a9159b2254c44?s=96&d=mm&r=g","caption":"Cl\u00e9ment"},"sameAs":["https:\/\/footdavant.fr\/"]}]}},"_links":{"self":[{"href":"https:\/\/footdavant.fr\/actualites\/wp-json\/wp\/v2\/posts\/2177"}],"collection":[{"href":"https:\/\/footdavant.fr\/actualites\/wp-json\/wp\/v2\/posts"}],"about":[{"href":"https:\/\/footdavant.fr\/actualites\/wp-json\/wp\/v2\/types\/post"}],"author":[{"embeddable":true,"href":"https:\/\/footdavant.fr\/actualites\/wp-json\/wp\/v2\/users\/1"}],"replies":[{"embeddable":true,"href":"https:\/\/footdavant.fr\/actualites\/wp-json\/wp\/v2\/comments?post=2177"}],"version-history":[{"count":1,"href":"https:\/\/footdavant.fr\/actualites\/wp-json\/wp\/v2\/posts\/2177\/revisions"}],"predecessor-version":[{"id":2179,"href":"https:\/\/footdavant.fr\/actualites\/wp-json\/wp\/v2\/posts\/2177\/revisions\/2179"}],"wp:featuredmedia":[{"embeddable":true,"href":"https:\/\/footdavant.fr\/actualites\/wp-json\/wp\/v2\/media\/2178"}],"wp:attachment":[{"href":"https:\/\/footdavant.fr\/actualites\/wp-json\/wp\/v2\/media?parent=2177"}],"wp:term":[{"taxonomy":"category","embeddable":true,"href":"https:\/\/footdavant.fr\/actualites\/wp-json\/wp\/v2\/categories?post=2177"},{"taxonomy":"post_tag","embeddable":true,"href":"https:\/\/footdavant.fr\/actualites\/wp-json\/wp\/v2\/tags?post=2177"}],"curies":[{"name":"wp","href":"https:\/\/api.w.org\/{rel}","templated":true}]}}