{"id":2180,"date":"2023-12-09T17:55:07","date_gmt":"2023-12-09T16:55:07","guid":{"rendered":"https:\/\/footdavant.fr\/actualites\/villa-de-haut-vol-un-defi-a-la-maison\/"},"modified":"2023-12-09T17:55:08","modified_gmt":"2023-12-09T16:55:08","slug":"villa-de-haut-vol-un-defi-a-la-maison","status":"publish","type":"post","link":"https:\/\/footdavant.fr\/actualites\/villa-de-haut-vol-un-defi-a-la-maison\/","title":{"rendered":"Villa de haut vol un d\u00e9fi \u00e0 la maison&#8230;"},"content":{"rendered":"<div>\n<p>Arsenal affronte Aston Villa ce soir, dans un match rempli de \u00ab r\u00e9cit \u00bb.<\/p>\n<p>Il y a bien s\u00fbr le lien avec Unai Emery et le fait que deux managers basques s&rsquo;affronteront aujourd&rsquo;hui, quoique \u00e0 distance.  Mikel Arteta regardera le match depuis les tribunes car il a \u00e9t\u00e9 suspendu pour \u00eatre content, et j&rsquo;ai trouv\u00e9 que ses commentaires sur la coh\u00e9rence des r\u00e8gles appliqu\u00e9es \u00e9taient justes.  Villa est en grande forme, apr\u00e8s avoir battu Man City en milieu de semaine, un r\u00e9sultat qui les place dans le top trois du classement de la Premier League.  Et ils ont remport\u00e9 14 matchs d&rsquo;affil\u00e9e \u00e0 domicile, un record qui remonte \u00e0 f\u00e9vrier de cette ann\u00e9e \u2013 le dernier match qu&rsquo;ils ont perdu l\u00e0-bas \u00e9tait contre nous lorsque le coup de poing de Jorginho a frapp\u00e9 derri\u00e8re la t\u00eate d&rsquo;Emi Martinez, devant l&rsquo;ancien gardien d&rsquo;Arsenal. s&rsquo;est livr\u00e9 \u00e0 un bain de foule hilarant pour nous permettre d&rsquo;en marquer un quatri\u00e8me et d&rsquo;\u00eatre s\u00fbr des points.  Il se passe beaucoup de choses.<\/p>\n<p>Le facteur cl\u00e9 pour moi est la qualit\u00e9 de Villa cette saison, et quand vous jouez comme \u00e7a contre Man City, vous \u00eates tr\u00e8s clairement une \u00e9quipe pleine de conviction et de confiance.  C&rsquo;est un probl\u00e8me auquel nous devrons faire face, mais nous le faisons nous-m\u00eames en position de force.  Bien s\u00fbr, Luton n\u2019a pas \u00e9t\u00e9 notre meilleure performance de la saison.  En v\u00e9rit\u00e9, c&rsquo;\u00e9tait assez anormal par rapport \u00e0 ce que nous avons vu tout au long de cette campagne : ambiance de match nul et chaos.  Ce n&rsquo;est pas le but d&rsquo;Arsenal, et je suis s\u00fbr que le travail sur le terrain d&rsquo;entra\u00eenement cette semaine a consist\u00e9 \u00e0 garantir que cela se reproduise le moins possible aujourd&rsquo;hui.<\/p>\n<p>Arteta a d\u00e9clar\u00e9 \u00e0 propos de leur performance en milieu de semaine :<\/p>\n<blockquote>\n<p>Tactiquement, ils sont vraiment bien plac\u00e9s, ils font deux ou trois choses diff\u00e9rentes, ils sont vraiment courageux pour jouer de l&rsquo;arri\u00e8re.  Ils vous attaquent vraiment parce qu&rsquo;ils ont des joueurs entre les lignes qui peuvent vraiment vous blesser ;  ils ont des joueurs dans des espaces ouverts qui vous menacent constamment.  Mais pas seulement cela, l&rsquo;esprit qu&rsquo;ils ont cr\u00e9\u00e9, l&rsquo;atmosph\u00e8re, l&rsquo;intensit\u00e9 et la conviction qu&rsquo;ils ont en ce moment qu&rsquo;ils peuvent continuer et battre n&rsquo;importe qui.<\/p>\n<\/blockquote>\n<p>En ce qui concerne l&rsquo;\u00e9quipe d&rsquo;aujourd&rsquo;hui, je ne sais pas si le manager peut faire grand-chose.  Celui-ci avait l&rsquo;impression que ce serait un Takehiro Tomiyasu au match de l&rsquo;arri\u00e8re gauche, mais en son absence, chaque match est d\u00e9sormais un match d&rsquo;Oleksandr Zinchenko \u2013 \u00e0 moins qu&rsquo;Arteta ne d\u00e9cide que Jakub Kiwior est un analogue de Tomiyasu pour ce genre de matches.  Je serais surpris, mais il a d\u00fb r\u00e9fl\u00e9chir avant le match \u00e0 la menace que Villa poss\u00e8de sur son c\u00f4t\u00e9 droit, et \u00e0 la fa\u00e7on dont ils pourraient essayer de l&rsquo;exploiter s&rsquo;ils peuvent gagner le ballon alors que Zinchenko est toujours dans les zones centrales. il d\u00e9rive.<\/p>\n<p>Garder la possession et la s\u00e9curit\u00e9 de la possession pourraient \u00eatre la cl\u00e9 ici, mais une s\u00e9lection d&rsquo;\u00e9quipe permettant \u00e0 Declan Rice de jouer un peu plus \u00e0 gauche pourrait \u00eatre une autre option.  Je ne suis pas n\u00e9cessairement s\u00fbr que j&rsquo;appr\u00e9cierais les jambes de Jorginho contre le solide milieu de terrain de Villa, mais si c&rsquo;est la s\u00e9curit\u00e9 technique que nous recherchons, c&rsquo;est une option potentielle.  Cela signifierait cependant perdre quelque chose plus loin, et mon intuition est qu&rsquo;il ira avec le trio de milieu de terrain qui a jou\u00e9 mardi.<\/p>\n<p>Les trois premiers se reprennent, blessure mise \u00e0 part.  Esp\u00e9rons que Gabriel Martinelli n&rsquo;est pas trop endolori apr\u00e8s le coup qu&rsquo;il a re\u00e7u contre Luton, il n&rsquo;a pas sembl\u00e9 bouger avec sa fluidit\u00e9 habituelle par la suite, mais on croise les doigts pour qu&rsquo;il va bien.  Comme nous en avons discut\u00e9 dans le podcast d&rsquo;aper\u00e7u sur Patreon, Villa se concentre fortement sur un pi\u00e8ge de hors-jeu tr\u00e8s efficace, et m\u00eame si ce ne sont peut-\u00eatre pas les ailiers que nous essayons de prendre derri\u00e8re, les chevauchements des arri\u00e8res lat\u00e9raux pourraient bien \u00eatre un moyen de le faire. trouver de l&rsquo;espace.  Il a \u00e9t\u00e9 int\u00e9ressant ces derni\u00e8res semaines de voir Zinchenko jouer beaucoup plus souvent cet aspect traditionnel du r\u00f4le d\u2019arri\u00e8re lat\u00e9ral.  Que ce soit par conception ou simplement par bizarrerie des matches auxquels nous avons jou\u00e9, je n&rsquo;en suis pas s\u00fbr, mais c&rsquo;est quelque chose \u00e0 surveiller aujourd&rsquo;hui.<\/p>\n<p>Donc \u00e7a va \u00eatre dur, nous le comprenons tous.  Il est difficile de dire si la pr\u00e9sence du manager dans les tribunes a un impact mat\u00e9riel sur la performance.  Albert Stuivenberg sera le \u00ab\u00a0responsable\u00a0\u00bb en marge, mais vous pouvez \u00eatre s\u00fbr que les lignes de communication avec Arteta \u2013 m\u00eame s&rsquo;ils doivent le faire de mani\u00e8re d\u00e9tourn\u00e9e \u2013 seront grandes ouvertes.  Et m\u00eame si Villa est bonne, il ne fait aucun doute qu&rsquo;elle a \u00e9t\u00e9 battue par Newcastle (5-1), Liverpool (3-0) et m\u00eame Everton (2-1), accordant un total de 47 tirs au but lors de ces trois matchs. .  Ce groupe a eu trois buts exclus pour hors-jeu car ils ont \u00e9t\u00e9 battus, il y a donc des vuln\u00e9rabilit\u00e9s si nous pouvons jouer suffisamment bien pour les exposer.  Doigts crois\u00e9s.<\/p>\n<p>Bon, restons-en l\u00e0 pour l&rsquo;instant.  Rejoignez-nous pour une couverture du blog en direct un peu plus tard et pour toutes les informations d&rsquo;apr\u00e8s-match sur Arseblog News.  Le podcast d\u2019aper\u00e7u est d\u00e9sormais \u00e9galement disponible sur Patreon.<\/p>\n<p>On se retrouve plus tard.<\/p>\n<\/div>\n","protected":false},"excerpt":{"rendered":"<p>Arsenal affronte Aston Villa ce soir, dans un match rempli de \u00ab r\u00e9cit \u00bb. Il y a bien s\u00fbr le lien avec Unai Emery et<\/p>\n","protected":false},"author":1,"featured_media":2181,"comment_status":"closed","ping_status":"","sticky":false,"template":"","format":"standard","meta":{"footnotes":""},"categories":[3],"tags":[1568,1659,2053,370,2052],"yoast_head":"<!-- This site is optimized with the Yoast SEO plugin v21.0 - https:\/\/yoast.com\/wordpress\/plugins\/seo\/ -->\n<title>Villa de haut vol un d\u00e9fi \u00e0 la maison...<\/title>\n<meta name=\"robots\" content=\"index, follow, max-snippet:-1, max-image-preview:large, max-video-preview:-1\" \/>\n<link rel=\"canonical\" href=\"https:\/\/footdavant.fr\/actualites\/villa-de-haut-vol-un-defi-a-la-maison\/\" \/>\n<meta property=\"og:locale\" content=\"fr_FR\" \/>\n<meta property=\"og:type\" content=\"article\" \/>\n<meta property=\"og:title\" content=\"Villa de haut vol un d\u00e9fi \u00e0 la maison...\" \/>\n<meta property=\"og:description\" content=\"Arsenal affronte Aston Villa ce soir, dans un match rempli de \u00ab r\u00e9cit \u00bb. Il y a bien s\u00fbr le lien avec Unai Emery et\" \/>\n<meta property=\"og:url\" content=\"https:\/\/footdavant.fr\/actualites\/villa-de-haut-vol-un-defi-a-la-maison\/\" \/>\n<meta property=\"og:site_name\" content=\"Foot d&#039;avant\" \/>\n<meta property=\"article:publisher\" content=\"https:\/\/www.facebook.com\/Footdavant\/\" \/>\n<meta property=\"article:published_time\" content=\"2023-12-09T16:55:07+00:00\" \/>\n<meta property=\"article:modified_time\" content=\"2023-12-09T16:55:08+00:00\" \/>\n<meta property=\"og:image\" content=\"https:\/\/footdavant.fr\/actualites\/wp-content\/uploads\/2023\/12\/Villa-de-haut-vol-un-defi-a-la-maison.jpg\" \/>\n\t<meta property=\"og:image:width\" content=\"1500\" \/>\n\t<meta property=\"og:image:height\" content=\"750\" \/>\n\t<meta property=\"og:image:type\" content=\"image\/jpeg\" \/>\n<meta name=\"author\" content=\"Cl\u00e9ment\" \/>\n<meta name=\"twitter:card\" content=\"summary_large_image\" \/>\n<meta name=\"twitter:creator\" content=\"@FootdavantFr\" \/>\n<meta name=\"twitter:site\" content=\"@FootdavantFr\" \/>\n<meta name=\"twitter:label1\" content=\"\u00c9crit par\" \/>\n\t<meta name=\"twitter:data1\" content=\"Cl\u00e9ment\" \/>\n\t<meta name=\"twitter:label2\" content=\"Dur\u00e9e de lecture estim\u00e9e\" \/>\n\t<meta name=\"twitter:data2\" content=\"5 minutes\" \/>\n<script type=\"application\/ld+json\" class=\"yoast-schema-graph\">{\"@context\":\"https:\/\/schema.org\",\"@graph\":[{\"@type\":\"Article\",\"@id\":\"https:\/\/footdavant.fr\/actualites\/villa-de-haut-vol-un-defi-a-la-maison\/#article\",\"isPartOf\":{\"@id\":\"https:\/\/footdavant.fr\/actualites\/villa-de-haut-vol-un-defi-a-la-maison\/\"},\"author\":{\"name\":\"Cl\u00e9ment\",\"@id\":\"https:\/\/footdavant.fr\/actualites\/#\/schema\/person\/bc222566d95871b37e597b3ed3ba5e1d\"},\"headline\":\"Villa de haut vol un d\u00e9fi \u00e0 la maison&#8230;\",\"datePublished\":\"2023-12-09T16:55:07+00:00\",\"dateModified\":\"2023-12-09T16:55:08+00:00\",\"mainEntityOfPage\":{\"@id\":\"https:\/\/footdavant.fr\/actualites\/villa-de-haut-vol-un-defi-a-la-maison\/\"},\"wordCount\":958,\"publisher\":{\"@id\":\"https:\/\/footdavant.fr\/actualites\/#organization\"},\"keywords\":[\"d\u00e9fi\",\"haut\",\"maison..\",\"Villa\",\"vol\"],\"articleSection\":[\"Football\"],\"inLanguage\":\"fr-FR\"},{\"@type\":\"WebPage\",\"@id\":\"https:\/\/footdavant.fr\/actualites\/villa-de-haut-vol-un-defi-a-la-maison\/\",\"url\":\"https:\/\/footdavant.fr\/actualites\/villa-de-haut-vol-un-defi-a-la-maison\/\",\"name\":\"Villa de haut vol un d\u00e9fi \u00e0 la maison...\",\"isPartOf\":{\"@id\":\"https:\/\/footdavant.fr\/actualites\/#website\"},\"datePublished\":\"2023-12-09T16:55:07+00:00\",\"dateModified\":\"2023-12-09T16:55:08+00:00\",\"breadcrumb\":{\"@id\":\"https:\/\/footdavant.fr\/actualites\/villa-de-haut-vol-un-defi-a-la-maison\/#breadcrumb\"},\"inLanguage\":\"fr-FR\",\"potentialAction\":[{\"@type\":\"ReadAction\",\"target\":[\"https:\/\/footdavant.fr\/actualites\/villa-de-haut-vol-un-defi-a-la-maison\/\"]}]},{\"@type\":\"BreadcrumbList\",\"@id\":\"https:\/\/footdavant.fr\/actualites\/villa-de-haut-vol-un-defi-a-la-maison\/#breadcrumb\",\"itemListElement\":[{\"@type\":\"ListItem\",\"position\":1,\"name\":\"Accueil\",\"item\":\"https:\/\/footdavant.fr\/actualites\/\"},{\"@type\":\"ListItem\",\"position\":2,\"name\":\"Villa de haut vol un d\u00e9fi \u00e0 la maison&#8230;\"}]},{\"@type\":\"WebSite\",\"@id\":\"https:\/\/footdavant.fr\/actualites\/#website\",\"url\":\"https:\/\/footdavant.fr\/actualites\/\",\"name\":\"Foot d'avant\",\"description\":\"\",\"publisher\":{\"@id\":\"https:\/\/footdavant.fr\/actualites\/#organization\"},\"potentialAction\":[{\"@type\":\"SearchAction\",\"target\":{\"@type\":\"EntryPoint\",\"urlTemplate\":\"https:\/\/footdavant.fr\/actualites\/?s={search_term_string}\"},\"query-input\":\"required name=search_term_string\"}],\"inLanguage\":\"fr-FR\"},{\"@type\":\"Organization\",\"@id\":\"https:\/\/footdavant.fr\/actualites\/#organization\",\"name\":\"Foot d'avant\",\"url\":\"https:\/\/footdavant.fr\/actualites\/\",\"logo\":{\"@type\":\"ImageObject\",\"inLanguage\":\"fr-FR\",\"@id\":\"https:\/\/footdavant.fr\/actualites\/#\/schema\/logo\/image\/\",\"url\":\"https:\/\/footdavant.fr\/actualites\/wp-content\/uploads\/2023\/09\/Copy-of-FootDavant-Logo.png\",\"contentUrl\":\"https:\/\/footdavant.fr\/actualites\/wp-content\/uploads\/2023\/09\/Copy-of-FootDavant-Logo.png\",\"width\":936,\"height\":549,\"caption\":\"Foot d'avant\"},\"image\":{\"@id\":\"https:\/\/footdavant.fr\/actualites\/#\/schema\/logo\/image\/\"},\"sameAs\":[\"https:\/\/www.facebook.com\/Footdavant\/\",\"https:\/\/twitter.com\/FootdavantFr\",\"https:\/\/www.instagram.com\/footdavant.fr\/\"]},{\"@type\":\"Person\",\"@id\":\"https:\/\/footdavant.fr\/actualites\/#\/schema\/person\/bc222566d95871b37e597b3ed3ba5e1d\",\"name\":\"Cl\u00e9ment\",\"image\":{\"@type\":\"ImageObject\",\"inLanguage\":\"fr-FR\",\"@id\":\"https:\/\/footdavant.fr\/actualites\/#\/schema\/person\/image\/\",\"url\":\"https:\/\/secure.gravatar.com\/avatar\/7728b29aac2719421e1a9159b2254c44?s=96&d=mm&r=g\",\"contentUrl\":\"https:\/\/secure.gravatar.com\/avatar\/7728b29aac2719421e1a9159b2254c44?s=96&d=mm&r=g\",\"caption\":\"Cl\u00e9ment\"},\"sameAs\":[\"https:\/\/footdavant.fr\/\"]}]}<\/script>\n<!-- \/ Yoast SEO plugin. -->","yoast_head_json":{"title":"Villa de haut vol un d\u00e9fi \u00e0 la maison...","robots":{"index":"index","follow":"follow","max-snippet":"max-snippet:-1","max-image-preview":"max-image-preview:large","max-video-preview":"max-video-preview:-1"},"canonical":"https:\/\/footdavant.fr\/actualites\/villa-de-haut-vol-un-defi-a-la-maison\/","og_locale":"fr_FR","og_type":"article","og_title":"Villa de haut vol un d\u00e9fi \u00e0 la maison...","og_description":"Arsenal affronte Aston Villa ce soir, dans un match rempli de \u00ab r\u00e9cit \u00bb. Il y a bien s\u00fbr le lien avec Unai Emery et","og_url":"https:\/\/footdavant.fr\/actualites\/villa-de-haut-vol-un-defi-a-la-maison\/","og_site_name":"Foot d&#039;avant","article_publisher":"https:\/\/www.facebook.com\/Footdavant\/","article_published_time":"2023-12-09T16:55:07+00:00","article_modified_time":"2023-12-09T16:55:08+00:00","og_image":[{"width":1500,"height":750,"url":"https:\/\/footdavant.fr\/actualites\/wp-content\/uploads\/2023\/12\/Villa-de-haut-vol-un-defi-a-la-maison.jpg","type":"image\/jpeg"}],"author":"Cl\u00e9ment","twitter_card":"summary_large_image","twitter_creator":"@FootdavantFr","twitter_site":"@FootdavantFr","twitter_misc":{"\u00c9crit par":"Cl\u00e9ment","Dur\u00e9e de lecture estim\u00e9e":"5 minutes"},"schema":{"@context":"https:\/\/schema.org","@graph":[{"@type":"Article","@id":"https:\/\/footdavant.fr\/actualites\/villa-de-haut-vol-un-defi-a-la-maison\/#article","isPartOf":{"@id":"https:\/\/footdavant.fr\/actualites\/villa-de-haut-vol-un-defi-a-la-maison\/"},"author":{"name":"Cl\u00e9ment","@id":"https:\/\/footdavant.fr\/actualites\/#\/schema\/person\/bc222566d95871b37e597b3ed3ba5e1d"},"headline":"Villa de haut vol un d\u00e9fi \u00e0 la maison&#8230;","datePublished":"2023-12-09T16:55:07+00:00","dateModified":"2023-12-09T16:55:08+00:00","mainEntityOfPage":{"@id":"https:\/\/footdavant.fr\/actualites\/villa-de-haut-vol-un-defi-a-la-maison\/"},"wordCount":958,"publisher":{"@id":"https:\/\/footdavant.fr\/actualites\/#organization"},"keywords":["d\u00e9fi","haut","maison..","Villa","vol"],"articleSection":["Football"],"inLanguage":"fr-FR"},{"@type":"WebPage","@id":"https:\/\/footdavant.fr\/actualites\/villa-de-haut-vol-un-defi-a-la-maison\/","url":"https:\/\/footdavant.fr\/actualites\/villa-de-haut-vol-un-defi-a-la-maison\/","name":"Villa de haut vol un d\u00e9fi \u00e0 la maison...","isPartOf":{"@id":"https:\/\/footdavant.fr\/actualites\/#website"},"datePublished":"2023-12-09T16:55:07+00:00","dateModified":"2023-12-09T16:55:08+00:00","breadcrumb":{"@id":"https:\/\/footdavant.fr\/actualites\/villa-de-haut-vol-un-defi-a-la-maison\/#breadcrumb"},"inLanguage":"fr-FR","potentialAction":[{"@type":"ReadAction","target":["https:\/\/footdavant.fr\/actualites\/villa-de-haut-vol-un-defi-a-la-maison\/"]}]},{"@type":"BreadcrumbList","@id":"https:\/\/footdavant.fr\/actualites\/villa-de-haut-vol-un-defi-a-la-maison\/#breadcrumb","itemListElement":[{"@type":"ListItem","position":1,"name":"Accueil","item":"https:\/\/footdavant.fr\/actualites\/"},{"@type":"ListItem","position":2,"name":"Villa de haut vol un d\u00e9fi \u00e0 la maison&#8230;"}]},{"@type":"WebSite","@id":"https:\/\/footdavant.fr\/actualites\/#website","url":"https:\/\/footdavant.fr\/actualites\/","name":"Foot d'avant","description":"","publisher":{"@id":"https:\/\/footdavant.fr\/actualites\/#organization"},"potentialAction":[{"@type":"SearchAction","target":{"@type":"EntryPoint","urlTemplate":"https:\/\/footdavant.fr\/actualites\/?s={search_term_string}"},"query-input":"required name=search_term_string"}],"inLanguage":"fr-FR"},{"@type":"Organization","@id":"https:\/\/footdavant.fr\/actualites\/#organization","name":"Foot d'avant","url":"https:\/\/footdavant.fr\/actualites\/","logo":{"@type":"ImageObject","inLanguage":"fr-FR","@id":"https:\/\/footdavant.fr\/actualites\/#\/schema\/logo\/image\/","url":"https:\/\/footdavant.fr\/actualites\/wp-content\/uploads\/2023\/09\/Copy-of-FootDavant-Logo.png","contentUrl":"https:\/\/footdavant.fr\/actualites\/wp-content\/uploads\/2023\/09\/Copy-of-FootDavant-Logo.png","width":936,"height":549,"caption":"Foot d'avant"},"image":{"@id":"https:\/\/footdavant.fr\/actualites\/#\/schema\/logo\/image\/"},"sameAs":["https:\/\/www.facebook.com\/Footdavant\/","https:\/\/twitter.com\/FootdavantFr","https:\/\/www.instagram.com\/footdavant.fr\/"]},{"@type":"Person","@id":"https:\/\/footdavant.fr\/actualites\/#\/schema\/person\/bc222566d95871b37e597b3ed3ba5e1d","name":"Cl\u00e9ment","image":{"@type":"ImageObject","inLanguage":"fr-FR","@id":"https:\/\/footdavant.fr\/actualites\/#\/schema\/person\/image\/","url":"https:\/\/secure.gravatar.com\/avatar\/7728b29aac2719421e1a9159b2254c44?s=96&d=mm&r=g","contentUrl":"https:\/\/secure.gravatar.com\/avatar\/7728b29aac2719421e1a9159b2254c44?s=96&d=mm&r=g","caption":"Cl\u00e9ment"},"sameAs":["https:\/\/footdavant.fr\/"]}]}},"_links":{"self":[{"href":"https:\/\/footdavant.fr\/actualites\/wp-json\/wp\/v2\/posts\/2180"}],"collection":[{"href":"https:\/\/footdavant.fr\/actualites\/wp-json\/wp\/v2\/posts"}],"about":[{"href":"https:\/\/footdavant.fr\/actualites\/wp-json\/wp\/v2\/types\/post"}],"author":[{"embeddable":true,"href":"https:\/\/footdavant.fr\/actualites\/wp-json\/wp\/v2\/users\/1"}],"replies":[{"embeddable":true,"href":"https:\/\/footdavant.fr\/actualites\/wp-json\/wp\/v2\/comments?post=2180"}],"version-history":[{"count":1,"href":"https:\/\/footdavant.fr\/actualites\/wp-json\/wp\/v2\/posts\/2180\/revisions"}],"predecessor-version":[{"id":2182,"href":"https:\/\/footdavant.fr\/actualites\/wp-json\/wp\/v2\/posts\/2180\/revisions\/2182"}],"wp:featuredmedia":[{"embeddable":true,"href":"https:\/\/footdavant.fr\/actualites\/wp-json\/wp\/v2\/media\/2181"}],"wp:attachment":[{"href":"https:\/\/footdavant.fr\/actualites\/wp-json\/wp\/v2\/media?parent=2180"}],"wp:term":[{"taxonomy":"category","embeddable":true,"href":"https:\/\/footdavant.fr\/actualites\/wp-json\/wp\/v2\/categories?post=2180"},{"taxonomy":"post_tag","embeddable":true,"href":"https:\/\/footdavant.fr\/actualites\/wp-json\/wp\/v2\/tags?post=2180"}],"curies":[{"name":"wp","href":"https:\/\/api.w.org\/{rel}","templated":true}]}}