{"id":2195,"date":"2023-12-10T04:58:10","date_gmt":"2023-12-10T03:58:10","guid":{"rendered":"https:\/\/footdavant.fr\/actualites\/le-bayern-munich-sinteresse-vivement-a-joao-palhinha\/"},"modified":"2023-12-10T04:58:11","modified_gmt":"2023-12-10T03:58:11","slug":"le-bayern-munich-sinteresse-vivement-a-joao-palhinha","status":"publish","type":"post","link":"https:\/\/footdavant.fr\/actualites\/le-bayern-munich-sinteresse-vivement-a-joao-palhinha\/","title":{"rendered":"Le Bayern Munich \u00ab s&rsquo;int\u00e9resse vivement \u00e0 Joao Palhinha \u00bb"},"content":{"rendered":"<p>Le Bayern Munich aurait refroidi son int\u00e9r\u00eat pour le milieu de terrain de Fulham, Joao Palhinha, qui est la cible de plusieurs grands clubs de Premier League.<\/p>\n<div id=\"article_body\" itemprop=\"articleBody\">\n<h3 class=\"firstPara\">\n<strong class=\"autotag\">Bayern Munich<\/strong> auraient refroidi leur int\u00e9r\u00eat pour <strong class=\"autotag\">Fulham<\/strong> milieu de terrain <strong class=\"autotag\">Jo\u00e3o Palhinha<\/strong>.<\/h3>\n<p>L&rsquo;international portugais \u00e9tait sur le point de signer pour le Bayern cet \u00e9t\u00e9 apr\u00e8s s&rsquo;\u00eatre rendu en Allemagne dans les derni\u00e8res \u00e9tapes de la fen\u00eatre.<\/p>\n<p>Comme cela s\u2019est av\u00e9r\u00e9, le transfert propos\u00e9 a finalement \u00e9chou\u00e9 le jour de la date limite, garantissant que Palhinha reste avec Fulham pour la premi\u00e8re moiti\u00e9 de la campagne 2023-24.<\/p>\n<p>Apr\u00e8s avoir \u00e9chou\u00e9 \u00e0 s&rsquo;assurer les services de Palhinha cet \u00e9t\u00e9, le Bayern cherche toujours \u00e0 recruter un nouveau milieu de terrain d\u00e9fensif.<\/p>\n<p>Alors que Palhinha continue d&rsquo;\u00eatre li\u00e9 aux Bavarois, <em>Actualit\u00e9s Sky Sports<\/em> rapportent que <strong class=\"autotag\">Thomas Tuchel<\/strong>Il est peu probable que l&rsquo;\u00e9quipe de Fulham poursuive une d\u00e9cision en janvier pour l&rsquo;homme de Fulham.<\/p>\n<p class=\"imgI\">\n<p>Bien que le Bayern soit toujours d\u00e9sireux de signer un num\u00e9ro six, le rapport sugg\u00e8re qu&rsquo;il n&rsquo;est pas dispos\u00e9 \u00e0 se lancer \u00e0 fond sur Palhinha.<\/p>\n<p>Certains pensent que les exigences financi\u00e8res de Fulham ont jou\u00e9 un r\u00f4le dans la d\u00e9cision du Bayern d&rsquo;envisager des objectifs alternatifs.<\/p>\n<p>Palhinha fait toujours face \u00e0 un avenir incertain \u00e0 Craven Cottage au milieu de sp\u00e9culations le liant \u00e0 un transfert dans plusieurs grands clubs de Premier League.<\/p>\n<p>Un rapport r\u00e9cent affirmait <strong class=\"autotag\">Arsenal<\/strong> faisaient partie de ses admirateurs, m\u00eame si les Gunners pouvaient attendre la fin de la saison avant de conclure un accord.<\/p>\n<p class=\"imgI\"><img decoding=\"async\" loading=\"lazy\" class=\"l\" src=\"https:\/\/footdavant.fr\/actualites\/wp-content\/uploads\/2023\/12\/Le-Bayern-Munich-sinteresse-vivement-a-Joao-Palhinha.JPG\" title=\"Joao Palhinha de Fulham en action avec Aaron Wan-Bissaka et Bruno Fernandes de Manchester United le 4 novembre 2023\" alt=\"Joao Palhinha de Fulham en action avec Aaron Wan-Bissaka et Bruno Fernandes de Manchester United le 4 novembre 2023\" width=\"640\" height=\"480\"><\/p>\n<p>Entre-temps, <strong class=\"autotag\">Liverpool<\/strong> et <strong class=\"autotag\">Manchester United<\/strong> ont \u00e9galement rejoint la course pour recruter le milieu de terrain portugais, qui a un contrat \u00e0 long terme avec les Cottagers apr\u00e8s avoir sign\u00e9 une prolongation en septembre.<\/p>\n<p>Le contrat actuel de Palhinha avec Fulham court jusqu&rsquo;\u00e0 l&rsquo;\u00e9t\u00e9 2028, avec une option de prolongation pour le club d&rsquo;un an suppl\u00e9mentaire.<\/p>\n<p>Le joueur de 28 ans a \u00e9t\u00e9 un habitu\u00e9 de Fulham cette saison, commen\u00e7ant 11 de ses 12 matches de Premier League.<\/p>\n<p>Palhinha devrait \u00eatre impliqu\u00e9 lorsque Fulham affrontera son compatriote londonien West Ham United \u00e0 Craven Cottage dimanche.<\/p>\n<\/div>\n","protected":false},"excerpt":{"rendered":"<p>Le Bayern Munich aurait refroidi son int\u00e9r\u00eat pour le milieu de terrain de Fulham, Joao Palhinha, qui est la cible de plusieurs grands clubs de<\/p>\n","protected":false},"author":1,"featured_media":2196,"comment_status":"closed","ping_status":"","sticky":false,"template":"","format":"standard","meta":{"footnotes":""},"categories":[5],"tags":[340,150,341,345,2065,2066],"yoast_head":"<!-- This site is optimized with the Yoast SEO plugin v21.0 - https:\/\/yoast.com\/wordpress\/plugins\/seo\/ -->\n<title>Le Bayern Munich \u00ab s&#039;int\u00e9resse vivement \u00e0 Joao Palhinha \u00bb<\/title>\n<meta name=\"robots\" content=\"index, follow, max-snippet:-1, max-image-preview:large, max-video-preview:-1\" \/>\n<link rel=\"canonical\" href=\"https:\/\/footdavant.fr\/actualites\/le-bayern-munich-sinteresse-vivement-a-joao-palhinha\/\" \/>\n<meta property=\"og:locale\" content=\"fr_FR\" \/>\n<meta property=\"og:type\" content=\"article\" \/>\n<meta property=\"og:title\" content=\"Le Bayern Munich \u00ab s&#039;int\u00e9resse vivement \u00e0 Joao Palhinha \u00bb\" \/>\n<meta property=\"og:description\" content=\"Le Bayern Munich aurait refroidi son int\u00e9r\u00eat pour le milieu de terrain de Fulham, Joao Palhinha, qui est la cible de plusieurs grands clubs de\" \/>\n<meta property=\"og:url\" content=\"https:\/\/footdavant.fr\/actualites\/le-bayern-munich-sinteresse-vivement-a-joao-palhinha\/\" \/>\n<meta property=\"og:site_name\" content=\"Foot d&#039;avant\" \/>\n<meta property=\"article:publisher\" content=\"https:\/\/www.facebook.com\/Footdavant\/\" \/>\n<meta property=\"article:published_time\" content=\"2023-12-10T03:58:10+00:00\" \/>\n<meta property=\"article:modified_time\" content=\"2023-12-10T03:58:11+00:00\" \/>\n<meta property=\"og:image\" content=\"https:\/\/footdavant.fr\/actualites\/wp-content\/uploads\/2023\/12\/Le-Bayern-Munich-sinteresse-vivement-a-Joao-Palhinha.jpg\" \/>\n\t<meta property=\"og:image:width\" content=\"640\" \/>\n\t<meta property=\"og:image:height\" content=\"480\" \/>\n\t<meta property=\"og:image:type\" content=\"image\/jpeg\" \/>\n<meta name=\"author\" content=\"Cl\u00e9ment\" \/>\n<meta name=\"twitter:card\" content=\"summary_large_image\" \/>\n<meta name=\"twitter:creator\" content=\"@FootdavantFr\" \/>\n<meta name=\"twitter:site\" content=\"@FootdavantFr\" \/>\n<meta name=\"twitter:label1\" content=\"\u00c9crit par\" \/>\n\t<meta name=\"twitter:data1\" content=\"Cl\u00e9ment\" \/>\n\t<meta name=\"twitter:label2\" content=\"Dur\u00e9e de lecture estim\u00e9e\" \/>\n\t<meta name=\"twitter:data2\" content=\"2 minutes\" \/>\n<script type=\"application\/ld+json\" class=\"yoast-schema-graph\">{\"@context\":\"https:\/\/schema.org\",\"@graph\":[{\"@type\":\"Article\",\"@id\":\"https:\/\/footdavant.fr\/actualites\/le-bayern-munich-sinteresse-vivement-a-joao-palhinha\/#article\",\"isPartOf\":{\"@id\":\"https:\/\/footdavant.fr\/actualites\/le-bayern-munich-sinteresse-vivement-a-joao-palhinha\/\"},\"author\":{\"name\":\"Cl\u00e9ment\",\"@id\":\"https:\/\/footdavant.fr\/actualites\/#\/schema\/person\/bc222566d95871b37e597b3ed3ba5e1d\"},\"headline\":\"Le Bayern Munich \u00ab s&rsquo;int\u00e9resse vivement \u00e0 Joao Palhinha \u00bb\",\"datePublished\":\"2023-12-10T03:58:10+00:00\",\"dateModified\":\"2023-12-10T03:58:11+00:00\",\"mainEntityOfPage\":{\"@id\":\"https:\/\/footdavant.fr\/actualites\/le-bayern-munich-sinteresse-vivement-a-joao-palhinha\/\"},\"wordCount\":370,\"publisher\":{\"@id\":\"https:\/\/footdavant.fr\/actualites\/#organization\"},\"keywords\":[\"Bayern\",\"Joao\",\"Munich\",\"Palhinha\",\"sint\u00e9resse\",\"vivement\"],\"articleSection\":[\"Premier League\"],\"inLanguage\":\"fr-FR\"},{\"@type\":\"WebPage\",\"@id\":\"https:\/\/footdavant.fr\/actualites\/le-bayern-munich-sinteresse-vivement-a-joao-palhinha\/\",\"url\":\"https:\/\/footdavant.fr\/actualites\/le-bayern-munich-sinteresse-vivement-a-joao-palhinha\/\",\"name\":\"Le Bayern Munich \u00ab s'int\u00e9resse vivement \u00e0 Joao Palhinha \u00bb\",\"isPartOf\":{\"@id\":\"https:\/\/footdavant.fr\/actualites\/#website\"},\"datePublished\":\"2023-12-10T03:58:10+00:00\",\"dateModified\":\"2023-12-10T03:58:11+00:00\",\"breadcrumb\":{\"@id\":\"https:\/\/footdavant.fr\/actualites\/le-bayern-munich-sinteresse-vivement-a-joao-palhinha\/#breadcrumb\"},\"inLanguage\":\"fr-FR\",\"potentialAction\":[{\"@type\":\"ReadAction\",\"target\":[\"https:\/\/footdavant.fr\/actualites\/le-bayern-munich-sinteresse-vivement-a-joao-palhinha\/\"]}]},{\"@type\":\"BreadcrumbList\",\"@id\":\"https:\/\/footdavant.fr\/actualites\/le-bayern-munich-sinteresse-vivement-a-joao-palhinha\/#breadcrumb\",\"itemListElement\":[{\"@type\":\"ListItem\",\"position\":1,\"name\":\"Accueil\",\"item\":\"https:\/\/footdavant.fr\/actualites\/\"},{\"@type\":\"ListItem\",\"position\":2,\"name\":\"Le Bayern Munich \u00ab s&rsquo;int\u00e9resse vivement \u00e0 Joao Palhinha \u00bb\"}]},{\"@type\":\"WebSite\",\"@id\":\"https:\/\/footdavant.fr\/actualites\/#website\",\"url\":\"https:\/\/footdavant.fr\/actualites\/\",\"name\":\"Foot d'avant\",\"description\":\"\",\"publisher\":{\"@id\":\"https:\/\/footdavant.fr\/actualites\/#organization\"},\"potentialAction\":[{\"@type\":\"SearchAction\",\"target\":{\"@type\":\"EntryPoint\",\"urlTemplate\":\"https:\/\/footdavant.fr\/actualites\/?s={search_term_string}\"},\"query-input\":\"required name=search_term_string\"}],\"inLanguage\":\"fr-FR\"},{\"@type\":\"Organization\",\"@id\":\"https:\/\/footdavant.fr\/actualites\/#organization\",\"name\":\"Foot d'avant\",\"url\":\"https:\/\/footdavant.fr\/actualites\/\",\"logo\":{\"@type\":\"ImageObject\",\"inLanguage\":\"fr-FR\",\"@id\":\"https:\/\/footdavant.fr\/actualites\/#\/schema\/logo\/image\/\",\"url\":\"https:\/\/footdavant.fr\/actualites\/wp-content\/uploads\/2023\/09\/Copy-of-FootDavant-Logo.png\",\"contentUrl\":\"https:\/\/footdavant.fr\/actualites\/wp-content\/uploads\/2023\/09\/Copy-of-FootDavant-Logo.png\",\"width\":936,\"height\":549,\"caption\":\"Foot d'avant\"},\"image\":{\"@id\":\"https:\/\/footdavant.fr\/actualites\/#\/schema\/logo\/image\/\"},\"sameAs\":[\"https:\/\/www.facebook.com\/Footdavant\/\",\"https:\/\/twitter.com\/FootdavantFr\",\"https:\/\/www.instagram.com\/footdavant.fr\/\"]},{\"@type\":\"Person\",\"@id\":\"https:\/\/footdavant.fr\/actualites\/#\/schema\/person\/bc222566d95871b37e597b3ed3ba5e1d\",\"name\":\"Cl\u00e9ment\",\"image\":{\"@type\":\"ImageObject\",\"inLanguage\":\"fr-FR\",\"@id\":\"https:\/\/footdavant.fr\/actualites\/#\/schema\/person\/image\/\",\"url\":\"https:\/\/secure.gravatar.com\/avatar\/7728b29aac2719421e1a9159b2254c44?s=96&d=mm&r=g\",\"contentUrl\":\"https:\/\/secure.gravatar.com\/avatar\/7728b29aac2719421e1a9159b2254c44?s=96&d=mm&r=g\",\"caption\":\"Cl\u00e9ment\"},\"sameAs\":[\"https:\/\/footdavant.fr\/\"]}]}<\/script>\n<!-- \/ Yoast SEO plugin. -->","yoast_head_json":{"title":"Le Bayern Munich \u00ab s'int\u00e9resse vivement \u00e0 Joao Palhinha \u00bb","robots":{"index":"index","follow":"follow","max-snippet":"max-snippet:-1","max-image-preview":"max-image-preview:large","max-video-preview":"max-video-preview:-1"},"canonical":"https:\/\/footdavant.fr\/actualites\/le-bayern-munich-sinteresse-vivement-a-joao-palhinha\/","og_locale":"fr_FR","og_type":"article","og_title":"Le Bayern Munich \u00ab s'int\u00e9resse vivement \u00e0 Joao Palhinha \u00bb","og_description":"Le Bayern Munich aurait refroidi son int\u00e9r\u00eat pour le milieu de terrain de Fulham, Joao Palhinha, qui est la cible de plusieurs grands clubs de","og_url":"https:\/\/footdavant.fr\/actualites\/le-bayern-munich-sinteresse-vivement-a-joao-palhinha\/","og_site_name":"Foot d&#039;avant","article_publisher":"https:\/\/www.facebook.com\/Footdavant\/","article_published_time":"2023-12-10T03:58:10+00:00","article_modified_time":"2023-12-10T03:58:11+00:00","og_image":[{"width":640,"height":480,"url":"https:\/\/footdavant.fr\/actualites\/wp-content\/uploads\/2023\/12\/Le-Bayern-Munich-sinteresse-vivement-a-Joao-Palhinha.jpg","type":"image\/jpeg"}],"author":"Cl\u00e9ment","twitter_card":"summary_large_image","twitter_creator":"@FootdavantFr","twitter_site":"@FootdavantFr","twitter_misc":{"\u00c9crit par":"Cl\u00e9ment","Dur\u00e9e de lecture estim\u00e9e":"2 minutes"},"schema":{"@context":"https:\/\/schema.org","@graph":[{"@type":"Article","@id":"https:\/\/footdavant.fr\/actualites\/le-bayern-munich-sinteresse-vivement-a-joao-palhinha\/#article","isPartOf":{"@id":"https:\/\/footdavant.fr\/actualites\/le-bayern-munich-sinteresse-vivement-a-joao-palhinha\/"},"author":{"name":"Cl\u00e9ment","@id":"https:\/\/footdavant.fr\/actualites\/#\/schema\/person\/bc222566d95871b37e597b3ed3ba5e1d"},"headline":"Le Bayern Munich \u00ab s&rsquo;int\u00e9resse vivement \u00e0 Joao Palhinha \u00bb","datePublished":"2023-12-10T03:58:10+00:00","dateModified":"2023-12-10T03:58:11+00:00","mainEntityOfPage":{"@id":"https:\/\/footdavant.fr\/actualites\/le-bayern-munich-sinteresse-vivement-a-joao-palhinha\/"},"wordCount":370,"publisher":{"@id":"https:\/\/footdavant.fr\/actualites\/#organization"},"keywords":["Bayern","Joao","Munich","Palhinha","sint\u00e9resse","vivement"],"articleSection":["Premier League"],"inLanguage":"fr-FR"},{"@type":"WebPage","@id":"https:\/\/footdavant.fr\/actualites\/le-bayern-munich-sinteresse-vivement-a-joao-palhinha\/","url":"https:\/\/footdavant.fr\/actualites\/le-bayern-munich-sinteresse-vivement-a-joao-palhinha\/","name":"Le Bayern Munich \u00ab s'int\u00e9resse vivement \u00e0 Joao Palhinha \u00bb","isPartOf":{"@id":"https:\/\/footdavant.fr\/actualites\/#website"},"datePublished":"2023-12-10T03:58:10+00:00","dateModified":"2023-12-10T03:58:11+00:00","breadcrumb":{"@id":"https:\/\/footdavant.fr\/actualites\/le-bayern-munich-sinteresse-vivement-a-joao-palhinha\/#breadcrumb"},"inLanguage":"fr-FR","potentialAction":[{"@type":"ReadAction","target":["https:\/\/footdavant.fr\/actualites\/le-bayern-munich-sinteresse-vivement-a-joao-palhinha\/"]}]},{"@type":"BreadcrumbList","@id":"https:\/\/footdavant.fr\/actualites\/le-bayern-munich-sinteresse-vivement-a-joao-palhinha\/#breadcrumb","itemListElement":[{"@type":"ListItem","position":1,"name":"Accueil","item":"https:\/\/footdavant.fr\/actualites\/"},{"@type":"ListItem","position":2,"name":"Le Bayern Munich \u00ab s&rsquo;int\u00e9resse vivement \u00e0 Joao Palhinha \u00bb"}]},{"@type":"WebSite","@id":"https:\/\/footdavant.fr\/actualites\/#website","url":"https:\/\/footdavant.fr\/actualites\/","name":"Foot d'avant","description":"","publisher":{"@id":"https:\/\/footdavant.fr\/actualites\/#organization"},"potentialAction":[{"@type":"SearchAction","target":{"@type":"EntryPoint","urlTemplate":"https:\/\/footdavant.fr\/actualites\/?s={search_term_string}"},"query-input":"required name=search_term_string"}],"inLanguage":"fr-FR"},{"@type":"Organization","@id":"https:\/\/footdavant.fr\/actualites\/#organization","name":"Foot d'avant","url":"https:\/\/footdavant.fr\/actualites\/","logo":{"@type":"ImageObject","inLanguage":"fr-FR","@id":"https:\/\/footdavant.fr\/actualites\/#\/schema\/logo\/image\/","url":"https:\/\/footdavant.fr\/actualites\/wp-content\/uploads\/2023\/09\/Copy-of-FootDavant-Logo.png","contentUrl":"https:\/\/footdavant.fr\/actualites\/wp-content\/uploads\/2023\/09\/Copy-of-FootDavant-Logo.png","width":936,"height":549,"caption":"Foot d'avant"},"image":{"@id":"https:\/\/footdavant.fr\/actualites\/#\/schema\/logo\/image\/"},"sameAs":["https:\/\/www.facebook.com\/Footdavant\/","https:\/\/twitter.com\/FootdavantFr","https:\/\/www.instagram.com\/footdavant.fr\/"]},{"@type":"Person","@id":"https:\/\/footdavant.fr\/actualites\/#\/schema\/person\/bc222566d95871b37e597b3ed3ba5e1d","name":"Cl\u00e9ment","image":{"@type":"ImageObject","inLanguage":"fr-FR","@id":"https:\/\/footdavant.fr\/actualites\/#\/schema\/person\/image\/","url":"https:\/\/secure.gravatar.com\/avatar\/7728b29aac2719421e1a9159b2254c44?s=96&d=mm&r=g","contentUrl":"https:\/\/secure.gravatar.com\/avatar\/7728b29aac2719421e1a9159b2254c44?s=96&d=mm&r=g","caption":"Cl\u00e9ment"},"sameAs":["https:\/\/footdavant.fr\/"]}]}},"_links":{"self":[{"href":"https:\/\/footdavant.fr\/actualites\/wp-json\/wp\/v2\/posts\/2195"}],"collection":[{"href":"https:\/\/footdavant.fr\/actualites\/wp-json\/wp\/v2\/posts"}],"about":[{"href":"https:\/\/footdavant.fr\/actualites\/wp-json\/wp\/v2\/types\/post"}],"author":[{"embeddable":true,"href":"https:\/\/footdavant.fr\/actualites\/wp-json\/wp\/v2\/users\/1"}],"replies":[{"embeddable":true,"href":"https:\/\/footdavant.fr\/actualites\/wp-json\/wp\/v2\/comments?post=2195"}],"version-history":[{"count":1,"href":"https:\/\/footdavant.fr\/actualites\/wp-json\/wp\/v2\/posts\/2195\/revisions"}],"predecessor-version":[{"id":2197,"href":"https:\/\/footdavant.fr\/actualites\/wp-json\/wp\/v2\/posts\/2195\/revisions\/2197"}],"wp:featuredmedia":[{"embeddable":true,"href":"https:\/\/footdavant.fr\/actualites\/wp-json\/wp\/v2\/media\/2196"}],"wp:attachment":[{"href":"https:\/\/footdavant.fr\/actualites\/wp-json\/wp\/v2\/media?parent=2195"}],"wp:term":[{"taxonomy":"category","embeddable":true,"href":"https:\/\/footdavant.fr\/actualites\/wp-json\/wp\/v2\/categories?post=2195"},{"taxonomy":"post_tag","embeddable":true,"href":"https:\/\/footdavant.fr\/actualites\/wp-json\/wp\/v2\/tags?post=2195"}],"curies":[{"name":"wp","href":"https:\/\/api.w.org\/{rel}","templated":true}]}}