{"id":2207,"date":"2023-12-10T10:54:24","date_gmt":"2023-12-10T09:54:24","guid":{"rendered":"https:\/\/footdavant.fr\/actualites\/joan-laporta-confirme-joao-cancelo-les-pourparlers-avec-joao-felix-commenceront-sous-peu\/"},"modified":"2023-12-10T10:54:25","modified_gmt":"2023-12-10T09:54:25","slug":"joan-laporta-confirme-joao-cancelo-les-pourparlers-avec-joao-felix-commenceront-sous-peu","status":"publish","type":"post","link":"https:\/\/footdavant.fr\/actualites\/joan-laporta-confirme-joao-cancelo-les-pourparlers-avec-joao-felix-commenceront-sous-peu\/","title":{"rendered":"Joan Laporta confirme Joao Cancelo, les pourparlers avec Joao Felix commenceront \u00ab\u00a0sous peu\u00a0\u00bb"},"content":{"rendered":"<p>Le pr\u00e9sident de Barcelone, Joan Laporta, a d\u00e9clar\u00e9 que son club entamerait bient\u00f4t des n\u00e9gociations sur des accords permanents pour Joao Cancelo de Manchester City et Joao Felix de l&rsquo;Atletico Madrid.<\/p>\n<div id=\"article_body\" itemprop=\"articleBody\">\n<h3 class=\"firstPara\">\n<strong class=\"autotag\">Barcelone<\/strong> pr\u00e9sident <strong class=\"autotag\">Joan Laporta<\/strong> a confirm\u00e9 que son club entamera bient\u00f4t des n\u00e9gociations avec <strong class=\"autotag\">Manchester City<\/strong> et <strong class=\"autotag\">Atletico Madrid<\/strong> sur des accords permanents pour <strong class=\"autotag\">Jo\u00e3o Cancelo<\/strong> et <strong class=\"autotag\">Jo\u00e3o F\u00e9lix<\/strong>.<\/h3>\n<p>Les deux joueurs ont \u00e9t\u00e9 pr\u00eat\u00e9s au Camp Nou lors des derni\u00e8res \u00e9tapes du mercato estival, et le duo portugais a \u00e9t\u00e9 des joueurs importants pour les g\u00e9ants catalans cette saison.<\/p>\n<p>Cancelo compte trois buts et deux passes d\u00e9cisives en 17 apparitions pour Barcelone en 2023-24, tandis que Felix a contribu\u00e9 cinq buts et trois passes d\u00e9cisives en 17 sorties depuis son arriv\u00e9e.<\/p>\n<p>F\u00e9lix a marqu\u00e9 le but vainqueur contre son club parent, l&rsquo;Atletico, en Liga le week-end dernier, et sa c\u00e9l\u00e9bration passionn\u00e9e sugg\u00e8re qu&rsquo;il ne s&rsquo;attend pas \u00e0 revenir au Wanda Metropolitano.<\/p>\n<p>Les accords permanents pour le duo seront difficiles pour Barcelone en raison de leurs probl\u00e8mes financiers bien document\u00e9s, mais Laporta a insist\u00e9 sur le fait que le club pouvait se permettre de les signer.<\/p>\n<p class=\"imgI\">\n<p>\u00ab\u00a0Cancelo et Felix jouent \u00e0 un niveau \u00e9lev\u00e9 depuis leur arriv\u00e9e. Le club pourra les garder pour les saisons \u00e0 venir\u00a0\u00bb, a d\u00e9clar\u00e9 Laporta aux journalistes.<\/p>\n<p>\u00ab\u00a0Nous pr\u00e9voyons d&rsquo;entamer prochainement les n\u00e9gociations pour eux et nous entretenons de bonnes relations avec Man City et l&rsquo;Atleti.\u00a0\u00bb<\/p>\n<p>Pendant ce temps, s&rsquo;exprimant lors de sa conf\u00e9rence de presse samedi, l&rsquo;entra\u00eeneur de Barcelone <strong class=\"autotag\">Xavi<\/strong> a d\u00e9clar\u00e9 qu&rsquo;il souhaitait que le duo se joigne de mani\u00e8re permanente l&rsquo;\u00e9t\u00e9 prochain.<\/p>\n<p>\u00ab\u00a0Ce que le pr\u00e9sident a dit est important, mais il est clair que nous sommes tous les deux satisfaits de Cancelo et de Joao Felix. Ils font tous les deux une diff\u00e9rence et j&rsquo;aimerais les garder plus d&rsquo;une saison\u00a0\u00bb, a-t-il d\u00e9clar\u00e9 aux journalistes. avant le choc de la Liga avec G\u00e9rone.<\/p>\n<p class=\"imgI\"><img decoding=\"async\" loading=\"lazy\" class=\"l\" src=\"https:\/\/footdavant.fr\/actualites\/wp-content\/uploads\/2023\/12\/Joan-Laporta-confirme-Joao-Cancelo-les-pourparlers-avec-Joao-Felix.jpg\" title=\"Joao Felix de Barcelone c\u00e9l\u00e8bre son deuxi\u00e8me but le 28 novembre 2023\" alt=\"Joao Felix de Barcelone c\u00e9l\u00e8bre son deuxi\u00e8me but le 28 novembre 2023\" width=\"640\" height=\"480\"><\/p>\n<p>\u00ab\u00a0Je veux que les deux Joaos continuent, je suis content d&rsquo;eux. Mais il y a des n\u00e9gociations qui ne me concernent pas. C&rsquo;est li\u00e9 \u00e0 <strong class=\"autotag\">D\u00e9co<\/strong> et le patron, m\u00eame s&rsquo;il est t\u00f4t.  En tant qu&rsquo;entra\u00eeneur, je serais heureux de les garder.<\/p>\n<p>\u00ab\u00a0J&rsquo;ai d\u00e9j\u00e0 dit que j&rsquo;aimerais continuer \u00e0 compter sur Jo\u00e3o F\u00e9lix pour la saison prochaine, bien s\u00fbr. Et sur le club aussi. Quant \u00e0 la n\u00e9gociation, ce n&rsquo;est pas mon affaire. Mais en tant qu&rsquo;entra\u00eeneur, bien s\u00fbr, j&rsquo;aimerais pour l&rsquo;avoir.\u00a0\u00bb<\/p>\n<p>Man City et l&rsquo;Atletico sont tous deux en position de force en ce qui concerne les n\u00e9gociations, puisque Cancelo est sous contrat avec le premier jusqu&rsquo;en juin 2027, tandis que Felix a un accord avec le second jusqu&rsquo;en juin 2029.<\/p>\n<p>Ni l&rsquo;un ni l&rsquo;autre ne devraient revenir dans les premi\u00e8res \u00e9quipes de leur club parent, comme en t\u00e9moigne la relation de Cancelo avec l&rsquo;entra\u00eeneur-chef de Man City. <strong class=\"autotag\">Pep Guardiola<\/strong> serait rompu, tandis que la relation de Felix avec le patron de l&rsquo;Atletico <strong class=\"autotag\">Diego Sim\u00e9one<\/strong> on dit \u00e9galement qu&rsquo;elle est devenue tendue vers la fin de l&rsquo;ann\u00e9e derni\u00e8re.<\/p>\n<p>Cancelo a pass\u00e9 la seconde moiti\u00e9 de la saison derni\u00e8re en pr\u00eat au Bayern Munich, tandis que Felix a rejoint Chelsea en pr\u00eat en janvier, jouant \u00e0 20 reprises pour les Blues, marquant quatre fois.<\/p>\n<\/div>\n","protected":false},"excerpt":{"rendered":"<p>Le pr\u00e9sident de Barcelone, Joan Laporta, a d\u00e9clar\u00e9 que son club entamerait bient\u00f4t des n\u00e9gociations sur des accords permanents pour Joao Cancelo de Manchester City<\/p>\n","protected":false},"author":1,"featured_media":2208,"comment_status":"closed","ping_status":"","sticky":false,"template":"","format":"standard","meta":{"footnotes":""},"categories":[5],"tags":[91,1285,2078,40,151,2075,150,2076,93,1776,2077,1301],"yoast_head":"<!-- This site is optimized with the Yoast SEO plugin v21.0 - https:\/\/yoast.com\/wordpress\/plugins\/seo\/ -->\n<title>Joan Laporta confirme Joao Cancelo, les pourparlers avec Joao Felix commenceront &quot;sous peu&quot;<\/title>\n<meta name=\"robots\" content=\"index, follow, max-snippet:-1, max-image-preview:large, max-video-preview:-1\" \/>\n<link rel=\"canonical\" href=\"https:\/\/footdavant.fr\/actualites\/joan-laporta-confirme-joao-cancelo-les-pourparlers-avec-joao-felix-commenceront-sous-peu\/\" \/>\n<meta property=\"og:locale\" content=\"fr_FR\" \/>\n<meta property=\"og:type\" content=\"article\" \/>\n<meta property=\"og:title\" content=\"Joan Laporta confirme Joao Cancelo, les pourparlers avec Joao Felix commenceront &quot;sous peu&quot;\" \/>\n<meta property=\"og:description\" content=\"Le pr\u00e9sident de Barcelone, Joan Laporta, a d\u00e9clar\u00e9 que son club entamerait bient\u00f4t des n\u00e9gociations sur des accords permanents pour Joao Cancelo de Manchester City\" \/>\n<meta property=\"og:url\" content=\"https:\/\/footdavant.fr\/actualites\/joan-laporta-confirme-joao-cancelo-les-pourparlers-avec-joao-felix-commenceront-sous-peu\/\" \/>\n<meta property=\"og:site_name\" content=\"Foot d&#039;avant\" \/>\n<meta property=\"article:publisher\" content=\"https:\/\/www.facebook.com\/Footdavant\/\" \/>\n<meta property=\"article:published_time\" content=\"2023-12-10T09:54:24+00:00\" \/>\n<meta property=\"article:modified_time\" content=\"2023-12-10T09:54:25+00:00\" \/>\n<meta property=\"og:image\" content=\"https:\/\/footdavant.fr\/actualites\/wp-content\/uploads\/2023\/12\/Joan-Laporta-confirme-Joao-Cancelo-les-pourparlers-avec-Joao-Felix.JPG\" \/>\n\t<meta property=\"og:image:width\" content=\"640\" \/>\n\t<meta property=\"og:image:height\" content=\"480\" \/>\n\t<meta property=\"og:image:type\" content=\"image\/jpeg\" \/>\n<meta name=\"author\" content=\"Cl\u00e9ment\" \/>\n<meta name=\"twitter:card\" content=\"summary_large_image\" \/>\n<meta name=\"twitter:creator\" content=\"@FootdavantFr\" \/>\n<meta name=\"twitter:site\" content=\"@FootdavantFr\" \/>\n<meta name=\"twitter:label1\" content=\"\u00c9crit par\" \/>\n\t<meta name=\"twitter:data1\" content=\"Cl\u00e9ment\" \/>\n\t<meta name=\"twitter:label2\" content=\"Dur\u00e9e de lecture estim\u00e9e\" \/>\n\t<meta name=\"twitter:data2\" content=\"3 minutes\" \/>\n<script type=\"application\/ld+json\" class=\"yoast-schema-graph\">{\"@context\":\"https:\/\/schema.org\",\"@graph\":[{\"@type\":\"Article\",\"@id\":\"https:\/\/footdavant.fr\/actualites\/joan-laporta-confirme-joao-cancelo-les-pourparlers-avec-joao-felix-commenceront-sous-peu\/#article\",\"isPartOf\":{\"@id\":\"https:\/\/footdavant.fr\/actualites\/joan-laporta-confirme-joao-cancelo-les-pourparlers-avec-joao-felix-commenceront-sous-peu\/\"},\"author\":{\"name\":\"Cl\u00e9ment\",\"@id\":\"https:\/\/footdavant.fr\/actualites\/#\/schema\/person\/bc222566d95871b37e597b3ed3ba5e1d\"},\"headline\":\"Joan Laporta confirme Joao Cancelo, les pourparlers avec Joao Felix commenceront \u00ab\u00a0sous peu\u00a0\u00bb\",\"datePublished\":\"2023-12-10T09:54:24+00:00\",\"dateModified\":\"2023-12-10T09:54:25+00:00\",\"mainEntityOfPage\":{\"@id\":\"https:\/\/footdavant.fr\/actualites\/joan-laporta-confirme-joao-cancelo-les-pourparlers-avec-joao-felix-commenceront-sous-peu\/\"},\"wordCount\":586,\"publisher\":{\"@id\":\"https:\/\/footdavant.fr\/actualites\/#organization\"},\"keywords\":[\"avec\",\"Cancelo\",\"commenceront\",\"confirme\",\"Felix\",\"Joan\",\"Joao\",\"Laporta\",\"les\",\"peu\",\"pourparlers\",\"sous\"],\"articleSection\":[\"Premier League\"],\"inLanguage\":\"fr-FR\"},{\"@type\":\"WebPage\",\"@id\":\"https:\/\/footdavant.fr\/actualites\/joan-laporta-confirme-joao-cancelo-les-pourparlers-avec-joao-felix-commenceront-sous-peu\/\",\"url\":\"https:\/\/footdavant.fr\/actualites\/joan-laporta-confirme-joao-cancelo-les-pourparlers-avec-joao-felix-commenceront-sous-peu\/\",\"name\":\"Joan Laporta confirme Joao Cancelo, les pourparlers avec Joao Felix commenceront \\\"sous peu\\\"\",\"isPartOf\":{\"@id\":\"https:\/\/footdavant.fr\/actualites\/#website\"},\"datePublished\":\"2023-12-10T09:54:24+00:00\",\"dateModified\":\"2023-12-10T09:54:25+00:00\",\"breadcrumb\":{\"@id\":\"https:\/\/footdavant.fr\/actualites\/joan-laporta-confirme-joao-cancelo-les-pourparlers-avec-joao-felix-commenceront-sous-peu\/#breadcrumb\"},\"inLanguage\":\"fr-FR\",\"potentialAction\":[{\"@type\":\"ReadAction\",\"target\":[\"https:\/\/footdavant.fr\/actualites\/joan-laporta-confirme-joao-cancelo-les-pourparlers-avec-joao-felix-commenceront-sous-peu\/\"]}]},{\"@type\":\"BreadcrumbList\",\"@id\":\"https:\/\/footdavant.fr\/actualites\/joan-laporta-confirme-joao-cancelo-les-pourparlers-avec-joao-felix-commenceront-sous-peu\/#breadcrumb\",\"itemListElement\":[{\"@type\":\"ListItem\",\"position\":1,\"name\":\"Accueil\",\"item\":\"https:\/\/footdavant.fr\/actualites\/\"},{\"@type\":\"ListItem\",\"position\":2,\"name\":\"Joan Laporta confirme Joao Cancelo, les pourparlers avec Joao Felix commenceront \u00ab\u00a0sous peu\u00a0\u00bb\"}]},{\"@type\":\"WebSite\",\"@id\":\"https:\/\/footdavant.fr\/actualites\/#website\",\"url\":\"https:\/\/footdavant.fr\/actualites\/\",\"name\":\"Foot d'avant\",\"description\":\"\",\"publisher\":{\"@id\":\"https:\/\/footdavant.fr\/actualites\/#organization\"},\"potentialAction\":[{\"@type\":\"SearchAction\",\"target\":{\"@type\":\"EntryPoint\",\"urlTemplate\":\"https:\/\/footdavant.fr\/actualites\/?s={search_term_string}\"},\"query-input\":\"required name=search_term_string\"}],\"inLanguage\":\"fr-FR\"},{\"@type\":\"Organization\",\"@id\":\"https:\/\/footdavant.fr\/actualites\/#organization\",\"name\":\"Foot d'avant\",\"url\":\"https:\/\/footdavant.fr\/actualites\/\",\"logo\":{\"@type\":\"ImageObject\",\"inLanguage\":\"fr-FR\",\"@id\":\"https:\/\/footdavant.fr\/actualites\/#\/schema\/logo\/image\/\",\"url\":\"https:\/\/footdavant.fr\/actualites\/wp-content\/uploads\/2023\/09\/Copy-of-FootDavant-Logo.png\",\"contentUrl\":\"https:\/\/footdavant.fr\/actualites\/wp-content\/uploads\/2023\/09\/Copy-of-FootDavant-Logo.png\",\"width\":936,\"height\":549,\"caption\":\"Foot d'avant\"},\"image\":{\"@id\":\"https:\/\/footdavant.fr\/actualites\/#\/schema\/logo\/image\/\"},\"sameAs\":[\"https:\/\/www.facebook.com\/Footdavant\/\",\"https:\/\/twitter.com\/FootdavantFr\",\"https:\/\/www.instagram.com\/footdavant.fr\/\"]},{\"@type\":\"Person\",\"@id\":\"https:\/\/footdavant.fr\/actualites\/#\/schema\/person\/bc222566d95871b37e597b3ed3ba5e1d\",\"name\":\"Cl\u00e9ment\",\"image\":{\"@type\":\"ImageObject\",\"inLanguage\":\"fr-FR\",\"@id\":\"https:\/\/footdavant.fr\/actualites\/#\/schema\/person\/image\/\",\"url\":\"https:\/\/secure.gravatar.com\/avatar\/7728b29aac2719421e1a9159b2254c44?s=96&d=mm&r=g\",\"contentUrl\":\"https:\/\/secure.gravatar.com\/avatar\/7728b29aac2719421e1a9159b2254c44?s=96&d=mm&r=g\",\"caption\":\"Cl\u00e9ment\"},\"sameAs\":[\"https:\/\/footdavant.fr\/\"]}]}<\/script>\n<!-- \/ Yoast SEO plugin. -->","yoast_head_json":{"title":"Joan Laporta confirme Joao Cancelo, les pourparlers avec Joao Felix commenceront \"sous peu\"","robots":{"index":"index","follow":"follow","max-snippet":"max-snippet:-1","max-image-preview":"max-image-preview:large","max-video-preview":"max-video-preview:-1"},"canonical":"https:\/\/footdavant.fr\/actualites\/joan-laporta-confirme-joao-cancelo-les-pourparlers-avec-joao-felix-commenceront-sous-peu\/","og_locale":"fr_FR","og_type":"article","og_title":"Joan Laporta confirme Joao Cancelo, les pourparlers avec Joao Felix commenceront \"sous peu\"","og_description":"Le pr\u00e9sident de Barcelone, Joan Laporta, a d\u00e9clar\u00e9 que son club entamerait bient\u00f4t des n\u00e9gociations sur des accords permanents pour Joao Cancelo de Manchester City","og_url":"https:\/\/footdavant.fr\/actualites\/joan-laporta-confirme-joao-cancelo-les-pourparlers-avec-joao-felix-commenceront-sous-peu\/","og_site_name":"Foot d&#039;avant","article_publisher":"https:\/\/www.facebook.com\/Footdavant\/","article_published_time":"2023-12-10T09:54:24+00:00","article_modified_time":"2023-12-10T09:54:25+00:00","og_image":[{"width":640,"height":480,"url":"https:\/\/footdavant.fr\/actualites\/wp-content\/uploads\/2023\/12\/Joan-Laporta-confirme-Joao-Cancelo-les-pourparlers-avec-Joao-Felix.JPG","type":"image\/jpeg"}],"author":"Cl\u00e9ment","twitter_card":"summary_large_image","twitter_creator":"@FootdavantFr","twitter_site":"@FootdavantFr","twitter_misc":{"\u00c9crit par":"Cl\u00e9ment","Dur\u00e9e de lecture estim\u00e9e":"3 minutes"},"schema":{"@context":"https:\/\/schema.org","@graph":[{"@type":"Article","@id":"https:\/\/footdavant.fr\/actualites\/joan-laporta-confirme-joao-cancelo-les-pourparlers-avec-joao-felix-commenceront-sous-peu\/#article","isPartOf":{"@id":"https:\/\/footdavant.fr\/actualites\/joan-laporta-confirme-joao-cancelo-les-pourparlers-avec-joao-felix-commenceront-sous-peu\/"},"author":{"name":"Cl\u00e9ment","@id":"https:\/\/footdavant.fr\/actualites\/#\/schema\/person\/bc222566d95871b37e597b3ed3ba5e1d"},"headline":"Joan Laporta confirme Joao Cancelo, les pourparlers avec Joao Felix commenceront \u00ab\u00a0sous peu\u00a0\u00bb","datePublished":"2023-12-10T09:54:24+00:00","dateModified":"2023-12-10T09:54:25+00:00","mainEntityOfPage":{"@id":"https:\/\/footdavant.fr\/actualites\/joan-laporta-confirme-joao-cancelo-les-pourparlers-avec-joao-felix-commenceront-sous-peu\/"},"wordCount":586,"publisher":{"@id":"https:\/\/footdavant.fr\/actualites\/#organization"},"keywords":["avec","Cancelo","commenceront","confirme","Felix","Joan","Joao","Laporta","les","peu","pourparlers","sous"],"articleSection":["Premier League"],"inLanguage":"fr-FR"},{"@type":"WebPage","@id":"https:\/\/footdavant.fr\/actualites\/joan-laporta-confirme-joao-cancelo-les-pourparlers-avec-joao-felix-commenceront-sous-peu\/","url":"https:\/\/footdavant.fr\/actualites\/joan-laporta-confirme-joao-cancelo-les-pourparlers-avec-joao-felix-commenceront-sous-peu\/","name":"Joan Laporta confirme Joao Cancelo, les pourparlers avec Joao Felix commenceront \"sous peu\"","isPartOf":{"@id":"https:\/\/footdavant.fr\/actualites\/#website"},"datePublished":"2023-12-10T09:54:24+00:00","dateModified":"2023-12-10T09:54:25+00:00","breadcrumb":{"@id":"https:\/\/footdavant.fr\/actualites\/joan-laporta-confirme-joao-cancelo-les-pourparlers-avec-joao-felix-commenceront-sous-peu\/#breadcrumb"},"inLanguage":"fr-FR","potentialAction":[{"@type":"ReadAction","target":["https:\/\/footdavant.fr\/actualites\/joan-laporta-confirme-joao-cancelo-les-pourparlers-avec-joao-felix-commenceront-sous-peu\/"]}]},{"@type":"BreadcrumbList","@id":"https:\/\/footdavant.fr\/actualites\/joan-laporta-confirme-joao-cancelo-les-pourparlers-avec-joao-felix-commenceront-sous-peu\/#breadcrumb","itemListElement":[{"@type":"ListItem","position":1,"name":"Accueil","item":"https:\/\/footdavant.fr\/actualites\/"},{"@type":"ListItem","position":2,"name":"Joan Laporta confirme Joao Cancelo, les pourparlers avec Joao Felix commenceront \u00ab\u00a0sous peu\u00a0\u00bb"}]},{"@type":"WebSite","@id":"https:\/\/footdavant.fr\/actualites\/#website","url":"https:\/\/footdavant.fr\/actualites\/","name":"Foot d'avant","description":"","publisher":{"@id":"https:\/\/footdavant.fr\/actualites\/#organization"},"potentialAction":[{"@type":"SearchAction","target":{"@type":"EntryPoint","urlTemplate":"https:\/\/footdavant.fr\/actualites\/?s={search_term_string}"},"query-input":"required name=search_term_string"}],"inLanguage":"fr-FR"},{"@type":"Organization","@id":"https:\/\/footdavant.fr\/actualites\/#organization","name":"Foot d'avant","url":"https:\/\/footdavant.fr\/actualites\/","logo":{"@type":"ImageObject","inLanguage":"fr-FR","@id":"https:\/\/footdavant.fr\/actualites\/#\/schema\/logo\/image\/","url":"https:\/\/footdavant.fr\/actualites\/wp-content\/uploads\/2023\/09\/Copy-of-FootDavant-Logo.png","contentUrl":"https:\/\/footdavant.fr\/actualites\/wp-content\/uploads\/2023\/09\/Copy-of-FootDavant-Logo.png","width":936,"height":549,"caption":"Foot d'avant"},"image":{"@id":"https:\/\/footdavant.fr\/actualites\/#\/schema\/logo\/image\/"},"sameAs":["https:\/\/www.facebook.com\/Footdavant\/","https:\/\/twitter.com\/FootdavantFr","https:\/\/www.instagram.com\/footdavant.fr\/"]},{"@type":"Person","@id":"https:\/\/footdavant.fr\/actualites\/#\/schema\/person\/bc222566d95871b37e597b3ed3ba5e1d","name":"Cl\u00e9ment","image":{"@type":"ImageObject","inLanguage":"fr-FR","@id":"https:\/\/footdavant.fr\/actualites\/#\/schema\/person\/image\/","url":"https:\/\/secure.gravatar.com\/avatar\/7728b29aac2719421e1a9159b2254c44?s=96&d=mm&r=g","contentUrl":"https:\/\/secure.gravatar.com\/avatar\/7728b29aac2719421e1a9159b2254c44?s=96&d=mm&r=g","caption":"Cl\u00e9ment"},"sameAs":["https:\/\/footdavant.fr\/"]}]}},"_links":{"self":[{"href":"https:\/\/footdavant.fr\/actualites\/wp-json\/wp\/v2\/posts\/2207"}],"collection":[{"href":"https:\/\/footdavant.fr\/actualites\/wp-json\/wp\/v2\/posts"}],"about":[{"href":"https:\/\/footdavant.fr\/actualites\/wp-json\/wp\/v2\/types\/post"}],"author":[{"embeddable":true,"href":"https:\/\/footdavant.fr\/actualites\/wp-json\/wp\/v2\/users\/1"}],"replies":[{"embeddable":true,"href":"https:\/\/footdavant.fr\/actualites\/wp-json\/wp\/v2\/comments?post=2207"}],"version-history":[{"count":1,"href":"https:\/\/footdavant.fr\/actualites\/wp-json\/wp\/v2\/posts\/2207\/revisions"}],"predecessor-version":[{"id":2209,"href":"https:\/\/footdavant.fr\/actualites\/wp-json\/wp\/v2\/posts\/2207\/revisions\/2209"}],"wp:featuredmedia":[{"embeddable":true,"href":"https:\/\/footdavant.fr\/actualites\/wp-json\/wp\/v2\/media\/2208"}],"wp:attachment":[{"href":"https:\/\/footdavant.fr\/actualites\/wp-json\/wp\/v2\/media?parent=2207"}],"wp:term":[{"taxonomy":"category","embeddable":true,"href":"https:\/\/footdavant.fr\/actualites\/wp-json\/wp\/v2\/categories?post=2207"},{"taxonomy":"post_tag","embeddable":true,"href":"https:\/\/footdavant.fr\/actualites\/wp-json\/wp\/v2\/tags?post=2207"}],"curies":[{"name":"wp","href":"https:\/\/api.w.org\/{rel}","templated":true}]}}