{"id":2210,"date":"2023-12-10T11:48:36","date_gmt":"2023-12-10T10:48:36","guid":{"rendered":"https:\/\/footdavant.fr\/actualites\/owen-epoustoufle-par-le-moment-de-classe-mondiale-de-lhomme-de-liverpool-hier\/"},"modified":"2023-12-10T11:48:37","modified_gmt":"2023-12-10T10:48:37","slug":"owen-epoustoufle-par-le-moment-de-classe-mondiale-de-lhomme-de-liverpool-hier","status":"publish","type":"post","link":"https:\/\/footdavant.fr\/actualites\/owen-epoustoufle-par-le-moment-de-classe-mondiale-de-lhomme-de-liverpool-hier\/","title":{"rendered":"Owen \u00e9poustoufl\u00e9 par le moment \u00ab de classe mondiale \u00bb de l&rsquo;homme de Liverpool hier"},"content":{"rendered":"<p><\/p>\n<div id=\"article-body\">\n<!-- Article Start --><\/p>\n<p>Michael Owen pense que quelque chose qu&rsquo;un as de Liverpool en particulier a fait hier souligne pourquoi il est \u00ab\u00a0le meilleur du monde\u00a0\u00bb dans son poste respectif.<\/p>\n<p>Les buts de Mo Salah et Harvey Elliott ont permis aux Reds de revenir d&rsquo;un but pour vaincre Crystal Palace \u00e0 Selhurst Park \u2013 un r\u00e9sultat qui a propuls\u00e9 l&rsquo;\u00e9quipe de Jurgen Klopp au sommet de la Premier League.<\/p>\n<p>Malgr\u00e9 le retour impressionnant des Merseysiders dans les 15 derni\u00e8res minutes, l&rsquo;ex-Red Owen a fait l&rsquo;\u00e9loge d&rsquo;Alisson Becker pour l&rsquo;arr\u00eat \u00e9poustouflant qu&rsquo;il a r\u00e9alis\u00e9 en premi\u00e8re mi-temps pour maintenir son \u00e9quipe au niveau.<\/p>\n<p>  Owen a d\u00e9clar\u00e9 \u00e0 Premier League Productions (via The Boot Room).<\/p>\n<\/p>\n<p>Notre n\u00b01 avait rat\u00e9 nos trois derniers matches \u00e0 cause d&rsquo;une blessure aux ischio-jambiers subie contre Manchester City le mois dernier.<\/p>\n<p>Caoimhin Kelleher avait fait un travail brillant en rempla\u00e7ant le Br\u00e9silien, avec deux feuilles blanches lors de ses trois derni\u00e8res apparitions, mais c&rsquo;\u00e9tait formidable de revoir Alisson dans l&rsquo;\u00e9quipe.<\/p>\n<p>C&rsquo;est un superbe arr\u00eat qu&rsquo;il a r\u00e9alis\u00e9 en premi\u00e8re mi-temps pour nous emp\u00eacher de prendre du retard et des moments comme celui-l\u00e0 valent aussi bien qu&rsquo;un but.<\/p>\n<p>L&rsquo;ancien joueur de l&rsquo;AS Roma a \u00e9t\u00e9 tout simplement sensationnel depuis qu&rsquo;il a rejoint le club en 2018 \u2013 esp\u00e9rons qu&rsquo;il pourra rester en forme pour le reste de la campagne alors que nous cherchons \u00e0 remporter de l&rsquo;argenterie.<\/p>\n<\/p>\n<p><span class=\"embed-youtube\" style=\"text-align:center; display: block;\"><\/span><\/p>\n<p><!-- Article End -->\t\t\t\t<\/div>\n","protected":false},"excerpt":{"rendered":"<p>Michael Owen pense que quelque chose qu&rsquo;un as de Liverpool en particulier a fait hier souligne pourquoi il est \u00ab\u00a0le meilleur du monde\u00a0\u00bb dans son<\/p>\n","protected":false},"author":1,"featured_media":2211,"comment_status":"closed","ping_status":"","sticky":false,"template":"","format":"standard","meta":{"footnotes":""},"categories":[3],"tags":[2080,1797,1799,1690,53,788,2081,2079,75],"yoast_head":"<!-- This site is optimized with the Yoast SEO plugin v21.0 - https:\/\/yoast.com\/wordpress\/plugins\/seo\/ -->\n<title>Owen \u00e9poustoufl\u00e9 par le moment \u00ab de classe mondiale \u00bb de l&#039;homme de Liverpool hier<\/title>\n<meta name=\"robots\" content=\"index, follow, max-snippet:-1, max-image-preview:large, max-video-preview:-1\" \/>\n<link rel=\"canonical\" href=\"https:\/\/footdavant.fr\/actualites\/owen-epoustoufle-par-le-moment-de-classe-mondiale-de-lhomme-de-liverpool-hier\/\" \/>\n<meta property=\"og:locale\" content=\"fr_FR\" \/>\n<meta property=\"og:type\" content=\"article\" \/>\n<meta property=\"og:title\" content=\"Owen \u00e9poustoufl\u00e9 par le moment \u00ab de classe mondiale \u00bb de l&#039;homme de Liverpool hier\" \/>\n<meta property=\"og:description\" content=\"Michael Owen pense que quelque chose qu&rsquo;un as de Liverpool en particulier a fait hier souligne pourquoi il est \u00ab\u00a0le meilleur du monde\u00a0\u00bb dans son\" \/>\n<meta property=\"og:url\" content=\"https:\/\/footdavant.fr\/actualites\/owen-epoustoufle-par-le-moment-de-classe-mondiale-de-lhomme-de-liverpool-hier\/\" \/>\n<meta property=\"og:site_name\" content=\"Foot d&#039;avant\" \/>\n<meta property=\"article:publisher\" content=\"https:\/\/www.facebook.com\/Footdavant\/\" \/>\n<meta property=\"article:published_time\" content=\"2023-12-10T10:48:36+00:00\" \/>\n<meta property=\"article:modified_time\" content=\"2023-12-10T10:48:37+00:00\" \/>\n<meta property=\"og:image\" content=\"https:\/\/footdavant.fr\/actualites\/wp-content\/uploads\/2023\/12\/Owen-epoustoufle-par-le-moment-de-classe-mondiale.jpg\" \/>\n\t<meta property=\"og:image:width\" content=\"1207\" \/>\n\t<meta property=\"og:image:height\" content=\"796\" \/>\n\t<meta property=\"og:image:type\" content=\"image\/jpeg\" \/>\n<meta name=\"author\" content=\"Cl\u00e9ment\" \/>\n<meta name=\"twitter:card\" content=\"summary_large_image\" \/>\n<meta name=\"twitter:creator\" content=\"@FootdavantFr\" \/>\n<meta name=\"twitter:site\" content=\"@FootdavantFr\" \/>\n<meta name=\"twitter:label1\" content=\"\u00c9crit par\" \/>\n\t<meta name=\"twitter:data1\" content=\"Cl\u00e9ment\" \/>\n\t<meta name=\"twitter:label2\" content=\"Dur\u00e9e de lecture estim\u00e9e\" \/>\n\t<meta name=\"twitter:data2\" content=\"1 minute\" \/>\n<script type=\"application\/ld+json\" class=\"yoast-schema-graph\">{\"@context\":\"https:\/\/schema.org\",\"@graph\":[{\"@type\":\"Article\",\"@id\":\"https:\/\/footdavant.fr\/actualites\/owen-epoustoufle-par-le-moment-de-classe-mondiale-de-lhomme-de-liverpool-hier\/#article\",\"isPartOf\":{\"@id\":\"https:\/\/footdavant.fr\/actualites\/owen-epoustoufle-par-le-moment-de-classe-mondiale-de-lhomme-de-liverpool-hier\/\"},\"author\":{\"name\":\"Cl\u00e9ment\",\"@id\":\"https:\/\/footdavant.fr\/actualites\/#\/schema\/person\/bc222566d95871b37e597b3ed3ba5e1d\"},\"headline\":\"Owen \u00e9poustoufl\u00e9 par le moment \u00ab de classe mondiale \u00bb de l&rsquo;homme de Liverpool hier\",\"datePublished\":\"2023-12-10T10:48:36+00:00\",\"dateModified\":\"2023-12-10T10:48:37+00:00\",\"mainEntityOfPage\":{\"@id\":\"https:\/\/footdavant.fr\/actualites\/owen-epoustoufle-par-le-moment-de-classe-mondiale-de-lhomme-de-liverpool-hier\/\"},\"wordCount\":249,\"publisher\":{\"@id\":\"https:\/\/footdavant.fr\/actualites\/#organization\"},\"keywords\":[\"classe\",\"\u00e9poustoufl\u00e9\",\"hier\",\"lhomme\",\"Liverpool\",\"moment\",\"mondiale\",\"Owen\",\"par\"],\"articleSection\":[\"Football\"],\"inLanguage\":\"fr-FR\"},{\"@type\":\"WebPage\",\"@id\":\"https:\/\/footdavant.fr\/actualites\/owen-epoustoufle-par-le-moment-de-classe-mondiale-de-lhomme-de-liverpool-hier\/\",\"url\":\"https:\/\/footdavant.fr\/actualites\/owen-epoustoufle-par-le-moment-de-classe-mondiale-de-lhomme-de-liverpool-hier\/\",\"name\":\"Owen \u00e9poustoufl\u00e9 par le moment \u00ab de classe mondiale \u00bb de l'homme de Liverpool hier\",\"isPartOf\":{\"@id\":\"https:\/\/footdavant.fr\/actualites\/#website\"},\"datePublished\":\"2023-12-10T10:48:36+00:00\",\"dateModified\":\"2023-12-10T10:48:37+00:00\",\"breadcrumb\":{\"@id\":\"https:\/\/footdavant.fr\/actualites\/owen-epoustoufle-par-le-moment-de-classe-mondiale-de-lhomme-de-liverpool-hier\/#breadcrumb\"},\"inLanguage\":\"fr-FR\",\"potentialAction\":[{\"@type\":\"ReadAction\",\"target\":[\"https:\/\/footdavant.fr\/actualites\/owen-epoustoufle-par-le-moment-de-classe-mondiale-de-lhomme-de-liverpool-hier\/\"]}]},{\"@type\":\"BreadcrumbList\",\"@id\":\"https:\/\/footdavant.fr\/actualites\/owen-epoustoufle-par-le-moment-de-classe-mondiale-de-lhomme-de-liverpool-hier\/#breadcrumb\",\"itemListElement\":[{\"@type\":\"ListItem\",\"position\":1,\"name\":\"Accueil\",\"item\":\"https:\/\/footdavant.fr\/actualites\/\"},{\"@type\":\"ListItem\",\"position\":2,\"name\":\"Owen \u00e9poustoufl\u00e9 par le moment \u00ab de classe mondiale \u00bb de l&rsquo;homme de Liverpool hier\"}]},{\"@type\":\"WebSite\",\"@id\":\"https:\/\/footdavant.fr\/actualites\/#website\",\"url\":\"https:\/\/footdavant.fr\/actualites\/\",\"name\":\"Foot d'avant\",\"description\":\"\",\"publisher\":{\"@id\":\"https:\/\/footdavant.fr\/actualites\/#organization\"},\"potentialAction\":[{\"@type\":\"SearchAction\",\"target\":{\"@type\":\"EntryPoint\",\"urlTemplate\":\"https:\/\/footdavant.fr\/actualites\/?s={search_term_string}\"},\"query-input\":\"required name=search_term_string\"}],\"inLanguage\":\"fr-FR\"},{\"@type\":\"Organization\",\"@id\":\"https:\/\/footdavant.fr\/actualites\/#organization\",\"name\":\"Foot d'avant\",\"url\":\"https:\/\/footdavant.fr\/actualites\/\",\"logo\":{\"@type\":\"ImageObject\",\"inLanguage\":\"fr-FR\",\"@id\":\"https:\/\/footdavant.fr\/actualites\/#\/schema\/logo\/image\/\",\"url\":\"https:\/\/footdavant.fr\/actualites\/wp-content\/uploads\/2023\/09\/Copy-of-FootDavant-Logo.png\",\"contentUrl\":\"https:\/\/footdavant.fr\/actualites\/wp-content\/uploads\/2023\/09\/Copy-of-FootDavant-Logo.png\",\"width\":936,\"height\":549,\"caption\":\"Foot d'avant\"},\"image\":{\"@id\":\"https:\/\/footdavant.fr\/actualites\/#\/schema\/logo\/image\/\"},\"sameAs\":[\"https:\/\/www.facebook.com\/Footdavant\/\",\"https:\/\/twitter.com\/FootdavantFr\",\"https:\/\/www.instagram.com\/footdavant.fr\/\"]},{\"@type\":\"Person\",\"@id\":\"https:\/\/footdavant.fr\/actualites\/#\/schema\/person\/bc222566d95871b37e597b3ed3ba5e1d\",\"name\":\"Cl\u00e9ment\",\"image\":{\"@type\":\"ImageObject\",\"inLanguage\":\"fr-FR\",\"@id\":\"https:\/\/footdavant.fr\/actualites\/#\/schema\/person\/image\/\",\"url\":\"https:\/\/secure.gravatar.com\/avatar\/7728b29aac2719421e1a9159b2254c44?s=96&d=mm&r=g\",\"contentUrl\":\"https:\/\/secure.gravatar.com\/avatar\/7728b29aac2719421e1a9159b2254c44?s=96&d=mm&r=g\",\"caption\":\"Cl\u00e9ment\"},\"sameAs\":[\"https:\/\/footdavant.fr\/\"]}]}<\/script>\n<!-- \/ Yoast SEO plugin. -->","yoast_head_json":{"title":"Owen \u00e9poustoufl\u00e9 par le moment \u00ab de classe mondiale \u00bb de l'homme de Liverpool hier","robots":{"index":"index","follow":"follow","max-snippet":"max-snippet:-1","max-image-preview":"max-image-preview:large","max-video-preview":"max-video-preview:-1"},"canonical":"https:\/\/footdavant.fr\/actualites\/owen-epoustoufle-par-le-moment-de-classe-mondiale-de-lhomme-de-liverpool-hier\/","og_locale":"fr_FR","og_type":"article","og_title":"Owen \u00e9poustoufl\u00e9 par le moment \u00ab de classe mondiale \u00bb de l'homme de Liverpool hier","og_description":"Michael Owen pense que quelque chose qu&rsquo;un as de Liverpool en particulier a fait hier souligne pourquoi il est \u00ab\u00a0le meilleur du monde\u00a0\u00bb dans son","og_url":"https:\/\/footdavant.fr\/actualites\/owen-epoustoufle-par-le-moment-de-classe-mondiale-de-lhomme-de-liverpool-hier\/","og_site_name":"Foot d&#039;avant","article_publisher":"https:\/\/www.facebook.com\/Footdavant\/","article_published_time":"2023-12-10T10:48:36+00:00","article_modified_time":"2023-12-10T10:48:37+00:00","og_image":[{"width":1207,"height":796,"url":"https:\/\/footdavant.fr\/actualites\/wp-content\/uploads\/2023\/12\/Owen-epoustoufle-par-le-moment-de-classe-mondiale.jpg","type":"image\/jpeg"}],"author":"Cl\u00e9ment","twitter_card":"summary_large_image","twitter_creator":"@FootdavantFr","twitter_site":"@FootdavantFr","twitter_misc":{"\u00c9crit par":"Cl\u00e9ment","Dur\u00e9e de lecture estim\u00e9e":"1 minute"},"schema":{"@context":"https:\/\/schema.org","@graph":[{"@type":"Article","@id":"https:\/\/footdavant.fr\/actualites\/owen-epoustoufle-par-le-moment-de-classe-mondiale-de-lhomme-de-liverpool-hier\/#article","isPartOf":{"@id":"https:\/\/footdavant.fr\/actualites\/owen-epoustoufle-par-le-moment-de-classe-mondiale-de-lhomme-de-liverpool-hier\/"},"author":{"name":"Cl\u00e9ment","@id":"https:\/\/footdavant.fr\/actualites\/#\/schema\/person\/bc222566d95871b37e597b3ed3ba5e1d"},"headline":"Owen \u00e9poustoufl\u00e9 par le moment \u00ab de classe mondiale \u00bb de l&rsquo;homme de Liverpool hier","datePublished":"2023-12-10T10:48:36+00:00","dateModified":"2023-12-10T10:48:37+00:00","mainEntityOfPage":{"@id":"https:\/\/footdavant.fr\/actualites\/owen-epoustoufle-par-le-moment-de-classe-mondiale-de-lhomme-de-liverpool-hier\/"},"wordCount":249,"publisher":{"@id":"https:\/\/footdavant.fr\/actualites\/#organization"},"keywords":["classe","\u00e9poustoufl\u00e9","hier","lhomme","Liverpool","moment","mondiale","Owen","par"],"articleSection":["Football"],"inLanguage":"fr-FR"},{"@type":"WebPage","@id":"https:\/\/footdavant.fr\/actualites\/owen-epoustoufle-par-le-moment-de-classe-mondiale-de-lhomme-de-liverpool-hier\/","url":"https:\/\/footdavant.fr\/actualites\/owen-epoustoufle-par-le-moment-de-classe-mondiale-de-lhomme-de-liverpool-hier\/","name":"Owen \u00e9poustoufl\u00e9 par le moment \u00ab de classe mondiale \u00bb de l'homme de Liverpool hier","isPartOf":{"@id":"https:\/\/footdavant.fr\/actualites\/#website"},"datePublished":"2023-12-10T10:48:36+00:00","dateModified":"2023-12-10T10:48:37+00:00","breadcrumb":{"@id":"https:\/\/footdavant.fr\/actualites\/owen-epoustoufle-par-le-moment-de-classe-mondiale-de-lhomme-de-liverpool-hier\/#breadcrumb"},"inLanguage":"fr-FR","potentialAction":[{"@type":"ReadAction","target":["https:\/\/footdavant.fr\/actualites\/owen-epoustoufle-par-le-moment-de-classe-mondiale-de-lhomme-de-liverpool-hier\/"]}]},{"@type":"BreadcrumbList","@id":"https:\/\/footdavant.fr\/actualites\/owen-epoustoufle-par-le-moment-de-classe-mondiale-de-lhomme-de-liverpool-hier\/#breadcrumb","itemListElement":[{"@type":"ListItem","position":1,"name":"Accueil","item":"https:\/\/footdavant.fr\/actualites\/"},{"@type":"ListItem","position":2,"name":"Owen \u00e9poustoufl\u00e9 par le moment \u00ab de classe mondiale \u00bb de l&rsquo;homme de Liverpool hier"}]},{"@type":"WebSite","@id":"https:\/\/footdavant.fr\/actualites\/#website","url":"https:\/\/footdavant.fr\/actualites\/","name":"Foot d'avant","description":"","publisher":{"@id":"https:\/\/footdavant.fr\/actualites\/#organization"},"potentialAction":[{"@type":"SearchAction","target":{"@type":"EntryPoint","urlTemplate":"https:\/\/footdavant.fr\/actualites\/?s={search_term_string}"},"query-input":"required name=search_term_string"}],"inLanguage":"fr-FR"},{"@type":"Organization","@id":"https:\/\/footdavant.fr\/actualites\/#organization","name":"Foot d'avant","url":"https:\/\/footdavant.fr\/actualites\/","logo":{"@type":"ImageObject","inLanguage":"fr-FR","@id":"https:\/\/footdavant.fr\/actualites\/#\/schema\/logo\/image\/","url":"https:\/\/footdavant.fr\/actualites\/wp-content\/uploads\/2023\/09\/Copy-of-FootDavant-Logo.png","contentUrl":"https:\/\/footdavant.fr\/actualites\/wp-content\/uploads\/2023\/09\/Copy-of-FootDavant-Logo.png","width":936,"height":549,"caption":"Foot d'avant"},"image":{"@id":"https:\/\/footdavant.fr\/actualites\/#\/schema\/logo\/image\/"},"sameAs":["https:\/\/www.facebook.com\/Footdavant\/","https:\/\/twitter.com\/FootdavantFr","https:\/\/www.instagram.com\/footdavant.fr\/"]},{"@type":"Person","@id":"https:\/\/footdavant.fr\/actualites\/#\/schema\/person\/bc222566d95871b37e597b3ed3ba5e1d","name":"Cl\u00e9ment","image":{"@type":"ImageObject","inLanguage":"fr-FR","@id":"https:\/\/footdavant.fr\/actualites\/#\/schema\/person\/image\/","url":"https:\/\/secure.gravatar.com\/avatar\/7728b29aac2719421e1a9159b2254c44?s=96&d=mm&r=g","contentUrl":"https:\/\/secure.gravatar.com\/avatar\/7728b29aac2719421e1a9159b2254c44?s=96&d=mm&r=g","caption":"Cl\u00e9ment"},"sameAs":["https:\/\/footdavant.fr\/"]}]}},"_links":{"self":[{"href":"https:\/\/footdavant.fr\/actualites\/wp-json\/wp\/v2\/posts\/2210"}],"collection":[{"href":"https:\/\/footdavant.fr\/actualites\/wp-json\/wp\/v2\/posts"}],"about":[{"href":"https:\/\/footdavant.fr\/actualites\/wp-json\/wp\/v2\/types\/post"}],"author":[{"embeddable":true,"href":"https:\/\/footdavant.fr\/actualites\/wp-json\/wp\/v2\/users\/1"}],"replies":[{"embeddable":true,"href":"https:\/\/footdavant.fr\/actualites\/wp-json\/wp\/v2\/comments?post=2210"}],"version-history":[{"count":1,"href":"https:\/\/footdavant.fr\/actualites\/wp-json\/wp\/v2\/posts\/2210\/revisions"}],"predecessor-version":[{"id":2212,"href":"https:\/\/footdavant.fr\/actualites\/wp-json\/wp\/v2\/posts\/2210\/revisions\/2212"}],"wp:featuredmedia":[{"embeddable":true,"href":"https:\/\/footdavant.fr\/actualites\/wp-json\/wp\/v2\/media\/2211"}],"wp:attachment":[{"href":"https:\/\/footdavant.fr\/actualites\/wp-json\/wp\/v2\/media?parent=2210"}],"wp:term":[{"taxonomy":"category","embeddable":true,"href":"https:\/\/footdavant.fr\/actualites\/wp-json\/wp\/v2\/categories?post=2210"},{"taxonomy":"post_tag","embeddable":true,"href":"https:\/\/footdavant.fr\/actualites\/wp-json\/wp\/v2\/tags?post=2210"}],"curies":[{"name":"wp","href":"https:\/\/api.w.org\/{rel}","templated":true}]}}