{"id":2216,"date":"2023-12-10T13:49:03","date_gmt":"2023-12-10T12:49:03","guid":{"rendered":"https:\/\/footdavant.fr\/actualites\/erik-ten-hag-reagit-a-la-defaite-choquante-contre-bournemouth\/"},"modified":"2023-12-10T13:49:04","modified_gmt":"2023-12-10T12:49:04","slug":"erik-ten-hag-reagit-a-la-defaite-choquante-contre-bournemouth","status":"publish","type":"post","link":"https:\/\/footdavant.fr\/actualites\/erik-ten-hag-reagit-a-la-defaite-choquante-contre-bournemouth\/","title":{"rendered":"Erik ten Hag r\u00e9agit \u00e0 la d\u00e9faite choquante contre Bournemouth"},"content":{"rendered":"<p>Le patron de Manchester United, Erik ten Hag, a d\u00e9clar\u00e9 que son \u00e9quipe avait d\u00fb payer pour un d\u00e9part m\u00e9diocre lors de la d\u00e9faite 3-0 de samedi contre Bournemouth.<\/p>\n<div id=\"article_body\" itemprop=\"articleBody\">\n<h3 class=\"firstPara\">\n<strong class=\"autotag\">Manchester United<\/strong> l&rsquo;entra\u00eeneur-chef <strong class=\"autotag\">Erik Ten Hag<\/strong> a d\u00e9clar\u00e9 que son \u00e9quipe avait d\u00fb payer pour un d\u00e9but m\u00e9diocre lors du choc de samedi en Premier League avec <strong class=\"autotag\">Bournemouth<\/strong> \u00e0 Old Trafford.<\/h3>\n<p>Les Cherries ont pris les devants d\u00e8s la cinqui\u00e8me minute du match gr\u00e2ce \u00e0 <strong class=\"autotag\">Dominique Solanke<\/strong>avant <strong class=\"autotag\">Philippe Facturation<\/strong> et <strong class=\"autotag\">Marcos Senesi<\/strong> marqu\u00e9 pour les visiteurs dans la seconde moiti\u00e9 du concours, avec <strong class=\"autotag\">Andoni Iraola<\/strong>L&rsquo;\u00e9quipe de s&rsquo;est impos\u00e9e 3-0 face aux 20 fois champions d&rsquo;Angleterre.<\/p>\n<p>Les Red Devils sont entr\u00e9s dans le match apr\u00e8s une victoire 2-1 contre Chelsea, mais ils \u00e9taient deuxi\u00e8mes contre Bournemouth, et Ten Hag a d\u00e9clar\u00e9 qu&rsquo;un mauvais d\u00e9part avait co\u00fbt\u00e9 \u00e0 son \u00e9quipe.<\/p>\n<p>\u00ab\u00a0Il faut \u00eatre au meilleur de sa forme \u00e0 chaque match, en commen\u00e7ant par la concentration. Quand on commence comme nous, on se fait tuer. Ce sont de bons adversaires mais nous devons faire mieux\u00a0\u00bb, a d\u00e9clar\u00e9 le journaliste. <strong class=\"autotag\">Shamoon Hafez<\/strong> cite Ten Hag apr\u00e8s la toute premi\u00e8re victoire \u00e0 l&rsquo;ext\u00e9rieur de Bournemouth contre Man United.<\/p>\n<p class=\"imgI\">\n<p>\u00ab\u00a0Je comprends qu&rsquo;ils (les fans) sont d\u00e9\u00e7us, frustr\u00e9s. Nous le sommes tous mais nous devrions faire mieux et nous devons le montrer \u00e0 chaque match &#8211; pour ne pas avoir des niveaux aussi \u00e9lev\u00e9s d&rsquo;un match \u00e0 l&rsquo;autre.<\/p>\n<p>\u00ab\u00a0Il faut de la r\u00e9gularit\u00e9, nous pouvons jouer un tr\u00e8s bon match contre de nombreux adversaires, nous sommes capables de le faire mais il faut le faire tous les trois jours. Faites les choses bien et les exigences sont d&rsquo;un certain niveau. Nous devons aller plus haut normes pour le livrer tous les trois jours.<\/p>\n<p>Man United va d\u00e9sormais porter son attention sur la Ligue des champions, avec <strong class=\"autotag\">Bayern Munich<\/strong> direction Old Trafford mardi soir.<\/p>\n<p>Les Diables Rouges doivent battre les champions de Bundesliga pour avoir une chance de se qualifier pour les huiti\u00e8mes de finale de la comp\u00e9tition, et Ten Hag est convaincu que son \u00e9quipe r\u00e9pondra lors du match europ\u00e9en.<\/p>\n<p>\u00ab\u00a0Nous savons que nous sommes capables de le faire, nous l&rsquo;avons montr\u00e9 cette semaine. Nous devons laisser cela derri\u00e8re nous mais nous devons en parler\u00a0\u00bb, a ajout\u00e9 l&rsquo;entra\u00eeneur apr\u00e8s le choc contre les Cerises.<\/p>\n<p class=\"imgI\"><img decoding=\"async\" loading=\"lazy\" class=\"l\" src=\"https:\/\/footdavant.fr\/actualites\/wp-content\/uploads\/2023\/12\/1702212543_115_Erik-ten-Hag-reagit-a-la-defaite-choquante-contre-Bournemouth.JPG\" title=\"Bruno Fernandes de Manchester United en action avec Lewis Cook de Bournemouth le 9 d\u00e9cembre 2023\" alt=\"Bruno Fernandes de Manchester United en action avec Lewis Cook de Bournemouth le 9 d\u00e9cembre 2023\" width=\"640\" height=\"480\"><\/p>\n<p>Ancien milieu de terrain de Man United <strong class=\"autotag\">Owen Hargreaves<\/strong> a critiqu\u00e9 la performance de l&rsquo;\u00e9quipe contre Bournemouth, affirmant que les si\u00e8ges vides \u00e0 temps plein \u00e9taient une indication de ce que les supporters pensaient de l&rsquo;affichage.<\/p>\n<p>\u00ab\u00a0\u00c9coutez les hu\u00e9es, regardez tous les si\u00e8ges libres\u00a0\u00bb, a d\u00e9clar\u00e9 Hargreaves. <em>Productions de premi\u00e8re ligue<\/em>.  \u00ab\u00a0Les fans ont parl\u00e9. La performance \u00e9tait embarrassante et cela a \u00e9t\u00e9 comme \u00e7a toute la saison.<\/p>\n<p>\u00ab\u00a0Il faut f\u00e9liciter une \u00e9quipe [Bournemouth] qui joue de la bonne mani\u00e8re avec de bons joueurs offensifs.  Ils m\u00e9ritent des \u00e9loges.  Ils ont jou\u00e9 exceptionnellement aujourd&rsquo;hui.<\/p>\n<p>Le prochain match de Man United en Premier League aura lieu \u00e0 Liverpool le week-end prochain, et les Red Devils se rendront \u00e0 Anfield sans leur capitaine. <strong class=\"autotag\">Bruno Fernandes<\/strong>qui a \u00e9t\u00e9 r\u00e9serv\u00e9 pour dissidence dans les derni\u00e8res \u00e9tapes de l&rsquo;affrontement avec Bournemouth.<\/p>\n<\/div>\n","protected":false},"excerpt":{"rendered":"<p>Le patron de Manchester United, Erik ten Hag, a d\u00e9clar\u00e9 que son \u00e9quipe avait d\u00fb payer pour un d\u00e9part m\u00e9diocre lors de la d\u00e9faite 3-0<\/p>\n","protected":false},"author":1,"featured_media":2217,"comment_status":"closed","ping_status":"","sticky":false,"template":"","format":"standard","meta":{"footnotes":""},"categories":[5],"tags":[54,2083,20,425,190,192,969,191],"yoast_head":"<!-- This site is optimized with the Yoast SEO plugin v21.0 - https:\/\/yoast.com\/wordpress\/plugins\/seo\/ -->\n<title>Erik ten Hag r\u00e9agit \u00e0 la d\u00e9faite choquante contre Bournemouth<\/title>\n<meta name=\"robots\" content=\"index, follow, max-snippet:-1, max-image-preview:large, max-video-preview:-1\" \/>\n<link rel=\"canonical\" href=\"https:\/\/footdavant.fr\/actualites\/erik-ten-hag-reagit-a-la-defaite-choquante-contre-bournemouth\/\" \/>\n<meta property=\"og:locale\" content=\"fr_FR\" \/>\n<meta property=\"og:type\" content=\"article\" \/>\n<meta property=\"og:title\" content=\"Erik ten Hag r\u00e9agit \u00e0 la d\u00e9faite choquante contre Bournemouth\" \/>\n<meta property=\"og:description\" content=\"Le patron de Manchester United, Erik ten Hag, a d\u00e9clar\u00e9 que son \u00e9quipe avait d\u00fb payer pour un d\u00e9part m\u00e9diocre lors de la d\u00e9faite 3-0\" \/>\n<meta property=\"og:url\" content=\"https:\/\/footdavant.fr\/actualites\/erik-ten-hag-reagit-a-la-defaite-choquante-contre-bournemouth\/\" \/>\n<meta property=\"og:site_name\" content=\"Foot d&#039;avant\" \/>\n<meta property=\"article:publisher\" content=\"https:\/\/www.facebook.com\/Footdavant\/\" \/>\n<meta property=\"article:published_time\" content=\"2023-12-10T12:49:03+00:00\" \/>\n<meta property=\"article:modified_time\" content=\"2023-12-10T12:49:04+00:00\" \/>\n<meta property=\"og:image\" content=\"https:\/\/footdavant.fr\/actualites\/wp-content\/uploads\/2023\/12\/Erik-ten-Hag-reagit-a-la-defaite-choquante-contre-Bournemouth.JPG\" \/>\n\t<meta property=\"og:image:width\" content=\"640\" \/>\n\t<meta property=\"og:image:height\" content=\"480\" \/>\n\t<meta property=\"og:image:type\" content=\"image\/jpeg\" \/>\n<meta name=\"author\" content=\"Cl\u00e9ment\" \/>\n<meta name=\"twitter:card\" content=\"summary_large_image\" \/>\n<meta name=\"twitter:creator\" content=\"@FootdavantFr\" \/>\n<meta name=\"twitter:site\" content=\"@FootdavantFr\" \/>\n<meta name=\"twitter:label1\" content=\"\u00c9crit par\" \/>\n\t<meta name=\"twitter:data1\" content=\"Cl\u00e9ment\" \/>\n\t<meta name=\"twitter:label2\" content=\"Dur\u00e9e de lecture estim\u00e9e\" \/>\n\t<meta name=\"twitter:data2\" content=\"3 minutes\" \/>\n<script type=\"application\/ld+json\" class=\"yoast-schema-graph\">{\"@context\":\"https:\/\/schema.org\",\"@graph\":[{\"@type\":\"Article\",\"@id\":\"https:\/\/footdavant.fr\/actualites\/erik-ten-hag-reagit-a-la-defaite-choquante-contre-bournemouth\/#article\",\"isPartOf\":{\"@id\":\"https:\/\/footdavant.fr\/actualites\/erik-ten-hag-reagit-a-la-defaite-choquante-contre-bournemouth\/\"},\"author\":{\"name\":\"Cl\u00e9ment\",\"@id\":\"https:\/\/footdavant.fr\/actualites\/#\/schema\/person\/bc222566d95871b37e597b3ed3ba5e1d\"},\"headline\":\"Erik ten Hag r\u00e9agit \u00e0 la d\u00e9faite choquante contre Bournemouth\",\"datePublished\":\"2023-12-10T12:49:03+00:00\",\"dateModified\":\"2023-12-10T12:49:04+00:00\",\"mainEntityOfPage\":{\"@id\":\"https:\/\/footdavant.fr\/actualites\/erik-ten-hag-reagit-a-la-defaite-choquante-contre-bournemouth\/\"},\"wordCount\":561,\"publisher\":{\"@id\":\"https:\/\/footdavant.fr\/actualites\/#organization\"},\"keywords\":[\"Bournemouth\",\"choquante\",\"contre\",\"d\u00e9faite\",\"Erik\",\"Hag\",\"r\u00e9agit\",\"ten\"],\"articleSection\":[\"Premier League\"],\"inLanguage\":\"fr-FR\"},{\"@type\":\"WebPage\",\"@id\":\"https:\/\/footdavant.fr\/actualites\/erik-ten-hag-reagit-a-la-defaite-choquante-contre-bournemouth\/\",\"url\":\"https:\/\/footdavant.fr\/actualites\/erik-ten-hag-reagit-a-la-defaite-choquante-contre-bournemouth\/\",\"name\":\"Erik ten Hag r\u00e9agit \u00e0 la d\u00e9faite choquante contre Bournemouth\",\"isPartOf\":{\"@id\":\"https:\/\/footdavant.fr\/actualites\/#website\"},\"datePublished\":\"2023-12-10T12:49:03+00:00\",\"dateModified\":\"2023-12-10T12:49:04+00:00\",\"breadcrumb\":{\"@id\":\"https:\/\/footdavant.fr\/actualites\/erik-ten-hag-reagit-a-la-defaite-choquante-contre-bournemouth\/#breadcrumb\"},\"inLanguage\":\"fr-FR\",\"potentialAction\":[{\"@type\":\"ReadAction\",\"target\":[\"https:\/\/footdavant.fr\/actualites\/erik-ten-hag-reagit-a-la-defaite-choquante-contre-bournemouth\/\"]}]},{\"@type\":\"BreadcrumbList\",\"@id\":\"https:\/\/footdavant.fr\/actualites\/erik-ten-hag-reagit-a-la-defaite-choquante-contre-bournemouth\/#breadcrumb\",\"itemListElement\":[{\"@type\":\"ListItem\",\"position\":1,\"name\":\"Accueil\",\"item\":\"https:\/\/footdavant.fr\/actualites\/\"},{\"@type\":\"ListItem\",\"position\":2,\"name\":\"Erik ten Hag r\u00e9agit \u00e0 la d\u00e9faite choquante contre Bournemouth\"}]},{\"@type\":\"WebSite\",\"@id\":\"https:\/\/footdavant.fr\/actualites\/#website\",\"url\":\"https:\/\/footdavant.fr\/actualites\/\",\"name\":\"Foot d'avant\",\"description\":\"\",\"publisher\":{\"@id\":\"https:\/\/footdavant.fr\/actualites\/#organization\"},\"potentialAction\":[{\"@type\":\"SearchAction\",\"target\":{\"@type\":\"EntryPoint\",\"urlTemplate\":\"https:\/\/footdavant.fr\/actualites\/?s={search_term_string}\"},\"query-input\":\"required name=search_term_string\"}],\"inLanguage\":\"fr-FR\"},{\"@type\":\"Organization\",\"@id\":\"https:\/\/footdavant.fr\/actualites\/#organization\",\"name\":\"Foot d'avant\",\"url\":\"https:\/\/footdavant.fr\/actualites\/\",\"logo\":{\"@type\":\"ImageObject\",\"inLanguage\":\"fr-FR\",\"@id\":\"https:\/\/footdavant.fr\/actualites\/#\/schema\/logo\/image\/\",\"url\":\"https:\/\/footdavant.fr\/actualites\/wp-content\/uploads\/2023\/09\/Copy-of-FootDavant-Logo.png\",\"contentUrl\":\"https:\/\/footdavant.fr\/actualites\/wp-content\/uploads\/2023\/09\/Copy-of-FootDavant-Logo.png\",\"width\":936,\"height\":549,\"caption\":\"Foot d'avant\"},\"image\":{\"@id\":\"https:\/\/footdavant.fr\/actualites\/#\/schema\/logo\/image\/\"},\"sameAs\":[\"https:\/\/www.facebook.com\/Footdavant\/\",\"https:\/\/twitter.com\/FootdavantFr\",\"https:\/\/www.instagram.com\/footdavant.fr\/\"]},{\"@type\":\"Person\",\"@id\":\"https:\/\/footdavant.fr\/actualites\/#\/schema\/person\/bc222566d95871b37e597b3ed3ba5e1d\",\"name\":\"Cl\u00e9ment\",\"image\":{\"@type\":\"ImageObject\",\"inLanguage\":\"fr-FR\",\"@id\":\"https:\/\/footdavant.fr\/actualites\/#\/schema\/person\/image\/\",\"url\":\"https:\/\/secure.gravatar.com\/avatar\/7728b29aac2719421e1a9159b2254c44?s=96&d=mm&r=g\",\"contentUrl\":\"https:\/\/secure.gravatar.com\/avatar\/7728b29aac2719421e1a9159b2254c44?s=96&d=mm&r=g\",\"caption\":\"Cl\u00e9ment\"},\"sameAs\":[\"https:\/\/footdavant.fr\/\"]}]}<\/script>\n<!-- \/ Yoast SEO plugin. -->","yoast_head_json":{"title":"Erik ten Hag r\u00e9agit \u00e0 la d\u00e9faite choquante contre Bournemouth","robots":{"index":"index","follow":"follow","max-snippet":"max-snippet:-1","max-image-preview":"max-image-preview:large","max-video-preview":"max-video-preview:-1"},"canonical":"https:\/\/footdavant.fr\/actualites\/erik-ten-hag-reagit-a-la-defaite-choquante-contre-bournemouth\/","og_locale":"fr_FR","og_type":"article","og_title":"Erik ten Hag r\u00e9agit \u00e0 la d\u00e9faite choquante contre Bournemouth","og_description":"Le patron de Manchester United, Erik ten Hag, a d\u00e9clar\u00e9 que son \u00e9quipe avait d\u00fb payer pour un d\u00e9part m\u00e9diocre lors de la d\u00e9faite 3-0","og_url":"https:\/\/footdavant.fr\/actualites\/erik-ten-hag-reagit-a-la-defaite-choquante-contre-bournemouth\/","og_site_name":"Foot d&#039;avant","article_publisher":"https:\/\/www.facebook.com\/Footdavant\/","article_published_time":"2023-12-10T12:49:03+00:00","article_modified_time":"2023-12-10T12:49:04+00:00","og_image":[{"width":640,"height":480,"url":"https:\/\/footdavant.fr\/actualites\/wp-content\/uploads\/2023\/12\/Erik-ten-Hag-reagit-a-la-defaite-choquante-contre-Bournemouth.JPG","type":"image\/jpeg"}],"author":"Cl\u00e9ment","twitter_card":"summary_large_image","twitter_creator":"@FootdavantFr","twitter_site":"@FootdavantFr","twitter_misc":{"\u00c9crit par":"Cl\u00e9ment","Dur\u00e9e de lecture estim\u00e9e":"3 minutes"},"schema":{"@context":"https:\/\/schema.org","@graph":[{"@type":"Article","@id":"https:\/\/footdavant.fr\/actualites\/erik-ten-hag-reagit-a-la-defaite-choquante-contre-bournemouth\/#article","isPartOf":{"@id":"https:\/\/footdavant.fr\/actualites\/erik-ten-hag-reagit-a-la-defaite-choquante-contre-bournemouth\/"},"author":{"name":"Cl\u00e9ment","@id":"https:\/\/footdavant.fr\/actualites\/#\/schema\/person\/bc222566d95871b37e597b3ed3ba5e1d"},"headline":"Erik ten Hag r\u00e9agit \u00e0 la d\u00e9faite choquante contre Bournemouth","datePublished":"2023-12-10T12:49:03+00:00","dateModified":"2023-12-10T12:49:04+00:00","mainEntityOfPage":{"@id":"https:\/\/footdavant.fr\/actualites\/erik-ten-hag-reagit-a-la-defaite-choquante-contre-bournemouth\/"},"wordCount":561,"publisher":{"@id":"https:\/\/footdavant.fr\/actualites\/#organization"},"keywords":["Bournemouth","choquante","contre","d\u00e9faite","Erik","Hag","r\u00e9agit","ten"],"articleSection":["Premier League"],"inLanguage":"fr-FR"},{"@type":"WebPage","@id":"https:\/\/footdavant.fr\/actualites\/erik-ten-hag-reagit-a-la-defaite-choquante-contre-bournemouth\/","url":"https:\/\/footdavant.fr\/actualites\/erik-ten-hag-reagit-a-la-defaite-choquante-contre-bournemouth\/","name":"Erik ten Hag r\u00e9agit \u00e0 la d\u00e9faite choquante contre Bournemouth","isPartOf":{"@id":"https:\/\/footdavant.fr\/actualites\/#website"},"datePublished":"2023-12-10T12:49:03+00:00","dateModified":"2023-12-10T12:49:04+00:00","breadcrumb":{"@id":"https:\/\/footdavant.fr\/actualites\/erik-ten-hag-reagit-a-la-defaite-choquante-contre-bournemouth\/#breadcrumb"},"inLanguage":"fr-FR","potentialAction":[{"@type":"ReadAction","target":["https:\/\/footdavant.fr\/actualites\/erik-ten-hag-reagit-a-la-defaite-choquante-contre-bournemouth\/"]}]},{"@type":"BreadcrumbList","@id":"https:\/\/footdavant.fr\/actualites\/erik-ten-hag-reagit-a-la-defaite-choquante-contre-bournemouth\/#breadcrumb","itemListElement":[{"@type":"ListItem","position":1,"name":"Accueil","item":"https:\/\/footdavant.fr\/actualites\/"},{"@type":"ListItem","position":2,"name":"Erik ten Hag r\u00e9agit \u00e0 la d\u00e9faite choquante contre Bournemouth"}]},{"@type":"WebSite","@id":"https:\/\/footdavant.fr\/actualites\/#website","url":"https:\/\/footdavant.fr\/actualites\/","name":"Foot d'avant","description":"","publisher":{"@id":"https:\/\/footdavant.fr\/actualites\/#organization"},"potentialAction":[{"@type":"SearchAction","target":{"@type":"EntryPoint","urlTemplate":"https:\/\/footdavant.fr\/actualites\/?s={search_term_string}"},"query-input":"required name=search_term_string"}],"inLanguage":"fr-FR"},{"@type":"Organization","@id":"https:\/\/footdavant.fr\/actualites\/#organization","name":"Foot d'avant","url":"https:\/\/footdavant.fr\/actualites\/","logo":{"@type":"ImageObject","inLanguage":"fr-FR","@id":"https:\/\/footdavant.fr\/actualites\/#\/schema\/logo\/image\/","url":"https:\/\/footdavant.fr\/actualites\/wp-content\/uploads\/2023\/09\/Copy-of-FootDavant-Logo.png","contentUrl":"https:\/\/footdavant.fr\/actualites\/wp-content\/uploads\/2023\/09\/Copy-of-FootDavant-Logo.png","width":936,"height":549,"caption":"Foot d'avant"},"image":{"@id":"https:\/\/footdavant.fr\/actualites\/#\/schema\/logo\/image\/"},"sameAs":["https:\/\/www.facebook.com\/Footdavant\/","https:\/\/twitter.com\/FootdavantFr","https:\/\/www.instagram.com\/footdavant.fr\/"]},{"@type":"Person","@id":"https:\/\/footdavant.fr\/actualites\/#\/schema\/person\/bc222566d95871b37e597b3ed3ba5e1d","name":"Cl\u00e9ment","image":{"@type":"ImageObject","inLanguage":"fr-FR","@id":"https:\/\/footdavant.fr\/actualites\/#\/schema\/person\/image\/","url":"https:\/\/secure.gravatar.com\/avatar\/7728b29aac2719421e1a9159b2254c44?s=96&d=mm&r=g","contentUrl":"https:\/\/secure.gravatar.com\/avatar\/7728b29aac2719421e1a9159b2254c44?s=96&d=mm&r=g","caption":"Cl\u00e9ment"},"sameAs":["https:\/\/footdavant.fr\/"]}]}},"_links":{"self":[{"href":"https:\/\/footdavant.fr\/actualites\/wp-json\/wp\/v2\/posts\/2216"}],"collection":[{"href":"https:\/\/footdavant.fr\/actualites\/wp-json\/wp\/v2\/posts"}],"about":[{"href":"https:\/\/footdavant.fr\/actualites\/wp-json\/wp\/v2\/types\/post"}],"author":[{"embeddable":true,"href":"https:\/\/footdavant.fr\/actualites\/wp-json\/wp\/v2\/users\/1"}],"replies":[{"embeddable":true,"href":"https:\/\/footdavant.fr\/actualites\/wp-json\/wp\/v2\/comments?post=2216"}],"version-history":[{"count":1,"href":"https:\/\/footdavant.fr\/actualites\/wp-json\/wp\/v2\/posts\/2216\/revisions"}],"predecessor-version":[{"id":2218,"href":"https:\/\/footdavant.fr\/actualites\/wp-json\/wp\/v2\/posts\/2216\/revisions\/2218"}],"wp:featuredmedia":[{"embeddable":true,"href":"https:\/\/footdavant.fr\/actualites\/wp-json\/wp\/v2\/media\/2217"}],"wp:attachment":[{"href":"https:\/\/footdavant.fr\/actualites\/wp-json\/wp\/v2\/media?parent=2216"}],"wp:term":[{"taxonomy":"category","embeddable":true,"href":"https:\/\/footdavant.fr\/actualites\/wp-json\/wp\/v2\/categories?post=2216"},{"taxonomy":"post_tag","embeddable":true,"href":"https:\/\/footdavant.fr\/actualites\/wp-json\/wp\/v2\/tags?post=2216"}],"curies":[{"name":"wp","href":"https:\/\/api.w.org\/{rel}","templated":true}]}}