{"id":2240,"date":"2023-12-10T22:49:00","date_gmt":"2023-12-10T21:49:00","guid":{"rendered":"https:\/\/footdavant.fr\/actualites\/matheus-cunha-vole-le-point-aux-wolverhampton-wanderers-contre-nottingham-forest\/"},"modified":"2023-12-10T22:49:00","modified_gmt":"2023-12-10T21:49:00","slug":"matheus-cunha-vole-le-point-aux-wolverhampton-wanderers-contre-nottingham-forest","status":"publish","type":"post","link":"https:\/\/footdavant.fr\/actualites\/matheus-cunha-vole-le-point-aux-wolverhampton-wanderers-contre-nottingham-forest\/","title":{"rendered":"Matheus Cunha vole le point aux Wolverhampton Wanderers contre Nottingham Forest"},"content":{"rendered":"<p>L&rsquo;avenir de Steve Cooper \u00e0 Nottingham Forest reste incertain apr\u00e8s que les Tricky Trees aient \u00e9t\u00e9 tenus en \u00e9chec 1-1 par Wolverhampton Wanderers \u00e0 Molineux.<\/p>\n<div id=\"article_body\" itemprop=\"articleBody\">\n<p class=\"firstPara\"><strong class=\"autotag\">Steve Cooper<\/strong>c&rsquo;est <strong class=\"autotag\">For\u00eat de Nottingham<\/strong> l&rsquo;avenir reste incertain apr\u00e8s que les Tricky Trees aient \u00e9t\u00e9 tenus en \u00e9chec 1-1 par <strong class=\"autotag\">Wanderers de Wolverhampton<\/strong> \u00e0 Molineux.<\/p>\n<p>Avant le coup d&rsquo;envoi dans les West Midlands, il a \u00e9t\u00e9 rapport\u00e9 que le conseil d&rsquo;administration de Forest se pr\u00e9parait \u00e0 appuyer sur la g\u00e2chette de Cooper sous le feu des critiques s&rsquo;il ne parvenait pas \u00e0 mener son \u00e9quipe \u00e0 un r\u00e9sultat positif samedi.<\/p>\n<p>L&rsquo;entra\u00eeneur visiteur \u00e9tait sur la bonne voie vers la r\u00e9demption lorsque <strong class=\"autotag\">Harry Toffolo<\/strong> je suis rentr\u00e9 chez moi, mais <strong class=\"autotag\">Matheus Cunha<\/strong>Le niveleur de a vol\u00e9 un point aux h\u00f4tes, laissant Cooper face \u00e0 une attente anxieuse pour conna\u00eetre son sort de manager.<\/p>\n<p>Alors que le seul changement pour les Wolves est survenu dans le but, en tant que buteur de premier choix <strong class=\"autotag\">Jos\u00e9 Sa<\/strong> a pris <strong class=\"autotag\">Daniel Bentley<\/strong>\u00c0 la place de Cooper, le dernier coup de d\u00e9s de Cooper a vu le patron de Forest faire jusqu&rsquo;\u00e0 sept changements dans le but de sauver son bacon Tricky Trees.<\/p>\n<p>L&rsquo;arri\u00e8re gauche Toffolo \u00e9tait l&rsquo;un des quatre seuls joueurs \u00e0 conserver leur place apr\u00e8s leur racl\u00e9e 5-0 contre Fulham, et le joueur de 28 ans a justifi\u00e9 sa s\u00e9lection avec son premier but \u00e0 Forest apr\u00e8s 14 minutes.<\/p>\n<p>Une formidable interception gliss\u00e9e de <strong class=\"autotag\">Cheikhou Kouyat\u00e9<\/strong> a commenc\u00e9 le mouvement, et l&rsquo;ancien homme de Crystal Palace a projet\u00e9 le ballon vers la droite, o\u00f9 <strong class=\"autotag\">N\u00e9co Williams<\/strong> attendait de d\u00e9livrer un centre pr\u00e9cis pour que Toffolo rentre chez lui.<\/p>\n<p class=\"imgI\">\n<p><strong class=\"autotag\">Craig Dawson<\/strong> a fait tout son possible pour d\u00e9gager le ballon, mais il n&rsquo;a pu \u00e9craser la t\u00eate de Toffolo sur la barre qu&rsquo;apr\u00e8s qu&rsquo;elle ait d\u00e9j\u00e0 franchi la ligne, alors que Forest se propulsait dans l&rsquo;ascendant apr\u00e8s une p\u00e9riode d&rsquo;ouverture prudente.<\/p>\n<p>Cependant, les Wolves ont souffl\u00e9 et souffl\u00e9 pour l&rsquo;\u00e9galisation d\u00e8s le coup d&rsquo;envoi, et les murs de la maison foresti\u00e8re ont finalement \u00e9t\u00e9 d\u00e9truits \u00e0 la 32e minute, alors que <strong class=\"autotag\">Mario L\u00e9mina<\/strong> a jou\u00e9 une passe astucieuse avec une r\u00e8gle \u00e0 calcul dans la surface pour <strong class=\"autotag\">Pablo Sarabia<\/strong>qui a r\u00e9duit pour Matheus Cunha pour terminer devant le but et dans le coin le plus \u00e9loign\u00e9.<\/p>\n<p>L&rsquo;\u00e9galisation du Br\u00e9silien n&rsquo;\u00e9tait rien de moins que ce que les Wolves m\u00e9ritaient, mais Forest a laiss\u00e9 passer une occasion en or de restaurer son avance \u00e0 la 51e minute, alors que <strong class=\"autotag\">Anthony Elanga<\/strong> a \u00e9chapp\u00e9 \u00e0 l&rsquo;attention des d\u00e9fenseurs des Wolves sur un corner mais n&rsquo;a pu que faire trembler la barre transversale.<\/p>\n<p>La combinaison Williams-Toffolo a failli porter ses fruits \u00e0 nouveau pour Forest \u00e0 la 69e minute, mais ce dernier n&rsquo;a pas pu retenir sa t\u00eate \u00e0 trois m\u00e8tres cette fois-ci, six minutes avant que Turner n&#8217;emp\u00eache Cunha de mettre le dernier clou dans le cercueil de Cooper.<\/p>\n<p>Le patron de Forest a eu la s\u00e9r\u00e9nade du contingent visiteur avant le coup de sifflet \u00e0 temps plein, alors que les Tricky Trees restaient 16e du classement et quatre points d&rsquo;avance sur la zone de rel\u00e9gation, tandis que <strong class=\"autotag\">Gary O&rsquo;Neil<\/strong>L&rsquo;\u00e9quipe de Fulham a devanc\u00e9 Fulham \u00e0 la 12e place.<\/p>\n<p>Les loups ont un voyage \u00e0 West Ham United \u00e0 l&rsquo;ordre du jour dimanche prochain, tandis que Forest \u2013 avec ou sans Cooper \u00e0 la barre \u2013 accueillera Tottenham Hotspur vendredi soir prochain.<\/p>\n<\/div>\n","protected":false},"excerpt":{"rendered":"<p>L&rsquo;avenir de Steve Cooper \u00e0 Nottingham Forest reste incertain apr\u00e8s que les Tricky Trees aient \u00e9t\u00e9 tenus en \u00e9chec 1-1 par Wolverhampton Wanderers \u00e0 Molineux.<\/p>\n","protected":false},"author":1,"featured_media":2241,"comment_status":"closed","ping_status":"","sticky":false,"template":"","format":"standard","meta":{"footnotes":""},"categories":[5],"tags":[305,20,2092,358,769,357,153,2093,745,744],"yoast_head":"<!-- This site is optimized with the Yoast SEO plugin v21.0 - https:\/\/yoast.com\/wordpress\/plugins\/seo\/ -->\n<title>Matheus Cunha vole le point aux Wolverhampton Wanderers contre Nottingham Forest<\/title>\n<meta name=\"robots\" content=\"index, follow, max-snippet:-1, max-image-preview:large, max-video-preview:-1\" \/>\n<link rel=\"canonical\" href=\"https:\/\/footdavant.fr\/actualites\/matheus-cunha-vole-le-point-aux-wolverhampton-wanderers-contre-nottingham-forest\/\" \/>\n<meta property=\"og:locale\" content=\"fr_FR\" \/>\n<meta property=\"og:type\" content=\"article\" \/>\n<meta property=\"og:title\" content=\"Matheus Cunha vole le point aux Wolverhampton Wanderers contre Nottingham Forest\" \/>\n<meta property=\"og:description\" content=\"L&rsquo;avenir de Steve Cooper \u00e0 Nottingham Forest reste incertain apr\u00e8s que les Tricky Trees aient \u00e9t\u00e9 tenus en \u00e9chec 1-1 par Wolverhampton Wanderers \u00e0 Molineux.\" \/>\n<meta property=\"og:url\" content=\"https:\/\/footdavant.fr\/actualites\/matheus-cunha-vole-le-point-aux-wolverhampton-wanderers-contre-nottingham-forest\/\" \/>\n<meta property=\"og:site_name\" content=\"Foot d&#039;avant\" \/>\n<meta property=\"article:publisher\" content=\"https:\/\/www.facebook.com\/Footdavant\/\" \/>\n<meta property=\"article:published_time\" content=\"2023-12-10T21:49:00+00:00\" \/>\n<meta property=\"og:image\" content=\"https:\/\/footdavant.fr\/actualites\/wp-content\/uploads\/2023\/12\/Matheus-Cunha-vole-le-point-aux-Wolverhampton-Wanderers-contre-Nottingham.jpg\" \/>\n\t<meta property=\"og:image:width\" content=\"640\" \/>\n\t<meta property=\"og:image:height\" content=\"480\" \/>\n\t<meta property=\"og:image:type\" content=\"image\/jpeg\" \/>\n<meta name=\"author\" content=\"Cl\u00e9ment\" \/>\n<meta name=\"twitter:card\" content=\"summary_large_image\" \/>\n<meta name=\"twitter:creator\" content=\"@FootdavantFr\" \/>\n<meta name=\"twitter:site\" content=\"@FootdavantFr\" \/>\n<meta name=\"twitter:label1\" content=\"\u00c9crit par\" \/>\n\t<meta name=\"twitter:data1\" content=\"Cl\u00e9ment\" \/>\n\t<meta name=\"twitter:label2\" content=\"Dur\u00e9e de lecture estim\u00e9e\" \/>\n\t<meta name=\"twitter:data2\" content=\"3 minutes\" \/>\n<script type=\"application\/ld+json\" class=\"yoast-schema-graph\">{\"@context\":\"https:\/\/schema.org\",\"@graph\":[{\"@type\":\"Article\",\"@id\":\"https:\/\/footdavant.fr\/actualites\/matheus-cunha-vole-le-point-aux-wolverhampton-wanderers-contre-nottingham-forest\/#article\",\"isPartOf\":{\"@id\":\"https:\/\/footdavant.fr\/actualites\/matheus-cunha-vole-le-point-aux-wolverhampton-wanderers-contre-nottingham-forest\/\"},\"author\":{\"name\":\"Cl\u00e9ment\",\"@id\":\"https:\/\/footdavant.fr\/actualites\/#\/schema\/person\/bc222566d95871b37e597b3ed3ba5e1d\"},\"headline\":\"Matheus Cunha vole le point aux Wolverhampton Wanderers contre Nottingham Forest\",\"datePublished\":\"2023-12-10T21:49:00+00:00\",\"dateModified\":\"2023-12-10T21:49:00+00:00\",\"mainEntityOfPage\":{\"@id\":\"https:\/\/footdavant.fr\/actualites\/matheus-cunha-vole-le-point-aux-wolverhampton-wanderers-contre-nottingham-forest\/\"},\"wordCount\":592,\"publisher\":{\"@id\":\"https:\/\/footdavant.fr\/actualites\/#organization\"},\"keywords\":[\"aux\",\"contre\",\"Cunha\",\"Forest\",\"Matheus\",\"Nottingham\",\"point\",\"vole\",\"Wanderers\",\"Wolverhampton\"],\"articleSection\":[\"Premier League\"],\"inLanguage\":\"fr-FR\"},{\"@type\":\"WebPage\",\"@id\":\"https:\/\/footdavant.fr\/actualites\/matheus-cunha-vole-le-point-aux-wolverhampton-wanderers-contre-nottingham-forest\/\",\"url\":\"https:\/\/footdavant.fr\/actualites\/matheus-cunha-vole-le-point-aux-wolverhampton-wanderers-contre-nottingham-forest\/\",\"name\":\"Matheus Cunha vole le point aux Wolverhampton Wanderers contre Nottingham Forest\",\"isPartOf\":{\"@id\":\"https:\/\/footdavant.fr\/actualites\/#website\"},\"datePublished\":\"2023-12-10T21:49:00+00:00\",\"dateModified\":\"2023-12-10T21:49:00+00:00\",\"breadcrumb\":{\"@id\":\"https:\/\/footdavant.fr\/actualites\/matheus-cunha-vole-le-point-aux-wolverhampton-wanderers-contre-nottingham-forest\/#breadcrumb\"},\"inLanguage\":\"fr-FR\",\"potentialAction\":[{\"@type\":\"ReadAction\",\"target\":[\"https:\/\/footdavant.fr\/actualites\/matheus-cunha-vole-le-point-aux-wolverhampton-wanderers-contre-nottingham-forest\/\"]}]},{\"@type\":\"BreadcrumbList\",\"@id\":\"https:\/\/footdavant.fr\/actualites\/matheus-cunha-vole-le-point-aux-wolverhampton-wanderers-contre-nottingham-forest\/#breadcrumb\",\"itemListElement\":[{\"@type\":\"ListItem\",\"position\":1,\"name\":\"Accueil\",\"item\":\"https:\/\/footdavant.fr\/actualites\/\"},{\"@type\":\"ListItem\",\"position\":2,\"name\":\"Matheus Cunha vole le point aux Wolverhampton Wanderers contre Nottingham Forest\"}]},{\"@type\":\"WebSite\",\"@id\":\"https:\/\/footdavant.fr\/actualites\/#website\",\"url\":\"https:\/\/footdavant.fr\/actualites\/\",\"name\":\"Foot d'avant\",\"description\":\"\",\"publisher\":{\"@id\":\"https:\/\/footdavant.fr\/actualites\/#organization\"},\"potentialAction\":[{\"@type\":\"SearchAction\",\"target\":{\"@type\":\"EntryPoint\",\"urlTemplate\":\"https:\/\/footdavant.fr\/actualites\/?s={search_term_string}\"},\"query-input\":\"required name=search_term_string\"}],\"inLanguage\":\"fr-FR\"},{\"@type\":\"Organization\",\"@id\":\"https:\/\/footdavant.fr\/actualites\/#organization\",\"name\":\"Foot d'avant\",\"url\":\"https:\/\/footdavant.fr\/actualites\/\",\"logo\":{\"@type\":\"ImageObject\",\"inLanguage\":\"fr-FR\",\"@id\":\"https:\/\/footdavant.fr\/actualites\/#\/schema\/logo\/image\/\",\"url\":\"https:\/\/footdavant.fr\/actualites\/wp-content\/uploads\/2023\/09\/Copy-of-FootDavant-Logo.png\",\"contentUrl\":\"https:\/\/footdavant.fr\/actualites\/wp-content\/uploads\/2023\/09\/Copy-of-FootDavant-Logo.png\",\"width\":936,\"height\":549,\"caption\":\"Foot d'avant\"},\"image\":{\"@id\":\"https:\/\/footdavant.fr\/actualites\/#\/schema\/logo\/image\/\"},\"sameAs\":[\"https:\/\/www.facebook.com\/Footdavant\/\",\"https:\/\/twitter.com\/FootdavantFr\",\"https:\/\/www.instagram.com\/footdavant.fr\/\"]},{\"@type\":\"Person\",\"@id\":\"https:\/\/footdavant.fr\/actualites\/#\/schema\/person\/bc222566d95871b37e597b3ed3ba5e1d\",\"name\":\"Cl\u00e9ment\",\"image\":{\"@type\":\"ImageObject\",\"inLanguage\":\"fr-FR\",\"@id\":\"https:\/\/footdavant.fr\/actualites\/#\/schema\/person\/image\/\",\"url\":\"https:\/\/secure.gravatar.com\/avatar\/7728b29aac2719421e1a9159b2254c44?s=96&d=mm&r=g\",\"contentUrl\":\"https:\/\/secure.gravatar.com\/avatar\/7728b29aac2719421e1a9159b2254c44?s=96&d=mm&r=g\",\"caption\":\"Cl\u00e9ment\"},\"sameAs\":[\"https:\/\/footdavant.fr\/\"]}]}<\/script>\n<!-- \/ Yoast SEO plugin. -->","yoast_head_json":{"title":"Matheus Cunha vole le point aux Wolverhampton Wanderers contre Nottingham Forest","robots":{"index":"index","follow":"follow","max-snippet":"max-snippet:-1","max-image-preview":"max-image-preview:large","max-video-preview":"max-video-preview:-1"},"canonical":"https:\/\/footdavant.fr\/actualites\/matheus-cunha-vole-le-point-aux-wolverhampton-wanderers-contre-nottingham-forest\/","og_locale":"fr_FR","og_type":"article","og_title":"Matheus Cunha vole le point aux Wolverhampton Wanderers contre Nottingham Forest","og_description":"L&rsquo;avenir de Steve Cooper \u00e0 Nottingham Forest reste incertain apr\u00e8s que les Tricky Trees aient \u00e9t\u00e9 tenus en \u00e9chec 1-1 par Wolverhampton Wanderers \u00e0 Molineux.","og_url":"https:\/\/footdavant.fr\/actualites\/matheus-cunha-vole-le-point-aux-wolverhampton-wanderers-contre-nottingham-forest\/","og_site_name":"Foot d&#039;avant","article_publisher":"https:\/\/www.facebook.com\/Footdavant\/","article_published_time":"2023-12-10T21:49:00+00:00","og_image":[{"width":640,"height":480,"url":"https:\/\/footdavant.fr\/actualites\/wp-content\/uploads\/2023\/12\/Matheus-Cunha-vole-le-point-aux-Wolverhampton-Wanderers-contre-Nottingham.jpg","type":"image\/jpeg"}],"author":"Cl\u00e9ment","twitter_card":"summary_large_image","twitter_creator":"@FootdavantFr","twitter_site":"@FootdavantFr","twitter_misc":{"\u00c9crit par":"Cl\u00e9ment","Dur\u00e9e de lecture estim\u00e9e":"3 minutes"},"schema":{"@context":"https:\/\/schema.org","@graph":[{"@type":"Article","@id":"https:\/\/footdavant.fr\/actualites\/matheus-cunha-vole-le-point-aux-wolverhampton-wanderers-contre-nottingham-forest\/#article","isPartOf":{"@id":"https:\/\/footdavant.fr\/actualites\/matheus-cunha-vole-le-point-aux-wolverhampton-wanderers-contre-nottingham-forest\/"},"author":{"name":"Cl\u00e9ment","@id":"https:\/\/footdavant.fr\/actualites\/#\/schema\/person\/bc222566d95871b37e597b3ed3ba5e1d"},"headline":"Matheus Cunha vole le point aux Wolverhampton Wanderers contre Nottingham Forest","datePublished":"2023-12-10T21:49:00+00:00","dateModified":"2023-12-10T21:49:00+00:00","mainEntityOfPage":{"@id":"https:\/\/footdavant.fr\/actualites\/matheus-cunha-vole-le-point-aux-wolverhampton-wanderers-contre-nottingham-forest\/"},"wordCount":592,"publisher":{"@id":"https:\/\/footdavant.fr\/actualites\/#organization"},"keywords":["aux","contre","Cunha","Forest","Matheus","Nottingham","point","vole","Wanderers","Wolverhampton"],"articleSection":["Premier League"],"inLanguage":"fr-FR"},{"@type":"WebPage","@id":"https:\/\/footdavant.fr\/actualites\/matheus-cunha-vole-le-point-aux-wolverhampton-wanderers-contre-nottingham-forest\/","url":"https:\/\/footdavant.fr\/actualites\/matheus-cunha-vole-le-point-aux-wolverhampton-wanderers-contre-nottingham-forest\/","name":"Matheus Cunha vole le point aux Wolverhampton Wanderers contre Nottingham Forest","isPartOf":{"@id":"https:\/\/footdavant.fr\/actualites\/#website"},"datePublished":"2023-12-10T21:49:00+00:00","dateModified":"2023-12-10T21:49:00+00:00","breadcrumb":{"@id":"https:\/\/footdavant.fr\/actualites\/matheus-cunha-vole-le-point-aux-wolverhampton-wanderers-contre-nottingham-forest\/#breadcrumb"},"inLanguage":"fr-FR","potentialAction":[{"@type":"ReadAction","target":["https:\/\/footdavant.fr\/actualites\/matheus-cunha-vole-le-point-aux-wolverhampton-wanderers-contre-nottingham-forest\/"]}]},{"@type":"BreadcrumbList","@id":"https:\/\/footdavant.fr\/actualites\/matheus-cunha-vole-le-point-aux-wolverhampton-wanderers-contre-nottingham-forest\/#breadcrumb","itemListElement":[{"@type":"ListItem","position":1,"name":"Accueil","item":"https:\/\/footdavant.fr\/actualites\/"},{"@type":"ListItem","position":2,"name":"Matheus Cunha vole le point aux Wolverhampton Wanderers contre Nottingham Forest"}]},{"@type":"WebSite","@id":"https:\/\/footdavant.fr\/actualites\/#website","url":"https:\/\/footdavant.fr\/actualites\/","name":"Foot d'avant","description":"","publisher":{"@id":"https:\/\/footdavant.fr\/actualites\/#organization"},"potentialAction":[{"@type":"SearchAction","target":{"@type":"EntryPoint","urlTemplate":"https:\/\/footdavant.fr\/actualites\/?s={search_term_string}"},"query-input":"required name=search_term_string"}],"inLanguage":"fr-FR"},{"@type":"Organization","@id":"https:\/\/footdavant.fr\/actualites\/#organization","name":"Foot d'avant","url":"https:\/\/footdavant.fr\/actualites\/","logo":{"@type":"ImageObject","inLanguage":"fr-FR","@id":"https:\/\/footdavant.fr\/actualites\/#\/schema\/logo\/image\/","url":"https:\/\/footdavant.fr\/actualites\/wp-content\/uploads\/2023\/09\/Copy-of-FootDavant-Logo.png","contentUrl":"https:\/\/footdavant.fr\/actualites\/wp-content\/uploads\/2023\/09\/Copy-of-FootDavant-Logo.png","width":936,"height":549,"caption":"Foot d'avant"},"image":{"@id":"https:\/\/footdavant.fr\/actualites\/#\/schema\/logo\/image\/"},"sameAs":["https:\/\/www.facebook.com\/Footdavant\/","https:\/\/twitter.com\/FootdavantFr","https:\/\/www.instagram.com\/footdavant.fr\/"]},{"@type":"Person","@id":"https:\/\/footdavant.fr\/actualites\/#\/schema\/person\/bc222566d95871b37e597b3ed3ba5e1d","name":"Cl\u00e9ment","image":{"@type":"ImageObject","inLanguage":"fr-FR","@id":"https:\/\/footdavant.fr\/actualites\/#\/schema\/person\/image\/","url":"https:\/\/secure.gravatar.com\/avatar\/7728b29aac2719421e1a9159b2254c44?s=96&d=mm&r=g","contentUrl":"https:\/\/secure.gravatar.com\/avatar\/7728b29aac2719421e1a9159b2254c44?s=96&d=mm&r=g","caption":"Cl\u00e9ment"},"sameAs":["https:\/\/footdavant.fr\/"]}]}},"_links":{"self":[{"href":"https:\/\/footdavant.fr\/actualites\/wp-json\/wp\/v2\/posts\/2240"}],"collection":[{"href":"https:\/\/footdavant.fr\/actualites\/wp-json\/wp\/v2\/posts"}],"about":[{"href":"https:\/\/footdavant.fr\/actualites\/wp-json\/wp\/v2\/types\/post"}],"author":[{"embeddable":true,"href":"https:\/\/footdavant.fr\/actualites\/wp-json\/wp\/v2\/users\/1"}],"replies":[{"embeddable":true,"href":"https:\/\/footdavant.fr\/actualites\/wp-json\/wp\/v2\/comments?post=2240"}],"version-history":[{"count":1,"href":"https:\/\/footdavant.fr\/actualites\/wp-json\/wp\/v2\/posts\/2240\/revisions"}],"predecessor-version":[{"id":2242,"href":"https:\/\/footdavant.fr\/actualites\/wp-json\/wp\/v2\/posts\/2240\/revisions\/2242"}],"wp:featuredmedia":[{"embeddable":true,"href":"https:\/\/footdavant.fr\/actualites\/wp-json\/wp\/v2\/media\/2241"}],"wp:attachment":[{"href":"https:\/\/footdavant.fr\/actualites\/wp-json\/wp\/v2\/media?parent=2240"}],"wp:term":[{"taxonomy":"category","embeddable":true,"href":"https:\/\/footdavant.fr\/actualites\/wp-json\/wp\/v2\/categories?post=2240"},{"taxonomy":"post_tag","embeddable":true,"href":"https:\/\/footdavant.fr\/actualites\/wp-json\/wp\/v2\/tags?post=2240"}],"curies":[{"name":"wp","href":"https:\/\/api.w.org\/{rel}","templated":true}]}}