{"id":2246,"date":"2023-12-11T00:58:18","date_gmt":"2023-12-10T23:58:18","guid":{"rendered":"https:\/\/footdavant.fr\/actualites\/actualites-de-lequipe-de-manchester-united-blessure-liste-de-suspension-contre-le-bayern-munich\/"},"modified":"2023-12-11T00:58:19","modified_gmt":"2023-12-10T23:58:19","slug":"actualites-de-lequipe-de-manchester-united-blessure-liste-de-suspension-contre-le-bayern-munich","status":"publish","type":"post","link":"https:\/\/footdavant.fr\/actualites\/actualites-de-lequipe-de-manchester-united-blessure-liste-de-suspension-contre-le-bayern-munich\/","title":{"rendered":"Actualit\u00e9s de l\u2019\u00e9quipe de Manchester United : Blessure, liste de suspension contre le Bayern Munich"},"content":{"rendered":"<p>Sports Mole r\u00e9sume toutes les nouvelles sur les blessures et les suspensions de Manchester United avant le choc du groupe A de la Ligue des champions de mardi avec le Bayern Munich.<\/p>\n<div id=\"article_body\" itemprop=\"articleBody\">\n<p class=\"firstPara\">\u00c0 l&rsquo;aube d&rsquo;une sortie pr\u00e9matur\u00e9e de cette saison <strong class=\"autotag\">Ligue des champions<\/strong>, <strong class=\"autotag\">Manchester United<\/strong> j&rsquo;ai tout \u00e0 faire quand <strong class=\"autotag\">Bayern Munich<\/strong> visitez Old Trafford pour leur derni\u00e8re bataille du Groupe A mardi.<\/p>\n<p>Avec seulement quatre points d\u00e9risoires en cinq matches dans le groupe jusqu&rsquo;\u00e0 pr\u00e9sent, les Diables Rouges sont enracin\u00e9s au bas du classement, \u00e0 un point de Copenhague et de Galatasaray.<\/p>\n<p><strong class=\"autotag\">Erik Ten Hag<\/strong>Les hommes de &lsquo;s doivent donc surprendre le Bayern, vainqueur du groupe, et esp\u00e9rer un match nul dans l&rsquo;autre comp\u00e9tition pour se faufiler \u00e0 la deuxi\u00e8me place, mais ils reviennent au devoir continental apr\u00e8s avoir \u00e9t\u00e9 g\u00ean\u00e9s 3-0 par Bournemouth en Premier League.<\/p>\n<p>Ici, <strong>Taupe de sport<\/strong> r\u00e9sume les derni\u00e8res nouvelles sur les blessures et les suspensions des Diables Rouges avant le match contre le Bayern, qui n&rsquo;a perdu que deux points dans le groupe A jusqu&rsquo;\u00e0 pr\u00e9sent.<\/p>\n<hr>\n<p class=\"imgI\">\n<p><strong>Statut:<\/strong> Un doute majeur<br \/><strong>Type de blessure :<\/strong> Frappe<br \/><strong>Date de retour possible :<\/strong> 12 d\u00e9cembre (contre le Bayern Munich)<\/p>\n<p>Victor Lindelof a \u00e9t\u00e9 victime \u00e0 la mi-temps de la victoire en milieu de semaine contre Chelsea et a ensuite rat\u00e9 la d\u00e9faite contre Bournemouth avec ce coup. Il reste donc \u00e0 voir s&rsquo;il aura le feu vert pour affronter les champions d&rsquo;Allemagne.<\/p>\n<hr>\n<p class=\"imgI\"><img decoding=\"async\" loading=\"lazy\" class=\"l\" src=\"https:\/\/footdavant.fr\/actualites\/wp-content\/uploads\/2023\/12\/1702252698_766_Actualites-de-lequipe-de-Manchester-United-Blessure-liste-de.jpg\" title=\"Casemiro de Manchester United quitte le terrain apr\u00e8s avoir \u00e9t\u00e9 expuls\u00e9 le 3 octobre 2023\" alt=\"Casemiro de Manchester United quitte le terrain apr\u00e8s avoir \u00e9t\u00e9 expuls\u00e9 le 3 octobre 2023\" width=\"640\" height=\"480\"><\/p>\n<p><strong>Statut:<\/strong> Dehors<br \/><strong>Type de blessure :<\/strong> Tendon <br \/><strong>Date de retour possible :<\/strong> 14 janvier (contre Tottenham Hotspur)<\/p>\n<p>Casemiro regarde depuis le banc de touche depuis qu&rsquo;il a subi une grave blessure aux ischio-jambiers en novembre, et Ten Hag ne croit pas que l&rsquo;ancien joueur du Real Madrid rejouera avant 2024.<\/p>\n<hr>\n<p class=\"imgI\"><img decoding=\"async\" loading=\"lazy\" class=\"l\" src=\"https:\/\/footdavant.fr\/actualites\/wp-content\/uploads\/2023\/12\/Actualites-de-lequipe-de-Manchester-United-Blessure-liste-de.JPG\" title=\"Lisandro Martinez de Manchester United en action le 14 ao\u00fbt 2023\" alt=\"Lisandro Martinez de Manchester United en action le 14 ao\u00fbt 2023\" width=\"640\" height=\"480\"><\/p>\n<p><strong>Statut:<\/strong> Dehors<br \/><strong>Type de blessure :<\/strong> Pied <br \/><strong>Date de retour possible :<\/strong> 14 janvier (contre Tottenham Hotspur)<\/p>\n<p>De m\u00eame, Lisandro Martinez aurait \u00e9galement disput\u00e9 son dernier match pour Man United au cours de l\u2019ann\u00e9e civile en cours, apr\u00e8s avoir \u00e9t\u00e9 contraint de passer sous le bistouri une deuxi\u00e8me fois pour soigner une blessure au pied.<\/p>\n<hr>\n<p class=\"imgI\"><img decoding=\"async\" loading=\"lazy\" class=\"l\" src=\"https:\/\/footdavant.fr\/actualites\/wp-content\/uploads\/2023\/12\/1702252698_598_Actualites-de-lequipe-de-Manchester-United-Blessure-liste-de.JPG\" title=\"Demarai Gray d'Everton en action avec Tyrell Malacia de Manchester United le 8 avril 2023\" alt=\"Demarai Gray d'Everton en action avec Tyrell Malacia de Manchester United le 8 avril 2023\" width=\"640\" height=\"480\"><\/p>\n<p><strong>Statut:<\/strong> Dehors<br \/><strong>Type de blessure :<\/strong> Genou <br \/><strong>Date de retour possible :<\/strong> 14 janvier (contre Tottenham Hotspur)<\/p>\n<p>Tyrell Malacia n&rsquo;a pas \u00e9t\u00e9 vu sous un maillot de Man United toute la saison en raison d&rsquo;un probl\u00e8me au genou, mais Ten Hag esp\u00e8re qu&rsquo;il reviendra de l&rsquo;op\u00e9ration dans quelques semaines.<\/p>\n<hr>\n<p class=\"imgI\"><img decoding=\"async\" loading=\"lazy\" class=\"l\" src=\"https:\/\/footdavant.fr\/actualites\/wp-content\/uploads\/2023\/12\/1702252698_88_Actualites-de-lequipe-de-Manchester-United-Blessure-liste-de.JPG\" title=\"Christian Eriksen de Manchester United le 16 septembre 2023\" alt=\"Christian Eriksen de Manchester United le 16 septembre 2023\" width=\"640\" height=\"480\"><\/p>\n<p><strong>Statut:<\/strong> Dehors<br \/><strong>Type de blessure :<\/strong> Genou <br \/><strong>Date de retour possible :<\/strong> 23 d\u00e9cembre (contre West Ham United)<\/p>\n<p>Christian Eriksen a \u00e9t\u00e9 exclu pendant \u00ab\u00a0quelques semaines\u00a0\u00bb apr\u00e8s avoir contract\u00e9 un probl\u00e8me au genou contre Luton Town en novembre, mais on peut esp\u00e9rer qu&rsquo;il sera de retour en action vers la p\u00e9riode de No\u00ebl.<\/p>\n<hr>\n<p class=\"imgI\"><img decoding=\"async\" loading=\"lazy\" class=\"l\" src=\"https:\/\/footdavant.fr\/actualites\/wp-content\/uploads\/2023\/12\/1702252698_213_Actualites-de-lequipe-de-Manchester-United-Blessure-liste-de.jpg\" title=\"Mason Mount de Manchester United en action le 26 septembre 2023\" alt=\"Mason Mount de Manchester United en action le 26 septembre 2023\" width=\"640\" height=\"480\"><\/p>\n<p><strong>Statut:<\/strong> Un doute majeur<br \/><strong>Type de blessure :<\/strong> Veau <br \/><strong>Date de retour possible :<\/strong> 12 d\u00e9cembre (contre le Bayern)<\/p>\n<p>Mason Mount a repris l&rsquo;entra\u00eenement apr\u00e8s une blessure au mollet au d\u00e9but du mois, mais il n&rsquo;\u00e9tait pas apte \u00e0 affronter Bournemouth et semble mener une bataille perdue d&rsquo;avance pour se rendre disponible pour le match de mardi.<\/p>\n<hr>\n<p class=\"imgI\"><img decoding=\"async\" loading=\"lazy\" class=\"l\" src=\"https:\/\/footdavant.fr\/actualites\/wp-content\/uploads\/2023\/12\/1702252698_826_Actualites-de-lequipe-de-Manchester-United-Blessure-liste-de.jpg\" title=\"Amad Diallo c\u00e9l\u00e8bre le but de Man Utd le 31 juillet 2022\" alt=\"Amad Diallo c\u00e9l\u00e8bre le but de Man Utd le 31 juillet 2022\" width=\"640\" height=\"480\"><\/p>\n<p><strong>Statut:<\/strong> Dehors<br \/><strong>Type de blessure :<\/strong> Genou <br \/><strong>Date de retour possible :<\/strong> Inconnu<\/p>\n<p>Amad Diallo est d\u00e9sormais de retour \u00e0 l&rsquo;entra\u00eenement complet avec les Diables Rouges apr\u00e8s s&rsquo;\u00eatre bless\u00e9 au genou cet \u00e9t\u00e9, mais il aura le temps de se remettre en forme et ne devrait pas \u00eatre nomm\u00e9 dans l&rsquo;\u00e9quipe cette semaine.<\/p>\n<hr>\n<p><strong><\/p>\n<h2>LISTE DES SUSPENSIONS DE MANCHESTER UNITED<\/h2>\n<p><\/strong><\/p>\n<p><strong class=\"autotag\">Marcus Rashford<\/strong> est de retour d&rsquo;une interdiction de la Ligue des Champions cette semaine, ce qui signifie que Man United n&rsquo;a aucun joueur suspendu pour la visite du Bayern, mais <strong class=\"autotag\">Jadon Sancho<\/strong> reste en exil au milieu de ses retomb\u00e9es avec Ten Hag.<\/p>\n<\/div>\n","protected":false},"excerpt":{"rendered":"<p>Sports Mole r\u00e9sume toutes les nouvelles sur les blessures et les suspensions de Manchester United avant le choc du groupe A de la Ligue des<\/p>\n","protected":false},"author":1,"featured_media":2247,"comment_status":"closed","ping_status":"","sticky":false,"template":"","format":"standard","meta":{"footnotes":""},"categories":[4],"tags":[7,340,15,20,9,17,11,341,18,13],"yoast_head":"<!-- This site is optimized with the Yoast SEO plugin v21.0 - https:\/\/yoast.com\/wordpress\/plugins\/seo\/ -->\n<title>Actualit\u00e9s de l\u2019\u00e9quipe de Manchester United : Blessure, liste de suspension contre le Bayern Munich<\/title>\n<meta name=\"robots\" content=\"index, follow, max-snippet:-1, max-image-preview:large, max-video-preview:-1\" \/>\n<link rel=\"canonical\" href=\"https:\/\/footdavant.fr\/actualites\/actualites-de-lequipe-de-manchester-united-blessure-liste-de-suspension-contre-le-bayern-munich\/\" \/>\n<meta property=\"og:locale\" content=\"fr_FR\" \/>\n<meta property=\"og:type\" content=\"article\" \/>\n<meta property=\"og:title\" content=\"Actualit\u00e9s de l\u2019\u00e9quipe de Manchester United : Blessure, liste de suspension contre le Bayern Munich\" \/>\n<meta property=\"og:description\" content=\"Sports Mole r\u00e9sume toutes les nouvelles sur les blessures et les suspensions de Manchester United avant le choc du groupe A de la Ligue des\" \/>\n<meta property=\"og:url\" content=\"https:\/\/footdavant.fr\/actualites\/actualites-de-lequipe-de-manchester-united-blessure-liste-de-suspension-contre-le-bayern-munich\/\" \/>\n<meta property=\"og:site_name\" content=\"Foot d&#039;avant\" \/>\n<meta property=\"article:publisher\" content=\"https:\/\/www.facebook.com\/Footdavant\/\" \/>\n<meta property=\"article:published_time\" content=\"2023-12-10T23:58:18+00:00\" \/>\n<meta property=\"article:modified_time\" content=\"2023-12-10T23:58:19+00:00\" \/>\n<meta property=\"og:image\" content=\"https:\/\/footdavant.fr\/actualites\/wp-content\/uploads\/2023\/12\/Actualites-de-lequipe-de-Manchester-United-Blessure-liste-de.jpg\" \/>\n\t<meta property=\"og:image:width\" content=\"640\" \/>\n\t<meta property=\"og:image:height\" content=\"480\" \/>\n\t<meta property=\"og:image:type\" content=\"image\/jpeg\" \/>\n<meta name=\"author\" content=\"Cl\u00e9ment\" \/>\n<meta name=\"twitter:card\" content=\"summary_large_image\" \/>\n<meta name=\"twitter:creator\" content=\"@FootdavantFr\" \/>\n<meta name=\"twitter:site\" content=\"@FootdavantFr\" \/>\n<meta name=\"twitter:label1\" content=\"\u00c9crit par\" \/>\n\t<meta name=\"twitter:data1\" content=\"Cl\u00e9ment\" \/>\n\t<meta name=\"twitter:label2\" content=\"Dur\u00e9e de lecture estim\u00e9e\" \/>\n\t<meta name=\"twitter:data2\" content=\"3 minutes\" \/>\n<script type=\"application\/ld+json\" class=\"yoast-schema-graph\">{\"@context\":\"https:\/\/schema.org\",\"@graph\":[{\"@type\":\"Article\",\"@id\":\"https:\/\/footdavant.fr\/actualites\/actualites-de-lequipe-de-manchester-united-blessure-liste-de-suspension-contre-le-bayern-munich\/#article\",\"isPartOf\":{\"@id\":\"https:\/\/footdavant.fr\/actualites\/actualites-de-lequipe-de-manchester-united-blessure-liste-de-suspension-contre-le-bayern-munich\/\"},\"author\":{\"name\":\"Cl\u00e9ment\",\"@id\":\"https:\/\/footdavant.fr\/actualites\/#\/schema\/person\/bc222566d95871b37e597b3ed3ba5e1d\"},\"headline\":\"Actualit\u00e9s de l\u2019\u00e9quipe de Manchester United : Blessure, liste de suspension contre le Bayern Munich\",\"datePublished\":\"2023-12-10T23:58:18+00:00\",\"dateModified\":\"2023-12-10T23:58:19+00:00\",\"mainEntityOfPage\":{\"@id\":\"https:\/\/footdavant.fr\/actualites\/actualites-de-lequipe-de-manchester-united-blessure-liste-de-suspension-contre-le-bayern-munich\/\"},\"wordCount\":632,\"publisher\":{\"@id\":\"https:\/\/footdavant.fr\/actualites\/#organization\"},\"keywords\":[\"Actualit\u00e9s\",\"Bayern\",\"Blessure\",\"contre\",\"l\u00e9quipe\",\"liste\",\"Manchester\",\"Munich\",\"suspension\",\"United\"],\"articleSection\":[\"Champions League\"],\"inLanguage\":\"fr-FR\"},{\"@type\":\"WebPage\",\"@id\":\"https:\/\/footdavant.fr\/actualites\/actualites-de-lequipe-de-manchester-united-blessure-liste-de-suspension-contre-le-bayern-munich\/\",\"url\":\"https:\/\/footdavant.fr\/actualites\/actualites-de-lequipe-de-manchester-united-blessure-liste-de-suspension-contre-le-bayern-munich\/\",\"name\":\"Actualit\u00e9s de l\u2019\u00e9quipe de Manchester United : Blessure, liste de suspension contre le Bayern Munich\",\"isPartOf\":{\"@id\":\"https:\/\/footdavant.fr\/actualites\/#website\"},\"datePublished\":\"2023-12-10T23:58:18+00:00\",\"dateModified\":\"2023-12-10T23:58:19+00:00\",\"breadcrumb\":{\"@id\":\"https:\/\/footdavant.fr\/actualites\/actualites-de-lequipe-de-manchester-united-blessure-liste-de-suspension-contre-le-bayern-munich\/#breadcrumb\"},\"inLanguage\":\"fr-FR\",\"potentialAction\":[{\"@type\":\"ReadAction\",\"target\":[\"https:\/\/footdavant.fr\/actualites\/actualites-de-lequipe-de-manchester-united-blessure-liste-de-suspension-contre-le-bayern-munich\/\"]}]},{\"@type\":\"BreadcrumbList\",\"@id\":\"https:\/\/footdavant.fr\/actualites\/actualites-de-lequipe-de-manchester-united-blessure-liste-de-suspension-contre-le-bayern-munich\/#breadcrumb\",\"itemListElement\":[{\"@type\":\"ListItem\",\"position\":1,\"name\":\"Accueil\",\"item\":\"https:\/\/footdavant.fr\/actualites\/\"},{\"@type\":\"ListItem\",\"position\":2,\"name\":\"Actualit\u00e9s de l\u2019\u00e9quipe de Manchester United : Blessure, liste de suspension contre le Bayern Munich\"}]},{\"@type\":\"WebSite\",\"@id\":\"https:\/\/footdavant.fr\/actualites\/#website\",\"url\":\"https:\/\/footdavant.fr\/actualites\/\",\"name\":\"Foot d'avant\",\"description\":\"\",\"publisher\":{\"@id\":\"https:\/\/footdavant.fr\/actualites\/#organization\"},\"potentialAction\":[{\"@type\":\"SearchAction\",\"target\":{\"@type\":\"EntryPoint\",\"urlTemplate\":\"https:\/\/footdavant.fr\/actualites\/?s={search_term_string}\"},\"query-input\":\"required name=search_term_string\"}],\"inLanguage\":\"fr-FR\"},{\"@type\":\"Organization\",\"@id\":\"https:\/\/footdavant.fr\/actualites\/#organization\",\"name\":\"Foot d'avant\",\"url\":\"https:\/\/footdavant.fr\/actualites\/\",\"logo\":{\"@type\":\"ImageObject\",\"inLanguage\":\"fr-FR\",\"@id\":\"https:\/\/footdavant.fr\/actualites\/#\/schema\/logo\/image\/\",\"url\":\"https:\/\/footdavant.fr\/actualites\/wp-content\/uploads\/2023\/09\/Copy-of-FootDavant-Logo.png\",\"contentUrl\":\"https:\/\/footdavant.fr\/actualites\/wp-content\/uploads\/2023\/09\/Copy-of-FootDavant-Logo.png\",\"width\":936,\"height\":549,\"caption\":\"Foot d'avant\"},\"image\":{\"@id\":\"https:\/\/footdavant.fr\/actualites\/#\/schema\/logo\/image\/\"},\"sameAs\":[\"https:\/\/www.facebook.com\/Footdavant\/\",\"https:\/\/twitter.com\/FootdavantFr\",\"https:\/\/www.instagram.com\/footdavant.fr\/\"]},{\"@type\":\"Person\",\"@id\":\"https:\/\/footdavant.fr\/actualites\/#\/schema\/person\/bc222566d95871b37e597b3ed3ba5e1d\",\"name\":\"Cl\u00e9ment\",\"image\":{\"@type\":\"ImageObject\",\"inLanguage\":\"fr-FR\",\"@id\":\"https:\/\/footdavant.fr\/actualites\/#\/schema\/person\/image\/\",\"url\":\"https:\/\/secure.gravatar.com\/avatar\/7728b29aac2719421e1a9159b2254c44?s=96&d=mm&r=g\",\"contentUrl\":\"https:\/\/secure.gravatar.com\/avatar\/7728b29aac2719421e1a9159b2254c44?s=96&d=mm&r=g\",\"caption\":\"Cl\u00e9ment\"},\"sameAs\":[\"https:\/\/footdavant.fr\/\"]}]}<\/script>\n<!-- \/ Yoast SEO plugin. -->","yoast_head_json":{"title":"Actualit\u00e9s de l\u2019\u00e9quipe de Manchester United : Blessure, liste de suspension contre le Bayern Munich","robots":{"index":"index","follow":"follow","max-snippet":"max-snippet:-1","max-image-preview":"max-image-preview:large","max-video-preview":"max-video-preview:-1"},"canonical":"https:\/\/footdavant.fr\/actualites\/actualites-de-lequipe-de-manchester-united-blessure-liste-de-suspension-contre-le-bayern-munich\/","og_locale":"fr_FR","og_type":"article","og_title":"Actualit\u00e9s de l\u2019\u00e9quipe de Manchester United : Blessure, liste de suspension contre le Bayern Munich","og_description":"Sports Mole r\u00e9sume toutes les nouvelles sur les blessures et les suspensions de Manchester United avant le choc du groupe A de la Ligue des","og_url":"https:\/\/footdavant.fr\/actualites\/actualites-de-lequipe-de-manchester-united-blessure-liste-de-suspension-contre-le-bayern-munich\/","og_site_name":"Foot d&#039;avant","article_publisher":"https:\/\/www.facebook.com\/Footdavant\/","article_published_time":"2023-12-10T23:58:18+00:00","article_modified_time":"2023-12-10T23:58:19+00:00","og_image":[{"width":640,"height":480,"url":"https:\/\/footdavant.fr\/actualites\/wp-content\/uploads\/2023\/12\/Actualites-de-lequipe-de-Manchester-United-Blessure-liste-de.jpg","type":"image\/jpeg"}],"author":"Cl\u00e9ment","twitter_card":"summary_large_image","twitter_creator":"@FootdavantFr","twitter_site":"@FootdavantFr","twitter_misc":{"\u00c9crit par":"Cl\u00e9ment","Dur\u00e9e de lecture estim\u00e9e":"3 minutes"},"schema":{"@context":"https:\/\/schema.org","@graph":[{"@type":"Article","@id":"https:\/\/footdavant.fr\/actualites\/actualites-de-lequipe-de-manchester-united-blessure-liste-de-suspension-contre-le-bayern-munich\/#article","isPartOf":{"@id":"https:\/\/footdavant.fr\/actualites\/actualites-de-lequipe-de-manchester-united-blessure-liste-de-suspension-contre-le-bayern-munich\/"},"author":{"name":"Cl\u00e9ment","@id":"https:\/\/footdavant.fr\/actualites\/#\/schema\/person\/bc222566d95871b37e597b3ed3ba5e1d"},"headline":"Actualit\u00e9s de l\u2019\u00e9quipe de Manchester United : Blessure, liste de suspension contre le Bayern Munich","datePublished":"2023-12-10T23:58:18+00:00","dateModified":"2023-12-10T23:58:19+00:00","mainEntityOfPage":{"@id":"https:\/\/footdavant.fr\/actualites\/actualites-de-lequipe-de-manchester-united-blessure-liste-de-suspension-contre-le-bayern-munich\/"},"wordCount":632,"publisher":{"@id":"https:\/\/footdavant.fr\/actualites\/#organization"},"keywords":["Actualit\u00e9s","Bayern","Blessure","contre","l\u00e9quipe","liste","Manchester","Munich","suspension","United"],"articleSection":["Champions League"],"inLanguage":"fr-FR"},{"@type":"WebPage","@id":"https:\/\/footdavant.fr\/actualites\/actualites-de-lequipe-de-manchester-united-blessure-liste-de-suspension-contre-le-bayern-munich\/","url":"https:\/\/footdavant.fr\/actualites\/actualites-de-lequipe-de-manchester-united-blessure-liste-de-suspension-contre-le-bayern-munich\/","name":"Actualit\u00e9s de l\u2019\u00e9quipe de Manchester United : Blessure, liste de suspension contre le Bayern Munich","isPartOf":{"@id":"https:\/\/footdavant.fr\/actualites\/#website"},"datePublished":"2023-12-10T23:58:18+00:00","dateModified":"2023-12-10T23:58:19+00:00","breadcrumb":{"@id":"https:\/\/footdavant.fr\/actualites\/actualites-de-lequipe-de-manchester-united-blessure-liste-de-suspension-contre-le-bayern-munich\/#breadcrumb"},"inLanguage":"fr-FR","potentialAction":[{"@type":"ReadAction","target":["https:\/\/footdavant.fr\/actualites\/actualites-de-lequipe-de-manchester-united-blessure-liste-de-suspension-contre-le-bayern-munich\/"]}]},{"@type":"BreadcrumbList","@id":"https:\/\/footdavant.fr\/actualites\/actualites-de-lequipe-de-manchester-united-blessure-liste-de-suspension-contre-le-bayern-munich\/#breadcrumb","itemListElement":[{"@type":"ListItem","position":1,"name":"Accueil","item":"https:\/\/footdavant.fr\/actualites\/"},{"@type":"ListItem","position":2,"name":"Actualit\u00e9s de l\u2019\u00e9quipe de Manchester United : Blessure, liste de suspension contre le Bayern Munich"}]},{"@type":"WebSite","@id":"https:\/\/footdavant.fr\/actualites\/#website","url":"https:\/\/footdavant.fr\/actualites\/","name":"Foot d'avant","description":"","publisher":{"@id":"https:\/\/footdavant.fr\/actualites\/#organization"},"potentialAction":[{"@type":"SearchAction","target":{"@type":"EntryPoint","urlTemplate":"https:\/\/footdavant.fr\/actualites\/?s={search_term_string}"},"query-input":"required name=search_term_string"}],"inLanguage":"fr-FR"},{"@type":"Organization","@id":"https:\/\/footdavant.fr\/actualites\/#organization","name":"Foot d'avant","url":"https:\/\/footdavant.fr\/actualites\/","logo":{"@type":"ImageObject","inLanguage":"fr-FR","@id":"https:\/\/footdavant.fr\/actualites\/#\/schema\/logo\/image\/","url":"https:\/\/footdavant.fr\/actualites\/wp-content\/uploads\/2023\/09\/Copy-of-FootDavant-Logo.png","contentUrl":"https:\/\/footdavant.fr\/actualites\/wp-content\/uploads\/2023\/09\/Copy-of-FootDavant-Logo.png","width":936,"height":549,"caption":"Foot d'avant"},"image":{"@id":"https:\/\/footdavant.fr\/actualites\/#\/schema\/logo\/image\/"},"sameAs":["https:\/\/www.facebook.com\/Footdavant\/","https:\/\/twitter.com\/FootdavantFr","https:\/\/www.instagram.com\/footdavant.fr\/"]},{"@type":"Person","@id":"https:\/\/footdavant.fr\/actualites\/#\/schema\/person\/bc222566d95871b37e597b3ed3ba5e1d","name":"Cl\u00e9ment","image":{"@type":"ImageObject","inLanguage":"fr-FR","@id":"https:\/\/footdavant.fr\/actualites\/#\/schema\/person\/image\/","url":"https:\/\/secure.gravatar.com\/avatar\/7728b29aac2719421e1a9159b2254c44?s=96&d=mm&r=g","contentUrl":"https:\/\/secure.gravatar.com\/avatar\/7728b29aac2719421e1a9159b2254c44?s=96&d=mm&r=g","caption":"Cl\u00e9ment"},"sameAs":["https:\/\/footdavant.fr\/"]}]}},"_links":{"self":[{"href":"https:\/\/footdavant.fr\/actualites\/wp-json\/wp\/v2\/posts\/2246"}],"collection":[{"href":"https:\/\/footdavant.fr\/actualites\/wp-json\/wp\/v2\/posts"}],"about":[{"href":"https:\/\/footdavant.fr\/actualites\/wp-json\/wp\/v2\/types\/post"}],"author":[{"embeddable":true,"href":"https:\/\/footdavant.fr\/actualites\/wp-json\/wp\/v2\/users\/1"}],"replies":[{"embeddable":true,"href":"https:\/\/footdavant.fr\/actualites\/wp-json\/wp\/v2\/comments?post=2246"}],"version-history":[{"count":1,"href":"https:\/\/footdavant.fr\/actualites\/wp-json\/wp\/v2\/posts\/2246\/revisions"}],"predecessor-version":[{"id":2248,"href":"https:\/\/footdavant.fr\/actualites\/wp-json\/wp\/v2\/posts\/2246\/revisions\/2248"}],"wp:featuredmedia":[{"embeddable":true,"href":"https:\/\/footdavant.fr\/actualites\/wp-json\/wp\/v2\/media\/2247"}],"wp:attachment":[{"href":"https:\/\/footdavant.fr\/actualites\/wp-json\/wp\/v2\/media?parent=2246"}],"wp:term":[{"taxonomy":"category","embeddable":true,"href":"https:\/\/footdavant.fr\/actualites\/wp-json\/wp\/v2\/categories?post=2246"},{"taxonomy":"post_tag","embeddable":true,"href":"https:\/\/footdavant.fr\/actualites\/wp-json\/wp\/v2\/tags?post=2246"}],"curies":[{"name":"wp","href":"https:\/\/api.w.org\/{rel}","templated":true}]}}