{"id":2255,"date":"2023-12-11T03:50:41","date_gmt":"2023-12-11T02:50:41","guid":{"rendered":"https:\/\/footdavant.fr\/actualites\/erik-ten-hag-nous-devons-tirer-les-lecons-du-choc-de-galatasaray\/"},"modified":"2023-12-11T03:50:42","modified_gmt":"2023-12-11T02:50:42","slug":"erik-ten-hag-nous-devons-tirer-les-lecons-du-choc-de-galatasaray","status":"publish","type":"post","link":"https:\/\/footdavant.fr\/actualites\/erik-ten-hag-nous-devons-tirer-les-lecons-du-choc-de-galatasaray\/","title":{"rendered":"Erik ten Hag : \u00ab\u00a0Nous devons tirer les le\u00e7ons du choc de Galatasaray\u00a0\u00bb"},"content":{"rendered":"<p>Le patron de Manchester United, Erik ten Hag, a d\u00e9clar\u00e9 que son \u00e9quipe devait \u00ab\u00a0apprendre\u00a0\u00bb de ses \u00ab\u00a0erreurs\u00a0\u00bb contre Galatasaray en Ligue des champions.<\/p>\n<div id=\"article_body\" itemprop=\"articleBody\">\n<h3 class=\"firstPara\">\n<strong class=\"autotag\">Manchester United<\/strong> l&rsquo;entra\u00eeneur-chef <strong class=\"autotag\">Erik Ten Hag<\/strong> a d\u00e9clar\u00e9 que son \u00e9quipe devait \u00ab\u00a0apprendre\u00a0\u00bb de ses \u00ab\u00a0erreurs\u00a0\u00bb apr\u00e8s le match nul 3-3 de mercredi contre <strong class=\"autotag\">Galatasaray<\/strong> dans le <strong class=\"autotag\">Ligue des champions<\/strong>.<\/h3>\n<p>Les 20 fois champions d&rsquo;Angleterre menaient 2-0 et 3-1 en Turquie, mais ont finalement d\u00fb se contenter d&rsquo;une part du butin, leurs espoirs d&rsquo;atteindre les huiti\u00e8mes de finale ne tenant plus qu&rsquo;\u00e0 un fil.<\/p>\n<p>Pour passer \u00e0 l&rsquo;\u00e9tape suivante, Man United doit battre le Bayern Munich, d\u00e9j\u00e0 qualifi\u00e9, lors de son dernier match de la section et esp\u00e9rer que Copenhague et Galatasaray fassent match nul.<\/p>\n<p>Ten Hag \u00e9tait pr\u00eat \u00e0 assumer la responsabilit\u00e9 de la derni\u00e8re capitulation de son \u00e9quipe en Ligue des champions, mais il a d\u00e9clar\u00e9 que tout le monde, y compris l&rsquo;\u00e9quipe d&rsquo;entra\u00eeneurs et les joueurs, devait tirer les le\u00e7ons de ce match.<\/p>\n<p><strong class=\"autotag\">Andr\u00e9 Onana<\/strong>Le r\u00f4le de dans le r\u00e9sultat a de nouveau \u00e9t\u00e9 critiqu\u00e9, le gardien de Man United accordant deux coups francs apprivois\u00e9s de <strong class=\"autotag\">Hakim Ziyech<\/strong> pour retrouver le fond des filets.<\/p>\n<p class=\"imgI\">\n<p>La position du Camerounais pour le troisi\u00e8me match de Galatasaray a \u00e9galement \u00e9t\u00e9 remise en question malgr\u00e9 le fait qu&rsquo;il s&rsquo;agissait d&rsquo;une frappe explosive de <strong class=\"autotag\">Kerem Akturkoglu<\/strong>.<\/p>\n<p>\u00ab\u00a0Je pense que chaque but a sa propre histoire. Le premier est un moment de transition, quand vous parlez de lib\u00e9ration rapide, nous ne bloquons pas le milieu\u00a0\u00bb, a-t-il d\u00e9clar\u00e9 aux journalistes apr\u00e8s le choc \u00e0 Istanbul.<\/p>\n<p>\u00ab\u00a0Le deuxi\u00e8me est un coup franc, un coup franc inutile, mais ensuite nous devons mieux d\u00e9fendre le coup franc, puis le troisi\u00e8me, nous sommes tr\u00e8s bons et organis\u00e9s mais nous nous sommes fait \u00e9chapper et nous sommes dans une zone de surcharge. .<\/p>\n<p>\u00ab\u00a0Donc, cela ne peut jamais arriver, ces erreurs ne peuvent pas arriver. En Ligue des champions, vous \u00eates puni pour cela, vous devez donc en tirer des le\u00e7ons.<\/p>\n<p class=\"imgI\"><img decoding=\"async\" loading=\"lazy\" class=\"l\" src=\"https:\/\/footdavant.fr\/actualites\/wp-content\/uploads\/2023\/12\/1702263041_637_Erik-ten-Hag-Nous-devons-tirer-les-lecons-du.JPG\" title=\"Kerem Akturkoglu de Galatasaray c\u00e9l\u00e8bre son but contre Manchester United le 29 novembre 2023\" alt=\"Kerem Akturkoglu de Galatasaray c\u00e9l\u00e8bre son but contre Manchester United le 29 novembre 2023\" width=\"640\" height=\"480\"><\/p>\n<p>\u00ab\u00a0Nous gagnions et puis nous perdons [points].  On aurait d\u00fb prendre trois points, c&rsquo;est clair.  C&rsquo;est aussi [the case] plus de matches : \u00e0 domicile contre Galatasaray, \u00e0 Copenhague, nous avons tr\u00e8s bien jou\u00e9.<\/p>\n<p>\u00ab\u00a0Je dois faire un grand compliment \u00e0 l&rsquo;\u00e9quipe mais, en m\u00eame temps, je dois critiquer l&rsquo;\u00e9quipe et nous-m\u00eames : en tant qu&rsquo;entra\u00eeneur et moi-m\u00eame, en tant que manager. Nous ne d\u00e9fendons pas assez bien. Nous menons 3- 1 et vous ne pouvez pas vous permettre les erreurs que nous commettons, car cela fait la diff\u00e9rence.\u00a0\u00bb<\/p>\n<p>Pendant ce temps, le capitaine <strong class=\"autotag\">Bruno Fernandes<\/strong> ajout\u00e9 \u00e0 <em>TNT Sports<\/em>: \u00ab\u00a0C&rsquo;est dommage, pour \u00eatre honn\u00eate. Je ne veux pas \u00eatre trop n\u00e9gatif mais ce que nous avons fait en Ligue des champions n&rsquo;est pas suffisant. Nous devons contr\u00f4ler nos matchs, \u00e0 chaque fois.<\/p>\n<p>\u00ab\u00a0Ce n&rsquo;est pas le premier match que nous avons comme \u00e7a. M\u00eame \u00e0 Copenhague, je comprends que nous avions un joueur de moins mais nous marquons pour 3-2 et nous devons assurer le r\u00e9sultat. Nous devons comprendre dans ce genre de match, dans ce genre \u00a0\u00bb Sur sc\u00e8ne, il faut \u00eatre assez intelligent et mieux g\u00e9rer le jeu. \u00ab\u00a0<\/p>\n<p>Man United tentera de poursuivre son impressionnante forme en Premier League lorsqu&rsquo;il se rendra \u00e0 St James&rsquo; Park samedi soir pour affronter Newcastle United.<\/p>\n<\/div>\n","protected":false},"excerpt":{"rendered":"<p>Le patron de Manchester United, Erik ten Hag, a d\u00e9clar\u00e9 que son \u00e9quipe devait \u00ab\u00a0apprendre\u00a0\u00bb de ses \u00ab\u00a0erreurs\u00a0\u00bb contre Galatasaray en Ligue des champions. Manchester<\/p>\n","protected":false},"author":1,"featured_media":2256,"comment_status":"closed","ping_status":"","sticky":false,"template":"","format":"standard","meta":{"footnotes":""},"categories":[4],"tags":[332,2104,190,602,192,2105,93,762,191,1499],"yoast_head":"<!-- This site is optimized with the Yoast SEO plugin v21.0 - https:\/\/yoast.com\/wordpress\/plugins\/seo\/ -->\n<title>Erik ten Hag : &quot;Nous devons tirer les le\u00e7ons du choc de Galatasaray&quot;<\/title>\n<meta name=\"robots\" content=\"index, follow, max-snippet:-1, max-image-preview:large, max-video-preview:-1\" \/>\n<link rel=\"canonical\" href=\"https:\/\/footdavant.fr\/actualites\/erik-ten-hag-nous-devons-tirer-les-lecons-du-choc-de-galatasaray\/\" \/>\n<meta property=\"og:locale\" content=\"fr_FR\" \/>\n<meta property=\"og:type\" content=\"article\" \/>\n<meta property=\"og:title\" content=\"Erik ten Hag : &quot;Nous devons tirer les le\u00e7ons du choc de Galatasaray&quot;\" \/>\n<meta property=\"og:description\" content=\"Le patron de Manchester United, Erik ten Hag, a d\u00e9clar\u00e9 que son \u00e9quipe devait \u00ab\u00a0apprendre\u00a0\u00bb de ses \u00ab\u00a0erreurs\u00a0\u00bb contre Galatasaray en Ligue des champions. Manchester\" \/>\n<meta property=\"og:url\" content=\"https:\/\/footdavant.fr\/actualites\/erik-ten-hag-nous-devons-tirer-les-lecons-du-choc-de-galatasaray\/\" \/>\n<meta property=\"og:site_name\" content=\"Foot d&#039;avant\" \/>\n<meta property=\"article:publisher\" content=\"https:\/\/www.facebook.com\/Footdavant\/\" \/>\n<meta property=\"article:published_time\" content=\"2023-12-11T02:50:41+00:00\" \/>\n<meta property=\"article:modified_time\" content=\"2023-12-11T02:50:42+00:00\" \/>\n<meta property=\"og:image\" content=\"https:\/\/footdavant.fr\/actualites\/wp-content\/uploads\/2023\/12\/Erik-ten-Hag-Nous-devons-tirer-les-lecons-du.JPG\" \/>\n\t<meta property=\"og:image:width\" content=\"640\" \/>\n\t<meta property=\"og:image:height\" content=\"480\" \/>\n\t<meta property=\"og:image:type\" content=\"image\/jpeg\" \/>\n<meta name=\"author\" content=\"Cl\u00e9ment\" \/>\n<meta name=\"twitter:card\" content=\"summary_large_image\" \/>\n<meta name=\"twitter:creator\" content=\"@FootdavantFr\" \/>\n<meta name=\"twitter:site\" content=\"@FootdavantFr\" \/>\n<meta name=\"twitter:label1\" content=\"\u00c9crit par\" \/>\n\t<meta name=\"twitter:data1\" content=\"Cl\u00e9ment\" \/>\n\t<meta name=\"twitter:label2\" content=\"Dur\u00e9e de lecture estim\u00e9e\" \/>\n\t<meta name=\"twitter:data2\" content=\"3 minutes\" \/>\n<script type=\"application\/ld+json\" class=\"yoast-schema-graph\">{\"@context\":\"https:\/\/schema.org\",\"@graph\":[{\"@type\":\"Article\",\"@id\":\"https:\/\/footdavant.fr\/actualites\/erik-ten-hag-nous-devons-tirer-les-lecons-du-choc-de-galatasaray\/#article\",\"isPartOf\":{\"@id\":\"https:\/\/footdavant.fr\/actualites\/erik-ten-hag-nous-devons-tirer-les-lecons-du-choc-de-galatasaray\/\"},\"author\":{\"name\":\"Cl\u00e9ment\",\"@id\":\"https:\/\/footdavant.fr\/actualites\/#\/schema\/person\/bc222566d95871b37e597b3ed3ba5e1d\"},\"headline\":\"Erik ten Hag : \u00ab\u00a0Nous devons tirer les le\u00e7ons du choc de Galatasaray\u00a0\u00bb\",\"datePublished\":\"2023-12-11T02:50:41+00:00\",\"dateModified\":\"2023-12-11T02:50:42+00:00\",\"mainEntityOfPage\":{\"@id\":\"https:\/\/footdavant.fr\/actualites\/erik-ten-hag-nous-devons-tirer-les-lecons-du-choc-de-galatasaray\/\"},\"wordCount\":581,\"publisher\":{\"@id\":\"https:\/\/footdavant.fr\/actualites\/#organization\"},\"keywords\":[\"choc\",\"devons\",\"Erik\",\"Galatasaray\",\"Hag\",\"le\u00e7ons\",\"les\",\"nous\",\"ten\",\"tirer\"],\"articleSection\":[\"Champions League\"],\"inLanguage\":\"fr-FR\"},{\"@type\":\"WebPage\",\"@id\":\"https:\/\/footdavant.fr\/actualites\/erik-ten-hag-nous-devons-tirer-les-lecons-du-choc-de-galatasaray\/\",\"url\":\"https:\/\/footdavant.fr\/actualites\/erik-ten-hag-nous-devons-tirer-les-lecons-du-choc-de-galatasaray\/\",\"name\":\"Erik ten Hag : \\\"Nous devons tirer les le\u00e7ons du choc de Galatasaray\\\"\",\"isPartOf\":{\"@id\":\"https:\/\/footdavant.fr\/actualites\/#website\"},\"datePublished\":\"2023-12-11T02:50:41+00:00\",\"dateModified\":\"2023-12-11T02:50:42+00:00\",\"breadcrumb\":{\"@id\":\"https:\/\/footdavant.fr\/actualites\/erik-ten-hag-nous-devons-tirer-les-lecons-du-choc-de-galatasaray\/#breadcrumb\"},\"inLanguage\":\"fr-FR\",\"potentialAction\":[{\"@type\":\"ReadAction\",\"target\":[\"https:\/\/footdavant.fr\/actualites\/erik-ten-hag-nous-devons-tirer-les-lecons-du-choc-de-galatasaray\/\"]}]},{\"@type\":\"BreadcrumbList\",\"@id\":\"https:\/\/footdavant.fr\/actualites\/erik-ten-hag-nous-devons-tirer-les-lecons-du-choc-de-galatasaray\/#breadcrumb\",\"itemListElement\":[{\"@type\":\"ListItem\",\"position\":1,\"name\":\"Accueil\",\"item\":\"https:\/\/footdavant.fr\/actualites\/\"},{\"@type\":\"ListItem\",\"position\":2,\"name\":\"Erik ten Hag : \u00ab\u00a0Nous devons tirer les le\u00e7ons du choc de Galatasaray\u00a0\u00bb\"}]},{\"@type\":\"WebSite\",\"@id\":\"https:\/\/footdavant.fr\/actualites\/#website\",\"url\":\"https:\/\/footdavant.fr\/actualites\/\",\"name\":\"Foot d'avant\",\"description\":\"\",\"publisher\":{\"@id\":\"https:\/\/footdavant.fr\/actualites\/#organization\"},\"potentialAction\":[{\"@type\":\"SearchAction\",\"target\":{\"@type\":\"EntryPoint\",\"urlTemplate\":\"https:\/\/footdavant.fr\/actualites\/?s={search_term_string}\"},\"query-input\":\"required name=search_term_string\"}],\"inLanguage\":\"fr-FR\"},{\"@type\":\"Organization\",\"@id\":\"https:\/\/footdavant.fr\/actualites\/#organization\",\"name\":\"Foot d'avant\",\"url\":\"https:\/\/footdavant.fr\/actualites\/\",\"logo\":{\"@type\":\"ImageObject\",\"inLanguage\":\"fr-FR\",\"@id\":\"https:\/\/footdavant.fr\/actualites\/#\/schema\/logo\/image\/\",\"url\":\"https:\/\/footdavant.fr\/actualites\/wp-content\/uploads\/2023\/09\/Copy-of-FootDavant-Logo.png\",\"contentUrl\":\"https:\/\/footdavant.fr\/actualites\/wp-content\/uploads\/2023\/09\/Copy-of-FootDavant-Logo.png\",\"width\":936,\"height\":549,\"caption\":\"Foot d'avant\"},\"image\":{\"@id\":\"https:\/\/footdavant.fr\/actualites\/#\/schema\/logo\/image\/\"},\"sameAs\":[\"https:\/\/www.facebook.com\/Footdavant\/\",\"https:\/\/twitter.com\/FootdavantFr\",\"https:\/\/www.instagram.com\/footdavant.fr\/\"]},{\"@type\":\"Person\",\"@id\":\"https:\/\/footdavant.fr\/actualites\/#\/schema\/person\/bc222566d95871b37e597b3ed3ba5e1d\",\"name\":\"Cl\u00e9ment\",\"image\":{\"@type\":\"ImageObject\",\"inLanguage\":\"fr-FR\",\"@id\":\"https:\/\/footdavant.fr\/actualites\/#\/schema\/person\/image\/\",\"url\":\"https:\/\/secure.gravatar.com\/avatar\/7728b29aac2719421e1a9159b2254c44?s=96&d=mm&r=g\",\"contentUrl\":\"https:\/\/secure.gravatar.com\/avatar\/7728b29aac2719421e1a9159b2254c44?s=96&d=mm&r=g\",\"caption\":\"Cl\u00e9ment\"},\"sameAs\":[\"https:\/\/footdavant.fr\/\"]}]}<\/script>\n<!-- \/ Yoast SEO plugin. -->","yoast_head_json":{"title":"Erik ten Hag : \"Nous devons tirer les le\u00e7ons du choc de Galatasaray\"","robots":{"index":"index","follow":"follow","max-snippet":"max-snippet:-1","max-image-preview":"max-image-preview:large","max-video-preview":"max-video-preview:-1"},"canonical":"https:\/\/footdavant.fr\/actualites\/erik-ten-hag-nous-devons-tirer-les-lecons-du-choc-de-galatasaray\/","og_locale":"fr_FR","og_type":"article","og_title":"Erik ten Hag : \"Nous devons tirer les le\u00e7ons du choc de Galatasaray\"","og_description":"Le patron de Manchester United, Erik ten Hag, a d\u00e9clar\u00e9 que son \u00e9quipe devait \u00ab\u00a0apprendre\u00a0\u00bb de ses \u00ab\u00a0erreurs\u00a0\u00bb contre Galatasaray en Ligue des champions. Manchester","og_url":"https:\/\/footdavant.fr\/actualites\/erik-ten-hag-nous-devons-tirer-les-lecons-du-choc-de-galatasaray\/","og_site_name":"Foot d&#039;avant","article_publisher":"https:\/\/www.facebook.com\/Footdavant\/","article_published_time":"2023-12-11T02:50:41+00:00","article_modified_time":"2023-12-11T02:50:42+00:00","og_image":[{"width":640,"height":480,"url":"https:\/\/footdavant.fr\/actualites\/wp-content\/uploads\/2023\/12\/Erik-ten-Hag-Nous-devons-tirer-les-lecons-du.JPG","type":"image\/jpeg"}],"author":"Cl\u00e9ment","twitter_card":"summary_large_image","twitter_creator":"@FootdavantFr","twitter_site":"@FootdavantFr","twitter_misc":{"\u00c9crit par":"Cl\u00e9ment","Dur\u00e9e de lecture estim\u00e9e":"3 minutes"},"schema":{"@context":"https:\/\/schema.org","@graph":[{"@type":"Article","@id":"https:\/\/footdavant.fr\/actualites\/erik-ten-hag-nous-devons-tirer-les-lecons-du-choc-de-galatasaray\/#article","isPartOf":{"@id":"https:\/\/footdavant.fr\/actualites\/erik-ten-hag-nous-devons-tirer-les-lecons-du-choc-de-galatasaray\/"},"author":{"name":"Cl\u00e9ment","@id":"https:\/\/footdavant.fr\/actualites\/#\/schema\/person\/bc222566d95871b37e597b3ed3ba5e1d"},"headline":"Erik ten Hag : \u00ab\u00a0Nous devons tirer les le\u00e7ons du choc de Galatasaray\u00a0\u00bb","datePublished":"2023-12-11T02:50:41+00:00","dateModified":"2023-12-11T02:50:42+00:00","mainEntityOfPage":{"@id":"https:\/\/footdavant.fr\/actualites\/erik-ten-hag-nous-devons-tirer-les-lecons-du-choc-de-galatasaray\/"},"wordCount":581,"publisher":{"@id":"https:\/\/footdavant.fr\/actualites\/#organization"},"keywords":["choc","devons","Erik","Galatasaray","Hag","le\u00e7ons","les","nous","ten","tirer"],"articleSection":["Champions League"],"inLanguage":"fr-FR"},{"@type":"WebPage","@id":"https:\/\/footdavant.fr\/actualites\/erik-ten-hag-nous-devons-tirer-les-lecons-du-choc-de-galatasaray\/","url":"https:\/\/footdavant.fr\/actualites\/erik-ten-hag-nous-devons-tirer-les-lecons-du-choc-de-galatasaray\/","name":"Erik ten Hag : \"Nous devons tirer les le\u00e7ons du choc de Galatasaray\"","isPartOf":{"@id":"https:\/\/footdavant.fr\/actualites\/#website"},"datePublished":"2023-12-11T02:50:41+00:00","dateModified":"2023-12-11T02:50:42+00:00","breadcrumb":{"@id":"https:\/\/footdavant.fr\/actualites\/erik-ten-hag-nous-devons-tirer-les-lecons-du-choc-de-galatasaray\/#breadcrumb"},"inLanguage":"fr-FR","potentialAction":[{"@type":"ReadAction","target":["https:\/\/footdavant.fr\/actualites\/erik-ten-hag-nous-devons-tirer-les-lecons-du-choc-de-galatasaray\/"]}]},{"@type":"BreadcrumbList","@id":"https:\/\/footdavant.fr\/actualites\/erik-ten-hag-nous-devons-tirer-les-lecons-du-choc-de-galatasaray\/#breadcrumb","itemListElement":[{"@type":"ListItem","position":1,"name":"Accueil","item":"https:\/\/footdavant.fr\/actualites\/"},{"@type":"ListItem","position":2,"name":"Erik ten Hag : \u00ab\u00a0Nous devons tirer les le\u00e7ons du choc de Galatasaray\u00a0\u00bb"}]},{"@type":"WebSite","@id":"https:\/\/footdavant.fr\/actualites\/#website","url":"https:\/\/footdavant.fr\/actualites\/","name":"Foot d'avant","description":"","publisher":{"@id":"https:\/\/footdavant.fr\/actualites\/#organization"},"potentialAction":[{"@type":"SearchAction","target":{"@type":"EntryPoint","urlTemplate":"https:\/\/footdavant.fr\/actualites\/?s={search_term_string}"},"query-input":"required name=search_term_string"}],"inLanguage":"fr-FR"},{"@type":"Organization","@id":"https:\/\/footdavant.fr\/actualites\/#organization","name":"Foot d'avant","url":"https:\/\/footdavant.fr\/actualites\/","logo":{"@type":"ImageObject","inLanguage":"fr-FR","@id":"https:\/\/footdavant.fr\/actualites\/#\/schema\/logo\/image\/","url":"https:\/\/footdavant.fr\/actualites\/wp-content\/uploads\/2023\/09\/Copy-of-FootDavant-Logo.png","contentUrl":"https:\/\/footdavant.fr\/actualites\/wp-content\/uploads\/2023\/09\/Copy-of-FootDavant-Logo.png","width":936,"height":549,"caption":"Foot d'avant"},"image":{"@id":"https:\/\/footdavant.fr\/actualites\/#\/schema\/logo\/image\/"},"sameAs":["https:\/\/www.facebook.com\/Footdavant\/","https:\/\/twitter.com\/FootdavantFr","https:\/\/www.instagram.com\/footdavant.fr\/"]},{"@type":"Person","@id":"https:\/\/footdavant.fr\/actualites\/#\/schema\/person\/bc222566d95871b37e597b3ed3ba5e1d","name":"Cl\u00e9ment","image":{"@type":"ImageObject","inLanguage":"fr-FR","@id":"https:\/\/footdavant.fr\/actualites\/#\/schema\/person\/image\/","url":"https:\/\/secure.gravatar.com\/avatar\/7728b29aac2719421e1a9159b2254c44?s=96&d=mm&r=g","contentUrl":"https:\/\/secure.gravatar.com\/avatar\/7728b29aac2719421e1a9159b2254c44?s=96&d=mm&r=g","caption":"Cl\u00e9ment"},"sameAs":["https:\/\/footdavant.fr\/"]}]}},"_links":{"self":[{"href":"https:\/\/footdavant.fr\/actualites\/wp-json\/wp\/v2\/posts\/2255"}],"collection":[{"href":"https:\/\/footdavant.fr\/actualites\/wp-json\/wp\/v2\/posts"}],"about":[{"href":"https:\/\/footdavant.fr\/actualites\/wp-json\/wp\/v2\/types\/post"}],"author":[{"embeddable":true,"href":"https:\/\/footdavant.fr\/actualites\/wp-json\/wp\/v2\/users\/1"}],"replies":[{"embeddable":true,"href":"https:\/\/footdavant.fr\/actualites\/wp-json\/wp\/v2\/comments?post=2255"}],"version-history":[{"count":1,"href":"https:\/\/footdavant.fr\/actualites\/wp-json\/wp\/v2\/posts\/2255\/revisions"}],"predecessor-version":[{"id":2257,"href":"https:\/\/footdavant.fr\/actualites\/wp-json\/wp\/v2\/posts\/2255\/revisions\/2257"}],"wp:featuredmedia":[{"embeddable":true,"href":"https:\/\/footdavant.fr\/actualites\/wp-json\/wp\/v2\/media\/2256"}],"wp:attachment":[{"href":"https:\/\/footdavant.fr\/actualites\/wp-json\/wp\/v2\/media?parent=2255"}],"wp:term":[{"taxonomy":"category","embeddable":true,"href":"https:\/\/footdavant.fr\/actualites\/wp-json\/wp\/v2\/categories?post=2255"},{"taxonomy":"post_tag","embeddable":true,"href":"https:\/\/footdavant.fr\/actualites\/wp-json\/wp\/v2\/tags?post=2255"}],"curies":[{"name":"wp","href":"https:\/\/api.w.org\/{rel}","templated":true}]}}