{"id":2261,"date":"2023-12-11T05:55:17","date_gmt":"2023-12-11T04:55:17","guid":{"rendered":"https:\/\/footdavant.fr\/actualites\/cj-stroud-sen-va-avec-une-blessure-a-la-tete-suite-a-une-defaite-contre-les-jets-de-new-york\/"},"modified":"2023-12-11T05:55:18","modified_gmt":"2023-12-11T04:55:18","slug":"cj-stroud-sen-va-avec-une-blessure-a-la-tete-suite-a-une-defaite-contre-les-jets-de-new-york","status":"publish","type":"post","link":"https:\/\/footdavant.fr\/actualites\/cj-stroud-sen-va-avec-une-blessure-a-la-tete-suite-a-une-defaite-contre-les-jets-de-new-york\/","title":{"rendered":"CJ Stroud s&rsquo;en va avec une blessure \u00e0 la t\u00eate suite \u00e0 une d\u00e9faite contre les Jets de New York"},"content":{"rendered":"<div>\n<p>Les Texans de Houston font partie de la foule d&rsquo;\u00e9quipes en lice pour les places de wild card de l&rsquo;AFC, et ils sont \u00e9galement entr\u00e9s dans leur match de la semaine 14 avec les Jets avec une chance ext\u00e9rieure de remporter la division.  Mais CJ Stroud et compagnie ont \u00e9t\u00e9 domin\u00e9s toute la journ\u00e9e des deux c\u00f4t\u00e9s du ballon, et le quart-arri\u00e8re a quitt\u00e9 le match tard avec une blessure \u00e0 la t\u00eate apr\u00e8s un m\u00e9chant d\u00e9versement au quatri\u00e8me quart.<\/p>\n<h2>CJ Stroud part avec une blessure \u00e0 la t\u00eate suite \u00e0 une d\u00e9faite contre les Jets<\/h2>\n<blockquote class=\"twitter-tweet\">\n<p dir=\"ltr\" lang=\"en\">+ 2023 Jets\/Texans<br \/>+ 2019 Commandants\/49ers<br \/>+ Aigles\/Cowboys 2017<\/p>\n<p>Les trois seuls matchs 0-0 \u00e0 la mi-temps depuis 2011. <a rel=\"nofollow\" href=\"https:\/\/t.co\/29DvIdrHMS\">pic.twitter.com\/29DvIdrHMS<\/a><\/p>\n<p>\u2013 Evan Abrams (@EvanHAbrams) <a rel=\"nofollow\" href=\"https:\/\/twitter.com\/EvanHAbrams\/status\/1733932909231251650?ref_src=twsrc%5Etfw\">10 d\u00e9cembre 2023<\/a><\/p>\n<\/blockquote>\n<p>La premi\u00e8re mi-temps a \u00e9t\u00e9 record, peut-\u00eatre de la pire des mani\u00e8res possibles.  Les deux premiers quarts ont comport\u00e9 11 bott\u00e9s de d\u00e9gagement entre les deux \u00e9quipes, le plus long entra\u00eenement de Houston \u00e9tant de 6 jeux et 25 verges.  C&rsquo;\u00e9tait la premi\u00e8re fois depuis 2019 qu&rsquo;il n&rsquo;y avait aucun point en premi\u00e8re mi-temps, et seulement la troisi\u00e8me fois depuis 2011.<\/p>\n<p>Mais c&rsquo;\u00e9tait tout New York en seconde p\u00e9riode et, \u00e9tonnamment, tout Zach Wilson.  Le quart-arri\u00e8re des Jets en difficult\u00e9 a disput\u00e9 le troisi\u00e8me match de plus de 300 verges de sa carri\u00e8re, menant l&rsquo;offensive \u00e0 trois touch\u00e9s en seconde p\u00e9riode et en lan\u00e7ant lui-m\u00eame deux.  Le score final \u00e9tait de 30-6 en faveur des Jets.<\/p>\n<p>La d\u00e9faite est difficile pour les Texans \u00e0 plus d\u2019un titre.  Leur bilan tombe \u00e0 7-6 et leurs possibilit\u00e9s en s\u00e9ries \u00e9liminatoires deviennent beaucoup plus obscurcies, et sont bien en dehors de la liste des 7 t\u00eates de s\u00e9rie en s\u00e9ries \u00e9liminatoires \u00e0 la fin de la premi\u00e8re fen\u00eatre d&rsquo;action de la NFL dimanche.  Mais la plus grande pr\u00e9occupation concerne CJ Stroud.<\/p>\n<h2>Le record des Texans tombe d\u00e9sormais \u00e0 7-6<\/h2>\n<blockquote class=\"twitter-tweet\">\n<p dir=\"ltr\" lang=\"en\">CJ Stroud est en panne et Davis Mills s&rsquo;\u00e9chauffe. <a rel=\"nofollow\" href=\"https:\/\/t.co\/APAtxgLsQH\">pic.twitter.com\/APAtxgLsQH<\/a><\/p>\n<p>\u2013 NFL sur CBS \ud83c\udfc8 (@NFLonCBS) <a rel=\"nofollow\" href=\"https:\/\/twitter.com\/NFLonCBS\/status\/1733949934536217050?ref_src=twsrc%5Etfw\">10 d\u00e9cembre 2023<\/a><\/p>\n<\/blockquote>\n<p>Alors qu&rsquo;il restait un peu moins de 7 minutes \u00e0 jouer, le quarterback de Houston a \u00e9t\u00e9 pris dans une m\u00eal\u00e9e avec la ligne d\u00e9fensive des Jets, et a \u00e9t\u00e9 repouss\u00e9 vers l&rsquo;arri\u00e8re apr\u00e8s avoir r\u00e9ussi \u00e0 se d\u00e9barrasser du ballon.  L&rsquo;arri\u00e8re de sa t\u00eate a heurt\u00e9 violemment le gazon et Stroud a \u00e9t\u00e9 retir\u00e9 de l&rsquo;action et plac\u00e9 dans la tente m\u00e9dicale bleue.<\/p>\n<p>Il n&rsquo;y est pas rest\u00e9 longtemps.  Avec Davis Mills comme quart-arri\u00e8re des Texans, Stroud s&rsquo;est dirig\u00e9 vers les vestiaires et a \u00e9t\u00e9 exclu du match.  Il a \u00e9t\u00e9 rapidement r\u00e9v\u00e9l\u00e9 par les m\u00e9dias secondaires qu\u2019il avait \u00e9t\u00e9 soumis \u00e0 un protocole de commotion c\u00e9r\u00e9brale.<\/p>\n<p>Il n\u2019y a bien s\u00fbr pas de rapport imm\u00e9diat sur le statut \u00e0 long terme de CJ Stroud, car il existe une s\u00e9rie d\u2019\u00e9tapes que chaque joueur doit suivre pour passer par le protocole.  Mais cela pourrait causer de s\u00e9rieux probl\u00e8mes \u00e0 Houston s&rsquo;il devait manquer une p\u00e9riode prolong\u00e9e.  Les Texans n&rsquo;ont pas le calendrier le plus difficile pour le reste, mais si leur performance contre les Jets \u00e9tait une indication, ils pourraient avoir du mal \u00e0 revenir dans les s\u00e9ries \u00e9liminatoires de l&rsquo;AFC.<\/p>\n<p>Le prochain match de Houston se jouera contre les Titans du Tennessee.<\/p>\n<\/p><\/div>\n<p><script async src=\"https:\/\/platform.twitter.com\/widgets.js\" charset=\"utf-8\"><\/script><\/p>\n","protected":false},"excerpt":{"rendered":"<p>Les Texans de Houston font partie de la foule d&rsquo;\u00e9quipes en lice pour les places de wild card de l&rsquo;AFC, et ils sont \u00e9galement entr\u00e9s<\/p>\n","protected":false},"author":1,"featured_media":2262,"comment_status":"closed","ping_status":"","sticky":false,"template":"","format":"standard","meta":{"footnotes":""},"categories":[3],"tags":[91,15,20,425,684,93,786,2106,936,568,92,685],"yoast_head":"<!-- This site is optimized with the Yoast SEO plugin v21.0 - https:\/\/yoast.com\/wordpress\/plugins\/seo\/ -->\n<title>CJ Stroud s&#039;en va avec une blessure \u00e0 la t\u00eate suite \u00e0 une d\u00e9faite contre les Jets de New York<\/title>\n<meta name=\"robots\" content=\"index, follow, max-snippet:-1, max-image-preview:large, max-video-preview:-1\" \/>\n<link rel=\"canonical\" href=\"https:\/\/footdavant.fr\/actualites\/cj-stroud-sen-va-avec-une-blessure-a-la-tete-suite-a-une-defaite-contre-les-jets-de-new-york\/\" \/>\n<meta property=\"og:locale\" content=\"fr_FR\" \/>\n<meta property=\"og:type\" content=\"article\" \/>\n<meta property=\"og:title\" content=\"CJ Stroud s&#039;en va avec une blessure \u00e0 la t\u00eate suite \u00e0 une d\u00e9faite contre les Jets de New York\" \/>\n<meta property=\"og:description\" content=\"Les Texans de Houston font partie de la foule d&rsquo;\u00e9quipes en lice pour les places de wild card de l&rsquo;AFC, et ils sont \u00e9galement entr\u00e9s\" \/>\n<meta property=\"og:url\" content=\"https:\/\/footdavant.fr\/actualites\/cj-stroud-sen-va-avec-une-blessure-a-la-tete-suite-a-une-defaite-contre-les-jets-de-new-york\/\" \/>\n<meta property=\"og:site_name\" content=\"Foot d&#039;avant\" \/>\n<meta property=\"article:publisher\" content=\"https:\/\/www.facebook.com\/Footdavant\/\" \/>\n<meta property=\"article:published_time\" content=\"2023-12-11T04:55:17+00:00\" \/>\n<meta property=\"article:modified_time\" content=\"2023-12-11T04:55:18+00:00\" \/>\n<meta property=\"og:image\" content=\"https:\/\/footdavant.fr\/actualites\/wp-content\/uploads\/2023\/12\/CJ-Stroud-sen-va-avec-une-blessure-a-la-tete.jpg\" \/>\n\t<meta property=\"og:image:width\" content=\"1040\" \/>\n\t<meta property=\"og:image:height\" content=\"572\" \/>\n\t<meta property=\"og:image:type\" content=\"image\/jpeg\" \/>\n<meta name=\"author\" content=\"Cl\u00e9ment\" \/>\n<meta name=\"twitter:card\" content=\"summary_large_image\" \/>\n<meta name=\"twitter:creator\" content=\"@FootdavantFr\" \/>\n<meta name=\"twitter:site\" content=\"@FootdavantFr\" \/>\n<meta name=\"twitter:label1\" content=\"\u00c9crit par\" \/>\n\t<meta name=\"twitter:data1\" content=\"Cl\u00e9ment\" \/>\n\t<meta name=\"twitter:label2\" content=\"Dur\u00e9e de lecture estim\u00e9e\" \/>\n\t<meta name=\"twitter:data2\" content=\"3 minutes\" \/>\n<script type=\"application\/ld+json\" class=\"yoast-schema-graph\">{\"@context\":\"https:\/\/schema.org\",\"@graph\":[{\"@type\":\"Article\",\"@id\":\"https:\/\/footdavant.fr\/actualites\/cj-stroud-sen-va-avec-une-blessure-a-la-tete-suite-a-une-defaite-contre-les-jets-de-new-york\/#article\",\"isPartOf\":{\"@id\":\"https:\/\/footdavant.fr\/actualites\/cj-stroud-sen-va-avec-une-blessure-a-la-tete-suite-a-une-defaite-contre-les-jets-de-new-york\/\"},\"author\":{\"name\":\"Cl\u00e9ment\",\"@id\":\"https:\/\/footdavant.fr\/actualites\/#\/schema\/person\/bc222566d95871b37e597b3ed3ba5e1d\"},\"headline\":\"CJ Stroud s&rsquo;en va avec une blessure \u00e0 la t\u00eate suite \u00e0 une d\u00e9faite contre les Jets de New York\",\"datePublished\":\"2023-12-11T04:55:17+00:00\",\"dateModified\":\"2023-12-11T04:55:18+00:00\",\"mainEntityOfPage\":{\"@id\":\"https:\/\/footdavant.fr\/actualites\/cj-stroud-sen-va-avec-une-blessure-a-la-tete-suite-a-une-defaite-contre-les-jets-de-new-york\/\"},\"wordCount\":598,\"publisher\":{\"@id\":\"https:\/\/footdavant.fr\/actualites\/#organization\"},\"keywords\":[\"avec\",\"Blessure\",\"contre\",\"d\u00e9faite\",\"Jets\",\"les\",\"sen\",\"Stroud\",\"suite\",\"t\u00eate\",\"une\",\"York\"],\"articleSection\":[\"Football\"],\"inLanguage\":\"fr-FR\"},{\"@type\":\"WebPage\",\"@id\":\"https:\/\/footdavant.fr\/actualites\/cj-stroud-sen-va-avec-une-blessure-a-la-tete-suite-a-une-defaite-contre-les-jets-de-new-york\/\",\"url\":\"https:\/\/footdavant.fr\/actualites\/cj-stroud-sen-va-avec-une-blessure-a-la-tete-suite-a-une-defaite-contre-les-jets-de-new-york\/\",\"name\":\"CJ Stroud s'en va avec une blessure \u00e0 la t\u00eate suite \u00e0 une d\u00e9faite contre les Jets de New York\",\"isPartOf\":{\"@id\":\"https:\/\/footdavant.fr\/actualites\/#website\"},\"datePublished\":\"2023-12-11T04:55:17+00:00\",\"dateModified\":\"2023-12-11T04:55:18+00:00\",\"breadcrumb\":{\"@id\":\"https:\/\/footdavant.fr\/actualites\/cj-stroud-sen-va-avec-une-blessure-a-la-tete-suite-a-une-defaite-contre-les-jets-de-new-york\/#breadcrumb\"},\"inLanguage\":\"fr-FR\",\"potentialAction\":[{\"@type\":\"ReadAction\",\"target\":[\"https:\/\/footdavant.fr\/actualites\/cj-stroud-sen-va-avec-une-blessure-a-la-tete-suite-a-une-defaite-contre-les-jets-de-new-york\/\"]}]},{\"@type\":\"BreadcrumbList\",\"@id\":\"https:\/\/footdavant.fr\/actualites\/cj-stroud-sen-va-avec-une-blessure-a-la-tete-suite-a-une-defaite-contre-les-jets-de-new-york\/#breadcrumb\",\"itemListElement\":[{\"@type\":\"ListItem\",\"position\":1,\"name\":\"Accueil\",\"item\":\"https:\/\/footdavant.fr\/actualites\/\"},{\"@type\":\"ListItem\",\"position\":2,\"name\":\"CJ Stroud s&rsquo;en va avec une blessure \u00e0 la t\u00eate suite \u00e0 une d\u00e9faite contre les Jets de New York\"}]},{\"@type\":\"WebSite\",\"@id\":\"https:\/\/footdavant.fr\/actualites\/#website\",\"url\":\"https:\/\/footdavant.fr\/actualites\/\",\"name\":\"Foot d'avant\",\"description\":\"\",\"publisher\":{\"@id\":\"https:\/\/footdavant.fr\/actualites\/#organization\"},\"potentialAction\":[{\"@type\":\"SearchAction\",\"target\":{\"@type\":\"EntryPoint\",\"urlTemplate\":\"https:\/\/footdavant.fr\/actualites\/?s={search_term_string}\"},\"query-input\":\"required name=search_term_string\"}],\"inLanguage\":\"fr-FR\"},{\"@type\":\"Organization\",\"@id\":\"https:\/\/footdavant.fr\/actualites\/#organization\",\"name\":\"Foot d'avant\",\"url\":\"https:\/\/footdavant.fr\/actualites\/\",\"logo\":{\"@type\":\"ImageObject\",\"inLanguage\":\"fr-FR\",\"@id\":\"https:\/\/footdavant.fr\/actualites\/#\/schema\/logo\/image\/\",\"url\":\"https:\/\/footdavant.fr\/actualites\/wp-content\/uploads\/2023\/09\/Copy-of-FootDavant-Logo.png\",\"contentUrl\":\"https:\/\/footdavant.fr\/actualites\/wp-content\/uploads\/2023\/09\/Copy-of-FootDavant-Logo.png\",\"width\":936,\"height\":549,\"caption\":\"Foot d'avant\"},\"image\":{\"@id\":\"https:\/\/footdavant.fr\/actualites\/#\/schema\/logo\/image\/\"},\"sameAs\":[\"https:\/\/www.facebook.com\/Footdavant\/\",\"https:\/\/twitter.com\/FootdavantFr\",\"https:\/\/www.instagram.com\/footdavant.fr\/\"]},{\"@type\":\"Person\",\"@id\":\"https:\/\/footdavant.fr\/actualites\/#\/schema\/person\/bc222566d95871b37e597b3ed3ba5e1d\",\"name\":\"Cl\u00e9ment\",\"image\":{\"@type\":\"ImageObject\",\"inLanguage\":\"fr-FR\",\"@id\":\"https:\/\/footdavant.fr\/actualites\/#\/schema\/person\/image\/\",\"url\":\"https:\/\/secure.gravatar.com\/avatar\/7728b29aac2719421e1a9159b2254c44?s=96&d=mm&r=g\",\"contentUrl\":\"https:\/\/secure.gravatar.com\/avatar\/7728b29aac2719421e1a9159b2254c44?s=96&d=mm&r=g\",\"caption\":\"Cl\u00e9ment\"},\"sameAs\":[\"https:\/\/footdavant.fr\/\"]}]}<\/script>\n<!-- \/ Yoast SEO plugin. -->","yoast_head_json":{"title":"CJ Stroud s'en va avec une blessure \u00e0 la t\u00eate suite \u00e0 une d\u00e9faite contre les Jets de New York","robots":{"index":"index","follow":"follow","max-snippet":"max-snippet:-1","max-image-preview":"max-image-preview:large","max-video-preview":"max-video-preview:-1"},"canonical":"https:\/\/footdavant.fr\/actualites\/cj-stroud-sen-va-avec-une-blessure-a-la-tete-suite-a-une-defaite-contre-les-jets-de-new-york\/","og_locale":"fr_FR","og_type":"article","og_title":"CJ Stroud s'en va avec une blessure \u00e0 la t\u00eate suite \u00e0 une d\u00e9faite contre les Jets de New York","og_description":"Les Texans de Houston font partie de la foule d&rsquo;\u00e9quipes en lice pour les places de wild card de l&rsquo;AFC, et ils sont \u00e9galement entr\u00e9s","og_url":"https:\/\/footdavant.fr\/actualites\/cj-stroud-sen-va-avec-une-blessure-a-la-tete-suite-a-une-defaite-contre-les-jets-de-new-york\/","og_site_name":"Foot d&#039;avant","article_publisher":"https:\/\/www.facebook.com\/Footdavant\/","article_published_time":"2023-12-11T04:55:17+00:00","article_modified_time":"2023-12-11T04:55:18+00:00","og_image":[{"width":1040,"height":572,"url":"https:\/\/footdavant.fr\/actualites\/wp-content\/uploads\/2023\/12\/CJ-Stroud-sen-va-avec-une-blessure-a-la-tete.jpg","type":"image\/jpeg"}],"author":"Cl\u00e9ment","twitter_card":"summary_large_image","twitter_creator":"@FootdavantFr","twitter_site":"@FootdavantFr","twitter_misc":{"\u00c9crit par":"Cl\u00e9ment","Dur\u00e9e de lecture estim\u00e9e":"3 minutes"},"schema":{"@context":"https:\/\/schema.org","@graph":[{"@type":"Article","@id":"https:\/\/footdavant.fr\/actualites\/cj-stroud-sen-va-avec-une-blessure-a-la-tete-suite-a-une-defaite-contre-les-jets-de-new-york\/#article","isPartOf":{"@id":"https:\/\/footdavant.fr\/actualites\/cj-stroud-sen-va-avec-une-blessure-a-la-tete-suite-a-une-defaite-contre-les-jets-de-new-york\/"},"author":{"name":"Cl\u00e9ment","@id":"https:\/\/footdavant.fr\/actualites\/#\/schema\/person\/bc222566d95871b37e597b3ed3ba5e1d"},"headline":"CJ Stroud s&rsquo;en va avec une blessure \u00e0 la t\u00eate suite \u00e0 une d\u00e9faite contre les Jets de New York","datePublished":"2023-12-11T04:55:17+00:00","dateModified":"2023-12-11T04:55:18+00:00","mainEntityOfPage":{"@id":"https:\/\/footdavant.fr\/actualites\/cj-stroud-sen-va-avec-une-blessure-a-la-tete-suite-a-une-defaite-contre-les-jets-de-new-york\/"},"wordCount":598,"publisher":{"@id":"https:\/\/footdavant.fr\/actualites\/#organization"},"keywords":["avec","Blessure","contre","d\u00e9faite","Jets","les","sen","Stroud","suite","t\u00eate","une","York"],"articleSection":["Football"],"inLanguage":"fr-FR"},{"@type":"WebPage","@id":"https:\/\/footdavant.fr\/actualites\/cj-stroud-sen-va-avec-une-blessure-a-la-tete-suite-a-une-defaite-contre-les-jets-de-new-york\/","url":"https:\/\/footdavant.fr\/actualites\/cj-stroud-sen-va-avec-une-blessure-a-la-tete-suite-a-une-defaite-contre-les-jets-de-new-york\/","name":"CJ Stroud s'en va avec une blessure \u00e0 la t\u00eate suite \u00e0 une d\u00e9faite contre les Jets de New York","isPartOf":{"@id":"https:\/\/footdavant.fr\/actualites\/#website"},"datePublished":"2023-12-11T04:55:17+00:00","dateModified":"2023-12-11T04:55:18+00:00","breadcrumb":{"@id":"https:\/\/footdavant.fr\/actualites\/cj-stroud-sen-va-avec-une-blessure-a-la-tete-suite-a-une-defaite-contre-les-jets-de-new-york\/#breadcrumb"},"inLanguage":"fr-FR","potentialAction":[{"@type":"ReadAction","target":["https:\/\/footdavant.fr\/actualites\/cj-stroud-sen-va-avec-une-blessure-a-la-tete-suite-a-une-defaite-contre-les-jets-de-new-york\/"]}]},{"@type":"BreadcrumbList","@id":"https:\/\/footdavant.fr\/actualites\/cj-stroud-sen-va-avec-une-blessure-a-la-tete-suite-a-une-defaite-contre-les-jets-de-new-york\/#breadcrumb","itemListElement":[{"@type":"ListItem","position":1,"name":"Accueil","item":"https:\/\/footdavant.fr\/actualites\/"},{"@type":"ListItem","position":2,"name":"CJ Stroud s&rsquo;en va avec une blessure \u00e0 la t\u00eate suite \u00e0 une d\u00e9faite contre les Jets de New York"}]},{"@type":"WebSite","@id":"https:\/\/footdavant.fr\/actualites\/#website","url":"https:\/\/footdavant.fr\/actualites\/","name":"Foot d'avant","description":"","publisher":{"@id":"https:\/\/footdavant.fr\/actualites\/#organization"},"potentialAction":[{"@type":"SearchAction","target":{"@type":"EntryPoint","urlTemplate":"https:\/\/footdavant.fr\/actualites\/?s={search_term_string}"},"query-input":"required name=search_term_string"}],"inLanguage":"fr-FR"},{"@type":"Organization","@id":"https:\/\/footdavant.fr\/actualites\/#organization","name":"Foot d'avant","url":"https:\/\/footdavant.fr\/actualites\/","logo":{"@type":"ImageObject","inLanguage":"fr-FR","@id":"https:\/\/footdavant.fr\/actualites\/#\/schema\/logo\/image\/","url":"https:\/\/footdavant.fr\/actualites\/wp-content\/uploads\/2023\/09\/Copy-of-FootDavant-Logo.png","contentUrl":"https:\/\/footdavant.fr\/actualites\/wp-content\/uploads\/2023\/09\/Copy-of-FootDavant-Logo.png","width":936,"height":549,"caption":"Foot d'avant"},"image":{"@id":"https:\/\/footdavant.fr\/actualites\/#\/schema\/logo\/image\/"},"sameAs":["https:\/\/www.facebook.com\/Footdavant\/","https:\/\/twitter.com\/FootdavantFr","https:\/\/www.instagram.com\/footdavant.fr\/"]},{"@type":"Person","@id":"https:\/\/footdavant.fr\/actualites\/#\/schema\/person\/bc222566d95871b37e597b3ed3ba5e1d","name":"Cl\u00e9ment","image":{"@type":"ImageObject","inLanguage":"fr-FR","@id":"https:\/\/footdavant.fr\/actualites\/#\/schema\/person\/image\/","url":"https:\/\/secure.gravatar.com\/avatar\/7728b29aac2719421e1a9159b2254c44?s=96&d=mm&r=g","contentUrl":"https:\/\/secure.gravatar.com\/avatar\/7728b29aac2719421e1a9159b2254c44?s=96&d=mm&r=g","caption":"Cl\u00e9ment"},"sameAs":["https:\/\/footdavant.fr\/"]}]}},"_links":{"self":[{"href":"https:\/\/footdavant.fr\/actualites\/wp-json\/wp\/v2\/posts\/2261"}],"collection":[{"href":"https:\/\/footdavant.fr\/actualites\/wp-json\/wp\/v2\/posts"}],"about":[{"href":"https:\/\/footdavant.fr\/actualites\/wp-json\/wp\/v2\/types\/post"}],"author":[{"embeddable":true,"href":"https:\/\/footdavant.fr\/actualites\/wp-json\/wp\/v2\/users\/1"}],"replies":[{"embeddable":true,"href":"https:\/\/footdavant.fr\/actualites\/wp-json\/wp\/v2\/comments?post=2261"}],"version-history":[{"count":1,"href":"https:\/\/footdavant.fr\/actualites\/wp-json\/wp\/v2\/posts\/2261\/revisions"}],"predecessor-version":[{"id":2263,"href":"https:\/\/footdavant.fr\/actualites\/wp-json\/wp\/v2\/posts\/2261\/revisions\/2263"}],"wp:featuredmedia":[{"embeddable":true,"href":"https:\/\/footdavant.fr\/actualites\/wp-json\/wp\/v2\/media\/2262"}],"wp:attachment":[{"href":"https:\/\/footdavant.fr\/actualites\/wp-json\/wp\/v2\/media?parent=2261"}],"wp:term":[{"taxonomy":"category","embeddable":true,"href":"https:\/\/footdavant.fr\/actualites\/wp-json\/wp\/v2\/categories?post=2261"},{"taxonomy":"post_tag","embeddable":true,"href":"https:\/\/footdavant.fr\/actualites\/wp-json\/wp\/v2\/tags?post=2261"}],"curies":[{"name":"wp","href":"https:\/\/api.w.org\/{rel}","templated":true}]}}