{"id":2273,"date":"2023-12-11T11:50:07","date_gmt":"2023-12-11T10:50:07","guid":{"rendered":"https:\/\/footdavant.fr\/actualites\/il-est-peu-probable-que-manchester-united-fasse-un-pas-pour-marc-guehi-en-janvier\/"},"modified":"2023-12-11T11:50:09","modified_gmt":"2023-12-11T10:50:09","slug":"il-est-peu-probable-que-manchester-united-fasse-un-pas-pour-marc-guehi-en-janvier","status":"publish","type":"post","link":"https:\/\/footdavant.fr\/actualites\/il-est-peu-probable-que-manchester-united-fasse-un-pas-pour-marc-guehi-en-janvier\/","title":{"rendered":"Il est peu probable que Manchester United fasse un pas pour Marc Guehi en janvier \u2013"},"content":{"rendered":"<div id=\"penci-post-entry-inner\">\n<p>\t\t\t<i class=\"penci-post-countview-number-check\" style=\"display:none\">4<\/i><\/p>\n<p>Ni Manchester United ni Tottenham Hotspur ne devraient faire un geste pour le d\u00e9fenseur de Crystal Palace, Marc Guehi, lors du mercato de janvier.<\/p>\n<p><em>Initi\u00e9 au football<\/em> a \u00e9t\u00e9 inform\u00e9 par des sources bien plac\u00e9es qu&rsquo;un accord semble d\u00e9sormais \u00ab impossible \u00bb et que le d\u00e9fenseur de 23 ans devrait d\u00e9sormais rester aux Eagles au moins jusqu&rsquo;\u00e0 l&rsquo;\u00e9t\u00e9.<\/p>\n<p>United a eu des probl\u00e8mes d\u00e9fensifs toute la saison entre des blessures \u00e0 long terme et une mauvaise forme qui a vu le club perdre des buts comme une passoire. <\/p>\n<p>Un exemple r\u00e9cent de cette faiblesse majeure brutalement r\u00e9v\u00e9l\u00e9e a \u00e9t\u00e9 la d\u00e9faite 3-0 contre Bournemouth samedi.<\/p>\n<p>La brouille apparente entre Raphael Varane et Erik ten Hag a \u00e9galement vu le d\u00e9fenseur vainqueur de la Coupe du monde descendre dans l&rsquo;ordre hi\u00e9rarchique et un \u00e9loignement d&rsquo;Old Trafford devient de plus en plus probable pour le Fran\u00e7ais.<\/p>\n<p>Par cons\u00e9quent, l&rsquo;\u00e9quipe d&rsquo;Old Trafford a \u00e9t\u00e9 fortement li\u00e9e \u00e0 des d\u00e9fenseurs centraux tels que Jean-Clair Todibo et Goncalo Inacio. <\/p>\n<p>Cependant, un nom qui ne dispara\u00eetra pas non plus est celui de Marc Guehi. <\/p>\n<p><em>La personne du peuple<\/em> a r\u00e9cemment relay\u00e9 que United avait fait du d\u00e9fenseur anglais sa \u00ab cible num\u00e9ro un \u00bb pour renforcer sa d\u00e9fense.  Du c\u00f4t\u00e9 du d\u00e9fenseur, il est \u00e9galement consid\u00e9r\u00e9 comme ouvert \u00e0 une telle d\u00e9cision d&rsquo;ici la fin de la saison. <\/p>\n<p>Apparemment, l&rsquo;\u00e9quipe du sud de Londres \u00e9value Guehi \u00e0 60 millions de livres sterling et les Red Devils \u00e9taient pr\u00eats \u00e0 aller jusqu&rsquo;\u00e0 45 millions de livres sterling pour obtenir la signature de l&rsquo;ancien joueur de Chelsea.<\/p>\n<p>Le d\u00e9fenseur de Palace a certainement connu une ascension fulgurante car il a connu une tr\u00e8s bonne saison jusqu&rsquo;\u00e0 pr\u00e9sent et a fermement mis son nom dans le mix pour \u00eatre l&rsquo;un des d\u00e9fenseurs centraux titulaires de l&rsquo;Angleterre lors de l&rsquo;Euro de cet \u00e9t\u00e9 en France.<\/p>\n<p>Le d\u00e9fenseur a fait 17 apparitions cette saison pour Palace et est devenu un pilier de la d\u00e9fense.  Depuis ses d\u00e9buts avec les Trois Lions en mars 2022, le d\u00e9fenseur central a jou\u00e9 neuf fois pour son pays et devrait conserver sa place s&rsquo;il continue sur sa belle forme.  (Toutes les statistiques de transfermarkt.com)<\/p>\n<p>M\u00eame si une d\u00e9cision en janvier semble peu probable, il semble que United pourrait \u00eatre plus occup\u00e9 en janvier que pr\u00e9vu.  Ten Hag a jet\u00e9 de l&rsquo;eau froide sur l&rsquo;id\u00e9e d&rsquo;une fen\u00eatre charg\u00e9e en d\u00e9clarant qu&rsquo;il \u00e9tait peu probable que le club fasse de gros ajouts. <\/p>\n<p>Cependant, le gourou des transferts Fabrizio Romano a affirm\u00e9 que \u00ab Ten Hag a mentionn\u00e9 dans une interview avec United We Stand qu&rsquo;il ne s&rsquo;attend \u00e0 aucun mouvement dans la fen\u00eatre de transfert de janvier.  Ce que je peux vous dire, c&rsquo;est que c&rsquo;est en quelque sorte un \u00ab mensonge \u00bb.  Bien s\u00fbr, je ne dis pas cela de mani\u00e8re n\u00e9gative mais de mani\u00e8re positive \u00bb.<\/p>\n<p>Par cons\u00e9quent, m\u00eame si Guehi peut \u00eatre un ajout improbable sur le march\u00e9 hivernal, le club envoie certainement des signaux mitig\u00e9s sur son niveau d&rsquo;occupation.  Les fans de United devront attendre de voir si la star montante anglaise est une v\u00e9ritable cible et quel genre d\u2019impact il peut avoir lors de l\u2019Euro en juin prochain.<\/p>\n<p><!-- AI CONTENT END 3 --><\/p><\/div>\n","protected":false},"excerpt":{"rendered":"<p>4 Ni Manchester United ni Tottenham Hotspur ne devraient faire un geste pour le d\u00e9fenseur de Crystal Palace, Marc Guehi, lors du mercato de janvier.<\/p>\n","protected":false},"author":1,"featured_media":2274,"comment_status":"closed","ping_status":"","sticky":false,"template":"","format":"standard","meta":{"footnotes":""},"categories":[3],"tags":[217,2109,1679,166,11,1678,71,1776,51,1777,13],"yoast_head":"<!-- This site is optimized with the Yoast SEO plugin v21.0 - https:\/\/yoast.com\/wordpress\/plugins\/seo\/ -->\n<title>Il est peu probable que Manchester United fasse un pas pour Marc Guehi en janvier \u2013<\/title>\n<meta name=\"robots\" content=\"index, follow, max-snippet:-1, max-image-preview:large, max-video-preview:-1\" \/>\n<link rel=\"canonical\" href=\"https:\/\/footdavant.fr\/actualites\/il-est-peu-probable-que-manchester-united-fasse-un-pas-pour-marc-guehi-en-janvier\/\" \/>\n<meta property=\"og:locale\" content=\"fr_FR\" \/>\n<meta property=\"og:type\" content=\"article\" \/>\n<meta property=\"og:title\" content=\"Il est peu probable que Manchester United fasse un pas pour Marc Guehi en janvier \u2013\" \/>\n<meta property=\"og:description\" content=\"4 Ni Manchester United ni Tottenham Hotspur ne devraient faire un geste pour le d\u00e9fenseur de Crystal Palace, Marc Guehi, lors du mercato de janvier.\" \/>\n<meta property=\"og:url\" content=\"https:\/\/footdavant.fr\/actualites\/il-est-peu-probable-que-manchester-united-fasse-un-pas-pour-marc-guehi-en-janvier\/\" \/>\n<meta property=\"og:site_name\" content=\"Foot d&#039;avant\" \/>\n<meta property=\"article:publisher\" content=\"https:\/\/www.facebook.com\/Footdavant\/\" \/>\n<meta property=\"article:published_time\" content=\"2023-12-11T10:50:07+00:00\" \/>\n<meta property=\"article:modified_time\" content=\"2023-12-11T10:50:09+00:00\" \/>\n<meta property=\"og:image\" content=\"https:\/\/footdavant.fr\/actualites\/wp-content\/uploads\/2023\/12\/Il-est-peu-probable-que-Manchester-United-fasse-un-pas.jpeg\" \/>\n\t<meta property=\"og:image:width\" content=\"1600\" \/>\n\t<meta property=\"og:image:height\" content=\"701\" \/>\n\t<meta property=\"og:image:type\" content=\"image\/jpeg\" \/>\n<meta name=\"author\" content=\"Cl\u00e9ment\" \/>\n<meta name=\"twitter:card\" content=\"summary_large_image\" \/>\n<meta name=\"twitter:creator\" content=\"@FootdavantFr\" \/>\n<meta name=\"twitter:site\" content=\"@FootdavantFr\" \/>\n<meta name=\"twitter:label1\" content=\"\u00c9crit par\" \/>\n\t<meta name=\"twitter:data1\" content=\"Cl\u00e9ment\" \/>\n\t<meta name=\"twitter:label2\" content=\"Dur\u00e9e de lecture estim\u00e9e\" \/>\n\t<meta name=\"twitter:data2\" content=\"3 minutes\" \/>\n<script type=\"application\/ld+json\" class=\"yoast-schema-graph\">{\"@context\":\"https:\/\/schema.org\",\"@graph\":[{\"@type\":\"Article\",\"@id\":\"https:\/\/footdavant.fr\/actualites\/il-est-peu-probable-que-manchester-united-fasse-un-pas-pour-marc-guehi-en-janvier\/#article\",\"isPartOf\":{\"@id\":\"https:\/\/footdavant.fr\/actualites\/il-est-peu-probable-que-manchester-united-fasse-un-pas-pour-marc-guehi-en-janvier\/\"},\"author\":{\"name\":\"Cl\u00e9ment\",\"@id\":\"https:\/\/footdavant.fr\/actualites\/#\/schema\/person\/bc222566d95871b37e597b3ed3ba5e1d\"},\"headline\":\"Il est peu probable que Manchester United fasse un pas pour Marc Guehi en janvier \u2013\",\"datePublished\":\"2023-12-11T10:50:07+00:00\",\"dateModified\":\"2023-12-11T10:50:09+00:00\",\"mainEntityOfPage\":{\"@id\":\"https:\/\/footdavant.fr\/actualites\/il-est-peu-probable-que-manchester-united-fasse-un-pas-pour-marc-guehi-en-janvier\/\"},\"wordCount\":580,\"publisher\":{\"@id\":\"https:\/\/footdavant.fr\/actualites\/#organization\"},\"keywords\":[\"est\",\"fasse\",\"Guehi\",\"janvier\",\"Manchester\",\"Marc\",\"pas\",\"peu\",\"pour\",\"probable\",\"United\"],\"articleSection\":[\"Football\"],\"inLanguage\":\"fr-FR\"},{\"@type\":\"WebPage\",\"@id\":\"https:\/\/footdavant.fr\/actualites\/il-est-peu-probable-que-manchester-united-fasse-un-pas-pour-marc-guehi-en-janvier\/\",\"url\":\"https:\/\/footdavant.fr\/actualites\/il-est-peu-probable-que-manchester-united-fasse-un-pas-pour-marc-guehi-en-janvier\/\",\"name\":\"Il est peu probable que Manchester United fasse un pas pour Marc Guehi en janvier \u2013\",\"isPartOf\":{\"@id\":\"https:\/\/footdavant.fr\/actualites\/#website\"},\"datePublished\":\"2023-12-11T10:50:07+00:00\",\"dateModified\":\"2023-12-11T10:50:09+00:00\",\"breadcrumb\":{\"@id\":\"https:\/\/footdavant.fr\/actualites\/il-est-peu-probable-que-manchester-united-fasse-un-pas-pour-marc-guehi-en-janvier\/#breadcrumb\"},\"inLanguage\":\"fr-FR\",\"potentialAction\":[{\"@type\":\"ReadAction\",\"target\":[\"https:\/\/footdavant.fr\/actualites\/il-est-peu-probable-que-manchester-united-fasse-un-pas-pour-marc-guehi-en-janvier\/\"]}]},{\"@type\":\"BreadcrumbList\",\"@id\":\"https:\/\/footdavant.fr\/actualites\/il-est-peu-probable-que-manchester-united-fasse-un-pas-pour-marc-guehi-en-janvier\/#breadcrumb\",\"itemListElement\":[{\"@type\":\"ListItem\",\"position\":1,\"name\":\"Accueil\",\"item\":\"https:\/\/footdavant.fr\/actualites\/\"},{\"@type\":\"ListItem\",\"position\":2,\"name\":\"Il est peu probable que Manchester United fasse un pas pour Marc Guehi en janvier \u2013\"}]},{\"@type\":\"WebSite\",\"@id\":\"https:\/\/footdavant.fr\/actualites\/#website\",\"url\":\"https:\/\/footdavant.fr\/actualites\/\",\"name\":\"Foot d'avant\",\"description\":\"\",\"publisher\":{\"@id\":\"https:\/\/footdavant.fr\/actualites\/#organization\"},\"potentialAction\":[{\"@type\":\"SearchAction\",\"target\":{\"@type\":\"EntryPoint\",\"urlTemplate\":\"https:\/\/footdavant.fr\/actualites\/?s={search_term_string}\"},\"query-input\":\"required name=search_term_string\"}],\"inLanguage\":\"fr-FR\"},{\"@type\":\"Organization\",\"@id\":\"https:\/\/footdavant.fr\/actualites\/#organization\",\"name\":\"Foot d'avant\",\"url\":\"https:\/\/footdavant.fr\/actualites\/\",\"logo\":{\"@type\":\"ImageObject\",\"inLanguage\":\"fr-FR\",\"@id\":\"https:\/\/footdavant.fr\/actualites\/#\/schema\/logo\/image\/\",\"url\":\"https:\/\/footdavant.fr\/actualites\/wp-content\/uploads\/2023\/09\/Copy-of-FootDavant-Logo.png\",\"contentUrl\":\"https:\/\/footdavant.fr\/actualites\/wp-content\/uploads\/2023\/09\/Copy-of-FootDavant-Logo.png\",\"width\":936,\"height\":549,\"caption\":\"Foot d'avant\"},\"image\":{\"@id\":\"https:\/\/footdavant.fr\/actualites\/#\/schema\/logo\/image\/\"},\"sameAs\":[\"https:\/\/www.facebook.com\/Footdavant\/\",\"https:\/\/twitter.com\/FootdavantFr\",\"https:\/\/www.instagram.com\/footdavant.fr\/\"]},{\"@type\":\"Person\",\"@id\":\"https:\/\/footdavant.fr\/actualites\/#\/schema\/person\/bc222566d95871b37e597b3ed3ba5e1d\",\"name\":\"Cl\u00e9ment\",\"image\":{\"@type\":\"ImageObject\",\"inLanguage\":\"fr-FR\",\"@id\":\"https:\/\/footdavant.fr\/actualites\/#\/schema\/person\/image\/\",\"url\":\"https:\/\/secure.gravatar.com\/avatar\/7728b29aac2719421e1a9159b2254c44?s=96&d=mm&r=g\",\"contentUrl\":\"https:\/\/secure.gravatar.com\/avatar\/7728b29aac2719421e1a9159b2254c44?s=96&d=mm&r=g\",\"caption\":\"Cl\u00e9ment\"},\"sameAs\":[\"https:\/\/footdavant.fr\/\"]}]}<\/script>\n<!-- \/ Yoast SEO plugin. -->","yoast_head_json":{"title":"Il est peu probable que Manchester United fasse un pas pour Marc Guehi en janvier \u2013","robots":{"index":"index","follow":"follow","max-snippet":"max-snippet:-1","max-image-preview":"max-image-preview:large","max-video-preview":"max-video-preview:-1"},"canonical":"https:\/\/footdavant.fr\/actualites\/il-est-peu-probable-que-manchester-united-fasse-un-pas-pour-marc-guehi-en-janvier\/","og_locale":"fr_FR","og_type":"article","og_title":"Il est peu probable que Manchester United fasse un pas pour Marc Guehi en janvier \u2013","og_description":"4 Ni Manchester United ni Tottenham Hotspur ne devraient faire un geste pour le d\u00e9fenseur de Crystal Palace, Marc Guehi, lors du mercato de janvier.","og_url":"https:\/\/footdavant.fr\/actualites\/il-est-peu-probable-que-manchester-united-fasse-un-pas-pour-marc-guehi-en-janvier\/","og_site_name":"Foot d&#039;avant","article_publisher":"https:\/\/www.facebook.com\/Footdavant\/","article_published_time":"2023-12-11T10:50:07+00:00","article_modified_time":"2023-12-11T10:50:09+00:00","og_image":[{"width":1600,"height":701,"url":"https:\/\/footdavant.fr\/actualites\/wp-content\/uploads\/2023\/12\/Il-est-peu-probable-que-Manchester-United-fasse-un-pas.jpeg","type":"image\/jpeg"}],"author":"Cl\u00e9ment","twitter_card":"summary_large_image","twitter_creator":"@FootdavantFr","twitter_site":"@FootdavantFr","twitter_misc":{"\u00c9crit par":"Cl\u00e9ment","Dur\u00e9e de lecture estim\u00e9e":"3 minutes"},"schema":{"@context":"https:\/\/schema.org","@graph":[{"@type":"Article","@id":"https:\/\/footdavant.fr\/actualites\/il-est-peu-probable-que-manchester-united-fasse-un-pas-pour-marc-guehi-en-janvier\/#article","isPartOf":{"@id":"https:\/\/footdavant.fr\/actualites\/il-est-peu-probable-que-manchester-united-fasse-un-pas-pour-marc-guehi-en-janvier\/"},"author":{"name":"Cl\u00e9ment","@id":"https:\/\/footdavant.fr\/actualites\/#\/schema\/person\/bc222566d95871b37e597b3ed3ba5e1d"},"headline":"Il est peu probable que Manchester United fasse un pas pour Marc Guehi en janvier \u2013","datePublished":"2023-12-11T10:50:07+00:00","dateModified":"2023-12-11T10:50:09+00:00","mainEntityOfPage":{"@id":"https:\/\/footdavant.fr\/actualites\/il-est-peu-probable-que-manchester-united-fasse-un-pas-pour-marc-guehi-en-janvier\/"},"wordCount":580,"publisher":{"@id":"https:\/\/footdavant.fr\/actualites\/#organization"},"keywords":["est","fasse","Guehi","janvier","Manchester","Marc","pas","peu","pour","probable","United"],"articleSection":["Football"],"inLanguage":"fr-FR"},{"@type":"WebPage","@id":"https:\/\/footdavant.fr\/actualites\/il-est-peu-probable-que-manchester-united-fasse-un-pas-pour-marc-guehi-en-janvier\/","url":"https:\/\/footdavant.fr\/actualites\/il-est-peu-probable-que-manchester-united-fasse-un-pas-pour-marc-guehi-en-janvier\/","name":"Il est peu probable que Manchester United fasse un pas pour Marc Guehi en janvier \u2013","isPartOf":{"@id":"https:\/\/footdavant.fr\/actualites\/#website"},"datePublished":"2023-12-11T10:50:07+00:00","dateModified":"2023-12-11T10:50:09+00:00","breadcrumb":{"@id":"https:\/\/footdavant.fr\/actualites\/il-est-peu-probable-que-manchester-united-fasse-un-pas-pour-marc-guehi-en-janvier\/#breadcrumb"},"inLanguage":"fr-FR","potentialAction":[{"@type":"ReadAction","target":["https:\/\/footdavant.fr\/actualites\/il-est-peu-probable-que-manchester-united-fasse-un-pas-pour-marc-guehi-en-janvier\/"]}]},{"@type":"BreadcrumbList","@id":"https:\/\/footdavant.fr\/actualites\/il-est-peu-probable-que-manchester-united-fasse-un-pas-pour-marc-guehi-en-janvier\/#breadcrumb","itemListElement":[{"@type":"ListItem","position":1,"name":"Accueil","item":"https:\/\/footdavant.fr\/actualites\/"},{"@type":"ListItem","position":2,"name":"Il est peu probable que Manchester United fasse un pas pour Marc Guehi en janvier \u2013"}]},{"@type":"WebSite","@id":"https:\/\/footdavant.fr\/actualites\/#website","url":"https:\/\/footdavant.fr\/actualites\/","name":"Foot d'avant","description":"","publisher":{"@id":"https:\/\/footdavant.fr\/actualites\/#organization"},"potentialAction":[{"@type":"SearchAction","target":{"@type":"EntryPoint","urlTemplate":"https:\/\/footdavant.fr\/actualites\/?s={search_term_string}"},"query-input":"required name=search_term_string"}],"inLanguage":"fr-FR"},{"@type":"Organization","@id":"https:\/\/footdavant.fr\/actualites\/#organization","name":"Foot d'avant","url":"https:\/\/footdavant.fr\/actualites\/","logo":{"@type":"ImageObject","inLanguage":"fr-FR","@id":"https:\/\/footdavant.fr\/actualites\/#\/schema\/logo\/image\/","url":"https:\/\/footdavant.fr\/actualites\/wp-content\/uploads\/2023\/09\/Copy-of-FootDavant-Logo.png","contentUrl":"https:\/\/footdavant.fr\/actualites\/wp-content\/uploads\/2023\/09\/Copy-of-FootDavant-Logo.png","width":936,"height":549,"caption":"Foot d'avant"},"image":{"@id":"https:\/\/footdavant.fr\/actualites\/#\/schema\/logo\/image\/"},"sameAs":["https:\/\/www.facebook.com\/Footdavant\/","https:\/\/twitter.com\/FootdavantFr","https:\/\/www.instagram.com\/footdavant.fr\/"]},{"@type":"Person","@id":"https:\/\/footdavant.fr\/actualites\/#\/schema\/person\/bc222566d95871b37e597b3ed3ba5e1d","name":"Cl\u00e9ment","image":{"@type":"ImageObject","inLanguage":"fr-FR","@id":"https:\/\/footdavant.fr\/actualites\/#\/schema\/person\/image\/","url":"https:\/\/secure.gravatar.com\/avatar\/7728b29aac2719421e1a9159b2254c44?s=96&d=mm&r=g","contentUrl":"https:\/\/secure.gravatar.com\/avatar\/7728b29aac2719421e1a9159b2254c44?s=96&d=mm&r=g","caption":"Cl\u00e9ment"},"sameAs":["https:\/\/footdavant.fr\/"]}]}},"_links":{"self":[{"href":"https:\/\/footdavant.fr\/actualites\/wp-json\/wp\/v2\/posts\/2273"}],"collection":[{"href":"https:\/\/footdavant.fr\/actualites\/wp-json\/wp\/v2\/posts"}],"about":[{"href":"https:\/\/footdavant.fr\/actualites\/wp-json\/wp\/v2\/types\/post"}],"author":[{"embeddable":true,"href":"https:\/\/footdavant.fr\/actualites\/wp-json\/wp\/v2\/users\/1"}],"replies":[{"embeddable":true,"href":"https:\/\/footdavant.fr\/actualites\/wp-json\/wp\/v2\/comments?post=2273"}],"version-history":[{"count":1,"href":"https:\/\/footdavant.fr\/actualites\/wp-json\/wp\/v2\/posts\/2273\/revisions"}],"predecessor-version":[{"id":2275,"href":"https:\/\/footdavant.fr\/actualites\/wp-json\/wp\/v2\/posts\/2273\/revisions\/2275"}],"wp:featuredmedia":[{"embeddable":true,"href":"https:\/\/footdavant.fr\/actualites\/wp-json\/wp\/v2\/media\/2274"}],"wp:attachment":[{"href":"https:\/\/footdavant.fr\/actualites\/wp-json\/wp\/v2\/media?parent=2273"}],"wp:term":[{"taxonomy":"category","embeddable":true,"href":"https:\/\/footdavant.fr\/actualites\/wp-json\/wp\/v2\/categories?post=2273"},{"taxonomy":"post_tag","embeddable":true,"href":"https:\/\/footdavant.fr\/actualites\/wp-json\/wp\/v2\/tags?post=2273"}],"curies":[{"name":"wp","href":"https:\/\/api.w.org\/{rel}","templated":true}]}}