{"id":2279,"date":"2023-12-11T14:04:56","date_gmt":"2023-12-11T13:04:56","guid":{"rendered":"https:\/\/footdavant.fr\/actualites\/le-patron-de-manchester-united-erik-ten-hag-refuse-la-demande-de-jours-de-repos-supplementaires\/"},"modified":"2023-12-11T14:04:57","modified_gmt":"2023-12-11T13:04:57","slug":"le-patron-de-manchester-united-erik-ten-hag-refuse-la-demande-de-jours-de-repos-supplementaires","status":"publish","type":"post","link":"https:\/\/footdavant.fr\/actualites\/le-patron-de-manchester-united-erik-ten-hag-refuse-la-demande-de-jours-de-repos-supplementaires\/","title":{"rendered":"Le patron de Manchester United, Erik Ten Hag, \u00ab\u00a0refuse la demande de jours de repos suppl\u00e9mentaires\u00a0\u00bb"},"content":{"rendered":"<p>Le manager de Manchester United, Erik ten Hag, aurait refus\u00e9 les demandes de jours de repos suppl\u00e9mentaires de son \u00e9quipe en raison d&rsquo;inqui\u00e9tudes concernant leur charge de travail.<\/p>\n<div id=\"article_body\" itemprop=\"articleBody\">\n<h3 class=\"firstPara\">\n<strong class=\"autotag\">Manchester United<\/strong> directeur <strong class=\"autotag\">Erik Ten Hag<\/strong> aurait refus\u00e9 la demande de jours de repos suppl\u00e9mentaires de ses joueurs en raison d&rsquo;inqui\u00e9tudes concernant la charge de travail de l&rsquo;\u00e9quipe.<\/h3>\n<p>Apr\u00e8s avoir fait des vagues lors de sa premi\u00e8re saison avec une troisi\u00e8me place en Premier League et une couronne en Coupe EFL, Ten Hag a trouv\u00e9 les choses beaucoup plus difficiles dans l&rsquo;abri d&rsquo;Old Trafford cette fois-ci.<\/p>\n<p>Au milieu d&rsquo;une vague de blessures et de critiques sur le manque de performance offensive des Red Devils, l&rsquo;\u00e9quipe de Ten Hag n&rsquo;a pris que 27 points lors de ses 15 premiers matchs en Premier League, ce qui est suffisant pour la sixi\u00e8me place du classement.<\/p>\n<p>La d\u00e9fense de Man United en Coupe EFL a \u00e9galement pris fin pr\u00e9matur\u00e9ment aux mains de Newcastle United, qu&rsquo;ils ont coul\u00e9 lors de la finale de la saison derni\u00e8re, alors qu&rsquo;ils occupent la derni\u00e8re place de leur groupe de Ligue des champions avec seulement quatre points sur 15 possibles.<\/p>\n<p>Afin de se qualifier pour les huiti\u00e8mes de finale, Man United doit battre le leader du groupe, le Bayern Munich, \u00e0 Old Trafford la semaine prochaine et esp\u00e9rer que la rencontre de Copenhague avec Galatasaray se termine par un match nul, car ces deux derni\u00e8res \u00e9quipes ont toutes deux un point de mieux.<\/p>\n<p class=\"imgI\">\n<p>Il a \u00e9t\u00e9 affirm\u00e9 que les joueurs de Man United ont bl\u00e2m\u00e9 le calendrier impitoyable de pr\u00e9-saison pour leur lent d\u00e9but de saison, et les m\u00e9thodes d&rsquo;entra\u00eenement impitoyables de Ten Hag ont continu\u00e9 de faire l&rsquo;objet d&rsquo;un examen minutieux.<\/p>\n<p>Selon le <em>Courrier quotidien<\/em>une poign\u00e9e de joueurs se sont plaints aupr\u00e8s de l&rsquo;entra\u00eeneur principal de leur charge de travail via le groupe de direction, avec un accent particulier sur le manque de jours de repos et l&rsquo;incapacit\u00e9 de planifier \u00e0 l&rsquo;avance.<\/p>\n<p>Le rapport affirme que Ten Hag \u00e9labore un programme hebdomadaire, mais le N\u00e9erlandais peut modifier la charge de travail en fonction des performances de son \u00e9quipe lors des matches, et il a refus\u00e9 les demandes de jours de cong\u00e9 suppl\u00e9mentaires des joueurs.<\/p>\n<p>L&rsquo;ancien entra\u00eeneur de l&rsquo;Ajax aurait \u00e9cout\u00e9 les pr\u00e9occupations des joueurs et aurait parfois accord\u00e9 quelques jours de repos de plus que d&rsquo;habitude, mais il estime que ses joueurs doivent \u00eatre pr\u00eats \u00e0 pousser leur corps \u00e0 l&rsquo;extr\u00eame pour obtenir le badge.<\/p>\n<p>Ten Hag est cens\u00e9 \u00eatre \u00ab\u00a0convaincu\u00a0\u00bb que les exigences physiques de la Premier League sont de plus en plus grandes et continuera d&rsquo;exiger les plus hauts standards de ses joueurs, sans toutefois s&rsquo;en excuser.<\/p>\n<p class=\"imgI\"><img decoding=\"async\" loading=\"lazy\" class=\"l\" src=\"https:\/\/footdavant.fr\/actualites\/wp-content\/uploads\/2023\/12\/Le-patron-de-Manchester-United-Erik-Ten-Hag-refuse-la.JPG\" title=\"Scott McTominay de Manchester United c\u00e9l\u00e8bre son deuxi\u00e8me but le 6 d\u00e9cembre 2023\" alt=\"Scott McTominay de Manchester United c\u00e9l\u00e8bre son deuxi\u00e8me but le 6 d\u00e9cembre 2023\" width=\"640\" height=\"480\"><\/p>\n<p>La \u00ab\u00a0grande majorit\u00e9\u00a0\u00bb des joueurs soutiennent les m\u00e9thodes de Ten Hag, mais le joueur de 53 ans n&rsquo;entretient pas une relation rose avec tous les membres de son \u00e9quipe, car <strong class=\"autotag\">Jadon Sancho<\/strong> est bloqu\u00e9 depuis plus de trois mois maintenant.<\/p>\n<p>L&rsquo;ailier anglais a affirm\u00e9 qu&rsquo;il \u00e9tait devenu un \u00ab\u00a0bouc \u00e9missaire\u00a0\u00bb apr\u00e8s avoir \u00e9t\u00e9 \u00e9cart\u00e9 lors de la d\u00e9faite de septembre contre Arsenal, et apr\u00e8s avoir refus\u00e9 de s&rsquo;excuser aupr\u00e8s de son manager, il a \u00e9t\u00e9 banni de l&rsquo;\u00e9quipe premi\u00e8re.<\/p>\n<p>Ten Hag a r\u00e9cemment affirm\u00e9 que ce serait \u00e0 Sancho de sauver sa carri\u00e8re \u00e0 Man United, mais l&rsquo;ancien joueur du Borussia Dortmund devrait se diriger vers la porte de sortie d\u00e8s que possible en janvier.<\/p>\n<p>Entre-temps, <strong class=\"autotag\">Rapha\u00ebl Varane<\/strong> est tomb\u00e9 en disgr\u00e2ce sous Ten Hag, qui a pr\u00e9f\u00e9r\u00e9 <strong class=\"autotag\">Harry Maguire<\/strong>, <strong class=\"autotag\">Victor Lindelof<\/strong> et <strong class=\"autotag\">Jonny Evans<\/strong> au vainqueur de la Coupe du monde au c\u0153ur de la d\u00e9fense pendant la majeure partie de la saison.<\/p>\n<p>La relation entre Varane et Ten Hag aurait \u00e9t\u00e9 rompue de mani\u00e8re irr\u00e9parable, mais le patron des Red Devils a ni\u00e9 les rumeurs de rupture lorsqu&rsquo;il a \u00e9t\u00e9 interrog\u00e9 lors d&rsquo;une r\u00e9cente conf\u00e9rence de presse.<\/p>\n<\/div>\n","protected":false},"excerpt":{"rendered":"<p>Le manager de Manchester United, Erik ten Hag, aurait refus\u00e9 les demandes de jours de repos suppl\u00e9mentaires de son \u00e9quipe en raison d&rsquo;inqui\u00e9tudes concernant leur<\/p>\n","protected":false},"author":1,"featured_media":2280,"comment_status":"closed","ping_status":"","sticky":false,"template":"","format":"standard","meta":{"footnotes":""},"categories":[5],"tags":[74,190,192,55,11,231,2110,2111,2112,191,13],"yoast_head":"<!-- This site is optimized with the Yoast SEO plugin v21.0 - https:\/\/yoast.com\/wordpress\/plugins\/seo\/ -->\n<title>Le patron de Manchester United, Erik Ten Hag, &quot;refuse la demande de jours de repos suppl\u00e9mentaires&quot;<\/title>\n<meta name=\"robots\" content=\"index, follow, max-snippet:-1, max-image-preview:large, max-video-preview:-1\" \/>\n<link rel=\"canonical\" href=\"https:\/\/footdavant.fr\/actualites\/le-patron-de-manchester-united-erik-ten-hag-refuse-la-demande-de-jours-de-repos-supplementaires\/\" \/>\n<meta property=\"og:locale\" content=\"fr_FR\" \/>\n<meta property=\"og:type\" content=\"article\" \/>\n<meta property=\"og:title\" content=\"Le patron de Manchester United, Erik Ten Hag, &quot;refuse la demande de jours de repos suppl\u00e9mentaires&quot;\" \/>\n<meta property=\"og:description\" content=\"Le manager de Manchester United, Erik ten Hag, aurait refus\u00e9 les demandes de jours de repos suppl\u00e9mentaires de son \u00e9quipe en raison d&rsquo;inqui\u00e9tudes concernant leur\" \/>\n<meta property=\"og:url\" content=\"https:\/\/footdavant.fr\/actualites\/le-patron-de-manchester-united-erik-ten-hag-refuse-la-demande-de-jours-de-repos-supplementaires\/\" \/>\n<meta property=\"og:site_name\" content=\"Foot d&#039;avant\" \/>\n<meta property=\"article:publisher\" content=\"https:\/\/www.facebook.com\/Footdavant\/\" \/>\n<meta property=\"article:published_time\" content=\"2023-12-11T13:04:56+00:00\" \/>\n<meta property=\"article:modified_time\" content=\"2023-12-11T13:04:57+00:00\" \/>\n<meta property=\"og:image\" content=\"https:\/\/footdavant.fr\/actualites\/wp-content\/uploads\/2023\/12\/Le-patron-de-Manchester-United-Erik-Ten-Hag-refuse-la.jpg\" \/>\n\t<meta property=\"og:image:width\" content=\"640\" \/>\n\t<meta property=\"og:image:height\" content=\"480\" \/>\n\t<meta property=\"og:image:type\" content=\"image\/jpeg\" \/>\n<meta name=\"author\" content=\"Cl\u00e9ment\" \/>\n<meta name=\"twitter:card\" content=\"summary_large_image\" \/>\n<meta name=\"twitter:creator\" content=\"@FootdavantFr\" \/>\n<meta name=\"twitter:site\" content=\"@FootdavantFr\" \/>\n<meta name=\"twitter:label1\" content=\"\u00c9crit par\" \/>\n\t<meta name=\"twitter:data1\" content=\"Cl\u00e9ment\" \/>\n\t<meta name=\"twitter:label2\" content=\"Dur\u00e9e de lecture estim\u00e9e\" \/>\n\t<meta name=\"twitter:data2\" content=\"3 minutes\" \/>\n<script type=\"application\/ld+json\" class=\"yoast-schema-graph\">{\"@context\":\"https:\/\/schema.org\",\"@graph\":[{\"@type\":\"Article\",\"@id\":\"https:\/\/footdavant.fr\/actualites\/le-patron-de-manchester-united-erik-ten-hag-refuse-la-demande-de-jours-de-repos-supplementaires\/#article\",\"isPartOf\":{\"@id\":\"https:\/\/footdavant.fr\/actualites\/le-patron-de-manchester-united-erik-ten-hag-refuse-la-demande-de-jours-de-repos-supplementaires\/\"},\"author\":{\"name\":\"Cl\u00e9ment\",\"@id\":\"https:\/\/footdavant.fr\/actualites\/#\/schema\/person\/bc222566d95871b37e597b3ed3ba5e1d\"},\"headline\":\"Le patron de Manchester United, Erik Ten Hag, \u00ab\u00a0refuse la demande de jours de repos suppl\u00e9mentaires\u00a0\u00bb\",\"datePublished\":\"2023-12-11T13:04:56+00:00\",\"dateModified\":\"2023-12-11T13:04:57+00:00\",\"mainEntityOfPage\":{\"@id\":\"https:\/\/footdavant.fr\/actualites\/le-patron-de-manchester-united-erik-ten-hag-refuse-la-demande-de-jours-de-repos-supplementaires\/\"},\"wordCount\":687,\"publisher\":{\"@id\":\"https:\/\/footdavant.fr\/actualites\/#organization\"},\"keywords\":[\"demand\u00e9\",\"Erik\",\"Hag\",\"Jours\",\"Manchester\",\"patron\",\"refuse\",\"repos\",\"suppl\u00e9mentaires\",\"ten\",\"United\"],\"articleSection\":[\"Premier League\"],\"inLanguage\":\"fr-FR\"},{\"@type\":\"WebPage\",\"@id\":\"https:\/\/footdavant.fr\/actualites\/le-patron-de-manchester-united-erik-ten-hag-refuse-la-demande-de-jours-de-repos-supplementaires\/\",\"url\":\"https:\/\/footdavant.fr\/actualites\/le-patron-de-manchester-united-erik-ten-hag-refuse-la-demande-de-jours-de-repos-supplementaires\/\",\"name\":\"Le patron de Manchester United, Erik Ten Hag, \\\"refuse la demande de jours de repos suppl\u00e9mentaires\\\"\",\"isPartOf\":{\"@id\":\"https:\/\/footdavant.fr\/actualites\/#website\"},\"datePublished\":\"2023-12-11T13:04:56+00:00\",\"dateModified\":\"2023-12-11T13:04:57+00:00\",\"breadcrumb\":{\"@id\":\"https:\/\/footdavant.fr\/actualites\/le-patron-de-manchester-united-erik-ten-hag-refuse-la-demande-de-jours-de-repos-supplementaires\/#breadcrumb\"},\"inLanguage\":\"fr-FR\",\"potentialAction\":[{\"@type\":\"ReadAction\",\"target\":[\"https:\/\/footdavant.fr\/actualites\/le-patron-de-manchester-united-erik-ten-hag-refuse-la-demande-de-jours-de-repos-supplementaires\/\"]}]},{\"@type\":\"BreadcrumbList\",\"@id\":\"https:\/\/footdavant.fr\/actualites\/le-patron-de-manchester-united-erik-ten-hag-refuse-la-demande-de-jours-de-repos-supplementaires\/#breadcrumb\",\"itemListElement\":[{\"@type\":\"ListItem\",\"position\":1,\"name\":\"Accueil\",\"item\":\"https:\/\/footdavant.fr\/actualites\/\"},{\"@type\":\"ListItem\",\"position\":2,\"name\":\"Le patron de Manchester United, Erik Ten Hag, \u00ab\u00a0refuse la demande de jours de repos suppl\u00e9mentaires\u00a0\u00bb\"}]},{\"@type\":\"WebSite\",\"@id\":\"https:\/\/footdavant.fr\/actualites\/#website\",\"url\":\"https:\/\/footdavant.fr\/actualites\/\",\"name\":\"Foot d'avant\",\"description\":\"\",\"publisher\":{\"@id\":\"https:\/\/footdavant.fr\/actualites\/#organization\"},\"potentialAction\":[{\"@type\":\"SearchAction\",\"target\":{\"@type\":\"EntryPoint\",\"urlTemplate\":\"https:\/\/footdavant.fr\/actualites\/?s={search_term_string}\"},\"query-input\":\"required name=search_term_string\"}],\"inLanguage\":\"fr-FR\"},{\"@type\":\"Organization\",\"@id\":\"https:\/\/footdavant.fr\/actualites\/#organization\",\"name\":\"Foot d'avant\",\"url\":\"https:\/\/footdavant.fr\/actualites\/\",\"logo\":{\"@type\":\"ImageObject\",\"inLanguage\":\"fr-FR\",\"@id\":\"https:\/\/footdavant.fr\/actualites\/#\/schema\/logo\/image\/\",\"url\":\"https:\/\/footdavant.fr\/actualites\/wp-content\/uploads\/2023\/09\/Copy-of-FootDavant-Logo.png\",\"contentUrl\":\"https:\/\/footdavant.fr\/actualites\/wp-content\/uploads\/2023\/09\/Copy-of-FootDavant-Logo.png\",\"width\":936,\"height\":549,\"caption\":\"Foot d'avant\"},\"image\":{\"@id\":\"https:\/\/footdavant.fr\/actualites\/#\/schema\/logo\/image\/\"},\"sameAs\":[\"https:\/\/www.facebook.com\/Footdavant\/\",\"https:\/\/twitter.com\/FootdavantFr\",\"https:\/\/www.instagram.com\/footdavant.fr\/\"]},{\"@type\":\"Person\",\"@id\":\"https:\/\/footdavant.fr\/actualites\/#\/schema\/person\/bc222566d95871b37e597b3ed3ba5e1d\",\"name\":\"Cl\u00e9ment\",\"image\":{\"@type\":\"ImageObject\",\"inLanguage\":\"fr-FR\",\"@id\":\"https:\/\/footdavant.fr\/actualites\/#\/schema\/person\/image\/\",\"url\":\"https:\/\/secure.gravatar.com\/avatar\/7728b29aac2719421e1a9159b2254c44?s=96&d=mm&r=g\",\"contentUrl\":\"https:\/\/secure.gravatar.com\/avatar\/7728b29aac2719421e1a9159b2254c44?s=96&d=mm&r=g\",\"caption\":\"Cl\u00e9ment\"},\"sameAs\":[\"https:\/\/footdavant.fr\/\"]}]}<\/script>\n<!-- \/ Yoast SEO plugin. -->","yoast_head_json":{"title":"Le patron de Manchester United, Erik Ten Hag, \"refuse la demande de jours de repos suppl\u00e9mentaires\"","robots":{"index":"index","follow":"follow","max-snippet":"max-snippet:-1","max-image-preview":"max-image-preview:large","max-video-preview":"max-video-preview:-1"},"canonical":"https:\/\/footdavant.fr\/actualites\/le-patron-de-manchester-united-erik-ten-hag-refuse-la-demande-de-jours-de-repos-supplementaires\/","og_locale":"fr_FR","og_type":"article","og_title":"Le patron de Manchester United, Erik Ten Hag, \"refuse la demande de jours de repos suppl\u00e9mentaires\"","og_description":"Le manager de Manchester United, Erik ten Hag, aurait refus\u00e9 les demandes de jours de repos suppl\u00e9mentaires de son \u00e9quipe en raison d&rsquo;inqui\u00e9tudes concernant leur","og_url":"https:\/\/footdavant.fr\/actualites\/le-patron-de-manchester-united-erik-ten-hag-refuse-la-demande-de-jours-de-repos-supplementaires\/","og_site_name":"Foot d&#039;avant","article_publisher":"https:\/\/www.facebook.com\/Footdavant\/","article_published_time":"2023-12-11T13:04:56+00:00","article_modified_time":"2023-12-11T13:04:57+00:00","og_image":[{"width":640,"height":480,"url":"https:\/\/footdavant.fr\/actualites\/wp-content\/uploads\/2023\/12\/Le-patron-de-Manchester-United-Erik-Ten-Hag-refuse-la.jpg","type":"image\/jpeg"}],"author":"Cl\u00e9ment","twitter_card":"summary_large_image","twitter_creator":"@FootdavantFr","twitter_site":"@FootdavantFr","twitter_misc":{"\u00c9crit par":"Cl\u00e9ment","Dur\u00e9e de lecture estim\u00e9e":"3 minutes"},"schema":{"@context":"https:\/\/schema.org","@graph":[{"@type":"Article","@id":"https:\/\/footdavant.fr\/actualites\/le-patron-de-manchester-united-erik-ten-hag-refuse-la-demande-de-jours-de-repos-supplementaires\/#article","isPartOf":{"@id":"https:\/\/footdavant.fr\/actualites\/le-patron-de-manchester-united-erik-ten-hag-refuse-la-demande-de-jours-de-repos-supplementaires\/"},"author":{"name":"Cl\u00e9ment","@id":"https:\/\/footdavant.fr\/actualites\/#\/schema\/person\/bc222566d95871b37e597b3ed3ba5e1d"},"headline":"Le patron de Manchester United, Erik Ten Hag, \u00ab\u00a0refuse la demande de jours de repos suppl\u00e9mentaires\u00a0\u00bb","datePublished":"2023-12-11T13:04:56+00:00","dateModified":"2023-12-11T13:04:57+00:00","mainEntityOfPage":{"@id":"https:\/\/footdavant.fr\/actualites\/le-patron-de-manchester-united-erik-ten-hag-refuse-la-demande-de-jours-de-repos-supplementaires\/"},"wordCount":687,"publisher":{"@id":"https:\/\/footdavant.fr\/actualites\/#organization"},"keywords":["demand\u00e9","Erik","Hag","Jours","Manchester","patron","refuse","repos","suppl\u00e9mentaires","ten","United"],"articleSection":["Premier League"],"inLanguage":"fr-FR"},{"@type":"WebPage","@id":"https:\/\/footdavant.fr\/actualites\/le-patron-de-manchester-united-erik-ten-hag-refuse-la-demande-de-jours-de-repos-supplementaires\/","url":"https:\/\/footdavant.fr\/actualites\/le-patron-de-manchester-united-erik-ten-hag-refuse-la-demande-de-jours-de-repos-supplementaires\/","name":"Le patron de Manchester United, Erik Ten Hag, \"refuse la demande de jours de repos suppl\u00e9mentaires\"","isPartOf":{"@id":"https:\/\/footdavant.fr\/actualites\/#website"},"datePublished":"2023-12-11T13:04:56+00:00","dateModified":"2023-12-11T13:04:57+00:00","breadcrumb":{"@id":"https:\/\/footdavant.fr\/actualites\/le-patron-de-manchester-united-erik-ten-hag-refuse-la-demande-de-jours-de-repos-supplementaires\/#breadcrumb"},"inLanguage":"fr-FR","potentialAction":[{"@type":"ReadAction","target":["https:\/\/footdavant.fr\/actualites\/le-patron-de-manchester-united-erik-ten-hag-refuse-la-demande-de-jours-de-repos-supplementaires\/"]}]},{"@type":"BreadcrumbList","@id":"https:\/\/footdavant.fr\/actualites\/le-patron-de-manchester-united-erik-ten-hag-refuse-la-demande-de-jours-de-repos-supplementaires\/#breadcrumb","itemListElement":[{"@type":"ListItem","position":1,"name":"Accueil","item":"https:\/\/footdavant.fr\/actualites\/"},{"@type":"ListItem","position":2,"name":"Le patron de Manchester United, Erik Ten Hag, \u00ab\u00a0refuse la demande de jours de repos suppl\u00e9mentaires\u00a0\u00bb"}]},{"@type":"WebSite","@id":"https:\/\/footdavant.fr\/actualites\/#website","url":"https:\/\/footdavant.fr\/actualites\/","name":"Foot d'avant","description":"","publisher":{"@id":"https:\/\/footdavant.fr\/actualites\/#organization"},"potentialAction":[{"@type":"SearchAction","target":{"@type":"EntryPoint","urlTemplate":"https:\/\/footdavant.fr\/actualites\/?s={search_term_string}"},"query-input":"required name=search_term_string"}],"inLanguage":"fr-FR"},{"@type":"Organization","@id":"https:\/\/footdavant.fr\/actualites\/#organization","name":"Foot d'avant","url":"https:\/\/footdavant.fr\/actualites\/","logo":{"@type":"ImageObject","inLanguage":"fr-FR","@id":"https:\/\/footdavant.fr\/actualites\/#\/schema\/logo\/image\/","url":"https:\/\/footdavant.fr\/actualites\/wp-content\/uploads\/2023\/09\/Copy-of-FootDavant-Logo.png","contentUrl":"https:\/\/footdavant.fr\/actualites\/wp-content\/uploads\/2023\/09\/Copy-of-FootDavant-Logo.png","width":936,"height":549,"caption":"Foot d'avant"},"image":{"@id":"https:\/\/footdavant.fr\/actualites\/#\/schema\/logo\/image\/"},"sameAs":["https:\/\/www.facebook.com\/Footdavant\/","https:\/\/twitter.com\/FootdavantFr","https:\/\/www.instagram.com\/footdavant.fr\/"]},{"@type":"Person","@id":"https:\/\/footdavant.fr\/actualites\/#\/schema\/person\/bc222566d95871b37e597b3ed3ba5e1d","name":"Cl\u00e9ment","image":{"@type":"ImageObject","inLanguage":"fr-FR","@id":"https:\/\/footdavant.fr\/actualites\/#\/schema\/person\/image\/","url":"https:\/\/secure.gravatar.com\/avatar\/7728b29aac2719421e1a9159b2254c44?s=96&d=mm&r=g","contentUrl":"https:\/\/secure.gravatar.com\/avatar\/7728b29aac2719421e1a9159b2254c44?s=96&d=mm&r=g","caption":"Cl\u00e9ment"},"sameAs":["https:\/\/footdavant.fr\/"]}]}},"_links":{"self":[{"href":"https:\/\/footdavant.fr\/actualites\/wp-json\/wp\/v2\/posts\/2279"}],"collection":[{"href":"https:\/\/footdavant.fr\/actualites\/wp-json\/wp\/v2\/posts"}],"about":[{"href":"https:\/\/footdavant.fr\/actualites\/wp-json\/wp\/v2\/types\/post"}],"author":[{"embeddable":true,"href":"https:\/\/footdavant.fr\/actualites\/wp-json\/wp\/v2\/users\/1"}],"replies":[{"embeddable":true,"href":"https:\/\/footdavant.fr\/actualites\/wp-json\/wp\/v2\/comments?post=2279"}],"version-history":[{"count":1,"href":"https:\/\/footdavant.fr\/actualites\/wp-json\/wp\/v2\/posts\/2279\/revisions"}],"predecessor-version":[{"id":2281,"href":"https:\/\/footdavant.fr\/actualites\/wp-json\/wp\/v2\/posts\/2279\/revisions\/2281"}],"wp:featuredmedia":[{"embeddable":true,"href":"https:\/\/footdavant.fr\/actualites\/wp-json\/wp\/v2\/media\/2280"}],"wp:attachment":[{"href":"https:\/\/footdavant.fr\/actualites\/wp-json\/wp\/v2\/media?parent=2279"}],"wp:term":[{"taxonomy":"category","embeddable":true,"href":"https:\/\/footdavant.fr\/actualites\/wp-json\/wp\/v2\/categories?post=2279"},{"taxonomy":"post_tag","embeddable":true,"href":"https:\/\/footdavant.fr\/actualites\/wp-json\/wp\/v2\/tags?post=2279"}],"curies":[{"name":"wp","href":"https:\/\/api.w.org\/{rel}","templated":true}]}}