{"id":2294,"date":"2023-12-11T18:54:29","date_gmt":"2023-12-11T17:54:29","guid":{"rendered":"https:\/\/footdavant.fr\/actualites\/apercu-lens-contre-seville-pronostics-actualites-de-lequipe-compositions\/"},"modified":"2023-12-11T18:54:29","modified_gmt":"2023-12-11T17:54:29","slug":"apercu-lens-contre-seville-pronostics-actualites-de-lequipe-compositions","status":"publish","type":"post","link":"https:\/\/footdavant.fr\/actualites\/apercu-lens-contre-seville-pronostics-actualites-de-lequipe-compositions\/","title":{"rendered":"Aper\u00e7u : Lens contre S\u00e9ville \u2013 pronostics, actualit\u00e9s de l&rsquo;\u00e9quipe, compositions"},"content":{"rendered":"<p>Sports Mole pr\u00e9sente un aper\u00e7u du choc de la Ligue des champions de mardi entre Lens et S\u00e9ville, y compris les pronostics, les nouvelles de l&rsquo;\u00e9quipe et les compositions possibles.<\/p>\n<div id=\"article_body\" itemprop=\"articleBody\">\n<p class=\"firstPara\">S&rsquo;engageant dans une fusillade directe pour le prix de consolation de la Ligue Europa de football, <strong class=\"autotag\">Lentille<\/strong> et <strong class=\"autotag\">S\u00e9ville<\/strong> s&rsquo;affrontent en finale au Stade Bollaert-Delelis <strong class=\"autotag\">Ligue des champions<\/strong> Rencontre du groupe B mardi.<\/p>\n<p>Les h\u00f4tes d\u00e9tiennent un avantage de trois points sur les tenants du titre de la Ligue Europa, sans victoire, et doivent simplement \u00e9viter la d\u00e9faite pour refuser \u00e0 Los Palanganas une autre chance de r\u00e9demption dans le tournoi secondaire du continent.<\/p>\n<hr class=\"divide\">\n<h2>Aper\u00e7u du match<\/h2>\n<p class=\"imgI\">\n<p>Gestionnaire d&rsquo;objectifs <strong class=\"autotag\">Franck Ha\u00efse<\/strong> et ses troupes ont peut-\u00eatre donn\u00e9 une le\u00e7on d\u00e9fensive \u00e0 Arsenal lors de leur victoire 2-1 contre les Gunners en octobre, mais l&rsquo;excellence de l&rsquo;arri\u00e8re-garde des Sang et Or leur a \u00e9chapp\u00e9 lors du d\u00e9placement du mois dernier dans le nord de Londres, qui s&rsquo;est termin\u00e9 par une oblit\u00e9ration 6-0.<\/p>\n<p>Six buts de six buteurs diff\u00e9rents ont permis \u00e0 Arsenal de se qualifier pour les huiti\u00e8mes de finale en tant que vainqueur de groupe, et avec le PSV Eindhoven r\u00e9alisant \u00e9galement un retour \u00e9tonnant contre S\u00e9ville lors de l&rsquo;avant-derni\u00e8re journ\u00e9e, la premi\u00e8re aventure de Lens en Ligue des champions en 21 ans se terminera au premier obstacle.<\/p>\n<p>Cependant, les Sang et Or, troisi\u00e8mes, ont leur destin en Ligue Europa entre leurs mains et se qualifieront pour les huiti\u00e8mes de finale du tournoi secondaire europ\u00e9en s&rsquo;ils parviennent \u00e0 prendre au moins un point \u00e0 leurs visiteurs mardi, mais une d\u00e9faite les \u00e9liminerait du tournoi. L\u2019Europe enti\u00e8rement compte tenu de sa diff\u00e9rence de buts inf\u00e9rieure.<\/p>\n<p>Un point, c&rsquo;est tout ce que les hommes de Haise ont r\u00e9ussi \u00e0 gagner lors de leur derni\u00e8re rencontre de Ligue 1 face au Montpellier HSC vendredi, sans r\u00e9ussir \u00e0 convertir leurs 65% de possession en quoi que ce soit de significatif, m\u00eame si ce nul ennuyeux a prolong\u00e9 la s\u00e9quence d&rsquo;invincibilit\u00e9 de Lens dans l&rsquo;\u00e9lite fran\u00e7aise. \u00e0 10 matchs.<\/p>\n<p>De plus, c&rsquo;est \u00e0 domicile que Lens a le c\u0153ur ces derni\u00e8res semaines, puisqu&rsquo;ils ont battu Nantes, Marseille et Lyon lors de chacun de leurs trois derniers matches au Stade Bollaert-Delelis et n&rsquo;ont perdu qu&rsquo;un seul match \u00e0 domicile de Ligue des Champions &#8211; un 3 -1 passage aux mains du Dynamo Kiev en 1998.<\/p>\n<p class=\"imgI\"><img decoding=\"async\" loading=\"lazy\" class=\"l\" src=\"https:\/\/footdavant.fr\/actualites\/wp-content\/uploads\/2023\/12\/1702317268_320_Apercu-Lens-contre-Seville-\u2013-pronostics-actualites-de-lequipe.jpg\" title=\"Diego Alonso, entra\u00eeneur de S\u00e9ville, le 21 octobre 2023\" alt=\"Diego Alonso, entra\u00eeneur de S\u00e9ville, le 21 octobre 2023\" width=\"640\" height=\"480\"> <\/p>\n<p>Une heure de perfection a pr\u00e9c\u00e9d\u00e9 30 minutes d&rsquo;implosion pour S\u00e9ville contre le PSV Eindhoven lors de la cinqui\u00e8me journ\u00e9e, alors que les buts de <strong class=\"autotag\">Sergio Ramos<\/strong> et <strong class=\"autotag\">Youssef En-Nesyri<\/strong> apparemment r\u00e9gl\u00e9 <strong class=\"autotag\">Diego Alonso<\/strong>L&rsquo;\u00e9quipe est en route vers sa premi\u00e8re victoire en Ligue des champions de la nouvelle saison, ce qui aurait fait exploser la lutte pour la deuxi\u00e8me place.<\/p>\n<p>Cependant, apr\u00e8s <strong class=\"autotag\">Lucas Ocampos<\/strong> a re\u00e7u son ordre de marche pour deux infractions r\u00e9servables en trois minutes, S\u00e9ville a capitul\u00e9 au Ramon S\u00e1nchez Pizjuan, o\u00f9 un <strong class=\"autotag\">Isma\u00ebl Saibari<\/strong> des efforts et <strong class=\"autotag\">Nemanja Gudelj<\/strong> le but contre son camp a pr\u00e9c\u00e9d\u00e9 un temps additionnel <strong class=\"autotag\">Ricardo P\u00e9pi<\/strong> de la t\u00eate lors d&rsquo;une \u00e9tonnante victoire 3-2 pour les g\u00e9ants n\u00e9erlandais.<\/p>\n<p>Milieu de terrain v\u00e9t\u00e9ran <strong class=\"autotag\">Fernando<\/strong> a \u00e9galement re\u00e7u un carton rouge alors que les espoirs de S\u00e9ville en huiti\u00e8mes de finale se sont \u00e9cras\u00e9s et ont br\u00fbl\u00e9, laissant les adversaires du Groupe B de Los Palanganas les m\u00e9priser \u00e0 la quatri\u00e8me place, mais une premi\u00e8re victoire \u00e0 la sixi\u00e8me tentative verrait les hommes d&rsquo;Alonso se faufiler dans leur Ligue Europa pr\u00e9f\u00e9r\u00e9e.<\/p>\n<p>Un tel sc\u00e9nario est fantaisiste si l&rsquo;on en croit la forme r\u00e9cente, car une d\u00e9faite 1-0 contre Majorque ce week-end a prolong\u00e9 la s\u00e9rie sans victoire des visiteurs en Liga \u00e0 neuf matches alarmants, et leurs deux seules victoires depuis octobre ont Il y a eu des succ\u00e8s en Copa del Rey contre des adversaires de ligue inf\u00e9rieure \u00e0 Quintanar et \u00e0 l&rsquo;Atletico Astorga.<\/p>\n<p>En parlant de neuf matches non d\u00e9sir\u00e9s, S\u00e9ville a pass\u00e9 une p\u00e9riode identique sans victoire \u00e0 l&rsquo;ext\u00e9rieur en Ligue des Champions, mais ils ont tenu Lens \u00e0 un match nul 1-1 lors de leur premi\u00e8re rencontre dans le Groupe B et n&rsquo;ont pas encore perdu un match europ\u00e9en de haut niveau. \u00e0 l&rsquo;ext\u00e9rieur face \u00e0 un adversaire de Ligue 1.<\/p>\n<p>Forme de la Ligue des Champions de Lens :<\/p>\n<p>Forme de lentille (toutes comp\u00e9titions) :<\/p>\n<p>Forme de la Ligue des Champions de S\u00e9ville\u00a0:<\/p>\n<p>Forme S\u00e9ville (toutes comp\u00e9titions) :<\/p>\n<p>Annonce &#8211; contenu ci-dessous\u00a0:<\/p>\n<hr class=\"divide\">\n<h2>Nouvelles de l&rsquo;\u00e9quipe<\/h2>\n<p class=\"imgI\"><img decoding=\"async\" loading=\"lazy\" class=\"l\" src=\"https:\/\/footdavant.fr\/actualites\/wp-content\/uploads\/2023\/12\/1702317269_936_Apercu-Lens-contre-Seville-\u2013-pronostics-actualites-de-lequipe.jpg\" title=\"Lucas Ocampos de S\u00e9ville re\u00e7oit un carton rouge par l'arbitre Davide Massa le 29 novembre 2023\" alt=\"Lucas Ocampos de S\u00e9ville re\u00e7oit un carton rouge par l'arbitre Davide Massa le 29 novembre 2023\" width=\"640\" height=\"480\"><\/p>\n<p>En raison de son exclusion lors de la 4e journ\u00e9e face au PSV Eindhoven, l&rsquo;attaquant de Lens <strong class=\"autotag\">Morgane Guilavogui<\/strong> a rat\u00e9 la d\u00e9faite \u00e9crasante contre Arsenal aux Emirats, mais l&rsquo;international guin\u00e9en de 25 ans est d\u00e9sormais \u00e0 nouveau \u00e9ligible pour la s\u00e9lection europ\u00e9enne.<\/p>\n<p>C&rsquo;est plus que ce qu&rsquo;on peut dire pour les victimes du LCA <strong class=\"autotag\">Jimmy Cabot<\/strong> et <strong class=\"autotag\">Wuilker Farinez<\/strong>m\u00eame si ce dernier est au moins de retour \u00e0 l&rsquo;entra\u00eenement, tandis que <strong class=\"autotag\">Deiver Machado<\/strong> (aine) et <strong class=\"autotag\">Ayanda Sishuba<\/strong> (cuisse) devraient \u00e9galement passer au moins quelques semaines suppl\u00e9mentaires sur la touche.<\/p>\n<p>Quelques surprises en s\u00e9lection ont \u00e9t\u00e9 cr\u00e9\u00e9es par Haise face \u00e0 Montpellier, mais des joueurs de confiance comme <strong class=\"autotag\">Nampalys Mendy<\/strong>, <strong class=\"autotag\">Angelo Fulgini<\/strong> et <strong class=\"autotag\">Florian Sotoca<\/strong> &#8211; de retour d&rsquo;une interdiction nationale &#8211; devrait \u00eatre digne de confiance d\u00e8s le premier coup de sifflet pour la rencontre de mardi.<\/p>\n<p>Alors que les joueurs de S\u00e9ville ont perdu leur haillon contre le PSV, Alonso a maintenant perdu deux de ses titulaires r\u00e9guliers pour cause de suspension, tandis que l&rsquo;ailier Ocampos et le pilier Fernando surveilleront celui-ci depuis le pas coquin aux c\u00f4t\u00e9s de l&rsquo;entra\u00eeneur. <strong class=\"autotag\">Juanito<\/strong>le troisi\u00e8me membre du contingent s\u00e9villan \u00e0 voir rouge lors de ce match.<\/p>\n<p>Cependant, Fernando soigne de toute fa\u00e7on un probl\u00e8me \u00e0 l&rsquo;\u00e9paule et fait partie des nombreux soucis de blessure d&rsquo;Alonso, qui est \u00e9galement sans <strong class=\"autotag\">Alphonse Pasteur<\/strong> (genou), <strong class=\"autotag\">Suso<\/strong> (cuisse), <strong class=\"autotag\">Orjan Nyland<\/strong> (cuisse), <strong class=\"autotag\">Mariano D\u00edaz<\/strong> (inconfort), <strong class=\"autotag\">Tanguy Nianzou<\/strong> (tendon), <strong class=\"autotag\">J\u00e9sus Navas<\/strong> (tendon), <strong class=\"autotag\">Erik Lam\u00e9la<\/strong> (veau), <strong class=\"autotag\">Lo\u00efc Bad\u00e9<\/strong> (veau) et <strong class=\"autotag\">Marcos Acu\u00f1a<\/strong> (tendon).<\/p>\n<p>La crise du fitness \u00e0 S\u00e9ville s&rsquo;est aggrav\u00e9e lorsque <strong class=\"autotag\">Dodi Lukebakio<\/strong> a \u00e9t\u00e9 expuls\u00e9 lors de la premi\u00e8re mi-temps de la d\u00e9faite contre Majorque en raison d&rsquo;une blessure au genou, qui devrait le rendre indisponible pour le match de mardi, et avec <strong class=\"autotag\">Adnan Januzaj<\/strong> non inscrit \u00e0 la Ligue des Champions, <strong class=\"autotag\">Rafa Mir<\/strong> devrait combler le vide.<\/p>\n<p><strong>Lens composition de d\u00e9part possible :<\/strong><br \/>Samba;  M\u00e9dine, Danso, Gradit ;  Frankowski, Abdul Samed, Mendy, Haidara\u00a0;  Sotoca, Fulgini\u00a0;  Wahi<\/p>\n<p><strong>S\u00e9ville onze de d\u00e9part possible :<\/strong><br \/>Dmitrovitch\u00a0;  S\u00e1nchez, Ramos, Gudelj, Pedrosa ;  Rakitic, Soumar\u00e9, Truie ;  Torres, En-Nesyri, Mir<\/p>\n<hr class=\"divide\">\n<p class=\"sm_center\"><img decoding=\"async\" loading=\"lazy\" class=\"l\" src=\"https:\/\/footdavant.fr\/actualites\/wp-content\/uploads\/2023\/12\/Apercu-Lens-contre-Seville-\u2013-pronostics-actualites-de-lequipe.png\" title=\"Mots SM fond vert\" alt=\"Mots SM fond vert\" width=\"210\" height=\"53\"><\/p>\n<h2 class=\"sm_center\">On dit : Lens 1-0 S\u00e9ville<\/h2>\n<p>Priv\u00e9 de renforts dans tous les domaines et en difficult\u00e9 d&rsquo;inspiration au niveau national, S\u00e9ville devrait se rendre en France avec plus d&rsquo;espoir que d&rsquo;attente, d&rsquo;autant plus que Lens est toujours une force avec laquelle il faut compter devant son public en attente.<\/p>\n<p>Les hommes de Haise n&rsquo;ont pas toujours \u00e9bloui et ravi sur le front offensif ces derni\u00e8res semaines, mais ils devraient se frayer un chemin \u00e0 travers une ligne arri\u00e8re \u00e9puis\u00e9e de S\u00e9ville au moins une fois pour assurer la qualification en Ligue Europa.<\/p>\n<p>Pour l\u2019analyse des donn\u00e9es des r\u00e9sultats les plus probables, des scores et plus encore pour ce match, veuillez cliquer ici.<\/p>\n<hr class=\"divide\">\n<div id=\"advert46\" class=\"spXcQ\">\n<h2>Astuce<\/h2>\n<div>\n<p>Nos partenaires experts pronostiqueurs sur Sporita.com pr\u00e9disent moins de 2,5 buts dans ce match.  Cliquez ici pour d\u00e9couvrir ce qu\u2019ils pr\u00e9disent d\u2019autre pour ce match et pour en savoir plus sur leurs conseils de football \u00e9prouv\u00e9s.\n<\/p><\/div>\n<\/div>\n<hr class=\"divide\">\n<h2>Aper\u00e7us par email<\/h2>\n<div>Cliquez ici pour obtenir <strong>Taupe de sport<\/strong>L&rsquo;e-mail quotidien d&rsquo;avant-premi\u00e8res et de pronostics pour chaque jeu majeur\u00a0!<\/div>\n<p><\/p>\n<hr class=\"divide\"><\/div>\n","protected":false},"excerpt":{"rendered":"<p>Sports Mole pr\u00e9sente un aper\u00e7u du choc de la Ligue des champions de mardi entre Lens et S\u00e9ville, y compris les pronostics, les nouvelles de<\/p>\n","protected":false},"author":1,"featured_media":2295,"comment_status":"closed","ping_status":"","sticky":false,"template":"","format":"standard","meta":{"footnotes":""},"categories":[4],"tags":[7,284,383,20,589,9,382,214],"yoast_head":"<!-- This site is optimized with the Yoast SEO plugin v21.0 - https:\/\/yoast.com\/wordpress\/plugins\/seo\/ -->\n<title>Aper\u00e7u : Lens contre S\u00e9ville \u2013 pronostics, actualit\u00e9s de l&#039;\u00e9quipe, compositions<\/title>\n<meta name=\"robots\" content=\"index, follow, max-snippet:-1, max-image-preview:large, max-video-preview:-1\" \/>\n<link rel=\"canonical\" href=\"https:\/\/footdavant.fr\/actualites\/apercu-lens-contre-seville-pronostics-actualites-de-lequipe-compositions\/\" \/>\n<meta property=\"og:locale\" content=\"fr_FR\" \/>\n<meta property=\"og:type\" content=\"article\" \/>\n<meta property=\"og:title\" content=\"Aper\u00e7u : Lens contre S\u00e9ville \u2013 pronostics, actualit\u00e9s de l&#039;\u00e9quipe, compositions\" \/>\n<meta property=\"og:description\" content=\"Sports Mole pr\u00e9sente un aper\u00e7u du choc de la Ligue des champions de mardi entre Lens et S\u00e9ville, y compris les pronostics, les nouvelles de\" \/>\n<meta property=\"og:url\" content=\"https:\/\/footdavant.fr\/actualites\/apercu-lens-contre-seville-pronostics-actualites-de-lequipe-compositions\/\" \/>\n<meta property=\"og:site_name\" content=\"Foot d&#039;avant\" \/>\n<meta property=\"article:publisher\" content=\"https:\/\/www.facebook.com\/Footdavant\/\" \/>\n<meta property=\"article:published_time\" content=\"2023-12-11T17:54:29+00:00\" \/>\n<meta property=\"og:image\" content=\"https:\/\/footdavant.fr\/actualites\/wp-content\/uploads\/2023\/12\/Apercu-Lens-contre-Seville-\u2013-pronostics-actualites-de-lequipe.jpg\" \/>\n\t<meta property=\"og:image:width\" content=\"640\" \/>\n\t<meta property=\"og:image:height\" content=\"480\" \/>\n\t<meta property=\"og:image:type\" content=\"image\/jpeg\" \/>\n<meta name=\"author\" content=\"Cl\u00e9ment\" \/>\n<meta name=\"twitter:card\" content=\"summary_large_image\" \/>\n<meta name=\"twitter:creator\" content=\"@FootdavantFr\" \/>\n<meta name=\"twitter:site\" content=\"@FootdavantFr\" \/>\n<meta name=\"twitter:label1\" content=\"\u00c9crit par\" \/>\n\t<meta name=\"twitter:data1\" content=\"Cl\u00e9ment\" \/>\n\t<meta name=\"twitter:label2\" content=\"Dur\u00e9e de lecture estim\u00e9e\" \/>\n\t<meta name=\"twitter:data2\" content=\"7 minutes\" \/>\n<script type=\"application\/ld+json\" class=\"yoast-schema-graph\">{\"@context\":\"https:\/\/schema.org\",\"@graph\":[{\"@type\":\"Article\",\"@id\":\"https:\/\/footdavant.fr\/actualites\/apercu-lens-contre-seville-pronostics-actualites-de-lequipe-compositions\/#article\",\"isPartOf\":{\"@id\":\"https:\/\/footdavant.fr\/actualites\/apercu-lens-contre-seville-pronostics-actualites-de-lequipe-compositions\/\"},\"author\":{\"name\":\"Cl\u00e9ment\",\"@id\":\"https:\/\/footdavant.fr\/actualites\/#\/schema\/person\/bc222566d95871b37e597b3ed3ba5e1d\"},\"headline\":\"Aper\u00e7u : Lens contre S\u00e9ville \u2013 pronostics, actualit\u00e9s de l&rsquo;\u00e9quipe, compositions\",\"datePublished\":\"2023-12-11T17:54:29+00:00\",\"dateModified\":\"2023-12-11T17:54:29+00:00\",\"mainEntityOfPage\":{\"@id\":\"https:\/\/footdavant.fr\/actualites\/apercu-lens-contre-seville-pronostics-actualites-de-lequipe-compositions\/\"},\"wordCount\":1350,\"publisher\":{\"@id\":\"https:\/\/footdavant.fr\/actualites\/#organization\"},\"keywords\":[\"Actualit\u00e9s\",\"Aper\u00e7u\",\"compositions\",\"contre\",\"Lens\",\"l\u00e9quipe\",\"pronostics\",\"S\u00e9ville\"],\"articleSection\":[\"Champions League\"],\"inLanguage\":\"fr-FR\"},{\"@type\":\"WebPage\",\"@id\":\"https:\/\/footdavant.fr\/actualites\/apercu-lens-contre-seville-pronostics-actualites-de-lequipe-compositions\/\",\"url\":\"https:\/\/footdavant.fr\/actualites\/apercu-lens-contre-seville-pronostics-actualites-de-lequipe-compositions\/\",\"name\":\"Aper\u00e7u : Lens contre S\u00e9ville \u2013 pronostics, actualit\u00e9s de l'\u00e9quipe, compositions\",\"isPartOf\":{\"@id\":\"https:\/\/footdavant.fr\/actualites\/#website\"},\"datePublished\":\"2023-12-11T17:54:29+00:00\",\"dateModified\":\"2023-12-11T17:54:29+00:00\",\"breadcrumb\":{\"@id\":\"https:\/\/footdavant.fr\/actualites\/apercu-lens-contre-seville-pronostics-actualites-de-lequipe-compositions\/#breadcrumb\"},\"inLanguage\":\"fr-FR\",\"potentialAction\":[{\"@type\":\"ReadAction\",\"target\":[\"https:\/\/footdavant.fr\/actualites\/apercu-lens-contre-seville-pronostics-actualites-de-lequipe-compositions\/\"]}]},{\"@type\":\"BreadcrumbList\",\"@id\":\"https:\/\/footdavant.fr\/actualites\/apercu-lens-contre-seville-pronostics-actualites-de-lequipe-compositions\/#breadcrumb\",\"itemListElement\":[{\"@type\":\"ListItem\",\"position\":1,\"name\":\"Accueil\",\"item\":\"https:\/\/footdavant.fr\/actualites\/\"},{\"@type\":\"ListItem\",\"position\":2,\"name\":\"Aper\u00e7u : Lens contre S\u00e9ville \u2013 pronostics, actualit\u00e9s de l&rsquo;\u00e9quipe, compositions\"}]},{\"@type\":\"WebSite\",\"@id\":\"https:\/\/footdavant.fr\/actualites\/#website\",\"url\":\"https:\/\/footdavant.fr\/actualites\/\",\"name\":\"Foot d'avant\",\"description\":\"\",\"publisher\":{\"@id\":\"https:\/\/footdavant.fr\/actualites\/#organization\"},\"potentialAction\":[{\"@type\":\"SearchAction\",\"target\":{\"@type\":\"EntryPoint\",\"urlTemplate\":\"https:\/\/footdavant.fr\/actualites\/?s={search_term_string}\"},\"query-input\":\"required name=search_term_string\"}],\"inLanguage\":\"fr-FR\"},{\"@type\":\"Organization\",\"@id\":\"https:\/\/footdavant.fr\/actualites\/#organization\",\"name\":\"Foot d'avant\",\"url\":\"https:\/\/footdavant.fr\/actualites\/\",\"logo\":{\"@type\":\"ImageObject\",\"inLanguage\":\"fr-FR\",\"@id\":\"https:\/\/footdavant.fr\/actualites\/#\/schema\/logo\/image\/\",\"url\":\"https:\/\/footdavant.fr\/actualites\/wp-content\/uploads\/2023\/09\/Copy-of-FootDavant-Logo.png\",\"contentUrl\":\"https:\/\/footdavant.fr\/actualites\/wp-content\/uploads\/2023\/09\/Copy-of-FootDavant-Logo.png\",\"width\":936,\"height\":549,\"caption\":\"Foot d'avant\"},\"image\":{\"@id\":\"https:\/\/footdavant.fr\/actualites\/#\/schema\/logo\/image\/\"},\"sameAs\":[\"https:\/\/www.facebook.com\/Footdavant\/\",\"https:\/\/twitter.com\/FootdavantFr\",\"https:\/\/www.instagram.com\/footdavant.fr\/\"]},{\"@type\":\"Person\",\"@id\":\"https:\/\/footdavant.fr\/actualites\/#\/schema\/person\/bc222566d95871b37e597b3ed3ba5e1d\",\"name\":\"Cl\u00e9ment\",\"image\":{\"@type\":\"ImageObject\",\"inLanguage\":\"fr-FR\",\"@id\":\"https:\/\/footdavant.fr\/actualites\/#\/schema\/person\/image\/\",\"url\":\"https:\/\/secure.gravatar.com\/avatar\/7728b29aac2719421e1a9159b2254c44?s=96&d=mm&r=g\",\"contentUrl\":\"https:\/\/secure.gravatar.com\/avatar\/7728b29aac2719421e1a9159b2254c44?s=96&d=mm&r=g\",\"caption\":\"Cl\u00e9ment\"},\"sameAs\":[\"https:\/\/footdavant.fr\/\"]}]}<\/script>\n<!-- \/ Yoast SEO plugin. -->","yoast_head_json":{"title":"Aper\u00e7u : Lens contre S\u00e9ville \u2013 pronostics, actualit\u00e9s de l'\u00e9quipe, compositions","robots":{"index":"index","follow":"follow","max-snippet":"max-snippet:-1","max-image-preview":"max-image-preview:large","max-video-preview":"max-video-preview:-1"},"canonical":"https:\/\/footdavant.fr\/actualites\/apercu-lens-contre-seville-pronostics-actualites-de-lequipe-compositions\/","og_locale":"fr_FR","og_type":"article","og_title":"Aper\u00e7u : Lens contre S\u00e9ville \u2013 pronostics, actualit\u00e9s de l'\u00e9quipe, compositions","og_description":"Sports Mole pr\u00e9sente un aper\u00e7u du choc de la Ligue des champions de mardi entre Lens et S\u00e9ville, y compris les pronostics, les nouvelles de","og_url":"https:\/\/footdavant.fr\/actualites\/apercu-lens-contre-seville-pronostics-actualites-de-lequipe-compositions\/","og_site_name":"Foot d&#039;avant","article_publisher":"https:\/\/www.facebook.com\/Footdavant\/","article_published_time":"2023-12-11T17:54:29+00:00","og_image":[{"width":640,"height":480,"url":"https:\/\/footdavant.fr\/actualites\/wp-content\/uploads\/2023\/12\/Apercu-Lens-contre-Seville-\u2013-pronostics-actualites-de-lequipe.jpg","type":"image\/jpeg"}],"author":"Cl\u00e9ment","twitter_card":"summary_large_image","twitter_creator":"@FootdavantFr","twitter_site":"@FootdavantFr","twitter_misc":{"\u00c9crit par":"Cl\u00e9ment","Dur\u00e9e de lecture estim\u00e9e":"7 minutes"},"schema":{"@context":"https:\/\/schema.org","@graph":[{"@type":"Article","@id":"https:\/\/footdavant.fr\/actualites\/apercu-lens-contre-seville-pronostics-actualites-de-lequipe-compositions\/#article","isPartOf":{"@id":"https:\/\/footdavant.fr\/actualites\/apercu-lens-contre-seville-pronostics-actualites-de-lequipe-compositions\/"},"author":{"name":"Cl\u00e9ment","@id":"https:\/\/footdavant.fr\/actualites\/#\/schema\/person\/bc222566d95871b37e597b3ed3ba5e1d"},"headline":"Aper\u00e7u : Lens contre S\u00e9ville \u2013 pronostics, actualit\u00e9s de l&rsquo;\u00e9quipe, compositions","datePublished":"2023-12-11T17:54:29+00:00","dateModified":"2023-12-11T17:54:29+00:00","mainEntityOfPage":{"@id":"https:\/\/footdavant.fr\/actualites\/apercu-lens-contre-seville-pronostics-actualites-de-lequipe-compositions\/"},"wordCount":1350,"publisher":{"@id":"https:\/\/footdavant.fr\/actualites\/#organization"},"keywords":["Actualit\u00e9s","Aper\u00e7u","compositions","contre","Lens","l\u00e9quipe","pronostics","S\u00e9ville"],"articleSection":["Champions League"],"inLanguage":"fr-FR"},{"@type":"WebPage","@id":"https:\/\/footdavant.fr\/actualites\/apercu-lens-contre-seville-pronostics-actualites-de-lequipe-compositions\/","url":"https:\/\/footdavant.fr\/actualites\/apercu-lens-contre-seville-pronostics-actualites-de-lequipe-compositions\/","name":"Aper\u00e7u : Lens contre S\u00e9ville \u2013 pronostics, actualit\u00e9s de l'\u00e9quipe, compositions","isPartOf":{"@id":"https:\/\/footdavant.fr\/actualites\/#website"},"datePublished":"2023-12-11T17:54:29+00:00","dateModified":"2023-12-11T17:54:29+00:00","breadcrumb":{"@id":"https:\/\/footdavant.fr\/actualites\/apercu-lens-contre-seville-pronostics-actualites-de-lequipe-compositions\/#breadcrumb"},"inLanguage":"fr-FR","potentialAction":[{"@type":"ReadAction","target":["https:\/\/footdavant.fr\/actualites\/apercu-lens-contre-seville-pronostics-actualites-de-lequipe-compositions\/"]}]},{"@type":"BreadcrumbList","@id":"https:\/\/footdavant.fr\/actualites\/apercu-lens-contre-seville-pronostics-actualites-de-lequipe-compositions\/#breadcrumb","itemListElement":[{"@type":"ListItem","position":1,"name":"Accueil","item":"https:\/\/footdavant.fr\/actualites\/"},{"@type":"ListItem","position":2,"name":"Aper\u00e7u : Lens contre S\u00e9ville \u2013 pronostics, actualit\u00e9s de l&rsquo;\u00e9quipe, compositions"}]},{"@type":"WebSite","@id":"https:\/\/footdavant.fr\/actualites\/#website","url":"https:\/\/footdavant.fr\/actualites\/","name":"Foot d'avant","description":"","publisher":{"@id":"https:\/\/footdavant.fr\/actualites\/#organization"},"potentialAction":[{"@type":"SearchAction","target":{"@type":"EntryPoint","urlTemplate":"https:\/\/footdavant.fr\/actualites\/?s={search_term_string}"},"query-input":"required name=search_term_string"}],"inLanguage":"fr-FR"},{"@type":"Organization","@id":"https:\/\/footdavant.fr\/actualites\/#organization","name":"Foot d'avant","url":"https:\/\/footdavant.fr\/actualites\/","logo":{"@type":"ImageObject","inLanguage":"fr-FR","@id":"https:\/\/footdavant.fr\/actualites\/#\/schema\/logo\/image\/","url":"https:\/\/footdavant.fr\/actualites\/wp-content\/uploads\/2023\/09\/Copy-of-FootDavant-Logo.png","contentUrl":"https:\/\/footdavant.fr\/actualites\/wp-content\/uploads\/2023\/09\/Copy-of-FootDavant-Logo.png","width":936,"height":549,"caption":"Foot d'avant"},"image":{"@id":"https:\/\/footdavant.fr\/actualites\/#\/schema\/logo\/image\/"},"sameAs":["https:\/\/www.facebook.com\/Footdavant\/","https:\/\/twitter.com\/FootdavantFr","https:\/\/www.instagram.com\/footdavant.fr\/"]},{"@type":"Person","@id":"https:\/\/footdavant.fr\/actualites\/#\/schema\/person\/bc222566d95871b37e597b3ed3ba5e1d","name":"Cl\u00e9ment","image":{"@type":"ImageObject","inLanguage":"fr-FR","@id":"https:\/\/footdavant.fr\/actualites\/#\/schema\/person\/image\/","url":"https:\/\/secure.gravatar.com\/avatar\/7728b29aac2719421e1a9159b2254c44?s=96&d=mm&r=g","contentUrl":"https:\/\/secure.gravatar.com\/avatar\/7728b29aac2719421e1a9159b2254c44?s=96&d=mm&r=g","caption":"Cl\u00e9ment"},"sameAs":["https:\/\/footdavant.fr\/"]}]}},"_links":{"self":[{"href":"https:\/\/footdavant.fr\/actualites\/wp-json\/wp\/v2\/posts\/2294"}],"collection":[{"href":"https:\/\/footdavant.fr\/actualites\/wp-json\/wp\/v2\/posts"}],"about":[{"href":"https:\/\/footdavant.fr\/actualites\/wp-json\/wp\/v2\/types\/post"}],"author":[{"embeddable":true,"href":"https:\/\/footdavant.fr\/actualites\/wp-json\/wp\/v2\/users\/1"}],"replies":[{"embeddable":true,"href":"https:\/\/footdavant.fr\/actualites\/wp-json\/wp\/v2\/comments?post=2294"}],"version-history":[{"count":1,"href":"https:\/\/footdavant.fr\/actualites\/wp-json\/wp\/v2\/posts\/2294\/revisions"}],"predecessor-version":[{"id":2296,"href":"https:\/\/footdavant.fr\/actualites\/wp-json\/wp\/v2\/posts\/2294\/revisions\/2296"}],"wp:featuredmedia":[{"embeddable":true,"href":"https:\/\/footdavant.fr\/actualites\/wp-json\/wp\/v2\/media\/2295"}],"wp:attachment":[{"href":"https:\/\/footdavant.fr\/actualites\/wp-json\/wp\/v2\/media?parent=2294"}],"wp:term":[{"taxonomy":"category","embeddable":true,"href":"https:\/\/footdavant.fr\/actualites\/wp-json\/wp\/v2\/categories?post=2294"},{"taxonomy":"post_tag","embeddable":true,"href":"https:\/\/footdavant.fr\/actualites\/wp-json\/wp\/v2\/tags?post=2294"}],"curies":[{"name":"wp","href":"https:\/\/api.w.org\/{rel}","templated":true}]}}