{"id":22952,"date":"2025-04-21T10:48:07","date_gmt":"2025-04-21T08:48:07","guid":{"rendered":"https:\/\/footdavant.fr\/actualites\/le-real-madrid-1-2-arsenal-kylian-mbappe-frappe-sept-ans-plus-bas-suivant-la-sortie-de-la-ligue-des-champions-aux-gunners\/"},"modified":"2025-04-21T10:48:11","modified_gmt":"2025-04-21T08:48:11","slug":"le-real-madrid-1-2-arsenal-kylian-mbappe-frappe-sept-ans-plus-bas-suivant-la-sortie-de-la-ligue-des-champions-aux-gunners","status":"publish","type":"post","link":"https:\/\/footdavant.fr\/actualites\/le-real-madrid-1-2-arsenal-kylian-mbappe-frappe-sept-ans-plus-bas-suivant-la-sortie-de-la-ligue-des-champions-aux-gunners\/","title":{"rendered":"Le Real Madrid 1-2 Arsenal: Kylian Mbappe frappe sept ans plus bas suivant la sortie de la Ligue des champions aux Gunners"},"content":{"rendered":"<p>L&#39;attaquant du Real Madrid, Kylian Mbappe, atteint un point bas personnel de sept ans apr\u00e8s sa sortie de la Ligue des champions contre Arsenal.<\/p>\n<div id=\"article_body\" itemprop=\"articleBody\">\n<h3 class=\"firstPara\">\n<strong class=\"autotag\">Kylian mbappe<\/strong> a fix\u00e9 un creux personnel de sept ans apr\u00e8s <strong class=\"autotag\">Real Madrid<\/strong>l&#39;exit de la <strong class=\"autotag\">Ligue des champions<\/strong> \u00e0 la maison <strong class=\"autotag\">Arsenal<\/strong> ce soir.<\/h3>\n<p>Los Bancos avait besoin d&#39;un miracle mineur pour tourner la cravate sur sa t\u00eate apr\u00e8s avoir \u00e9t\u00e9 battu 3-0 aux Emirats la semaine derni\u00e8re, et <strong class=\"autotag\">Carlo Ancelotti<\/strong>Le c\u00f4t\u00e9 de la t\u00eate a vaincu vers une autre d\u00e9faite <strong>\u00e0 la deuxi\u00e8me \u00e9tape<\/strong>.<\/p>\n<p>Arsenal a marqu\u00e9 le premier but de la soir\u00e9e, quand <strong class=\"autotag\">Bukayo Saka<\/strong> saill\u00e9 <strong class=\"autotag\">Thibaut Courtois<\/strong> lorsqu&#39;il a jou\u00e9 au but peu apr\u00e8s la barre des heures, et apr\u00e8s <strong class=\"autotag\">Vinicius junior<\/strong>\u00c9galiseur instantan\u00e9, <strong class=\"autotag\">Gabriel Martinelli<\/strong> l&#39;a gagn\u00e9 dans la nuit pour les visiteurs en temps de blessure.<\/p>\n<p>Il s&#39;agit du premier quart de finale de Real dans la comp\u00e9tition pendant 21 ans, et voit MBAPPE \u00e9chouer pour la premi\u00e8re fois pour obtenir une couronne insaisissable de la Ligue des champions.<\/p>\n<p class=\"imgI\">\n<h2 class=\"k3\">MBAPPE \u00e9tablit une s\u00e9cheresse personnelle rare<\/h2>\n<p>Une partie de la raison pour laquelle les r\u00e9els ont subi l&#39;\u00e9limination sont dus \u00e0 la non-pr\u00e9sentation de MBAPPE \u00e0 travers les deux jambes, l&#39;attaquant fran\u00e7ais a du mal \u00e0 avoir beaucoup d&#39;impact contre un arri\u00e8re-garde de l&#39;arsenal obstin\u00e9.<\/p>\n<p>MBAPPE a \u00e9t\u00e9 refus\u00e9 par un arr\u00eat intelligent de <strong class=\"autotag\">David Raya<\/strong> Dans la premi\u00e8re moiti\u00e9 de la premi\u00e8re \u00e9tape, mais c&#39;\u00e9tait aussi influent qu&#39;il a travers\u00e9 la cravate.<\/p>\n<p>La baisse de la forme n&#39;est pas exclusive \u00e0 ces deux jambes non plus, car pour la premi\u00e8re fois depuis 2018, MBAPPE n&#39;a pas r\u00e9ussi \u00e0 marquer ou \u00e0 aider cinq matchs successifs dans toutes les comp\u00e9titions.<\/p>\n<p>MBAPPE a \u00e9t\u00e9 envoy\u00e9 avant la mi-temps pour un m\u00e9chant d\u00e9fi sur le milieu de terrain d&#39;Alaves <strong class=\"autotag\">Antonio Blanco<\/strong> Le week-end, ce qui signifie qu&#39;il manquera le choc avec Bilbao athl\u00e9tique ce week-end.<\/p>\n<p>Avant la premi\u00e8re \u00e9tape contre Arsenal, le joueur de 26 ans n&#39;a pas pu inspirer le Real Madrid lors de leur d\u00e9faite 2-1 \u00e0 domicile contre Valence, alors qu&#39;il a \u00e9t\u00e9 remplac\u00e9 apr\u00e8s seulement 55 minutes dans le tirage au sort 4-4 Copa del Rey avec Real Sociedad au d\u00e9but du mois.<\/p>\n<p class=\"imgI\">\n<h2 class=\"k3\">MBAPPE SALVAGE REAL peut-il la saison de Real?<\/h2>\n<p>La saison est loin d&#39;\u00eatre termin\u00e9e, car m\u00eame si Mbappe est suspendue pour la prochaine affectation de Liga de Los Blancos, il sera de retour pour la finale de la COPA contre Barcelone \u00e0 la fin du mois.<\/p>\n<p>Mbappe a entrav\u00e9 15 minutes \u00e0 jouer au Bernabeu ce soir, mais les premi\u00e8res pens\u00e9es sont qu&#39;il sera bien de revenir \u00e0 temps pour la finale, tandis que Real a \u00e9galement un match avant, en milieu de semaine contre Getafe.<\/p>\n<p>Il reste encore sept matchs dans la campagne Liga, avec un r\u00e9el besoin de combler un \u00e9cart de quatre points aux dirigeants du Bar\u00e7a, et les battre en finale de la Copa pourrait leur donner un avantage psychologique dans ce combat.<\/p>\n<p>Cependant, MBAPPE a subi des d\u00e9faissants dans ses deux premiers El Clasico, perdant la r\u00e9union de la ligue au Bernabeu 4-0, avant de descendre 5-2 en Super Coupe espagnole, malgr\u00e9 l&#39;ouverture du score \u00e0 cette occasion.<\/p>\n<div class=\"author_box\">\n<div class=\"author_box_banner\">\n<\/div>\n<\/div>\n<\/div>\n","protected":false},"excerpt":{"rendered":"<p>L&#39;attaquant du Real Madrid, Kylian Mbappe, atteint un point bas personnel de sept ans apr\u00e8s sa sortie de la Ligue des champions contre Arsenal. Kylian<\/p>\n","protected":false},"author":1,"featured_media":17106,"comment_status":"closed","ping_status":"","sticky":false,"template":"","format":"standard","meta":{"footnotes":""},"categories":[4],"tags":[209,67,305,6213,31,12,386,997,62,30,303,63,302,881,1263,8972],"yoast_head":"<!-- This site is optimized with the Yoast SEO plugin v21.0 - https:\/\/yoast.com\/wordpress\/plugins\/seo\/ -->\n<title>Le Real Madrid 1-2 Arsenal: Kylian Mbappe frappe sept ans plus bas suivant la sortie de la Ligue des champions aux Gunners<\/title>\n<meta name=\"robots\" content=\"index, follow, max-snippet:-1, max-image-preview:large, max-video-preview:-1\" \/>\n<link rel=\"canonical\" href=\"https:\/\/footdavant.fr\/actualites\/le-real-madrid-1-2-arsenal-kylian-mbappe-frappe-sept-ans-plus-bas-suivant-la-sortie-de-la-ligue-des-champions-aux-gunners\/\" \/>\n<meta property=\"og:locale\" content=\"fr_FR\" \/>\n<meta property=\"og:type\" content=\"article\" \/>\n<meta property=\"og:title\" content=\"Le Real Madrid 1-2 Arsenal: Kylian Mbappe frappe sept ans plus bas suivant la sortie de la Ligue des champions aux Gunners\" \/>\n<meta property=\"og:description\" content=\"L&#039;attaquant du Real Madrid, Kylian Mbappe, atteint un point bas personnel de sept ans apr\u00e8s sa sortie de la Ligue des champions contre Arsenal. Kylian\" \/>\n<meta property=\"og:url\" content=\"https:\/\/footdavant.fr\/actualites\/le-real-madrid-1-2-arsenal-kylian-mbappe-frappe-sept-ans-plus-bas-suivant-la-sortie-de-la-ligue-des-champions-aux-gunners\/\" \/>\n<meta property=\"og:site_name\" content=\"Foot d&#039;avant\" \/>\n<meta property=\"article:publisher\" content=\"https:\/\/www.facebook.com\/Footdavant\/\" \/>\n<meta property=\"article:published_time\" content=\"2025-04-21T08:48:07+00:00\" \/>\n<meta property=\"article:modified_time\" content=\"2025-04-21T08:48:11+00:00\" \/>\n<meta property=\"og:image\" content=\"https:\/\/footdavant.fr\/actualites\/wp-content\/uploads\/2024\/12\/1733503691_Kylian-Mbappe-Carlo-Ancelotti-a-un-medicament-pour-l39attaquant-du.jpg\" \/>\n\t<meta property=\"og:image:width\" content=\"1280\" \/>\n\t<meta property=\"og:image:height\" content=\"960\" \/>\n\t<meta property=\"og:image:type\" content=\"image\/jpeg\" \/>\n<meta name=\"author\" content=\"Cl\u00e9ment\" \/>\n<meta name=\"twitter:card\" content=\"summary_large_image\" \/>\n<meta name=\"twitter:creator\" content=\"@FootdavantFr\" \/>\n<meta name=\"twitter:site\" content=\"@FootdavantFr\" \/>\n<meta name=\"twitter:label1\" content=\"\u00c9crit par\" \/>\n\t<meta name=\"twitter:data1\" content=\"Cl\u00e9ment\" \/>\n\t<meta name=\"twitter:label2\" content=\"Dur\u00e9e de lecture estim\u00e9e\" \/>\n\t<meta name=\"twitter:data2\" content=\"3 minutes\" \/>\n<script type=\"application\/ld+json\" class=\"yoast-schema-graph\">{\"@context\":\"https:\/\/schema.org\",\"@graph\":[{\"@type\":\"Article\",\"@id\":\"https:\/\/footdavant.fr\/actualites\/le-real-madrid-1-2-arsenal-kylian-mbappe-frappe-sept-ans-plus-bas-suivant-la-sortie-de-la-ligue-des-champions-aux-gunners\/#article\",\"isPartOf\":{\"@id\":\"https:\/\/footdavant.fr\/actualites\/le-real-madrid-1-2-arsenal-kylian-mbappe-frappe-sept-ans-plus-bas-suivant-la-sortie-de-la-ligue-des-champions-aux-gunners\/\"},\"author\":{\"name\":\"Cl\u00e9ment\",\"@id\":\"https:\/\/footdavant.fr\/actualites\/#\/schema\/person\/bc222566d95871b37e597b3ed3ba5e1d\"},\"headline\":\"Le Real Madrid 1-2 Arsenal: Kylian Mbappe frappe sept ans plus bas suivant la sortie de la Ligue des champions aux Gunners\",\"datePublished\":\"2025-04-21T08:48:07+00:00\",\"dateModified\":\"2025-04-21T08:48:11+00:00\",\"mainEntityOfPage\":{\"@id\":\"https:\/\/footdavant.fr\/actualites\/le-real-madrid-1-2-arsenal-kylian-mbappe-frappe-sept-ans-plus-bas-suivant-la-sortie-de-la-ligue-des-champions-aux-gunners\/\"},\"wordCount\":591,\"publisher\":{\"@id\":\"https:\/\/footdavant.fr\/actualites\/#organization\"},\"keywords\":[\"ans\",\"Arsenal\",\"aux\",\"bas\",\"champions\",\"des\",\"frappe\",\"Gunners\",\"Kylian\",\"Ligue\",\"Madrid\",\"Mbappe\",\"Real\",\"sept\",\"sortie\",\"suivant\"],\"articleSection\":[\"Champions League\"],\"inLanguage\":\"fr-FR\"},{\"@type\":\"WebPage\",\"@id\":\"https:\/\/footdavant.fr\/actualites\/le-real-madrid-1-2-arsenal-kylian-mbappe-frappe-sept-ans-plus-bas-suivant-la-sortie-de-la-ligue-des-champions-aux-gunners\/\",\"url\":\"https:\/\/footdavant.fr\/actualites\/le-real-madrid-1-2-arsenal-kylian-mbappe-frappe-sept-ans-plus-bas-suivant-la-sortie-de-la-ligue-des-champions-aux-gunners\/\",\"name\":\"Le Real Madrid 1-2 Arsenal: Kylian Mbappe frappe sept ans plus bas suivant la sortie de la Ligue des champions aux Gunners\",\"isPartOf\":{\"@id\":\"https:\/\/footdavant.fr\/actualites\/#website\"},\"datePublished\":\"2025-04-21T08:48:07+00:00\",\"dateModified\":\"2025-04-21T08:48:11+00:00\",\"breadcrumb\":{\"@id\":\"https:\/\/footdavant.fr\/actualites\/le-real-madrid-1-2-arsenal-kylian-mbappe-frappe-sept-ans-plus-bas-suivant-la-sortie-de-la-ligue-des-champions-aux-gunners\/#breadcrumb\"},\"inLanguage\":\"fr-FR\",\"potentialAction\":[{\"@type\":\"ReadAction\",\"target\":[\"https:\/\/footdavant.fr\/actualites\/le-real-madrid-1-2-arsenal-kylian-mbappe-frappe-sept-ans-plus-bas-suivant-la-sortie-de-la-ligue-des-champions-aux-gunners\/\"]}]},{\"@type\":\"BreadcrumbList\",\"@id\":\"https:\/\/footdavant.fr\/actualites\/le-real-madrid-1-2-arsenal-kylian-mbappe-frappe-sept-ans-plus-bas-suivant-la-sortie-de-la-ligue-des-champions-aux-gunners\/#breadcrumb\",\"itemListElement\":[{\"@type\":\"ListItem\",\"position\":1,\"name\":\"Accueil\",\"item\":\"https:\/\/footdavant.fr\/actualites\/\"},{\"@type\":\"ListItem\",\"position\":2,\"name\":\"Le Real Madrid 1-2 Arsenal: Kylian Mbappe frappe sept ans plus bas suivant la sortie de la Ligue des champions aux Gunners\"}]},{\"@type\":\"WebSite\",\"@id\":\"https:\/\/footdavant.fr\/actualites\/#website\",\"url\":\"https:\/\/footdavant.fr\/actualites\/\",\"name\":\"Foot d'avant\",\"description\":\"\",\"publisher\":{\"@id\":\"https:\/\/footdavant.fr\/actualites\/#organization\"},\"potentialAction\":[{\"@type\":\"SearchAction\",\"target\":{\"@type\":\"EntryPoint\",\"urlTemplate\":\"https:\/\/footdavant.fr\/actualites\/?s={search_term_string}\"},\"query-input\":\"required name=search_term_string\"}],\"inLanguage\":\"fr-FR\"},{\"@type\":\"Organization\",\"@id\":\"https:\/\/footdavant.fr\/actualites\/#organization\",\"name\":\"Foot d'avant\",\"url\":\"https:\/\/footdavant.fr\/actualites\/\",\"logo\":{\"@type\":\"ImageObject\",\"inLanguage\":\"fr-FR\",\"@id\":\"https:\/\/footdavant.fr\/actualites\/#\/schema\/logo\/image\/\",\"url\":\"https:\/\/footdavant.fr\/actualites\/wp-content\/uploads\/2023\/09\/Copy-of-FootDavant-Logo.png\",\"contentUrl\":\"https:\/\/footdavant.fr\/actualites\/wp-content\/uploads\/2023\/09\/Copy-of-FootDavant-Logo.png\",\"width\":936,\"height\":549,\"caption\":\"Foot d'avant\"},\"image\":{\"@id\":\"https:\/\/footdavant.fr\/actualites\/#\/schema\/logo\/image\/\"},\"sameAs\":[\"https:\/\/www.facebook.com\/Footdavant\/\",\"https:\/\/twitter.com\/FootdavantFr\",\"https:\/\/www.instagram.com\/footdavant.fr\/\"]},{\"@type\":\"Person\",\"@id\":\"https:\/\/footdavant.fr\/actualites\/#\/schema\/person\/bc222566d95871b37e597b3ed3ba5e1d\",\"name\":\"Cl\u00e9ment\",\"image\":{\"@type\":\"ImageObject\",\"inLanguage\":\"fr-FR\",\"@id\":\"https:\/\/footdavant.fr\/actualites\/#\/schema\/person\/image\/\",\"url\":\"https:\/\/secure.gravatar.com\/avatar\/7728b29aac2719421e1a9159b2254c44?s=96&d=mm&r=g\",\"contentUrl\":\"https:\/\/secure.gravatar.com\/avatar\/7728b29aac2719421e1a9159b2254c44?s=96&d=mm&r=g\",\"caption\":\"Cl\u00e9ment\"},\"sameAs\":[\"https:\/\/footdavant.fr\/\"]}]}<\/script>\n<!-- \/ Yoast SEO plugin. -->","yoast_head_json":{"title":"Le Real Madrid 1-2 Arsenal: Kylian Mbappe frappe sept ans plus bas suivant la sortie de la Ligue des champions aux Gunners","robots":{"index":"index","follow":"follow","max-snippet":"max-snippet:-1","max-image-preview":"max-image-preview:large","max-video-preview":"max-video-preview:-1"},"canonical":"https:\/\/footdavant.fr\/actualites\/le-real-madrid-1-2-arsenal-kylian-mbappe-frappe-sept-ans-plus-bas-suivant-la-sortie-de-la-ligue-des-champions-aux-gunners\/","og_locale":"fr_FR","og_type":"article","og_title":"Le Real Madrid 1-2 Arsenal: Kylian Mbappe frappe sept ans plus bas suivant la sortie de la Ligue des champions aux Gunners","og_description":"L&#39;attaquant du Real Madrid, Kylian Mbappe, atteint un point bas personnel de sept ans apr\u00e8s sa sortie de la Ligue des champions contre Arsenal. Kylian","og_url":"https:\/\/footdavant.fr\/actualites\/le-real-madrid-1-2-arsenal-kylian-mbappe-frappe-sept-ans-plus-bas-suivant-la-sortie-de-la-ligue-des-champions-aux-gunners\/","og_site_name":"Foot d&#039;avant","article_publisher":"https:\/\/www.facebook.com\/Footdavant\/","article_published_time":"2025-04-21T08:48:07+00:00","article_modified_time":"2025-04-21T08:48:11+00:00","og_image":[{"width":1280,"height":960,"url":"https:\/\/footdavant.fr\/actualites\/wp-content\/uploads\/2024\/12\/1733503691_Kylian-Mbappe-Carlo-Ancelotti-a-un-medicament-pour-l39attaquant-du.jpg","type":"image\/jpeg"}],"author":"Cl\u00e9ment","twitter_card":"summary_large_image","twitter_creator":"@FootdavantFr","twitter_site":"@FootdavantFr","twitter_misc":{"\u00c9crit par":"Cl\u00e9ment","Dur\u00e9e de lecture estim\u00e9e":"3 minutes"},"schema":{"@context":"https:\/\/schema.org","@graph":[{"@type":"Article","@id":"https:\/\/footdavant.fr\/actualites\/le-real-madrid-1-2-arsenal-kylian-mbappe-frappe-sept-ans-plus-bas-suivant-la-sortie-de-la-ligue-des-champions-aux-gunners\/#article","isPartOf":{"@id":"https:\/\/footdavant.fr\/actualites\/le-real-madrid-1-2-arsenal-kylian-mbappe-frappe-sept-ans-plus-bas-suivant-la-sortie-de-la-ligue-des-champions-aux-gunners\/"},"author":{"name":"Cl\u00e9ment","@id":"https:\/\/footdavant.fr\/actualites\/#\/schema\/person\/bc222566d95871b37e597b3ed3ba5e1d"},"headline":"Le Real Madrid 1-2 Arsenal: Kylian Mbappe frappe sept ans plus bas suivant la sortie de la Ligue des champions aux Gunners","datePublished":"2025-04-21T08:48:07+00:00","dateModified":"2025-04-21T08:48:11+00:00","mainEntityOfPage":{"@id":"https:\/\/footdavant.fr\/actualites\/le-real-madrid-1-2-arsenal-kylian-mbappe-frappe-sept-ans-plus-bas-suivant-la-sortie-de-la-ligue-des-champions-aux-gunners\/"},"wordCount":591,"publisher":{"@id":"https:\/\/footdavant.fr\/actualites\/#organization"},"keywords":["ans","Arsenal","aux","bas","champions","des","frappe","Gunners","Kylian","Ligue","Madrid","Mbappe","Real","sept","sortie","suivant"],"articleSection":["Champions League"],"inLanguage":"fr-FR"},{"@type":"WebPage","@id":"https:\/\/footdavant.fr\/actualites\/le-real-madrid-1-2-arsenal-kylian-mbappe-frappe-sept-ans-plus-bas-suivant-la-sortie-de-la-ligue-des-champions-aux-gunners\/","url":"https:\/\/footdavant.fr\/actualites\/le-real-madrid-1-2-arsenal-kylian-mbappe-frappe-sept-ans-plus-bas-suivant-la-sortie-de-la-ligue-des-champions-aux-gunners\/","name":"Le Real Madrid 1-2 Arsenal: Kylian Mbappe frappe sept ans plus bas suivant la sortie de la Ligue des champions aux Gunners","isPartOf":{"@id":"https:\/\/footdavant.fr\/actualites\/#website"},"datePublished":"2025-04-21T08:48:07+00:00","dateModified":"2025-04-21T08:48:11+00:00","breadcrumb":{"@id":"https:\/\/footdavant.fr\/actualites\/le-real-madrid-1-2-arsenal-kylian-mbappe-frappe-sept-ans-plus-bas-suivant-la-sortie-de-la-ligue-des-champions-aux-gunners\/#breadcrumb"},"inLanguage":"fr-FR","potentialAction":[{"@type":"ReadAction","target":["https:\/\/footdavant.fr\/actualites\/le-real-madrid-1-2-arsenal-kylian-mbappe-frappe-sept-ans-plus-bas-suivant-la-sortie-de-la-ligue-des-champions-aux-gunners\/"]}]},{"@type":"BreadcrumbList","@id":"https:\/\/footdavant.fr\/actualites\/le-real-madrid-1-2-arsenal-kylian-mbappe-frappe-sept-ans-plus-bas-suivant-la-sortie-de-la-ligue-des-champions-aux-gunners\/#breadcrumb","itemListElement":[{"@type":"ListItem","position":1,"name":"Accueil","item":"https:\/\/footdavant.fr\/actualites\/"},{"@type":"ListItem","position":2,"name":"Le Real Madrid 1-2 Arsenal: Kylian Mbappe frappe sept ans plus bas suivant la sortie de la Ligue des champions aux Gunners"}]},{"@type":"WebSite","@id":"https:\/\/footdavant.fr\/actualites\/#website","url":"https:\/\/footdavant.fr\/actualites\/","name":"Foot d'avant","description":"","publisher":{"@id":"https:\/\/footdavant.fr\/actualites\/#organization"},"potentialAction":[{"@type":"SearchAction","target":{"@type":"EntryPoint","urlTemplate":"https:\/\/footdavant.fr\/actualites\/?s={search_term_string}"},"query-input":"required name=search_term_string"}],"inLanguage":"fr-FR"},{"@type":"Organization","@id":"https:\/\/footdavant.fr\/actualites\/#organization","name":"Foot d'avant","url":"https:\/\/footdavant.fr\/actualites\/","logo":{"@type":"ImageObject","inLanguage":"fr-FR","@id":"https:\/\/footdavant.fr\/actualites\/#\/schema\/logo\/image\/","url":"https:\/\/footdavant.fr\/actualites\/wp-content\/uploads\/2023\/09\/Copy-of-FootDavant-Logo.png","contentUrl":"https:\/\/footdavant.fr\/actualites\/wp-content\/uploads\/2023\/09\/Copy-of-FootDavant-Logo.png","width":936,"height":549,"caption":"Foot d'avant"},"image":{"@id":"https:\/\/footdavant.fr\/actualites\/#\/schema\/logo\/image\/"},"sameAs":["https:\/\/www.facebook.com\/Footdavant\/","https:\/\/twitter.com\/FootdavantFr","https:\/\/www.instagram.com\/footdavant.fr\/"]},{"@type":"Person","@id":"https:\/\/footdavant.fr\/actualites\/#\/schema\/person\/bc222566d95871b37e597b3ed3ba5e1d","name":"Cl\u00e9ment","image":{"@type":"ImageObject","inLanguage":"fr-FR","@id":"https:\/\/footdavant.fr\/actualites\/#\/schema\/person\/image\/","url":"https:\/\/secure.gravatar.com\/avatar\/7728b29aac2719421e1a9159b2254c44?s=96&d=mm&r=g","contentUrl":"https:\/\/secure.gravatar.com\/avatar\/7728b29aac2719421e1a9159b2254c44?s=96&d=mm&r=g","caption":"Cl\u00e9ment"},"sameAs":["https:\/\/footdavant.fr\/"]}]}},"_links":{"self":[{"href":"https:\/\/footdavant.fr\/actualites\/wp-json\/wp\/v2\/posts\/22952"}],"collection":[{"href":"https:\/\/footdavant.fr\/actualites\/wp-json\/wp\/v2\/posts"}],"about":[{"href":"https:\/\/footdavant.fr\/actualites\/wp-json\/wp\/v2\/types\/post"}],"author":[{"embeddable":true,"href":"https:\/\/footdavant.fr\/actualites\/wp-json\/wp\/v2\/users\/1"}],"replies":[{"embeddable":true,"href":"https:\/\/footdavant.fr\/actualites\/wp-json\/wp\/v2\/comments?post=22952"}],"version-history":[{"count":1,"href":"https:\/\/footdavant.fr\/actualites\/wp-json\/wp\/v2\/posts\/22952\/revisions"}],"predecessor-version":[{"id":22953,"href":"https:\/\/footdavant.fr\/actualites\/wp-json\/wp\/v2\/posts\/22952\/revisions\/22953"}],"wp:featuredmedia":[{"embeddable":true,"href":"https:\/\/footdavant.fr\/actualites\/wp-json\/wp\/v2\/media\/17106"}],"wp:attachment":[{"href":"https:\/\/footdavant.fr\/actualites\/wp-json\/wp\/v2\/media?parent=22952"}],"wp:term":[{"taxonomy":"category","embeddable":true,"href":"https:\/\/footdavant.fr\/actualites\/wp-json\/wp\/v2\/categories?post=22952"},{"taxonomy":"post_tag","embeddable":true,"href":"https:\/\/footdavant.fr\/actualites\/wp-json\/wp\/v2\/tags?post=22952"}],"curies":[{"name":"wp","href":"https:\/\/api.w.org\/{rel}","templated":true}]}}