{"id":22960,"date":"2025-04-21T15:48:03","date_gmt":"2025-04-21T13:48:03","guid":{"rendered":"https:\/\/footdavant.fr\/actualites\/man-united-vs-wolves-le-duo-red-devils-noussair-mazraoui-victor-lindelof-sera-t-il-disponible-apres-des-problemes-personnels\/"},"modified":"2025-04-21T15:48:04","modified_gmt":"2025-04-21T13:48:04","slug":"man-united-vs-wolves-le-duo-red-devils-noussair-mazraoui-victor-lindelof-sera-t-il-disponible-apres-des-problemes-personnels","status":"publish","type":"post","link":"https:\/\/footdavant.fr\/actualites\/man-united-vs-wolves-le-duo-red-devils-noussair-mazraoui-victor-lindelof-sera-t-il-disponible-apres-des-problemes-personnels\/","title":{"rendered":"Man United vs. Wolves: Le duo Red Devils Noussair Mazraoui, Victor Lindelof sera-t-il disponible apr\u00e8s des probl\u00e8mes personnels?"},"content":{"rendered":"<p>L&#39;entra\u00eeneur-chef de Manchester United, Ruben Amorim, confirme que Noussair Mazraoui et Victor Lindelof seront disponibles pour le concours de Premier League de dimanche avec Wolves.<\/p>\n<div id=\"article_body\" itemprop=\"articleBody\">\n<h3 class=\"firstPara\">\n<strong class=\"autotag\">Manchester United<\/strong> entra\u00eeneur-chef <strong class=\"autotag\">Ruben Amorim<\/strong> a confirm\u00e9 que <strong class=\"autotag\">Doussair mazraoui<\/strong> et <strong class=\"autotag\">Victor Lindelof<\/strong> sera tous deux disponible pour le concours de Premier League dimanche avec <strong class=\"autotag\">Wolverhampton Wanderers<\/strong> \u00e0 Old Trafford.<\/h3>\n<p>Mazraoui a \u00e9t\u00e9 substitu\u00e9 \u00e0 l&#39;intervalle de <strong>Le quart de finale de la Ligue Europa de jeudi contre Lyon<\/strong>et initialement, il avait \u00e9t\u00e9 affirm\u00e9 que l&#39;international marocain avait subi un probl\u00e8me de fitness.<\/p>\n<p>Il y avait des suggestions selon lesquelles Lindelof serait son remplacement, mais l&#39;international su\u00e9dois \u00e9tait nulle part sur le banc de Man United dans la seconde moiti\u00e9 du match.<\/p>\n<p>Amorim a r\u00e9v\u00e9l\u00e9 qu&#39;apr\u00e8s le blockbuster europ\u00e9en, l&#39;affrontement avec Lyon que le couple a tous deux quitt\u00e9 Old Trafford \u00e0 la mi-temps en raison de probl\u00e8mes personnels.<\/p>\n<p>Cependant, les Portugais ont r\u00e9v\u00e9l\u00e9 lors de sa conf\u00e9rence de presse pour pr\u00e9visualiser le match de dimanche contre Wolves que le duo serait tous deux disponible pour le concours avec <strong class=\"autotag\">Vitor Pereira<\/strong>c\u00f4t\u00e9.<\/p>\n<p class=\"imgI\">\n<h2 class=\"k3\">Mazraoui, Lindelof sera tous deux disponible contre les loups<\/h2>\n<p>\u00ab\u00a0Il (Lindelof) est disponible, il a des probl\u00e8mes personnels comme Wous (Mazraoui), donc nous avons d\u00fb le laisser partir. Mais tout va bien maintenant et je sais que le football est important, mais il y a des choses qui sont plus importantes. Ils seront pr\u00eats \u00e0 affronter les loups dans le prochain match\u00a0\u00bb, a d\u00e9clar\u00e9 Amorim aux journalistes.<\/p>\n<p>\u00ab\u00a0Le probl\u00e8me de son et de Lindelof est venu) pendant le match, et parfois vous ne pouvez pas contr\u00f4ler ces choses et tout s&#39;est pass\u00e9 cette saison, mais tout va bien maintenant.\u00a0\u00bb<\/p>\n<p><strong class=\"autotag\">Luke Shaw<\/strong> a plut\u00f4t \u00e9t\u00e9 appel\u00e9 \u00e0 remplacer Mazraoui \u00e0 l&#39;intervalle, et l&#39;Anglais est venu \u00e0 travers la deuxi\u00e8me p\u00e9riode et \u00e9galement indemne du temps dans un coup de pouce majeur pour les Red Devils.<\/p>\n<p>Man United a marqu\u00e9 trois fois dans les derniers \u00e9tapes du deuxi\u00e8me \u00e9tage de jeudi pour \u00e9merger 5-4 vainqueurs dans la soir\u00e9e, ce qui leur a donn\u00e9 une victoire globale 7-2.<\/p>\n<p class=\"imgI\"><img decoding=\"async\" loading=\"lazy\" class=\"l\" src=\"https:\/\/footdavant.fr\/actualites\/wp-content\/uploads\/2025\/04\/1745243283_196_Man-United-vs-Wolves-Le-duo-Red-Devils-Noussair-Mazraoui.jpg\" title=\"Le d\u00e9fenseur de Manchester United Lisandro Martinez en d\u00e9cembre 2024.\" alt=\"Le d\u00e9fenseur de Manchester United Lisandro Martinez en d\u00e9cembre 2024.\" width=\"640\" height=\"480\"><\/p>\n<h2 class=\"k3\">Qui sera port\u00e9 disparu pour Man United contre les Wolves?<\/h2>\n<p>Man United n&#39;a pas subi de nouveaux probl\u00e8mes de fitness contre Lyon, mais <strong class=\"autotag\">Lisandro Martinez<\/strong>, <strong class=\"autotag\">Amad Diallo<\/strong>, <strong class=\"autotag\">Matthijs de Ligt<\/strong> et <strong class=\"autotag\">Joshua Zirkzee<\/strong> ne sera \u00e0 nouveau pas disponible pour la s\u00e9lection, tandis que <strong class=\"autotag\">Ayden Heaven<\/strong> et <strong class=\"autotag\">Jonny Evans<\/strong> sont des doutes majeurs.<\/p>\n<p><strong class=\"autotag\">Chido Obi<\/strong> n&#39;\u00e9tait pas dans l&#39;\u00e9quipe jeudi, avec l&#39;adolescent in\u00e9ligible pour la comp\u00e9tition, mais Amorim a r\u00e9v\u00e9l\u00e9 que l&#39;attaquant \u00e9tait en ligne pendant quelques minutes suppl\u00e9mentaires en Premier League.<\/p>\n<p>\u00ab\u00a0Oui, je pense que oui\u00a0\u00bb, a-t-il r\u00e9pondu lorsqu&#39;on lui a pos\u00e9 des questions sur la participation potentielle pour l&#39;ancien jeune arsenal.<\/p>\n<p>La blessure de Zirkzee a laiss\u00e9 Man United encore plus l\u00e9ger dans le dernier tiers du terrain, et les 20 champions anglais ont termin\u00e9 incroyablement l&#39;affrontement avec Lyon avec <strong class=\"autotag\">Kobbie Mainoo<\/strong> et <strong class=\"autotag\">Harry Maguire<\/strong> En tant que leurs deux joueurs les plus avanc\u00e9s, mais le couple s&#39;est inscrit tous les deux pour donner aux Red Devils une victoire c\u00e9l\u00e8bre.<\/p>\n<div class=\"author_box\">\n<div class=\"author_box_banner\">\n<img decoding=\"async\" class=\"author_img\" src=\"https:\/\/footdavant.fr\/actualites\/wp-content\/uploads\/2025\/04\/1745243283_705_Man-United-vs-Wolves-Le-duo-Red-Devils-Noussair-Mazraoui.jpg\"><\/p>\n<\/div>\n<\/div>\n<\/div>\n","protected":false},"excerpt":{"rendered":"<p>L&#39;entra\u00eeneur-chef de Manchester United, Ruben Amorim, confirme que Noussair Mazraoui et Victor Lindelof seront disponibles pour le concours de Premier League de dimanche avec Wolves.<\/p>\n","protected":false},"author":1,"featured_media":22961,"comment_status":"closed","ping_status":"","sticky":false,"template":"","format":"standard","meta":{"footnotes":""},"categories":[5],"tags":[25,12,265,2000,469,984,24,5940,6464,8973,715,536,3356,13,1038,1454],"yoast_head":"<!-- This site is optimized with the Yoast SEO plugin v21.0 - https:\/\/yoast.com\/wordpress\/plugins\/seo\/ -->\n<title>Man United vs. Wolves: Le duo Red Devils Noussair Mazraoui, Victor Lindelof sera-t-il disponible apr\u00e8s des probl\u00e8mes personnels?<\/title>\n<meta name=\"robots\" content=\"index, follow, max-snippet:-1, max-image-preview:large, max-video-preview:-1\" \/>\n<link rel=\"canonical\" href=\"https:\/\/footdavant.fr\/actualites\/man-united-vs-wolves-le-duo-red-devils-noussair-mazraoui-victor-lindelof-sera-t-il-disponible-apres-des-problemes-personnels\/\" \/>\n<meta property=\"og:locale\" content=\"fr_FR\" \/>\n<meta property=\"og:type\" content=\"article\" \/>\n<meta property=\"og:title\" content=\"Man United vs. Wolves: Le duo Red Devils Noussair Mazraoui, Victor Lindelof sera-t-il disponible apr\u00e8s des probl\u00e8mes personnels?\" \/>\n<meta property=\"og:description\" content=\"L&#039;entra\u00eeneur-chef de Manchester United, Ruben Amorim, confirme que Noussair Mazraoui et Victor Lindelof seront disponibles pour le concours de Premier League de dimanche avec Wolves.\" \/>\n<meta property=\"og:url\" content=\"https:\/\/footdavant.fr\/actualites\/man-united-vs-wolves-le-duo-red-devils-noussair-mazraoui-victor-lindelof-sera-t-il-disponible-apres-des-problemes-personnels\/\" \/>\n<meta property=\"og:site_name\" content=\"Foot d&#039;avant\" \/>\n<meta property=\"article:publisher\" content=\"https:\/\/www.facebook.com\/Footdavant\/\" \/>\n<meta property=\"article:published_time\" content=\"2025-04-21T13:48:03+00:00\" \/>\n<meta property=\"article:modified_time\" content=\"2025-04-21T13:48:04+00:00\" \/>\n<meta property=\"og:image\" content=\"https:\/\/footdavant.fr\/actualites\/wp-content\/uploads\/2025\/04\/Man-United-vs-Wolves-Le-duo-Red-Devils-Noussair-Mazraoui.jpg\" \/>\n\t<meta property=\"og:image:width\" content=\"640\" \/>\n\t<meta property=\"og:image:height\" content=\"480\" \/>\n\t<meta property=\"og:image:type\" content=\"image\/jpeg\" \/>\n<meta name=\"author\" content=\"Cl\u00e9ment\" \/>\n<meta name=\"twitter:card\" content=\"summary_large_image\" \/>\n<meta name=\"twitter:creator\" content=\"@FootdavantFr\" \/>\n<meta name=\"twitter:site\" content=\"@FootdavantFr\" \/>\n<meta name=\"twitter:label1\" content=\"\u00c9crit par\" \/>\n\t<meta name=\"twitter:data1\" content=\"Cl\u00e9ment\" \/>\n\t<meta name=\"twitter:label2\" content=\"Dur\u00e9e de lecture estim\u00e9e\" \/>\n\t<meta name=\"twitter:data2\" content=\"3 minutes\" \/>\n<script type=\"application\/ld+json\" class=\"yoast-schema-graph\">{\"@context\":\"https:\/\/schema.org\",\"@graph\":[{\"@type\":\"Article\",\"@id\":\"https:\/\/footdavant.fr\/actualites\/man-united-vs-wolves-le-duo-red-devils-noussair-mazraoui-victor-lindelof-sera-t-il-disponible-apres-des-problemes-personnels\/#article\",\"isPartOf\":{\"@id\":\"https:\/\/footdavant.fr\/actualites\/man-united-vs-wolves-le-duo-red-devils-noussair-mazraoui-victor-lindelof-sera-t-il-disponible-apres-des-problemes-personnels\/\"},\"author\":{\"name\":\"Cl\u00e9ment\",\"@id\":\"https:\/\/footdavant.fr\/actualites\/#\/schema\/person\/bc222566d95871b37e597b3ed3ba5e1d\"},\"headline\":\"Man United vs. Wolves: Le duo Red Devils Noussair Mazraoui, Victor Lindelof sera-t-il disponible apr\u00e8s des probl\u00e8mes personnels?\",\"datePublished\":\"2025-04-21T13:48:03+00:00\",\"dateModified\":\"2025-04-21T13:48:04+00:00\",\"mainEntityOfPage\":{\"@id\":\"https:\/\/footdavant.fr\/actualites\/man-united-vs-wolves-le-duo-red-devils-noussair-mazraoui-victor-lindelof-sera-t-il-disponible-apres-des-problemes-personnels\/\"},\"wordCount\":568,\"publisher\":{\"@id\":\"https:\/\/footdavant.fr\/actualites\/#organization\"},\"keywords\":[\"apr\u00e8s\",\"des\",\"Devils\",\"disponible\",\"duo\",\"Lindelof\",\"Man\",\"Mazraoui\",\"Noussair\",\"personnels\",\"Probl\u00e8mes\",\"Red\",\"seratil\",\"United\",\"Victor\",\"Wolves\"],\"articleSection\":[\"Premier League\"],\"inLanguage\":\"fr-FR\"},{\"@type\":\"WebPage\",\"@id\":\"https:\/\/footdavant.fr\/actualites\/man-united-vs-wolves-le-duo-red-devils-noussair-mazraoui-victor-lindelof-sera-t-il-disponible-apres-des-problemes-personnels\/\",\"url\":\"https:\/\/footdavant.fr\/actualites\/man-united-vs-wolves-le-duo-red-devils-noussair-mazraoui-victor-lindelof-sera-t-il-disponible-apres-des-problemes-personnels\/\",\"name\":\"Man United vs. Wolves: Le duo Red Devils Noussair Mazraoui, Victor Lindelof sera-t-il disponible apr\u00e8s des probl\u00e8mes personnels?\",\"isPartOf\":{\"@id\":\"https:\/\/footdavant.fr\/actualites\/#website\"},\"datePublished\":\"2025-04-21T13:48:03+00:00\",\"dateModified\":\"2025-04-21T13:48:04+00:00\",\"breadcrumb\":{\"@id\":\"https:\/\/footdavant.fr\/actualites\/man-united-vs-wolves-le-duo-red-devils-noussair-mazraoui-victor-lindelof-sera-t-il-disponible-apres-des-problemes-personnels\/#breadcrumb\"},\"inLanguage\":\"fr-FR\",\"potentialAction\":[{\"@type\":\"ReadAction\",\"target\":[\"https:\/\/footdavant.fr\/actualites\/man-united-vs-wolves-le-duo-red-devils-noussair-mazraoui-victor-lindelof-sera-t-il-disponible-apres-des-problemes-personnels\/\"]}]},{\"@type\":\"BreadcrumbList\",\"@id\":\"https:\/\/footdavant.fr\/actualites\/man-united-vs-wolves-le-duo-red-devils-noussair-mazraoui-victor-lindelof-sera-t-il-disponible-apres-des-problemes-personnels\/#breadcrumb\",\"itemListElement\":[{\"@type\":\"ListItem\",\"position\":1,\"name\":\"Accueil\",\"item\":\"https:\/\/footdavant.fr\/actualites\/\"},{\"@type\":\"ListItem\",\"position\":2,\"name\":\"Man United vs. Wolves: Le duo Red Devils Noussair Mazraoui, Victor Lindelof sera-t-il disponible apr\u00e8s des probl\u00e8mes personnels?\"}]},{\"@type\":\"WebSite\",\"@id\":\"https:\/\/footdavant.fr\/actualites\/#website\",\"url\":\"https:\/\/footdavant.fr\/actualites\/\",\"name\":\"Foot d'avant\",\"description\":\"\",\"publisher\":{\"@id\":\"https:\/\/footdavant.fr\/actualites\/#organization\"},\"potentialAction\":[{\"@type\":\"SearchAction\",\"target\":{\"@type\":\"EntryPoint\",\"urlTemplate\":\"https:\/\/footdavant.fr\/actualites\/?s={search_term_string}\"},\"query-input\":\"required name=search_term_string\"}],\"inLanguage\":\"fr-FR\"},{\"@type\":\"Organization\",\"@id\":\"https:\/\/footdavant.fr\/actualites\/#organization\",\"name\":\"Foot d'avant\",\"url\":\"https:\/\/footdavant.fr\/actualites\/\",\"logo\":{\"@type\":\"ImageObject\",\"inLanguage\":\"fr-FR\",\"@id\":\"https:\/\/footdavant.fr\/actualites\/#\/schema\/logo\/image\/\",\"url\":\"https:\/\/footdavant.fr\/actualites\/wp-content\/uploads\/2023\/09\/Copy-of-FootDavant-Logo.png\",\"contentUrl\":\"https:\/\/footdavant.fr\/actualites\/wp-content\/uploads\/2023\/09\/Copy-of-FootDavant-Logo.png\",\"width\":936,\"height\":549,\"caption\":\"Foot d'avant\"},\"image\":{\"@id\":\"https:\/\/footdavant.fr\/actualites\/#\/schema\/logo\/image\/\"},\"sameAs\":[\"https:\/\/www.facebook.com\/Footdavant\/\",\"https:\/\/twitter.com\/FootdavantFr\",\"https:\/\/www.instagram.com\/footdavant.fr\/\"]},{\"@type\":\"Person\",\"@id\":\"https:\/\/footdavant.fr\/actualites\/#\/schema\/person\/bc222566d95871b37e597b3ed3ba5e1d\",\"name\":\"Cl\u00e9ment\",\"image\":{\"@type\":\"ImageObject\",\"inLanguage\":\"fr-FR\",\"@id\":\"https:\/\/footdavant.fr\/actualites\/#\/schema\/person\/image\/\",\"url\":\"https:\/\/secure.gravatar.com\/avatar\/7728b29aac2719421e1a9159b2254c44?s=96&d=mm&r=g\",\"contentUrl\":\"https:\/\/secure.gravatar.com\/avatar\/7728b29aac2719421e1a9159b2254c44?s=96&d=mm&r=g\",\"caption\":\"Cl\u00e9ment\"},\"sameAs\":[\"https:\/\/footdavant.fr\/\"]}]}<\/script>\n<!-- \/ Yoast SEO plugin. -->","yoast_head_json":{"title":"Man United vs. Wolves: Le duo Red Devils Noussair Mazraoui, Victor Lindelof sera-t-il disponible apr\u00e8s des probl\u00e8mes personnels?","robots":{"index":"index","follow":"follow","max-snippet":"max-snippet:-1","max-image-preview":"max-image-preview:large","max-video-preview":"max-video-preview:-1"},"canonical":"https:\/\/footdavant.fr\/actualites\/man-united-vs-wolves-le-duo-red-devils-noussair-mazraoui-victor-lindelof-sera-t-il-disponible-apres-des-problemes-personnels\/","og_locale":"fr_FR","og_type":"article","og_title":"Man United vs. Wolves: Le duo Red Devils Noussair Mazraoui, Victor Lindelof sera-t-il disponible apr\u00e8s des probl\u00e8mes personnels?","og_description":"L&#39;entra\u00eeneur-chef de Manchester United, Ruben Amorim, confirme que Noussair Mazraoui et Victor Lindelof seront disponibles pour le concours de Premier League de dimanche avec Wolves.","og_url":"https:\/\/footdavant.fr\/actualites\/man-united-vs-wolves-le-duo-red-devils-noussair-mazraoui-victor-lindelof-sera-t-il-disponible-apres-des-problemes-personnels\/","og_site_name":"Foot d&#039;avant","article_publisher":"https:\/\/www.facebook.com\/Footdavant\/","article_published_time":"2025-04-21T13:48:03+00:00","article_modified_time":"2025-04-21T13:48:04+00:00","og_image":[{"width":640,"height":480,"url":"https:\/\/footdavant.fr\/actualites\/wp-content\/uploads\/2025\/04\/Man-United-vs-Wolves-Le-duo-Red-Devils-Noussair-Mazraoui.jpg","type":"image\/jpeg"}],"author":"Cl\u00e9ment","twitter_card":"summary_large_image","twitter_creator":"@FootdavantFr","twitter_site":"@FootdavantFr","twitter_misc":{"\u00c9crit par":"Cl\u00e9ment","Dur\u00e9e de lecture estim\u00e9e":"3 minutes"},"schema":{"@context":"https:\/\/schema.org","@graph":[{"@type":"Article","@id":"https:\/\/footdavant.fr\/actualites\/man-united-vs-wolves-le-duo-red-devils-noussair-mazraoui-victor-lindelof-sera-t-il-disponible-apres-des-problemes-personnels\/#article","isPartOf":{"@id":"https:\/\/footdavant.fr\/actualites\/man-united-vs-wolves-le-duo-red-devils-noussair-mazraoui-victor-lindelof-sera-t-il-disponible-apres-des-problemes-personnels\/"},"author":{"name":"Cl\u00e9ment","@id":"https:\/\/footdavant.fr\/actualites\/#\/schema\/person\/bc222566d95871b37e597b3ed3ba5e1d"},"headline":"Man United vs. Wolves: Le duo Red Devils Noussair Mazraoui, Victor Lindelof sera-t-il disponible apr\u00e8s des probl\u00e8mes personnels?","datePublished":"2025-04-21T13:48:03+00:00","dateModified":"2025-04-21T13:48:04+00:00","mainEntityOfPage":{"@id":"https:\/\/footdavant.fr\/actualites\/man-united-vs-wolves-le-duo-red-devils-noussair-mazraoui-victor-lindelof-sera-t-il-disponible-apres-des-problemes-personnels\/"},"wordCount":568,"publisher":{"@id":"https:\/\/footdavant.fr\/actualites\/#organization"},"keywords":["apr\u00e8s","des","Devils","disponible","duo","Lindelof","Man","Mazraoui","Noussair","personnels","Probl\u00e8mes","Red","seratil","United","Victor","Wolves"],"articleSection":["Premier League"],"inLanguage":"fr-FR"},{"@type":"WebPage","@id":"https:\/\/footdavant.fr\/actualites\/man-united-vs-wolves-le-duo-red-devils-noussair-mazraoui-victor-lindelof-sera-t-il-disponible-apres-des-problemes-personnels\/","url":"https:\/\/footdavant.fr\/actualites\/man-united-vs-wolves-le-duo-red-devils-noussair-mazraoui-victor-lindelof-sera-t-il-disponible-apres-des-problemes-personnels\/","name":"Man United vs. Wolves: Le duo Red Devils Noussair Mazraoui, Victor Lindelof sera-t-il disponible apr\u00e8s des probl\u00e8mes personnels?","isPartOf":{"@id":"https:\/\/footdavant.fr\/actualites\/#website"},"datePublished":"2025-04-21T13:48:03+00:00","dateModified":"2025-04-21T13:48:04+00:00","breadcrumb":{"@id":"https:\/\/footdavant.fr\/actualites\/man-united-vs-wolves-le-duo-red-devils-noussair-mazraoui-victor-lindelof-sera-t-il-disponible-apres-des-problemes-personnels\/#breadcrumb"},"inLanguage":"fr-FR","potentialAction":[{"@type":"ReadAction","target":["https:\/\/footdavant.fr\/actualites\/man-united-vs-wolves-le-duo-red-devils-noussair-mazraoui-victor-lindelof-sera-t-il-disponible-apres-des-problemes-personnels\/"]}]},{"@type":"BreadcrumbList","@id":"https:\/\/footdavant.fr\/actualites\/man-united-vs-wolves-le-duo-red-devils-noussair-mazraoui-victor-lindelof-sera-t-il-disponible-apres-des-problemes-personnels\/#breadcrumb","itemListElement":[{"@type":"ListItem","position":1,"name":"Accueil","item":"https:\/\/footdavant.fr\/actualites\/"},{"@type":"ListItem","position":2,"name":"Man United vs. Wolves: Le duo Red Devils Noussair Mazraoui, Victor Lindelof sera-t-il disponible apr\u00e8s des probl\u00e8mes personnels?"}]},{"@type":"WebSite","@id":"https:\/\/footdavant.fr\/actualites\/#website","url":"https:\/\/footdavant.fr\/actualites\/","name":"Foot d'avant","description":"","publisher":{"@id":"https:\/\/footdavant.fr\/actualites\/#organization"},"potentialAction":[{"@type":"SearchAction","target":{"@type":"EntryPoint","urlTemplate":"https:\/\/footdavant.fr\/actualites\/?s={search_term_string}"},"query-input":"required name=search_term_string"}],"inLanguage":"fr-FR"},{"@type":"Organization","@id":"https:\/\/footdavant.fr\/actualites\/#organization","name":"Foot d'avant","url":"https:\/\/footdavant.fr\/actualites\/","logo":{"@type":"ImageObject","inLanguage":"fr-FR","@id":"https:\/\/footdavant.fr\/actualites\/#\/schema\/logo\/image\/","url":"https:\/\/footdavant.fr\/actualites\/wp-content\/uploads\/2023\/09\/Copy-of-FootDavant-Logo.png","contentUrl":"https:\/\/footdavant.fr\/actualites\/wp-content\/uploads\/2023\/09\/Copy-of-FootDavant-Logo.png","width":936,"height":549,"caption":"Foot d'avant"},"image":{"@id":"https:\/\/footdavant.fr\/actualites\/#\/schema\/logo\/image\/"},"sameAs":["https:\/\/www.facebook.com\/Footdavant\/","https:\/\/twitter.com\/FootdavantFr","https:\/\/www.instagram.com\/footdavant.fr\/"]},{"@type":"Person","@id":"https:\/\/footdavant.fr\/actualites\/#\/schema\/person\/bc222566d95871b37e597b3ed3ba5e1d","name":"Cl\u00e9ment","image":{"@type":"ImageObject","inLanguage":"fr-FR","@id":"https:\/\/footdavant.fr\/actualites\/#\/schema\/person\/image\/","url":"https:\/\/secure.gravatar.com\/avatar\/7728b29aac2719421e1a9159b2254c44?s=96&d=mm&r=g","contentUrl":"https:\/\/secure.gravatar.com\/avatar\/7728b29aac2719421e1a9159b2254c44?s=96&d=mm&r=g","caption":"Cl\u00e9ment"},"sameAs":["https:\/\/footdavant.fr\/"]}]}},"_links":{"self":[{"href":"https:\/\/footdavant.fr\/actualites\/wp-json\/wp\/v2\/posts\/22960"}],"collection":[{"href":"https:\/\/footdavant.fr\/actualites\/wp-json\/wp\/v2\/posts"}],"about":[{"href":"https:\/\/footdavant.fr\/actualites\/wp-json\/wp\/v2\/types\/post"}],"author":[{"embeddable":true,"href":"https:\/\/footdavant.fr\/actualites\/wp-json\/wp\/v2\/users\/1"}],"replies":[{"embeddable":true,"href":"https:\/\/footdavant.fr\/actualites\/wp-json\/wp\/v2\/comments?post=22960"}],"version-history":[{"count":1,"href":"https:\/\/footdavant.fr\/actualites\/wp-json\/wp\/v2\/posts\/22960\/revisions"}],"predecessor-version":[{"id":22962,"href":"https:\/\/footdavant.fr\/actualites\/wp-json\/wp\/v2\/posts\/22960\/revisions\/22962"}],"wp:featuredmedia":[{"embeddable":true,"href":"https:\/\/footdavant.fr\/actualites\/wp-json\/wp\/v2\/media\/22961"}],"wp:attachment":[{"href":"https:\/\/footdavant.fr\/actualites\/wp-json\/wp\/v2\/media?parent=22960"}],"wp:term":[{"taxonomy":"category","embeddable":true,"href":"https:\/\/footdavant.fr\/actualites\/wp-json\/wp\/v2\/categories?post=22960"},{"taxonomy":"post_tag","embeddable":true,"href":"https:\/\/footdavant.fr\/actualites\/wp-json\/wp\/v2\/tags?post=22960"}],"curies":[{"name":"wp","href":"https:\/\/api.w.org\/{rel}","templated":true}]}}