{"id":22963,"date":"2025-04-21T17:48:00","date_gmt":"2025-04-21T15:48:00","guid":{"rendered":"https:\/\/footdavant.fr\/actualites\/man-united-se-terminant-sur-un-accord-pour-la-starlette-francaise-enzo-kana-biyik-man-united-news-and-transfer-news\/"},"modified":"2025-04-21T17:48:01","modified_gmt":"2025-04-21T15:48:01","slug":"man-united-se-terminant-sur-un-accord-pour-la-starlette-francaise-enzo-kana-biyik-man-united-news-and-transfer-news","status":"publish","type":"post","link":"https:\/\/footdavant.fr\/actualites\/man-united-se-terminant-sur-un-accord-pour-la-starlette-francaise-enzo-kana-biyik-man-united-news-and-transfer-news\/","title":{"rendered":"Man United se terminant sur un accord pour la starlette fran\u00e7aise Enzo Kana-Biyik &#8211; Man United News and Transfer News"},"content":{"rendered":"<div id=\"penci-post-entry-inner\">\n<p>\t\t\t<i class=\"penci-post-countview-number-check\" style=\"display:none\">1<\/i><\/p>\n<p>Manchester United poursuivrait la starlette fran\u00e7aise Enzo Kana-Biyik lorsque le contrat de l&#39;attaquant de 18 ans avec Le Havre expire cet \u00e9t\u00e9.<\/p>\n<p>Christoper Michel () r\u00e9v\u00e8le qu&#39;il y a une \u00abbonne\u00bb chance que les Red Devils feront un pas pour le jeune que l&#39;expert de football d\u00e9crit comme un \u00abgrand talent\u00bb.<\/p>\n<blockquote class=\"twitter-tweet\" data-width=\"550\" data-dnt=\"true\">\n<p lang=\"en\" dir=\"ltr\">Volont\u00e9 <a rel=\"nofollow\" href=\"https:\/\/twitter.com\/hashtag\/MUFC?src=hash&amp;ref_src=twsrc%5Etfw\">#Mufc<\/a> Faites un mouvement pour Enzo Kana-Biyik? Selon mes informations, cela a l&#39;air bien. Les n\u00e9gociations avec Le Havre ne sont pas n\u00e9cessaires, car il est un agent libre. Grand talent. <a rel=\"nofollow\" href=\"https:\/\/twitter.com\/mufcMPB?ref_src=twsrc%5Etfw\">@mufcmpb<\/a> https:\/\/t.co\/sxkhbr3bxm<\/p>\n<p>&#8211; Christopher Michel (@cmoffiziell) <a rel=\"nofollow\" href=\"https:\/\/twitter.com\/CMoffiziell\/status\/1914257721232073071?ref_src=twsrc%5Etfw\">21 avril 2025<\/a><\/p>\n<\/blockquote>\n<p>Tweet: <\/p>\n<p>Actuellement dans l&#39;\u00e9quipe B de Le Havre, Kana-Biyik a \u00abattir\u00e9 l&#39;attention\u00bb apr\u00e8s ses fortes performances dans la Ligue de jeunesse fran\u00e7aise.<\/p>\n<p>Debout 6&#39;0 de hauteur \u00e0 seulement 18 ans, l&#39;attaquant poss\u00e8de la construction par excellence pour un attaquant moderne &#8211; grand et puissant, tout en conservant une excellente mobilit\u00e9.<\/p>\n<p>En outre, r\u00e9v\u00e8le que Kana-Biyik est r\u00e9put\u00e9e pour son \u00abflair attaquant et sa finition instinctive\u00bb qui l&#39;a mis sur le radar de nombreux clubs en France et \u00e0 travers le continent.<\/p>\n<p>Cependant, le rapport soutient que Kana-Biyik &#8211; dont le fr\u00e8re, Jean-Armel Kana Biyik, est un ancien d\u00e9fenseur qui a repr\u00e9sent\u00e9 le Cameroun &#8211; devrait faire le passage de la Ligue 1 Marseille.<\/p>\n<p>\u00abSelon des sources proches des n\u00e9gociations, un accord entre les deux clubs est en voie d&#39;ach\u00e8vement, Kana Biyik devrait devenir le dernier d&#39;une longue lign\u00e9e de jeunes talents \u00e0 \u00e9merger de la c\u00e9l\u00e8bre acad\u00e9mie du Normandy Club.<\/p>\n<p>\u00abBien que la fen\u00eatre n&#39;ouvre pas encore officiellement, Marseille a rapidement d\u00e9m\u00e9nag\u00e9 pour garantir les services de l&#39;adolescent tr\u00e8s bien not\u00e9.\u00bb<\/p>\n<p>Mais Michel est cat\u00e9gorique, les Reds conservent un fort int\u00e9r\u00eat pour Kana-Biyik et seront en lice pour sa signature lorsque son contrat avec Le Havre expire.<\/p>\n<p>L&#39;expert allemand conna\u00eet bien le football pour les jeunes et a \u00e9t\u00e9 le premier journaliste \u00e0 briser l&#39;histoire de United pour le milieu de terrain du Mali, Sekou Kone, qui a d\u00e9m\u00e9nag\u00e9 \u00e0 Old Trafford l&#39;\u00e9t\u00e9 dernier.<\/p>\n<p>United esp\u00e8re r\u00e9p\u00e9ter cette astuce avec le dernier produit tr\u00e8s bien not\u00e9 de l&#39;Acad\u00e9mie estim\u00e9e de Le Havre en convaincant Kana-Biyik pour \u00e9changer la France pour l&#39;Angleterre cet \u00e9t\u00e9.<\/p>\n<hr>\n<p>Suivez-nous sur bluesky: @ PeopleSerson.bsky.social<br \/><!--Article End--><\/p>\n<p><!-- CONTENT END 3 --><\/p><\/div>\n<p><script async src=\"https:\/\/platform.twitter.com\/widgets.js\" charset=\"utf-8\"><\/script><\/p>\n","protected":false},"excerpt":{"rendered":"<p>1 Manchester United poursuivrait la starlette fran\u00e7aise Enzo Kana-Biyik lorsque le contrat de l&#39;attaquant de 18 ans avec Le Havre expire cet \u00e9t\u00e9. Christoper Michel<\/p>\n","protected":false},"author":1,"featured_media":22964,"comment_status":"closed","ping_status":"","sticky":false,"template":"","format":"standard","meta":{"footnotes":""},"categories":[3],"tags":[277,1806,2552,8974,24,409,51,2480,103,8325,2732,13],"yoast_head":"<!-- This site is optimized with the Yoast SEO plugin v21.0 - https:\/\/yoast.com\/wordpress\/plugins\/seo\/ -->\n<title>Man United se terminant sur un accord pour la starlette fran\u00e7aise Enzo Kana-Biyik - Man United News and Transfer News<\/title>\n<meta name=\"robots\" content=\"index, follow, max-snippet:-1, max-image-preview:large, max-video-preview:-1\" \/>\n<link rel=\"canonical\" href=\"https:\/\/footdavant.fr\/actualites\/man-united-se-terminant-sur-un-accord-pour-la-starlette-francaise-enzo-kana-biyik-man-united-news-and-transfer-news\/\" \/>\n<meta property=\"og:locale\" content=\"fr_FR\" \/>\n<meta property=\"og:type\" content=\"article\" \/>\n<meta property=\"og:title\" content=\"Man United se terminant sur un accord pour la starlette fran\u00e7aise Enzo Kana-Biyik - Man United News and Transfer News\" \/>\n<meta property=\"og:description\" content=\"1 Manchester United poursuivrait la starlette fran\u00e7aise Enzo Kana-Biyik lorsque le contrat de l&#039;attaquant de 18 ans avec Le Havre expire cet \u00e9t\u00e9. Christoper Michel\" \/>\n<meta property=\"og:url\" content=\"https:\/\/footdavant.fr\/actualites\/man-united-se-terminant-sur-un-accord-pour-la-starlette-francaise-enzo-kana-biyik-man-united-news-and-transfer-news\/\" \/>\n<meta property=\"og:site_name\" content=\"Foot d&#039;avant\" \/>\n<meta property=\"article:publisher\" content=\"https:\/\/www.facebook.com\/Footdavant\/\" \/>\n<meta property=\"article:published_time\" content=\"2025-04-21T15:48:00+00:00\" \/>\n<meta property=\"article:modified_time\" content=\"2025-04-21T15:48:01+00:00\" \/>\n<meta property=\"og:image\" content=\"https:\/\/footdavant.fr\/actualites\/wp-content\/uploads\/2025\/04\/Man-United-se-terminant-sur-un-accord-pour-la-starlette.jpg\" \/>\n\t<meta property=\"og:image:width\" content=\"1600\" \/>\n\t<meta property=\"og:image:height\" content=\"715\" \/>\n\t<meta property=\"og:image:type\" content=\"image\/jpeg\" \/>\n<meta name=\"author\" content=\"Cl\u00e9ment\" \/>\n<meta name=\"twitter:card\" content=\"summary_large_image\" \/>\n<meta name=\"twitter:creator\" content=\"@FootdavantFr\" \/>\n<meta name=\"twitter:site\" content=\"@FootdavantFr\" \/>\n<meta name=\"twitter:label1\" content=\"\u00c9crit par\" \/>\n\t<meta name=\"twitter:data1\" content=\"Cl\u00e9ment\" \/>\n\t<meta name=\"twitter:label2\" content=\"Dur\u00e9e de lecture estim\u00e9e\" \/>\n\t<meta name=\"twitter:data2\" content=\"2 minutes\" \/>\n<script type=\"application\/ld+json\" class=\"yoast-schema-graph\">{\"@context\":\"https:\/\/schema.org\",\"@graph\":[{\"@type\":\"Article\",\"@id\":\"https:\/\/footdavant.fr\/actualites\/man-united-se-terminant-sur-un-accord-pour-la-starlette-francaise-enzo-kana-biyik-man-united-news-and-transfer-news\/#article\",\"isPartOf\":{\"@id\":\"https:\/\/footdavant.fr\/actualites\/man-united-se-terminant-sur-un-accord-pour-la-starlette-francaise-enzo-kana-biyik-man-united-news-and-transfer-news\/\"},\"author\":{\"name\":\"Cl\u00e9ment\",\"@id\":\"https:\/\/footdavant.fr\/actualites\/#\/schema\/person\/bc222566d95871b37e597b3ed3ba5e1d\"},\"headline\":\"Man United se terminant sur un accord pour la starlette fran\u00e7aise Enzo Kana-Biyik &#8211; Man United News and Transfer News\",\"datePublished\":\"2025-04-21T15:48:00+00:00\",\"dateModified\":\"2025-04-21T15:48:01+00:00\",\"mainEntityOfPage\":{\"@id\":\"https:\/\/footdavant.fr\/actualites\/man-united-se-terminant-sur-un-accord-pour-la-starlette-francaise-enzo-kana-biyik-man-united-news-and-transfer-news\/\"},\"wordCount\":429,\"publisher\":{\"@id\":\"https:\/\/footdavant.fr\/actualites\/#organization\"},\"keywords\":[\"accord\",\"Enzo\",\"fran\u00e7aise\",\"KanaBiyik\",\"Man\",\"News\",\"pour\",\"starlette\",\"sur\",\"terminant\",\"Transfer\",\"United\"],\"articleSection\":[\"Football\"],\"inLanguage\":\"fr-FR\"},{\"@type\":\"WebPage\",\"@id\":\"https:\/\/footdavant.fr\/actualites\/man-united-se-terminant-sur-un-accord-pour-la-starlette-francaise-enzo-kana-biyik-man-united-news-and-transfer-news\/\",\"url\":\"https:\/\/footdavant.fr\/actualites\/man-united-se-terminant-sur-un-accord-pour-la-starlette-francaise-enzo-kana-biyik-man-united-news-and-transfer-news\/\",\"name\":\"Man United se terminant sur un accord pour la starlette fran\u00e7aise Enzo Kana-Biyik - Man United News and Transfer News\",\"isPartOf\":{\"@id\":\"https:\/\/footdavant.fr\/actualites\/#website\"},\"datePublished\":\"2025-04-21T15:48:00+00:00\",\"dateModified\":\"2025-04-21T15:48:01+00:00\",\"breadcrumb\":{\"@id\":\"https:\/\/footdavant.fr\/actualites\/man-united-se-terminant-sur-un-accord-pour-la-starlette-francaise-enzo-kana-biyik-man-united-news-and-transfer-news\/#breadcrumb\"},\"inLanguage\":\"fr-FR\",\"potentialAction\":[{\"@type\":\"ReadAction\",\"target\":[\"https:\/\/footdavant.fr\/actualites\/man-united-se-terminant-sur-un-accord-pour-la-starlette-francaise-enzo-kana-biyik-man-united-news-and-transfer-news\/\"]}]},{\"@type\":\"BreadcrumbList\",\"@id\":\"https:\/\/footdavant.fr\/actualites\/man-united-se-terminant-sur-un-accord-pour-la-starlette-francaise-enzo-kana-biyik-man-united-news-and-transfer-news\/#breadcrumb\",\"itemListElement\":[{\"@type\":\"ListItem\",\"position\":1,\"name\":\"Accueil\",\"item\":\"https:\/\/footdavant.fr\/actualites\/\"},{\"@type\":\"ListItem\",\"position\":2,\"name\":\"Man United se terminant sur un accord pour la starlette fran\u00e7aise Enzo Kana-Biyik &#8211; Man United News and Transfer News\"}]},{\"@type\":\"WebSite\",\"@id\":\"https:\/\/footdavant.fr\/actualites\/#website\",\"url\":\"https:\/\/footdavant.fr\/actualites\/\",\"name\":\"Foot d'avant\",\"description\":\"\",\"publisher\":{\"@id\":\"https:\/\/footdavant.fr\/actualites\/#organization\"},\"potentialAction\":[{\"@type\":\"SearchAction\",\"target\":{\"@type\":\"EntryPoint\",\"urlTemplate\":\"https:\/\/footdavant.fr\/actualites\/?s={search_term_string}\"},\"query-input\":\"required name=search_term_string\"}],\"inLanguage\":\"fr-FR\"},{\"@type\":\"Organization\",\"@id\":\"https:\/\/footdavant.fr\/actualites\/#organization\",\"name\":\"Foot d'avant\",\"url\":\"https:\/\/footdavant.fr\/actualites\/\",\"logo\":{\"@type\":\"ImageObject\",\"inLanguage\":\"fr-FR\",\"@id\":\"https:\/\/footdavant.fr\/actualites\/#\/schema\/logo\/image\/\",\"url\":\"https:\/\/footdavant.fr\/actualites\/wp-content\/uploads\/2023\/09\/Copy-of-FootDavant-Logo.png\",\"contentUrl\":\"https:\/\/footdavant.fr\/actualites\/wp-content\/uploads\/2023\/09\/Copy-of-FootDavant-Logo.png\",\"width\":936,\"height\":549,\"caption\":\"Foot d'avant\"},\"image\":{\"@id\":\"https:\/\/footdavant.fr\/actualites\/#\/schema\/logo\/image\/\"},\"sameAs\":[\"https:\/\/www.facebook.com\/Footdavant\/\",\"https:\/\/twitter.com\/FootdavantFr\",\"https:\/\/www.instagram.com\/footdavant.fr\/\"]},{\"@type\":\"Person\",\"@id\":\"https:\/\/footdavant.fr\/actualites\/#\/schema\/person\/bc222566d95871b37e597b3ed3ba5e1d\",\"name\":\"Cl\u00e9ment\",\"image\":{\"@type\":\"ImageObject\",\"inLanguage\":\"fr-FR\",\"@id\":\"https:\/\/footdavant.fr\/actualites\/#\/schema\/person\/image\/\",\"url\":\"https:\/\/secure.gravatar.com\/avatar\/7728b29aac2719421e1a9159b2254c44?s=96&d=mm&r=g\",\"contentUrl\":\"https:\/\/secure.gravatar.com\/avatar\/7728b29aac2719421e1a9159b2254c44?s=96&d=mm&r=g\",\"caption\":\"Cl\u00e9ment\"},\"sameAs\":[\"https:\/\/footdavant.fr\/\"]}]}<\/script>\n<!-- \/ Yoast SEO plugin. -->","yoast_head_json":{"title":"Man United se terminant sur un accord pour la starlette fran\u00e7aise Enzo Kana-Biyik - Man United News and Transfer News","robots":{"index":"index","follow":"follow","max-snippet":"max-snippet:-1","max-image-preview":"max-image-preview:large","max-video-preview":"max-video-preview:-1"},"canonical":"https:\/\/footdavant.fr\/actualites\/man-united-se-terminant-sur-un-accord-pour-la-starlette-francaise-enzo-kana-biyik-man-united-news-and-transfer-news\/","og_locale":"fr_FR","og_type":"article","og_title":"Man United se terminant sur un accord pour la starlette fran\u00e7aise Enzo Kana-Biyik - Man United News and Transfer News","og_description":"1 Manchester United poursuivrait la starlette fran\u00e7aise Enzo Kana-Biyik lorsque le contrat de l&#39;attaquant de 18 ans avec Le Havre expire cet \u00e9t\u00e9. Christoper Michel","og_url":"https:\/\/footdavant.fr\/actualites\/man-united-se-terminant-sur-un-accord-pour-la-starlette-francaise-enzo-kana-biyik-man-united-news-and-transfer-news\/","og_site_name":"Foot d&#039;avant","article_publisher":"https:\/\/www.facebook.com\/Footdavant\/","article_published_time":"2025-04-21T15:48:00+00:00","article_modified_time":"2025-04-21T15:48:01+00:00","og_image":[{"width":1600,"height":715,"url":"https:\/\/footdavant.fr\/actualites\/wp-content\/uploads\/2025\/04\/Man-United-se-terminant-sur-un-accord-pour-la-starlette.jpg","type":"image\/jpeg"}],"author":"Cl\u00e9ment","twitter_card":"summary_large_image","twitter_creator":"@FootdavantFr","twitter_site":"@FootdavantFr","twitter_misc":{"\u00c9crit par":"Cl\u00e9ment","Dur\u00e9e de lecture estim\u00e9e":"2 minutes"},"schema":{"@context":"https:\/\/schema.org","@graph":[{"@type":"Article","@id":"https:\/\/footdavant.fr\/actualites\/man-united-se-terminant-sur-un-accord-pour-la-starlette-francaise-enzo-kana-biyik-man-united-news-and-transfer-news\/#article","isPartOf":{"@id":"https:\/\/footdavant.fr\/actualites\/man-united-se-terminant-sur-un-accord-pour-la-starlette-francaise-enzo-kana-biyik-man-united-news-and-transfer-news\/"},"author":{"name":"Cl\u00e9ment","@id":"https:\/\/footdavant.fr\/actualites\/#\/schema\/person\/bc222566d95871b37e597b3ed3ba5e1d"},"headline":"Man United se terminant sur un accord pour la starlette fran\u00e7aise Enzo Kana-Biyik &#8211; Man United News and Transfer News","datePublished":"2025-04-21T15:48:00+00:00","dateModified":"2025-04-21T15:48:01+00:00","mainEntityOfPage":{"@id":"https:\/\/footdavant.fr\/actualites\/man-united-se-terminant-sur-un-accord-pour-la-starlette-francaise-enzo-kana-biyik-man-united-news-and-transfer-news\/"},"wordCount":429,"publisher":{"@id":"https:\/\/footdavant.fr\/actualites\/#organization"},"keywords":["accord","Enzo","fran\u00e7aise","KanaBiyik","Man","News","pour","starlette","sur","terminant","Transfer","United"],"articleSection":["Football"],"inLanguage":"fr-FR"},{"@type":"WebPage","@id":"https:\/\/footdavant.fr\/actualites\/man-united-se-terminant-sur-un-accord-pour-la-starlette-francaise-enzo-kana-biyik-man-united-news-and-transfer-news\/","url":"https:\/\/footdavant.fr\/actualites\/man-united-se-terminant-sur-un-accord-pour-la-starlette-francaise-enzo-kana-biyik-man-united-news-and-transfer-news\/","name":"Man United se terminant sur un accord pour la starlette fran\u00e7aise Enzo Kana-Biyik - Man United News and Transfer News","isPartOf":{"@id":"https:\/\/footdavant.fr\/actualites\/#website"},"datePublished":"2025-04-21T15:48:00+00:00","dateModified":"2025-04-21T15:48:01+00:00","breadcrumb":{"@id":"https:\/\/footdavant.fr\/actualites\/man-united-se-terminant-sur-un-accord-pour-la-starlette-francaise-enzo-kana-biyik-man-united-news-and-transfer-news\/#breadcrumb"},"inLanguage":"fr-FR","potentialAction":[{"@type":"ReadAction","target":["https:\/\/footdavant.fr\/actualites\/man-united-se-terminant-sur-un-accord-pour-la-starlette-francaise-enzo-kana-biyik-man-united-news-and-transfer-news\/"]}]},{"@type":"BreadcrumbList","@id":"https:\/\/footdavant.fr\/actualites\/man-united-se-terminant-sur-un-accord-pour-la-starlette-francaise-enzo-kana-biyik-man-united-news-and-transfer-news\/#breadcrumb","itemListElement":[{"@type":"ListItem","position":1,"name":"Accueil","item":"https:\/\/footdavant.fr\/actualites\/"},{"@type":"ListItem","position":2,"name":"Man United se terminant sur un accord pour la starlette fran\u00e7aise Enzo Kana-Biyik &#8211; Man United News and Transfer News"}]},{"@type":"WebSite","@id":"https:\/\/footdavant.fr\/actualites\/#website","url":"https:\/\/footdavant.fr\/actualites\/","name":"Foot d'avant","description":"","publisher":{"@id":"https:\/\/footdavant.fr\/actualites\/#organization"},"potentialAction":[{"@type":"SearchAction","target":{"@type":"EntryPoint","urlTemplate":"https:\/\/footdavant.fr\/actualites\/?s={search_term_string}"},"query-input":"required name=search_term_string"}],"inLanguage":"fr-FR"},{"@type":"Organization","@id":"https:\/\/footdavant.fr\/actualites\/#organization","name":"Foot d'avant","url":"https:\/\/footdavant.fr\/actualites\/","logo":{"@type":"ImageObject","inLanguage":"fr-FR","@id":"https:\/\/footdavant.fr\/actualites\/#\/schema\/logo\/image\/","url":"https:\/\/footdavant.fr\/actualites\/wp-content\/uploads\/2023\/09\/Copy-of-FootDavant-Logo.png","contentUrl":"https:\/\/footdavant.fr\/actualites\/wp-content\/uploads\/2023\/09\/Copy-of-FootDavant-Logo.png","width":936,"height":549,"caption":"Foot d'avant"},"image":{"@id":"https:\/\/footdavant.fr\/actualites\/#\/schema\/logo\/image\/"},"sameAs":["https:\/\/www.facebook.com\/Footdavant\/","https:\/\/twitter.com\/FootdavantFr","https:\/\/www.instagram.com\/footdavant.fr\/"]},{"@type":"Person","@id":"https:\/\/footdavant.fr\/actualites\/#\/schema\/person\/bc222566d95871b37e597b3ed3ba5e1d","name":"Cl\u00e9ment","image":{"@type":"ImageObject","inLanguage":"fr-FR","@id":"https:\/\/footdavant.fr\/actualites\/#\/schema\/person\/image\/","url":"https:\/\/secure.gravatar.com\/avatar\/7728b29aac2719421e1a9159b2254c44?s=96&d=mm&r=g","contentUrl":"https:\/\/secure.gravatar.com\/avatar\/7728b29aac2719421e1a9159b2254c44?s=96&d=mm&r=g","caption":"Cl\u00e9ment"},"sameAs":["https:\/\/footdavant.fr\/"]}]}},"_links":{"self":[{"href":"https:\/\/footdavant.fr\/actualites\/wp-json\/wp\/v2\/posts\/22963"}],"collection":[{"href":"https:\/\/footdavant.fr\/actualites\/wp-json\/wp\/v2\/posts"}],"about":[{"href":"https:\/\/footdavant.fr\/actualites\/wp-json\/wp\/v2\/types\/post"}],"author":[{"embeddable":true,"href":"https:\/\/footdavant.fr\/actualites\/wp-json\/wp\/v2\/users\/1"}],"replies":[{"embeddable":true,"href":"https:\/\/footdavant.fr\/actualites\/wp-json\/wp\/v2\/comments?post=22963"}],"version-history":[{"count":1,"href":"https:\/\/footdavant.fr\/actualites\/wp-json\/wp\/v2\/posts\/22963\/revisions"}],"predecessor-version":[{"id":22965,"href":"https:\/\/footdavant.fr\/actualites\/wp-json\/wp\/v2\/posts\/22963\/revisions\/22965"}],"wp:featuredmedia":[{"embeddable":true,"href":"https:\/\/footdavant.fr\/actualites\/wp-json\/wp\/v2\/media\/22964"}],"wp:attachment":[{"href":"https:\/\/footdavant.fr\/actualites\/wp-json\/wp\/v2\/media?parent=22963"}],"wp:term":[{"taxonomy":"category","embeddable":true,"href":"https:\/\/footdavant.fr\/actualites\/wp-json\/wp\/v2\/categories?post=22963"},{"taxonomy":"post_tag","embeddable":true,"href":"https:\/\/footdavant.fr\/actualites\/wp-json\/wp\/v2\/tags?post=22963"}],"curies":[{"name":"wp","href":"https:\/\/api.w.org\/{rel}","templated":true}]}}