{"id":22978,"date":"2025-04-22T03:48:30","date_gmt":"2025-04-22T01:48:30","guid":{"rendered":"https:\/\/footdavant.fr\/actualites\/le-plan-de-liverpool-crunch-contract-talks-avec-lattaquant-sud-americain-a-pris-la-decision-de-transfert-de-60-millions-de-livres-sterling\/"},"modified":"2025-04-22T03:48:31","modified_gmt":"2025-04-22T01:48:31","slug":"le-plan-de-liverpool-crunch-contract-talks-avec-lattaquant-sud-americain-a-pris-la-decision-de-transfert-de-60-millions-de-livres-sterling","status":"publish","type":"post","link":"https:\/\/footdavant.fr\/actualites\/le-plan-de-liverpool-crunch-contract-talks-avec-lattaquant-sud-americain-a-pris-la-decision-de-transfert-de-60-millions-de-livres-sterling\/","title":{"rendered":"Le plan de Liverpool \u00ab\u00a0 Crunch Contract Talks &#39;&#39; avec l&#39;attaquant sud-am\u00e9ricain a pris la d\u00e9cision de transfert de 60 millions de livres sterling."},"content":{"rendered":"<p>Liverpool aurait pr\u00e9vu de s&#39;asseoir et de tenir des \u00abconf\u00e9rences de confrontation\u00bb avec l&#39;un de leurs attaquants sud-am\u00e9ricains pendant la fen\u00eatre de transfert d&#39;\u00e9t\u00e9.<\/p>\n<div id=\"article_body\" itemprop=\"articleBody\">\n<h3 class=\"firstPara\">\n<strong class=\"autotag\">Liverpool<\/strong> auraient pr\u00e9vu de s&#39;asseoir et de tenir des pourparlers avec l&#39;attaquant colombien <strong class=\"autotag\">Luis Diaz<\/strong> Lorsque la fen\u00eatre de transfert d&#39;\u00e9t\u00e9 se d\u00e9roule.<\/h3>\n<p>Le joueur de 28 ans a remport\u00e9 ses buts \u00e0 15 pour la saison dans toutes les comp\u00e9titions le week-end dernier, marquant l&#39;ouvreur dans les rouges nerveux <strong>2-1 Victoire \u00e0 domicile en Premier League<\/strong> sur West Ham United.<\/p>\n<p>Diaz et Co ne sont d\u00e9sormais qu&#39;\u00e0 deux victoires d&#39;un titre garanti de Premier League, qui pourrait m\u00eame \u00eatre d\u00e9croch\u00e9 ce dimanche s&#39;ils l&#39;obtiennent le meilleur de Leicester City et Arsenal sont battus \u00e0 Ipswich Town.<\/p>\n<p>L&#39;ancien homme de Porto devrait reprendre son r\u00f4le sur l&#39;aile gauche au King Power Stadium, ench\u00e9risant pour s&#39;appuyer sur un record louable de 11 buts et sept passes d\u00e9cisives de 31 matchs de Premier League dans la campagne en cours.<\/p>\n<p>Cependant, sa situation contractuelle est \u00e0 surveiller, car ses conditions actuelles expirent dans un peu plus de deux ans, et il n&#39;a jamais sign\u00e9 de prolongation \u00e0 Anfield depuis qu&#39;il a rejoint Porto Midway tout au long de la saison 2021-22.<\/p>\n<h2 class=\"k3\">Diaz, Liverpool pour tenir des \u00abconf\u00e9rences Crunch\u00bb sur l&#39;avenir<\/h2>\n<p class=\"imgI\">\n<p>Maintenant que Liverpool s&#39;est attach\u00e9 <strong class=\"autotag\">Mohamed Salah<\/strong> et <strong class=\"autotag\">Virgil Van Dijk<\/strong> &#8211; tout en se r\u00e9signant \u00e0 perdre <strong class=\"autotag\">Trent Alexander-Arnold<\/strong> &#8211; Ils peuvent se concentrer sur les joueurs hors contrat soit l&#39;\u00e9t\u00e9 prochain ou celui apr\u00e8s cela.<\/p>\n<p>Diaz entre dans cette cat\u00e9gorie, et <em>Initi\u00e9 de football<\/em> Affirme maintenant que Liverpool a l&#39;intention d&#39;organiser des conversations Crunch avec les Am\u00e9rique du Sud sur son avenir lorsque la saison touche \u00e0 sa fin.<\/p>\n<p>Les deux parties auraient commenc\u00e9 des discussions sur son avenir, mais ces pourparlers ont \u00e9t\u00e9 mis en attente alors que le directeur sportif <strong class=\"autotag\">Richard Hughes<\/strong> Priorit\u00e9 \u00e0 la priorit\u00e9 des situations de Salah et Van Dijk.<\/p>\n<p>Cependant, un rapport diff\u00e9rent a affirm\u00e9 que <strong>Diaz veut une augmentation de salaire \u00e0 cinq chiffres gigantesque<\/strong> Pour rester \u00e0 Liverpool, et les Reds seraient donc pr\u00eats \u00e0 le laisser aller pour le bon prix.<\/p>\n<p>Les dirigeants de la Premier League auraient gifl\u00e9 un prix de 60 millions de livres sterling \u00e0 la t\u00eate de l&#39;international colombien, qui a un total de 39 buts et 23 passes d\u00e9cisives en 143 apparitions pour les g\u00e9ants du Merseyside.<\/p>\n<h2 class=\"k3\">Les destinations possibles de Diaz s&#39;il quitte Liverpool<\/h2>\n<p class=\"imgI\"><img decoding=\"async\" loading=\"lazy\" class=\"l\" src=\"https:\/\/footdavant.fr\/actualites\/wp-content\/uploads\/2025\/04\/Le-plan-de-Liverpool-Crunch-Contract-Talks-3939-avec.jpeg\" title=\"  Luis Diaz de Colombie c\u00e9l\u00e8bre un but marqu\u00e9 le 20 mars 2025\" alt=\" Luis Diaz de Colombie c\u00e9l\u00e8bre un but marqu\u00e9 le 20 mars 2025\" width=\"640\" height=\"480\"><\/p>\n<p>La p\u00e9ninsule ib\u00e9rique pourrait s&#39;appeler une fois de plus pour l&#39;ancien homme de Porto si lui et Liverpool se s\u00e9parent, comme <strong class=\"autotag\">Barcelone<\/strong> ont longtemps \u00e9t\u00e9 cr\u00e9dit\u00e9s de son int\u00e9r\u00eat pour ses services.<\/p>\n<p>Que La Blaugrana peut se permettre une d\u00e9pense de 60 millions de livres <strong class=\"autotag\">Raphinha<\/strong> et <strong class=\"autotag\">Lamine Yamal<\/strong> peut maintenir leur forme scintillante.<\/p>\n<p>Alternativement, <strong class=\"autotag\">Atletico Madrid<\/strong> ont \u00e9t\u00e9 inf\u00e9rieurs \u00e0 faire un pas pour le joueur de 28 ans apr\u00e8s <strong>mettre fin \u00e0 leur int\u00e9r\u00eat pour un autre attaquant de Liverpool<\/strong>mais eux et le Bar\u00e7a pourraient faire face \u00e0 une concurrence intense de la Saudi Pro League.<\/p>\n<p>Cependant, \u00e0 28 ans, Diaz a encore beaucoup \u00e0 offrir dans le football europ\u00e9en et prend forme au bon moment avant une \u00e9ventuelle vente aux ench\u00e8res d&#39;\u00e9t\u00e9, marquant ou aidant \u00e0 chacune de ses cinq derni\u00e8res apparitions en Premier League.<\/p>\n<div class=\"author_box\">\n<div class=\"author_box_banner\">\n<img decoding=\"async\" class=\"author_img\" src=\"https:\/\/footdavant.fr\/actualites\/wp-content\/uploads\/2025\/04\/1745286510_912_Le-plan-de-Liverpool-Crunch-Contract-Talks-3939-avec.jpg\"><\/p>\n<\/div>\n<\/div>\n<\/div>\n","protected":false},"excerpt":{"rendered":"<p>Liverpool aurait pr\u00e9vu de s&#39;asseoir et de tenir des \u00abconf\u00e9rences de confrontation\u00bb avec l&#39;un de leurs attaquants sud-am\u00e9ricains pendant la fen\u00eatre de transfert d&#39;\u00e9t\u00e9. Liverpool<\/p>\n","protected":false},"author":1,"featured_media":22979,"comment_status":"closed","ping_status":"","sticky":false,"template":"","format":"standard","meta":{"footnotes":""},"categories":[5],"tags":[91,8398,8236,497,4304,53,115,114,2904,1061,116,5257,7375,700],"yoast_head":"<!-- This site is optimized with the Yoast SEO plugin v21.0 - https:\/\/yoast.com\/wordpress\/plugins\/seo\/ -->\n<title>Le plan de Liverpool `` Crunch Contract Talks &#039;&#039; avec l&#039;attaquant sud-am\u00e9ricain a pris la d\u00e9cision de transfert de 60 millions de livres sterling.<\/title>\n<meta name=\"robots\" content=\"index, follow, max-snippet:-1, max-image-preview:large, max-video-preview:-1\" \/>\n<link rel=\"canonical\" href=\"https:\/\/footdavant.fr\/actualites\/le-plan-de-liverpool-crunch-contract-talks-avec-lattaquant-sud-americain-a-pris-la-decision-de-transfert-de-60-millions-de-livres-sterling\/\" \/>\n<meta property=\"og:locale\" content=\"fr_FR\" \/>\n<meta property=\"og:type\" content=\"article\" \/>\n<meta property=\"og:title\" content=\"Le plan de Liverpool `` Crunch Contract Talks &#039;&#039; avec l&#039;attaquant sud-am\u00e9ricain a pris la d\u00e9cision de transfert de 60 millions de livres sterling.\" \/>\n<meta property=\"og:description\" content=\"Liverpool aurait pr\u00e9vu de s&#039;asseoir et de tenir des \u00abconf\u00e9rences de confrontation\u00bb avec l&#039;un de leurs attaquants sud-am\u00e9ricains pendant la fen\u00eatre de transfert d&#039;\u00e9t\u00e9. Liverpool\" \/>\n<meta property=\"og:url\" content=\"https:\/\/footdavant.fr\/actualites\/le-plan-de-liverpool-crunch-contract-talks-avec-lattaquant-sud-americain-a-pris-la-decision-de-transfert-de-60-millions-de-livres-sterling\/\" \/>\n<meta property=\"og:site_name\" content=\"Foot d&#039;avant\" \/>\n<meta property=\"article:publisher\" content=\"https:\/\/www.facebook.com\/Footdavant\/\" \/>\n<meta property=\"article:published_time\" content=\"2025-04-22T01:48:30+00:00\" \/>\n<meta property=\"article:modified_time\" content=\"2025-04-22T01:48:31+00:00\" \/>\n<meta property=\"og:image\" content=\"https:\/\/footdavant.fr\/actualites\/wp-content\/uploads\/2025\/04\/Le-plan-de-Liverpool-Crunch-Contract-Talks-3939-avec.jpg\" \/>\n\t<meta property=\"og:image:width\" content=\"640\" \/>\n\t<meta property=\"og:image:height\" content=\"480\" \/>\n\t<meta property=\"og:image:type\" content=\"image\/jpeg\" \/>\n<meta name=\"author\" content=\"Cl\u00e9ment\" \/>\n<meta name=\"twitter:card\" content=\"summary_large_image\" \/>\n<meta name=\"twitter:creator\" content=\"@FootdavantFr\" \/>\n<meta name=\"twitter:site\" content=\"@FootdavantFr\" \/>\n<meta name=\"twitter:label1\" content=\"\u00c9crit par\" \/>\n\t<meta name=\"twitter:data1\" content=\"Cl\u00e9ment\" \/>\n\t<meta name=\"twitter:label2\" content=\"Dur\u00e9e de lecture estim\u00e9e\" \/>\n\t<meta name=\"twitter:data2\" content=\"3 minutes\" \/>\n<script type=\"application\/ld+json\" class=\"yoast-schema-graph\">{\"@context\":\"https:\/\/schema.org\",\"@graph\":[{\"@type\":\"Article\",\"@id\":\"https:\/\/footdavant.fr\/actualites\/le-plan-de-liverpool-crunch-contract-talks-avec-lattaquant-sud-americain-a-pris-la-decision-de-transfert-de-60-millions-de-livres-sterling\/#article\",\"isPartOf\":{\"@id\":\"https:\/\/footdavant.fr\/actualites\/le-plan-de-liverpool-crunch-contract-talks-avec-lattaquant-sud-americain-a-pris-la-decision-de-transfert-de-60-millions-de-livres-sterling\/\"},\"author\":{\"name\":\"Cl\u00e9ment\",\"@id\":\"https:\/\/footdavant.fr\/actualites\/#\/schema\/person\/bc222566d95871b37e597b3ed3ba5e1d\"},\"headline\":\"Le plan de Liverpool \u00ab\u00a0 Crunch Contract Talks &#39;&#39; avec l&#39;attaquant sud-am\u00e9ricain a pris la d\u00e9cision de transfert de 60 millions de livres sterling.\",\"datePublished\":\"2025-04-22T01:48:30+00:00\",\"dateModified\":\"2025-04-22T01:48:31+00:00\",\"mainEntityOfPage\":{\"@id\":\"https:\/\/footdavant.fr\/actualites\/le-plan-de-liverpool-crunch-contract-talks-avec-lattaquant-sud-americain-a-pris-la-decision-de-transfert-de-60-millions-de-livres-sterling\/\"},\"wordCount\":600,\"publisher\":{\"@id\":\"https:\/\/footdavant.fr\/actualites\/#organization\"},\"keywords\":[\"avec\",\"contract\",\"Crunch\",\"d\u00e9cision\",\"l39attaquant\",\"Liverpool\",\"livres\",\"millions\",\"plan\",\"pris\",\"sterling\",\"sudam\u00e9ricain\",\"Talks\",\"transfert\"],\"articleSection\":[\"Premier League\"],\"inLanguage\":\"fr-FR\"},{\"@type\":\"WebPage\",\"@id\":\"https:\/\/footdavant.fr\/actualites\/le-plan-de-liverpool-crunch-contract-talks-avec-lattaquant-sud-americain-a-pris-la-decision-de-transfert-de-60-millions-de-livres-sterling\/\",\"url\":\"https:\/\/footdavant.fr\/actualites\/le-plan-de-liverpool-crunch-contract-talks-avec-lattaquant-sud-americain-a-pris-la-decision-de-transfert-de-60-millions-de-livres-sterling\/\",\"name\":\"Le plan de Liverpool `` Crunch Contract Talks &#39;&#39; avec l&#39;attaquant sud-am\u00e9ricain a pris la d\u00e9cision de transfert de 60 millions de livres sterling.\",\"isPartOf\":{\"@id\":\"https:\/\/footdavant.fr\/actualites\/#website\"},\"datePublished\":\"2025-04-22T01:48:30+00:00\",\"dateModified\":\"2025-04-22T01:48:31+00:00\",\"breadcrumb\":{\"@id\":\"https:\/\/footdavant.fr\/actualites\/le-plan-de-liverpool-crunch-contract-talks-avec-lattaquant-sud-americain-a-pris-la-decision-de-transfert-de-60-millions-de-livres-sterling\/#breadcrumb\"},\"inLanguage\":\"fr-FR\",\"potentialAction\":[{\"@type\":\"ReadAction\",\"target\":[\"https:\/\/footdavant.fr\/actualites\/le-plan-de-liverpool-crunch-contract-talks-avec-lattaquant-sud-americain-a-pris-la-decision-de-transfert-de-60-millions-de-livres-sterling\/\"]}]},{\"@type\":\"BreadcrumbList\",\"@id\":\"https:\/\/footdavant.fr\/actualites\/le-plan-de-liverpool-crunch-contract-talks-avec-lattaquant-sud-americain-a-pris-la-decision-de-transfert-de-60-millions-de-livres-sterling\/#breadcrumb\",\"itemListElement\":[{\"@type\":\"ListItem\",\"position\":1,\"name\":\"Accueil\",\"item\":\"https:\/\/footdavant.fr\/actualites\/\"},{\"@type\":\"ListItem\",\"position\":2,\"name\":\"Le plan de Liverpool \u00ab\u00a0 Crunch Contract Talks &#39;&#39; avec l&#39;attaquant sud-am\u00e9ricain a pris la d\u00e9cision de transfert de 60 millions de livres sterling.\"}]},{\"@type\":\"WebSite\",\"@id\":\"https:\/\/footdavant.fr\/actualites\/#website\",\"url\":\"https:\/\/footdavant.fr\/actualites\/\",\"name\":\"Foot d'avant\",\"description\":\"\",\"publisher\":{\"@id\":\"https:\/\/footdavant.fr\/actualites\/#organization\"},\"potentialAction\":[{\"@type\":\"SearchAction\",\"target\":{\"@type\":\"EntryPoint\",\"urlTemplate\":\"https:\/\/footdavant.fr\/actualites\/?s={search_term_string}\"},\"query-input\":\"required name=search_term_string\"}],\"inLanguage\":\"fr-FR\"},{\"@type\":\"Organization\",\"@id\":\"https:\/\/footdavant.fr\/actualites\/#organization\",\"name\":\"Foot d'avant\",\"url\":\"https:\/\/footdavant.fr\/actualites\/\",\"logo\":{\"@type\":\"ImageObject\",\"inLanguage\":\"fr-FR\",\"@id\":\"https:\/\/footdavant.fr\/actualites\/#\/schema\/logo\/image\/\",\"url\":\"https:\/\/footdavant.fr\/actualites\/wp-content\/uploads\/2023\/09\/Copy-of-FootDavant-Logo.png\",\"contentUrl\":\"https:\/\/footdavant.fr\/actualites\/wp-content\/uploads\/2023\/09\/Copy-of-FootDavant-Logo.png\",\"width\":936,\"height\":549,\"caption\":\"Foot d'avant\"},\"image\":{\"@id\":\"https:\/\/footdavant.fr\/actualites\/#\/schema\/logo\/image\/\"},\"sameAs\":[\"https:\/\/www.facebook.com\/Footdavant\/\",\"https:\/\/twitter.com\/FootdavantFr\",\"https:\/\/www.instagram.com\/footdavant.fr\/\"]},{\"@type\":\"Person\",\"@id\":\"https:\/\/footdavant.fr\/actualites\/#\/schema\/person\/bc222566d95871b37e597b3ed3ba5e1d\",\"name\":\"Cl\u00e9ment\",\"image\":{\"@type\":\"ImageObject\",\"inLanguage\":\"fr-FR\",\"@id\":\"https:\/\/footdavant.fr\/actualites\/#\/schema\/person\/image\/\",\"url\":\"https:\/\/secure.gravatar.com\/avatar\/7728b29aac2719421e1a9159b2254c44?s=96&d=mm&r=g\",\"contentUrl\":\"https:\/\/secure.gravatar.com\/avatar\/7728b29aac2719421e1a9159b2254c44?s=96&d=mm&r=g\",\"caption\":\"Cl\u00e9ment\"},\"sameAs\":[\"https:\/\/footdavant.fr\/\"]}]}<\/script>\n<!-- \/ Yoast SEO plugin. -->","yoast_head_json":{"title":"Le plan de Liverpool `` Crunch Contract Talks &#39;&#39; avec l&#39;attaquant sud-am\u00e9ricain a pris la d\u00e9cision de transfert de 60 millions de livres sterling.","robots":{"index":"index","follow":"follow","max-snippet":"max-snippet:-1","max-image-preview":"max-image-preview:large","max-video-preview":"max-video-preview:-1"},"canonical":"https:\/\/footdavant.fr\/actualites\/le-plan-de-liverpool-crunch-contract-talks-avec-lattaquant-sud-americain-a-pris-la-decision-de-transfert-de-60-millions-de-livres-sterling\/","og_locale":"fr_FR","og_type":"article","og_title":"Le plan de Liverpool `` Crunch Contract Talks &#39;&#39; avec l&#39;attaquant sud-am\u00e9ricain a pris la d\u00e9cision de transfert de 60 millions de livres sterling.","og_description":"Liverpool aurait pr\u00e9vu de s&#39;asseoir et de tenir des \u00abconf\u00e9rences de confrontation\u00bb avec l&#39;un de leurs attaquants sud-am\u00e9ricains pendant la fen\u00eatre de transfert d&#39;\u00e9t\u00e9. Liverpool","og_url":"https:\/\/footdavant.fr\/actualites\/le-plan-de-liverpool-crunch-contract-talks-avec-lattaquant-sud-americain-a-pris-la-decision-de-transfert-de-60-millions-de-livres-sterling\/","og_site_name":"Foot d&#039;avant","article_publisher":"https:\/\/www.facebook.com\/Footdavant\/","article_published_time":"2025-04-22T01:48:30+00:00","article_modified_time":"2025-04-22T01:48:31+00:00","og_image":[{"width":640,"height":480,"url":"https:\/\/footdavant.fr\/actualites\/wp-content\/uploads\/2025\/04\/Le-plan-de-Liverpool-Crunch-Contract-Talks-3939-avec.jpg","type":"image\/jpeg"}],"author":"Cl\u00e9ment","twitter_card":"summary_large_image","twitter_creator":"@FootdavantFr","twitter_site":"@FootdavantFr","twitter_misc":{"\u00c9crit par":"Cl\u00e9ment","Dur\u00e9e de lecture estim\u00e9e":"3 minutes"},"schema":{"@context":"https:\/\/schema.org","@graph":[{"@type":"Article","@id":"https:\/\/footdavant.fr\/actualites\/le-plan-de-liverpool-crunch-contract-talks-avec-lattaquant-sud-americain-a-pris-la-decision-de-transfert-de-60-millions-de-livres-sterling\/#article","isPartOf":{"@id":"https:\/\/footdavant.fr\/actualites\/le-plan-de-liverpool-crunch-contract-talks-avec-lattaquant-sud-americain-a-pris-la-decision-de-transfert-de-60-millions-de-livres-sterling\/"},"author":{"name":"Cl\u00e9ment","@id":"https:\/\/footdavant.fr\/actualites\/#\/schema\/person\/bc222566d95871b37e597b3ed3ba5e1d"},"headline":"Le plan de Liverpool \u00ab\u00a0 Crunch Contract Talks &#39;&#39; avec l&#39;attaquant sud-am\u00e9ricain a pris la d\u00e9cision de transfert de 60 millions de livres sterling.","datePublished":"2025-04-22T01:48:30+00:00","dateModified":"2025-04-22T01:48:31+00:00","mainEntityOfPage":{"@id":"https:\/\/footdavant.fr\/actualites\/le-plan-de-liverpool-crunch-contract-talks-avec-lattaquant-sud-americain-a-pris-la-decision-de-transfert-de-60-millions-de-livres-sterling\/"},"wordCount":600,"publisher":{"@id":"https:\/\/footdavant.fr\/actualites\/#organization"},"keywords":["avec","contract","Crunch","d\u00e9cision","l39attaquant","Liverpool","livres","millions","plan","pris","sterling","sudam\u00e9ricain","Talks","transfert"],"articleSection":["Premier League"],"inLanguage":"fr-FR"},{"@type":"WebPage","@id":"https:\/\/footdavant.fr\/actualites\/le-plan-de-liverpool-crunch-contract-talks-avec-lattaquant-sud-americain-a-pris-la-decision-de-transfert-de-60-millions-de-livres-sterling\/","url":"https:\/\/footdavant.fr\/actualites\/le-plan-de-liverpool-crunch-contract-talks-avec-lattaquant-sud-americain-a-pris-la-decision-de-transfert-de-60-millions-de-livres-sterling\/","name":"Le plan de Liverpool `` Crunch Contract Talks &#39;&#39; avec l&#39;attaquant sud-am\u00e9ricain a pris la d\u00e9cision de transfert de 60 millions de livres sterling.","isPartOf":{"@id":"https:\/\/footdavant.fr\/actualites\/#website"},"datePublished":"2025-04-22T01:48:30+00:00","dateModified":"2025-04-22T01:48:31+00:00","breadcrumb":{"@id":"https:\/\/footdavant.fr\/actualites\/le-plan-de-liverpool-crunch-contract-talks-avec-lattaquant-sud-americain-a-pris-la-decision-de-transfert-de-60-millions-de-livres-sterling\/#breadcrumb"},"inLanguage":"fr-FR","potentialAction":[{"@type":"ReadAction","target":["https:\/\/footdavant.fr\/actualites\/le-plan-de-liverpool-crunch-contract-talks-avec-lattaquant-sud-americain-a-pris-la-decision-de-transfert-de-60-millions-de-livres-sterling\/"]}]},{"@type":"BreadcrumbList","@id":"https:\/\/footdavant.fr\/actualites\/le-plan-de-liverpool-crunch-contract-talks-avec-lattaquant-sud-americain-a-pris-la-decision-de-transfert-de-60-millions-de-livres-sterling\/#breadcrumb","itemListElement":[{"@type":"ListItem","position":1,"name":"Accueil","item":"https:\/\/footdavant.fr\/actualites\/"},{"@type":"ListItem","position":2,"name":"Le plan de Liverpool \u00ab\u00a0 Crunch Contract Talks &#39;&#39; avec l&#39;attaquant sud-am\u00e9ricain a pris la d\u00e9cision de transfert de 60 millions de livres sterling."}]},{"@type":"WebSite","@id":"https:\/\/footdavant.fr\/actualites\/#website","url":"https:\/\/footdavant.fr\/actualites\/","name":"Foot d'avant","description":"","publisher":{"@id":"https:\/\/footdavant.fr\/actualites\/#organization"},"potentialAction":[{"@type":"SearchAction","target":{"@type":"EntryPoint","urlTemplate":"https:\/\/footdavant.fr\/actualites\/?s={search_term_string}"},"query-input":"required name=search_term_string"}],"inLanguage":"fr-FR"},{"@type":"Organization","@id":"https:\/\/footdavant.fr\/actualites\/#organization","name":"Foot d'avant","url":"https:\/\/footdavant.fr\/actualites\/","logo":{"@type":"ImageObject","inLanguage":"fr-FR","@id":"https:\/\/footdavant.fr\/actualites\/#\/schema\/logo\/image\/","url":"https:\/\/footdavant.fr\/actualites\/wp-content\/uploads\/2023\/09\/Copy-of-FootDavant-Logo.png","contentUrl":"https:\/\/footdavant.fr\/actualites\/wp-content\/uploads\/2023\/09\/Copy-of-FootDavant-Logo.png","width":936,"height":549,"caption":"Foot d'avant"},"image":{"@id":"https:\/\/footdavant.fr\/actualites\/#\/schema\/logo\/image\/"},"sameAs":["https:\/\/www.facebook.com\/Footdavant\/","https:\/\/twitter.com\/FootdavantFr","https:\/\/www.instagram.com\/footdavant.fr\/"]},{"@type":"Person","@id":"https:\/\/footdavant.fr\/actualites\/#\/schema\/person\/bc222566d95871b37e597b3ed3ba5e1d","name":"Cl\u00e9ment","image":{"@type":"ImageObject","inLanguage":"fr-FR","@id":"https:\/\/footdavant.fr\/actualites\/#\/schema\/person\/image\/","url":"https:\/\/secure.gravatar.com\/avatar\/7728b29aac2719421e1a9159b2254c44?s=96&d=mm&r=g","contentUrl":"https:\/\/secure.gravatar.com\/avatar\/7728b29aac2719421e1a9159b2254c44?s=96&d=mm&r=g","caption":"Cl\u00e9ment"},"sameAs":["https:\/\/footdavant.fr\/"]}]}},"_links":{"self":[{"href":"https:\/\/footdavant.fr\/actualites\/wp-json\/wp\/v2\/posts\/22978"}],"collection":[{"href":"https:\/\/footdavant.fr\/actualites\/wp-json\/wp\/v2\/posts"}],"about":[{"href":"https:\/\/footdavant.fr\/actualites\/wp-json\/wp\/v2\/types\/post"}],"author":[{"embeddable":true,"href":"https:\/\/footdavant.fr\/actualites\/wp-json\/wp\/v2\/users\/1"}],"replies":[{"embeddable":true,"href":"https:\/\/footdavant.fr\/actualites\/wp-json\/wp\/v2\/comments?post=22978"}],"version-history":[{"count":1,"href":"https:\/\/footdavant.fr\/actualites\/wp-json\/wp\/v2\/posts\/22978\/revisions"}],"predecessor-version":[{"id":22980,"href":"https:\/\/footdavant.fr\/actualites\/wp-json\/wp\/v2\/posts\/22978\/revisions\/22980"}],"wp:featuredmedia":[{"embeddable":true,"href":"https:\/\/footdavant.fr\/actualites\/wp-json\/wp\/v2\/media\/22979"}],"wp:attachment":[{"href":"https:\/\/footdavant.fr\/actualites\/wp-json\/wp\/v2\/media?parent=22978"}],"wp:term":[{"taxonomy":"category","embeddable":true,"href":"https:\/\/footdavant.fr\/actualites\/wp-json\/wp\/v2\/categories?post=22978"},{"taxonomy":"post_tag","embeddable":true,"href":"https:\/\/footdavant.fr\/actualites\/wp-json\/wp\/v2\/tags?post=22978"}],"curies":[{"name":"wp","href":"https:\/\/api.w.org\/{rel}","templated":true}]}}