{"id":22987,"date":"2025-04-22T09:49:00","date_gmt":"2025-04-22T07:49:00","guid":{"rendered":"https:\/\/footdavant.fr\/actualites\/personne-ne-sattendait-a-ce-que-nous-soyons-ici\/"},"modified":"2025-04-22T09:49:02","modified_gmt":"2025-04-22T07:49:02","slug":"personne-ne-sattendait-a-ce-que-nous-soyons-ici","status":"publish","type":"post","link":"https:\/\/footdavant.fr\/actualites\/personne-ne-sattendait-a-ce-que-nous-soyons-ici\/","title":{"rendered":"\u00abPersonne ne s&#39;attendait \u00e0 ce que nous soyons ici\u00bb"},"content":{"rendered":"<div>\n<p>Le manager de Nottingham Forest, Nuno Espirito Santo, a d\u00e9clar\u00e9 que \u00abpersonne\u00bb s&#39;attendait \u00e0 ce que son club soit en lice pour une place en Ligue des champions apr\u00e8s leur derni\u00e8re victoire \u00e0 Tottenham lundi soir.<\/p>\n<p>Elliot Anderson et Chris Wood ont marqu\u00e9 \u00e0 Londres alors que Forest a r\u00e9pondu aux victoires ce week-end de Manchester City, Chelsea et Aston Villa pour remonter \u00e0 la troisi\u00e8me place.<\/p>\n<p>Leur saison pourrait m\u00eame s&#39;am\u00e9liorer encore lorsqu&#39;ils retournent \u00e0 Londres dimanche pour une demi-finale de la FA Cup avec Manchester City.<\/p>\n<p>\u00ab\u00a0Tout d&#39;abord, nous devons r\u00e9aliser que nous sommes dans un combat que personne ne s&#39;attendait, nous incluons, et c&#39;est normal, mais je ne veux pas prouver que personne\u00a0\u00bb, a d\u00e9clar\u00e9 Nuno.<\/p>\n<blockquote class=\"twitter-tweet\" data-width=\"550\" data-dnt=\"true\">\n<p lang=\"en\" dir=\"ltr\">\u00ab\u00a0Nous ne pouvons pas remercier suffisamment les fans.\u00a0\u00bb \u2764\ufe0f<\/p>\n<p>&#8211; Nottingham Forest (@NFFC) <a rel=\"nofollow\" href=\"https:\/\/twitter.com\/NFFC\/status\/1914469202939011441?ref_src=twsrc%5Etfw\" rel=\"nofollow noopener\">22 avril 2025<\/a><\/p>\n<\/blockquote>\n<p>\u00abIl s&#39;agit de nous. Nous avons un grand d\u00e9sir de concourir et les joueurs appr\u00e9cient. Nous sommes dans le m\u00e9lange contre les grandes \u00e9quipes et cela ne peut que nous rendre fiers.<\/p>\n<p>\u00ab\u00a0Nous relevons le d\u00e9fi. Nous sommes en avance sur une grande semaine pour nous, nous allons nous faire affronter une grande \u00e9quipe et il y a beaucoup de matchs devant nous. Tant que nous gardons cette approche, bien en comp\u00e9tition, vous ne savez jamais.\u00a0\u00bb<\/p>\n<p>Apr\u00e8s que Wood ait fantomatique entre Cristian Romero et Micky van de Ven pour rentrer \u00e0 la maison Anthony Elanga, Cross Tottenham, mais Mathys Tel et Richarlison ont gaspill\u00e9 les chances de la premi\u00e8re mi-temps avant que la t\u00eate de Dejan Kulusevski de Dejan Kulusevski.<\/p>\n<p>Matz Sels a ensuite contrecarr\u00e9 Richarlison deux fois avant que l&#39;attaquant du Br\u00e9sil ne rentre \u00e0 la maison une livraison de Pedro Porro avec trois minutes, mais la for\u00eat a maintenu.<\/p>\n<p>Nuno a ajout\u00e9: \u00abBien s\u00fbr, les derni\u00e8res minutes \u00e9taient pleines d&#39;anxi\u00e9t\u00e9, souhaitant le temps d&#39;aller plus vite et Tottenham nous a mis contre les cordes.<\/p>\n<p>\u00abNous sommes tr\u00e8s fiers de la fa\u00e7on dont nous avons concouru.<\/p>\n<p>\u00abJe pense que l&#39;\u00e9quipe a bien concouru au d\u00e9but du match, nous r\u00e9alisons des buts et nous \u00e9tions dominants m\u00eame sans le ballon pour essayer de contenir Tottenham.<\/p>\n<p>\u00ab\u00a0M\u00eame s&#39;ils avaient des chances, nous avions \u00e0 nouveau des tapis \u00e0 un niveau \u00e9lev\u00e9, l&#39;autorisation de Harry Toffolo, mais l&#39;esprit est \u00e0 ce sujet.\u00a0\u00bb<\/p>\n<\/div>\n<p><script async src=\"https:\/\/platform.twitter.com\/widgets.js\" charset=\"utf-8\"><\/script><\/p>\n","protected":false},"excerpt":{"rendered":"<p>Le manager de Nottingham Forest, Nuno Espirito Santo, a d\u00e9clar\u00e9 que \u00abpersonne\u00bb s&#39;attendait \u00e0 ce que son club soit en lice pour une place en<\/p>\n","protected":false},"author":1,"featured_media":22988,"comment_status":"closed","ping_status":"","sticky":false,"template":"","format":"standard","meta":{"footnotes":""},"categories":[3],"tags":[7157,762,785,8590,8977],"yoast_head":"<!-- This site is optimized with the Yoast SEO plugin v21.0 - https:\/\/yoast.com\/wordpress\/plugins\/seo\/ -->\n<title>\u00abPersonne ne s&#039;attendait \u00e0 ce que nous soyons ici\u00bb<\/title>\n<meta name=\"robots\" content=\"index, follow, max-snippet:-1, max-image-preview:large, max-video-preview:-1\" \/>\n<link rel=\"canonical\" href=\"https:\/\/footdavant.fr\/actualites\/personne-ne-sattendait-a-ce-que-nous-soyons-ici\/\" \/>\n<meta property=\"og:locale\" content=\"fr_FR\" \/>\n<meta property=\"og:type\" content=\"article\" \/>\n<meta property=\"og:title\" content=\"\u00abPersonne ne s&#039;attendait \u00e0 ce que nous soyons ici\u00bb\" \/>\n<meta property=\"og:description\" content=\"Le manager de Nottingham Forest, Nuno Espirito Santo, a d\u00e9clar\u00e9 que \u00abpersonne\u00bb s&#039;attendait \u00e0 ce que son club soit en lice pour une place en\" \/>\n<meta property=\"og:url\" content=\"https:\/\/footdavant.fr\/actualites\/personne-ne-sattendait-a-ce-que-nous-soyons-ici\/\" \/>\n<meta property=\"og:site_name\" content=\"Foot d&#039;avant\" \/>\n<meta property=\"article:publisher\" content=\"https:\/\/www.facebook.com\/Footdavant\/\" \/>\n<meta property=\"article:published_time\" content=\"2025-04-22T07:49:00+00:00\" \/>\n<meta property=\"article:modified_time\" content=\"2025-04-22T07:49:02+00:00\" \/>\n<meta property=\"og:image\" content=\"https:\/\/footdavant.fr\/actualites\/wp-content\/uploads\/2025\/04\/Personne-ne-s39attendait-a-ce-que-nous-soyons-ici.jpg\" \/>\n\t<meta property=\"og:image:width\" content=\"1200\" \/>\n\t<meta property=\"og:image:height\" content=\"675\" \/>\n\t<meta property=\"og:image:type\" content=\"image\/jpeg\" \/>\n<meta name=\"author\" content=\"Cl\u00e9ment\" \/>\n<meta name=\"twitter:card\" content=\"summary_large_image\" \/>\n<meta name=\"twitter:creator\" content=\"@FootdavantFr\" \/>\n<meta name=\"twitter:site\" content=\"@FootdavantFr\" \/>\n<meta name=\"twitter:label1\" content=\"\u00c9crit par\" \/>\n\t<meta name=\"twitter:data1\" content=\"Cl\u00e9ment\" \/>\n\t<meta name=\"twitter:label2\" content=\"Dur\u00e9e de lecture estim\u00e9e\" \/>\n\t<meta name=\"twitter:data2\" content=\"2 minutes\" \/>\n<script type=\"application\/ld+json\" class=\"yoast-schema-graph\">{\"@context\":\"https:\/\/schema.org\",\"@graph\":[{\"@type\":\"Article\",\"@id\":\"https:\/\/footdavant.fr\/actualites\/personne-ne-sattendait-a-ce-que-nous-soyons-ici\/#article\",\"isPartOf\":{\"@id\":\"https:\/\/footdavant.fr\/actualites\/personne-ne-sattendait-a-ce-que-nous-soyons-ici\/\"},\"author\":{\"name\":\"Cl\u00e9ment\",\"@id\":\"https:\/\/footdavant.fr\/actualites\/#\/schema\/person\/bc222566d95871b37e597b3ed3ba5e1d\"},\"headline\":\"\u00abPersonne ne s&#39;attendait \u00e0 ce que nous soyons ici\u00bb\",\"datePublished\":\"2025-04-22T07:49:00+00:00\",\"dateModified\":\"2025-04-22T07:49:02+00:00\",\"mainEntityOfPage\":{\"@id\":\"https:\/\/footdavant.fr\/actualites\/personne-ne-sattendait-a-ce-que-nous-soyons-ici\/\"},\"wordCount\":414,\"publisher\":{\"@id\":\"https:\/\/footdavant.fr\/actualites\/#organization\"},\"keywords\":[\"ici\",\"nous\",\"personne\",\"s39attendait\",\"soyons\"],\"articleSection\":[\"Football\"],\"inLanguage\":\"fr-FR\"},{\"@type\":\"WebPage\",\"@id\":\"https:\/\/footdavant.fr\/actualites\/personne-ne-sattendait-a-ce-que-nous-soyons-ici\/\",\"url\":\"https:\/\/footdavant.fr\/actualites\/personne-ne-sattendait-a-ce-que-nous-soyons-ici\/\",\"name\":\"\u00abPersonne ne s&#39;attendait \u00e0 ce que nous soyons ici\u00bb\",\"isPartOf\":{\"@id\":\"https:\/\/footdavant.fr\/actualites\/#website\"},\"datePublished\":\"2025-04-22T07:49:00+00:00\",\"dateModified\":\"2025-04-22T07:49:02+00:00\",\"breadcrumb\":{\"@id\":\"https:\/\/footdavant.fr\/actualites\/personne-ne-sattendait-a-ce-que-nous-soyons-ici\/#breadcrumb\"},\"inLanguage\":\"fr-FR\",\"potentialAction\":[{\"@type\":\"ReadAction\",\"target\":[\"https:\/\/footdavant.fr\/actualites\/personne-ne-sattendait-a-ce-que-nous-soyons-ici\/\"]}]},{\"@type\":\"BreadcrumbList\",\"@id\":\"https:\/\/footdavant.fr\/actualites\/personne-ne-sattendait-a-ce-que-nous-soyons-ici\/#breadcrumb\",\"itemListElement\":[{\"@type\":\"ListItem\",\"position\":1,\"name\":\"Accueil\",\"item\":\"https:\/\/footdavant.fr\/actualites\/\"},{\"@type\":\"ListItem\",\"position\":2,\"name\":\"\u00abPersonne ne s&#39;attendait \u00e0 ce que nous soyons ici\u00bb\"}]},{\"@type\":\"WebSite\",\"@id\":\"https:\/\/footdavant.fr\/actualites\/#website\",\"url\":\"https:\/\/footdavant.fr\/actualites\/\",\"name\":\"Foot d'avant\",\"description\":\"\",\"publisher\":{\"@id\":\"https:\/\/footdavant.fr\/actualites\/#organization\"},\"potentialAction\":[{\"@type\":\"SearchAction\",\"target\":{\"@type\":\"EntryPoint\",\"urlTemplate\":\"https:\/\/footdavant.fr\/actualites\/?s={search_term_string}\"},\"query-input\":\"required name=search_term_string\"}],\"inLanguage\":\"fr-FR\"},{\"@type\":\"Organization\",\"@id\":\"https:\/\/footdavant.fr\/actualites\/#organization\",\"name\":\"Foot d'avant\",\"url\":\"https:\/\/footdavant.fr\/actualites\/\",\"logo\":{\"@type\":\"ImageObject\",\"inLanguage\":\"fr-FR\",\"@id\":\"https:\/\/footdavant.fr\/actualites\/#\/schema\/logo\/image\/\",\"url\":\"https:\/\/footdavant.fr\/actualites\/wp-content\/uploads\/2023\/09\/Copy-of-FootDavant-Logo.png\",\"contentUrl\":\"https:\/\/footdavant.fr\/actualites\/wp-content\/uploads\/2023\/09\/Copy-of-FootDavant-Logo.png\",\"width\":936,\"height\":549,\"caption\":\"Foot d'avant\"},\"image\":{\"@id\":\"https:\/\/footdavant.fr\/actualites\/#\/schema\/logo\/image\/\"},\"sameAs\":[\"https:\/\/www.facebook.com\/Footdavant\/\",\"https:\/\/twitter.com\/FootdavantFr\",\"https:\/\/www.instagram.com\/footdavant.fr\/\"]},{\"@type\":\"Person\",\"@id\":\"https:\/\/footdavant.fr\/actualites\/#\/schema\/person\/bc222566d95871b37e597b3ed3ba5e1d\",\"name\":\"Cl\u00e9ment\",\"image\":{\"@type\":\"ImageObject\",\"inLanguage\":\"fr-FR\",\"@id\":\"https:\/\/footdavant.fr\/actualites\/#\/schema\/person\/image\/\",\"url\":\"https:\/\/secure.gravatar.com\/avatar\/7728b29aac2719421e1a9159b2254c44?s=96&d=mm&r=g\",\"contentUrl\":\"https:\/\/secure.gravatar.com\/avatar\/7728b29aac2719421e1a9159b2254c44?s=96&d=mm&r=g\",\"caption\":\"Cl\u00e9ment\"},\"sameAs\":[\"https:\/\/footdavant.fr\/\"]}]}<\/script>\n<!-- \/ Yoast SEO plugin. -->","yoast_head_json":{"title":"\u00abPersonne ne s&#39;attendait \u00e0 ce que nous soyons ici\u00bb","robots":{"index":"index","follow":"follow","max-snippet":"max-snippet:-1","max-image-preview":"max-image-preview:large","max-video-preview":"max-video-preview:-1"},"canonical":"https:\/\/footdavant.fr\/actualites\/personne-ne-sattendait-a-ce-que-nous-soyons-ici\/","og_locale":"fr_FR","og_type":"article","og_title":"\u00abPersonne ne s&#39;attendait \u00e0 ce que nous soyons ici\u00bb","og_description":"Le manager de Nottingham Forest, Nuno Espirito Santo, a d\u00e9clar\u00e9 que \u00abpersonne\u00bb s&#39;attendait \u00e0 ce que son club soit en lice pour une place en","og_url":"https:\/\/footdavant.fr\/actualites\/personne-ne-sattendait-a-ce-que-nous-soyons-ici\/","og_site_name":"Foot d&#039;avant","article_publisher":"https:\/\/www.facebook.com\/Footdavant\/","article_published_time":"2025-04-22T07:49:00+00:00","article_modified_time":"2025-04-22T07:49:02+00:00","og_image":[{"width":1200,"height":675,"url":"https:\/\/footdavant.fr\/actualites\/wp-content\/uploads\/2025\/04\/Personne-ne-s39attendait-a-ce-que-nous-soyons-ici.jpg","type":"image\/jpeg"}],"author":"Cl\u00e9ment","twitter_card":"summary_large_image","twitter_creator":"@FootdavantFr","twitter_site":"@FootdavantFr","twitter_misc":{"\u00c9crit par":"Cl\u00e9ment","Dur\u00e9e de lecture estim\u00e9e":"2 minutes"},"schema":{"@context":"https:\/\/schema.org","@graph":[{"@type":"Article","@id":"https:\/\/footdavant.fr\/actualites\/personne-ne-sattendait-a-ce-que-nous-soyons-ici\/#article","isPartOf":{"@id":"https:\/\/footdavant.fr\/actualites\/personne-ne-sattendait-a-ce-que-nous-soyons-ici\/"},"author":{"name":"Cl\u00e9ment","@id":"https:\/\/footdavant.fr\/actualites\/#\/schema\/person\/bc222566d95871b37e597b3ed3ba5e1d"},"headline":"\u00abPersonne ne s&#39;attendait \u00e0 ce que nous soyons ici\u00bb","datePublished":"2025-04-22T07:49:00+00:00","dateModified":"2025-04-22T07:49:02+00:00","mainEntityOfPage":{"@id":"https:\/\/footdavant.fr\/actualites\/personne-ne-sattendait-a-ce-que-nous-soyons-ici\/"},"wordCount":414,"publisher":{"@id":"https:\/\/footdavant.fr\/actualites\/#organization"},"keywords":["ici","nous","personne","s39attendait","soyons"],"articleSection":["Football"],"inLanguage":"fr-FR"},{"@type":"WebPage","@id":"https:\/\/footdavant.fr\/actualites\/personne-ne-sattendait-a-ce-que-nous-soyons-ici\/","url":"https:\/\/footdavant.fr\/actualites\/personne-ne-sattendait-a-ce-que-nous-soyons-ici\/","name":"\u00abPersonne ne s&#39;attendait \u00e0 ce que nous soyons ici\u00bb","isPartOf":{"@id":"https:\/\/footdavant.fr\/actualites\/#website"},"datePublished":"2025-04-22T07:49:00+00:00","dateModified":"2025-04-22T07:49:02+00:00","breadcrumb":{"@id":"https:\/\/footdavant.fr\/actualites\/personne-ne-sattendait-a-ce-que-nous-soyons-ici\/#breadcrumb"},"inLanguage":"fr-FR","potentialAction":[{"@type":"ReadAction","target":["https:\/\/footdavant.fr\/actualites\/personne-ne-sattendait-a-ce-que-nous-soyons-ici\/"]}]},{"@type":"BreadcrumbList","@id":"https:\/\/footdavant.fr\/actualites\/personne-ne-sattendait-a-ce-que-nous-soyons-ici\/#breadcrumb","itemListElement":[{"@type":"ListItem","position":1,"name":"Accueil","item":"https:\/\/footdavant.fr\/actualites\/"},{"@type":"ListItem","position":2,"name":"\u00abPersonne ne s&#39;attendait \u00e0 ce que nous soyons ici\u00bb"}]},{"@type":"WebSite","@id":"https:\/\/footdavant.fr\/actualites\/#website","url":"https:\/\/footdavant.fr\/actualites\/","name":"Foot d'avant","description":"","publisher":{"@id":"https:\/\/footdavant.fr\/actualites\/#organization"},"potentialAction":[{"@type":"SearchAction","target":{"@type":"EntryPoint","urlTemplate":"https:\/\/footdavant.fr\/actualites\/?s={search_term_string}"},"query-input":"required name=search_term_string"}],"inLanguage":"fr-FR"},{"@type":"Organization","@id":"https:\/\/footdavant.fr\/actualites\/#organization","name":"Foot d'avant","url":"https:\/\/footdavant.fr\/actualites\/","logo":{"@type":"ImageObject","inLanguage":"fr-FR","@id":"https:\/\/footdavant.fr\/actualites\/#\/schema\/logo\/image\/","url":"https:\/\/footdavant.fr\/actualites\/wp-content\/uploads\/2023\/09\/Copy-of-FootDavant-Logo.png","contentUrl":"https:\/\/footdavant.fr\/actualites\/wp-content\/uploads\/2023\/09\/Copy-of-FootDavant-Logo.png","width":936,"height":549,"caption":"Foot d'avant"},"image":{"@id":"https:\/\/footdavant.fr\/actualites\/#\/schema\/logo\/image\/"},"sameAs":["https:\/\/www.facebook.com\/Footdavant\/","https:\/\/twitter.com\/FootdavantFr","https:\/\/www.instagram.com\/footdavant.fr\/"]},{"@type":"Person","@id":"https:\/\/footdavant.fr\/actualites\/#\/schema\/person\/bc222566d95871b37e597b3ed3ba5e1d","name":"Cl\u00e9ment","image":{"@type":"ImageObject","inLanguage":"fr-FR","@id":"https:\/\/footdavant.fr\/actualites\/#\/schema\/person\/image\/","url":"https:\/\/secure.gravatar.com\/avatar\/7728b29aac2719421e1a9159b2254c44?s=96&d=mm&r=g","contentUrl":"https:\/\/secure.gravatar.com\/avatar\/7728b29aac2719421e1a9159b2254c44?s=96&d=mm&r=g","caption":"Cl\u00e9ment"},"sameAs":["https:\/\/footdavant.fr\/"]}]}},"_links":{"self":[{"href":"https:\/\/footdavant.fr\/actualites\/wp-json\/wp\/v2\/posts\/22987"}],"collection":[{"href":"https:\/\/footdavant.fr\/actualites\/wp-json\/wp\/v2\/posts"}],"about":[{"href":"https:\/\/footdavant.fr\/actualites\/wp-json\/wp\/v2\/types\/post"}],"author":[{"embeddable":true,"href":"https:\/\/footdavant.fr\/actualites\/wp-json\/wp\/v2\/users\/1"}],"replies":[{"embeddable":true,"href":"https:\/\/footdavant.fr\/actualites\/wp-json\/wp\/v2\/comments?post=22987"}],"version-history":[{"count":1,"href":"https:\/\/footdavant.fr\/actualites\/wp-json\/wp\/v2\/posts\/22987\/revisions"}],"predecessor-version":[{"id":22989,"href":"https:\/\/footdavant.fr\/actualites\/wp-json\/wp\/v2\/posts\/22987\/revisions\/22989"}],"wp:featuredmedia":[{"embeddable":true,"href":"https:\/\/footdavant.fr\/actualites\/wp-json\/wp\/v2\/media\/22988"}],"wp:attachment":[{"href":"https:\/\/footdavant.fr\/actualites\/wp-json\/wp\/v2\/media?parent=22987"}],"wp:term":[{"taxonomy":"category","embeddable":true,"href":"https:\/\/footdavant.fr\/actualites\/wp-json\/wp\/v2\/categories?post=22987"},{"taxonomy":"post_tag","embeddable":true,"href":"https:\/\/footdavant.fr\/actualites\/wp-json\/wp\/v2\/tags?post=22987"}],"curies":[{"name":"wp","href":"https:\/\/api.w.org\/{rel}","templated":true}]}}