{"id":22990,"date":"2025-04-22T11:48:47","date_gmt":"2025-04-22T09:48:47","guid":{"rendered":"https:\/\/footdavant.fr\/actualites\/liverpool-transfer-news-jose-mourinho-demande-personnellement-la-signature-de-bombshell-de-27-ans\/"},"modified":"2025-04-22T11:48:48","modified_gmt":"2025-04-22T09:48:48","slug":"liverpool-transfer-news-jose-mourinho-demande-personnellement-la-signature-de-bombshell-de-27-ans","status":"publish","type":"post","link":"https:\/\/footdavant.fr\/actualites\/liverpool-transfer-news-jose-mourinho-demande-personnellement-la-signature-de-bombshell-de-27-ans\/","title":{"rendered":"Liverpool Transfer News: Jose Mourinho \u00abdemande personnellement\u00ab la signature de \u00abBombshell\u00bb de 27 ans"},"content":{"rendered":"<p>Le patron de Fenerbahce, Jose Mourinho, demande personnellement la signature d&#39;un attaquant de Liverpool en difficult\u00e9 cet \u00e9t\u00e9, selon un rapport.<\/p>\n<div id=\"article_body\" itemprop=\"articleBody\">\n<h3 class=\"firstPara\">\n<strong class=\"autotag\">Fenerbahce<\/strong> entra\u00eeneur-chef <strong class=\"autotag\">Jose Mourinho<\/strong> a personnellement demand\u00e9 la signature de la faveur <strong class=\"autotag\">Liverpool<\/strong> attaquant <strong class=\"autotag\">Federico Chiesa<\/strong> cet \u00e9t\u00e9, selon un rapport.<\/h3>\n<p>Le vainqueur de l&#39;Euro 2020 a endur\u00e9 un temps terrible des choses \u00e0 Anfield lors de sa premi\u00e8re saison avec les Reds, faisant seulement 12 apparitions et contribuant deux buts et deux passes d\u00e9cisives \u00e0 cette \u00e9poque.<\/p>\n<p>Blessures et forme scintillante de <strong class=\"autotag\">Mohamed Salah<\/strong> ont contribu\u00e9 aux difficult\u00e9s de Chiesa et l&#39;international italien n&#39;a jou\u00e9 que 33 minutes de la saison de Premier League 2024-25.<\/p>\n<p>Malgr\u00e9 le sign\u00e9 uniquement pour un paquet total de 12,5 millions de livres sterling l&#39;\u00e9t\u00e9 dernier, Liverpool chercherait apparemment environ 25 millions d&#39;euros (21,4 millions de livres sterling) et 30 millions d&#39;euros (25,7 millions de livres sterling) pour laisser Chiesa partir cet \u00e9t\u00e9, et <strong>Un retour en Italie n&#39;a pas surprise \u00e9t\u00e9 \u00e9voqu\u00e9<\/strong>.<\/p>\n<p>Cependant, l&#39;ex-Juventus et l&#39;homme de la Fiorentina pouvaient se voir offrir une voie d&#39;\u00e9vacuation alternative, comme <em>Fotomac<\/em> &#8211; via <em>Aspor<\/em> &#8211; affirme qu&#39;il pourrait \u00eatre la derni\u00e8re signature de \u00abbombe\u00bb pour Fenerbahce cet \u00e9t\u00e9.<\/p>\n<h2 class=\"k3\">Fenerbahce \u00e0 \u00abfrapper \u00e0 la porte de Liverpool\u00bb pour Chiesa<\/h2>\n<p class=\"imgI\">\n<p>Le manager Mourinho aurait fait sa demande au conseil d&#39;administration de sortir et de signer Chiesa, et Fenerbahce va maintenant \u00abenrouler les manches\u00bb et tenter de r\u00e9aliser les souhaits du Portugais assez t\u00f4t.<\/p>\n<p>Il semble que le club turc touchera bient\u00f4t Base avec Liverpool pour se renseigner sur une d\u00e9cision, car le rapport ajoute qu&#39;ils \u00abfrappent\u00bb la porte des rouges pour raffermir leur int\u00e9r\u00eat.<\/p>\n<p>Le contrat Anfield de Chiesa n&#39;expire pas avant l&#39;\u00e9t\u00e9 2028, mais apr\u00e8s <strong>Salah a \u00e9crit une prolongation de deux ans<\/strong> Au club, il est difficile d&#39;envisager la situation de l&#39;italien am\u00e9liorant beaucoup la saison prochaine.<\/p>\n<p><strong class=\"autotag\">Slot arne<\/strong> a aussi <strong class=\"autotag\">Harvey Elliott<\/strong> Capable de d\u00e9passer Salah sur le c\u00f4t\u00e9 droit, les dirigeants de la Premier League ne devraient donc pas \u00eatre oppos\u00e9s \u00e0 la vente de Chiesa au bon prix cet \u00e9t\u00e9.<\/p>\n<p>Le joueur de 27 ans \u00e9tait un substitut inutilis\u00e9 dans le week-end dernier <strong>2-1 victoire sur West Ham United<\/strong> et devrait \u00e0 nouveau \u00eatre banc contre Leicester City dimanche, o\u00f9 une victoire remettrait aux Reds le titre de Premier League si Arsenal \u00e9tait battu par Ipswich Town.<\/p>\n<h2 class=\"k3\">Quels joueurs pourraient suivre Chiesa de Liverpool?<\/h2>\n<p class=\"imgI\"><img decoding=\"async\" loading=\"lazy\" class=\"l\" src=\"https:\/\/footdavant.fr\/actualites\/wp-content\/uploads\/2025\/04\/1745315326_214_Liverpool-Transfer-News-Jose-Mourinho-demande-personnellement-la-signature-de.jpg\" title=\"Trent Alexander-Arnold de Liverpool illustr\u00e9 le 11 mars 2025\" alt=\"Trent Alexander-Arnold de Liverpool illustr\u00e9 le 11 mars 2025\" width=\"640\" height=\"480\" data-pagespeed-url-hash=\"171068235\" onload=\"pagespeed.CriticalImages.checkImageForCriticality(this);\"><\/p>\n<p>Cela dit qu&#39;Elliott serait une sauvegarde appropri\u00e9e pour Salah la saison prochaine, l&#39;avenir de l&#39;Angleterre des moins de 21 ans a \u00e9galement \u00e9t\u00e9 remis en question \u00e9tant donn\u00e9 qu&#39;il n&#39;a pas commenc\u00e9 un seul match de Premier League cette saison.<\/p>\n<p>N\u00e9anmoins, Slot est cens\u00e9 \u00eatre mis sur Elliott pour la campagne 2025-26, mais il ne peut pas \u00eatre dit pour <strong class=\"autotag\">Trent Alexander-Arnold<\/strong>qui n&#39;a apparemment pas pu r\u00e9sister \u00e0 l&#39;attraction du Real Madrid.<\/p>\n<p>Alors que Liverpool perdra Alexander-Arnold involontairement, ils pourraient d\u00e9charger des milieux de terrain Fringe <strong class=\"autotag\">Wataru Endo<\/strong> et <strong class=\"autotag\">Tyler Morton<\/strong> volontairement, alors que <strong class=\"autotag\">Joe Gomez<\/strong>La situation est \u00e9galement \u00e0 surveiller.<\/p>\n<p>Cependant, le point d&#39;int\u00e9r\u00eat le plus fascinant devrait \u00eatre d&#39;attaque, comme seul Salah et <strong class=\"autotag\">Cody Gakpo<\/strong> semble garanti de rester; tout chiesa, <strong class=\"autotag\">Darwin Nunez<\/strong>, <strong class=\"autotag\">Diogo Jota<\/strong> et <strong class=\"autotag\">Luis Diaz<\/strong> pourrait tr\u00e8s bien \u00eatre d\u00e9charg\u00e9 pour un montant acceptable.<\/p>\n<div class=\"author_box\">\n<div class=\"author_box_banner\">\n<img decoding=\"async\" class=\"author_img\" src=\"https:\/\/footdavant.fr\/actualites\/wp-content\/uploads\/2025\/04\/1745315327_772_Liverpool-Transfer-News-Jose-Mourinho-demande-personnellement-la-signature-de.jpg\" data-pagespeed-url-hash=\"4274486775\" onload=\"pagespeed.CriticalImages.checkImageForCriticality(this);\"><\/p>\n<\/div>\n<\/div>\n<\/div>\n","protected":false},"excerpt":{"rendered":"<p>Le patron de Fenerbahce, Jose Mourinho, demande personnellement la signature d&#39;un attaquant de Liverpool en difficult\u00e9 cet \u00e9t\u00e9, selon un rapport. Fenerbahce entra\u00eeneur-chef Jose Mourinho<\/p>\n","protected":false},"author":1,"featured_media":22991,"comment_status":"closed","ping_status":"","sticky":false,"template":"","format":"standard","meta":{"footnotes":""},"categories":[5],"tags":[209,8979,74,1243,53,3572,409,8978,449,2732],"yoast_head":"<!-- This site is optimized with the Yoast SEO plugin v21.0 - https:\/\/yoast.com\/wordpress\/plugins\/seo\/ -->\n<title>Liverpool Transfer News: Jose Mourinho \u00abdemande personnellement\u00ab la signature de \u00abBombshell\u00bb de 27 ans<\/title>\n<meta name=\"robots\" content=\"index, follow, max-snippet:-1, max-image-preview:large, max-video-preview:-1\" \/>\n<link rel=\"canonical\" href=\"https:\/\/footdavant.fr\/actualites\/liverpool-transfer-news-jose-mourinho-demande-personnellement-la-signature-de-bombshell-de-27-ans\/\" \/>\n<meta property=\"og:locale\" content=\"fr_FR\" \/>\n<meta property=\"og:type\" content=\"article\" \/>\n<meta property=\"og:title\" content=\"Liverpool Transfer News: Jose Mourinho \u00abdemande personnellement\u00ab la signature de \u00abBombshell\u00bb de 27 ans\" \/>\n<meta property=\"og:description\" content=\"Le patron de Fenerbahce, Jose Mourinho, demande personnellement la signature d&#039;un attaquant de Liverpool en difficult\u00e9 cet \u00e9t\u00e9, selon un rapport. Fenerbahce entra\u00eeneur-chef Jose Mourinho\" \/>\n<meta property=\"og:url\" content=\"https:\/\/footdavant.fr\/actualites\/liverpool-transfer-news-jose-mourinho-demande-personnellement-la-signature-de-bombshell-de-27-ans\/\" \/>\n<meta property=\"og:site_name\" content=\"Foot d&#039;avant\" \/>\n<meta property=\"article:publisher\" content=\"https:\/\/www.facebook.com\/Footdavant\/\" \/>\n<meta property=\"article:published_time\" content=\"2025-04-22T09:48:47+00:00\" \/>\n<meta property=\"article:modified_time\" content=\"2025-04-22T09:48:48+00:00\" \/>\n<meta property=\"og:image\" content=\"https:\/\/footdavant.fr\/actualites\/wp-content\/uploads\/2025\/04\/Liverpool-Transfer-News-Jose-Mourinho-demande-personnellement-la-signature-de.jpg\" \/>\n\t<meta property=\"og:image:width\" content=\"640\" \/>\n\t<meta property=\"og:image:height\" content=\"480\" \/>\n\t<meta property=\"og:image:type\" content=\"image\/jpeg\" \/>\n<meta name=\"author\" content=\"Cl\u00e9ment\" \/>\n<meta name=\"twitter:card\" content=\"summary_large_image\" \/>\n<meta name=\"twitter:creator\" content=\"@FootdavantFr\" \/>\n<meta name=\"twitter:site\" content=\"@FootdavantFr\" \/>\n<meta name=\"twitter:label1\" content=\"\u00c9crit par\" \/>\n\t<meta name=\"twitter:data1\" content=\"Cl\u00e9ment\" \/>\n\t<meta name=\"twitter:label2\" content=\"Dur\u00e9e de lecture estim\u00e9e\" \/>\n\t<meta name=\"twitter:data2\" content=\"3 minutes\" \/>\n<script type=\"application\/ld+json\" class=\"yoast-schema-graph\">{\"@context\":\"https:\/\/schema.org\",\"@graph\":[{\"@type\":\"Article\",\"@id\":\"https:\/\/footdavant.fr\/actualites\/liverpool-transfer-news-jose-mourinho-demande-personnellement-la-signature-de-bombshell-de-27-ans\/#article\",\"isPartOf\":{\"@id\":\"https:\/\/footdavant.fr\/actualites\/liverpool-transfer-news-jose-mourinho-demande-personnellement-la-signature-de-bombshell-de-27-ans\/\"},\"author\":{\"name\":\"Cl\u00e9ment\",\"@id\":\"https:\/\/footdavant.fr\/actualites\/#\/schema\/person\/bc222566d95871b37e597b3ed3ba5e1d\"},\"headline\":\"Liverpool Transfer News: Jose Mourinho \u00abdemande personnellement\u00ab la signature de \u00abBombshell\u00bb de 27 ans\",\"datePublished\":\"2025-04-22T09:48:47+00:00\",\"dateModified\":\"2025-04-22T09:48:48+00:00\",\"mainEntityOfPage\":{\"@id\":\"https:\/\/footdavant.fr\/actualites\/liverpool-transfer-news-jose-mourinho-demande-personnellement-la-signature-de-bombshell-de-27-ans\/\"},\"wordCount\":577,\"publisher\":{\"@id\":\"https:\/\/footdavant.fr\/actualites\/#organization\"},\"keywords\":[\"ans\",\"Bombshell\",\"demand\u00e9\",\"Jose\",\"Liverpool\",\"Mourinho\",\"News\",\"personnellement\",\"signature\",\"Transfer\"],\"articleSection\":[\"Premier League\"],\"inLanguage\":\"fr-FR\"},{\"@type\":\"WebPage\",\"@id\":\"https:\/\/footdavant.fr\/actualites\/liverpool-transfer-news-jose-mourinho-demande-personnellement-la-signature-de-bombshell-de-27-ans\/\",\"url\":\"https:\/\/footdavant.fr\/actualites\/liverpool-transfer-news-jose-mourinho-demande-personnellement-la-signature-de-bombshell-de-27-ans\/\",\"name\":\"Liverpool Transfer News: Jose Mourinho \u00abdemande personnellement\u00ab la signature de \u00abBombshell\u00bb de 27 ans\",\"isPartOf\":{\"@id\":\"https:\/\/footdavant.fr\/actualites\/#website\"},\"datePublished\":\"2025-04-22T09:48:47+00:00\",\"dateModified\":\"2025-04-22T09:48:48+00:00\",\"breadcrumb\":{\"@id\":\"https:\/\/footdavant.fr\/actualites\/liverpool-transfer-news-jose-mourinho-demande-personnellement-la-signature-de-bombshell-de-27-ans\/#breadcrumb\"},\"inLanguage\":\"fr-FR\",\"potentialAction\":[{\"@type\":\"ReadAction\",\"target\":[\"https:\/\/footdavant.fr\/actualites\/liverpool-transfer-news-jose-mourinho-demande-personnellement-la-signature-de-bombshell-de-27-ans\/\"]}]},{\"@type\":\"BreadcrumbList\",\"@id\":\"https:\/\/footdavant.fr\/actualites\/liverpool-transfer-news-jose-mourinho-demande-personnellement-la-signature-de-bombshell-de-27-ans\/#breadcrumb\",\"itemListElement\":[{\"@type\":\"ListItem\",\"position\":1,\"name\":\"Accueil\",\"item\":\"https:\/\/footdavant.fr\/actualites\/\"},{\"@type\":\"ListItem\",\"position\":2,\"name\":\"Liverpool Transfer News: Jose Mourinho \u00abdemande personnellement\u00ab la signature de \u00abBombshell\u00bb de 27 ans\"}]},{\"@type\":\"WebSite\",\"@id\":\"https:\/\/footdavant.fr\/actualites\/#website\",\"url\":\"https:\/\/footdavant.fr\/actualites\/\",\"name\":\"Foot d'avant\",\"description\":\"\",\"publisher\":{\"@id\":\"https:\/\/footdavant.fr\/actualites\/#organization\"},\"potentialAction\":[{\"@type\":\"SearchAction\",\"target\":{\"@type\":\"EntryPoint\",\"urlTemplate\":\"https:\/\/footdavant.fr\/actualites\/?s={search_term_string}\"},\"query-input\":\"required name=search_term_string\"}],\"inLanguage\":\"fr-FR\"},{\"@type\":\"Organization\",\"@id\":\"https:\/\/footdavant.fr\/actualites\/#organization\",\"name\":\"Foot d'avant\",\"url\":\"https:\/\/footdavant.fr\/actualites\/\",\"logo\":{\"@type\":\"ImageObject\",\"inLanguage\":\"fr-FR\",\"@id\":\"https:\/\/footdavant.fr\/actualites\/#\/schema\/logo\/image\/\",\"url\":\"https:\/\/footdavant.fr\/actualites\/wp-content\/uploads\/2023\/09\/Copy-of-FootDavant-Logo.png\",\"contentUrl\":\"https:\/\/footdavant.fr\/actualites\/wp-content\/uploads\/2023\/09\/Copy-of-FootDavant-Logo.png\",\"width\":936,\"height\":549,\"caption\":\"Foot d'avant\"},\"image\":{\"@id\":\"https:\/\/footdavant.fr\/actualites\/#\/schema\/logo\/image\/\"},\"sameAs\":[\"https:\/\/www.facebook.com\/Footdavant\/\",\"https:\/\/twitter.com\/FootdavantFr\",\"https:\/\/www.instagram.com\/footdavant.fr\/\"]},{\"@type\":\"Person\",\"@id\":\"https:\/\/footdavant.fr\/actualites\/#\/schema\/person\/bc222566d95871b37e597b3ed3ba5e1d\",\"name\":\"Cl\u00e9ment\",\"image\":{\"@type\":\"ImageObject\",\"inLanguage\":\"fr-FR\",\"@id\":\"https:\/\/footdavant.fr\/actualites\/#\/schema\/person\/image\/\",\"url\":\"https:\/\/secure.gravatar.com\/avatar\/7728b29aac2719421e1a9159b2254c44?s=96&d=mm&r=g\",\"contentUrl\":\"https:\/\/secure.gravatar.com\/avatar\/7728b29aac2719421e1a9159b2254c44?s=96&d=mm&r=g\",\"caption\":\"Cl\u00e9ment\"},\"sameAs\":[\"https:\/\/footdavant.fr\/\"]}]}<\/script>\n<!-- \/ Yoast SEO plugin. -->","yoast_head_json":{"title":"Liverpool Transfer News: Jose Mourinho \u00abdemande personnellement\u00ab la signature de \u00abBombshell\u00bb de 27 ans","robots":{"index":"index","follow":"follow","max-snippet":"max-snippet:-1","max-image-preview":"max-image-preview:large","max-video-preview":"max-video-preview:-1"},"canonical":"https:\/\/footdavant.fr\/actualites\/liverpool-transfer-news-jose-mourinho-demande-personnellement-la-signature-de-bombshell-de-27-ans\/","og_locale":"fr_FR","og_type":"article","og_title":"Liverpool Transfer News: Jose Mourinho \u00abdemande personnellement\u00ab la signature de \u00abBombshell\u00bb de 27 ans","og_description":"Le patron de Fenerbahce, Jose Mourinho, demande personnellement la signature d&#39;un attaquant de Liverpool en difficult\u00e9 cet \u00e9t\u00e9, selon un rapport. Fenerbahce entra\u00eeneur-chef Jose Mourinho","og_url":"https:\/\/footdavant.fr\/actualites\/liverpool-transfer-news-jose-mourinho-demande-personnellement-la-signature-de-bombshell-de-27-ans\/","og_site_name":"Foot d&#039;avant","article_publisher":"https:\/\/www.facebook.com\/Footdavant\/","article_published_time":"2025-04-22T09:48:47+00:00","article_modified_time":"2025-04-22T09:48:48+00:00","og_image":[{"width":640,"height":480,"url":"https:\/\/footdavant.fr\/actualites\/wp-content\/uploads\/2025\/04\/Liverpool-Transfer-News-Jose-Mourinho-demande-personnellement-la-signature-de.jpg","type":"image\/jpeg"}],"author":"Cl\u00e9ment","twitter_card":"summary_large_image","twitter_creator":"@FootdavantFr","twitter_site":"@FootdavantFr","twitter_misc":{"\u00c9crit par":"Cl\u00e9ment","Dur\u00e9e de lecture estim\u00e9e":"3 minutes"},"schema":{"@context":"https:\/\/schema.org","@graph":[{"@type":"Article","@id":"https:\/\/footdavant.fr\/actualites\/liverpool-transfer-news-jose-mourinho-demande-personnellement-la-signature-de-bombshell-de-27-ans\/#article","isPartOf":{"@id":"https:\/\/footdavant.fr\/actualites\/liverpool-transfer-news-jose-mourinho-demande-personnellement-la-signature-de-bombshell-de-27-ans\/"},"author":{"name":"Cl\u00e9ment","@id":"https:\/\/footdavant.fr\/actualites\/#\/schema\/person\/bc222566d95871b37e597b3ed3ba5e1d"},"headline":"Liverpool Transfer News: Jose Mourinho \u00abdemande personnellement\u00ab la signature de \u00abBombshell\u00bb de 27 ans","datePublished":"2025-04-22T09:48:47+00:00","dateModified":"2025-04-22T09:48:48+00:00","mainEntityOfPage":{"@id":"https:\/\/footdavant.fr\/actualites\/liverpool-transfer-news-jose-mourinho-demande-personnellement-la-signature-de-bombshell-de-27-ans\/"},"wordCount":577,"publisher":{"@id":"https:\/\/footdavant.fr\/actualites\/#organization"},"keywords":["ans","Bombshell","demand\u00e9","Jose","Liverpool","Mourinho","News","personnellement","signature","Transfer"],"articleSection":["Premier League"],"inLanguage":"fr-FR"},{"@type":"WebPage","@id":"https:\/\/footdavant.fr\/actualites\/liverpool-transfer-news-jose-mourinho-demande-personnellement-la-signature-de-bombshell-de-27-ans\/","url":"https:\/\/footdavant.fr\/actualites\/liverpool-transfer-news-jose-mourinho-demande-personnellement-la-signature-de-bombshell-de-27-ans\/","name":"Liverpool Transfer News: Jose Mourinho \u00abdemande personnellement\u00ab la signature de \u00abBombshell\u00bb de 27 ans","isPartOf":{"@id":"https:\/\/footdavant.fr\/actualites\/#website"},"datePublished":"2025-04-22T09:48:47+00:00","dateModified":"2025-04-22T09:48:48+00:00","breadcrumb":{"@id":"https:\/\/footdavant.fr\/actualites\/liverpool-transfer-news-jose-mourinho-demande-personnellement-la-signature-de-bombshell-de-27-ans\/#breadcrumb"},"inLanguage":"fr-FR","potentialAction":[{"@type":"ReadAction","target":["https:\/\/footdavant.fr\/actualites\/liverpool-transfer-news-jose-mourinho-demande-personnellement-la-signature-de-bombshell-de-27-ans\/"]}]},{"@type":"BreadcrumbList","@id":"https:\/\/footdavant.fr\/actualites\/liverpool-transfer-news-jose-mourinho-demande-personnellement-la-signature-de-bombshell-de-27-ans\/#breadcrumb","itemListElement":[{"@type":"ListItem","position":1,"name":"Accueil","item":"https:\/\/footdavant.fr\/actualites\/"},{"@type":"ListItem","position":2,"name":"Liverpool Transfer News: Jose Mourinho \u00abdemande personnellement\u00ab la signature de \u00abBombshell\u00bb de 27 ans"}]},{"@type":"WebSite","@id":"https:\/\/footdavant.fr\/actualites\/#website","url":"https:\/\/footdavant.fr\/actualites\/","name":"Foot d'avant","description":"","publisher":{"@id":"https:\/\/footdavant.fr\/actualites\/#organization"},"potentialAction":[{"@type":"SearchAction","target":{"@type":"EntryPoint","urlTemplate":"https:\/\/footdavant.fr\/actualites\/?s={search_term_string}"},"query-input":"required name=search_term_string"}],"inLanguage":"fr-FR"},{"@type":"Organization","@id":"https:\/\/footdavant.fr\/actualites\/#organization","name":"Foot d'avant","url":"https:\/\/footdavant.fr\/actualites\/","logo":{"@type":"ImageObject","inLanguage":"fr-FR","@id":"https:\/\/footdavant.fr\/actualites\/#\/schema\/logo\/image\/","url":"https:\/\/footdavant.fr\/actualites\/wp-content\/uploads\/2023\/09\/Copy-of-FootDavant-Logo.png","contentUrl":"https:\/\/footdavant.fr\/actualites\/wp-content\/uploads\/2023\/09\/Copy-of-FootDavant-Logo.png","width":936,"height":549,"caption":"Foot d'avant"},"image":{"@id":"https:\/\/footdavant.fr\/actualites\/#\/schema\/logo\/image\/"},"sameAs":["https:\/\/www.facebook.com\/Footdavant\/","https:\/\/twitter.com\/FootdavantFr","https:\/\/www.instagram.com\/footdavant.fr\/"]},{"@type":"Person","@id":"https:\/\/footdavant.fr\/actualites\/#\/schema\/person\/bc222566d95871b37e597b3ed3ba5e1d","name":"Cl\u00e9ment","image":{"@type":"ImageObject","inLanguage":"fr-FR","@id":"https:\/\/footdavant.fr\/actualites\/#\/schema\/person\/image\/","url":"https:\/\/secure.gravatar.com\/avatar\/7728b29aac2719421e1a9159b2254c44?s=96&d=mm&r=g","contentUrl":"https:\/\/secure.gravatar.com\/avatar\/7728b29aac2719421e1a9159b2254c44?s=96&d=mm&r=g","caption":"Cl\u00e9ment"},"sameAs":["https:\/\/footdavant.fr\/"]}]}},"_links":{"self":[{"href":"https:\/\/footdavant.fr\/actualites\/wp-json\/wp\/v2\/posts\/22990"}],"collection":[{"href":"https:\/\/footdavant.fr\/actualites\/wp-json\/wp\/v2\/posts"}],"about":[{"href":"https:\/\/footdavant.fr\/actualites\/wp-json\/wp\/v2\/types\/post"}],"author":[{"embeddable":true,"href":"https:\/\/footdavant.fr\/actualites\/wp-json\/wp\/v2\/users\/1"}],"replies":[{"embeddable":true,"href":"https:\/\/footdavant.fr\/actualites\/wp-json\/wp\/v2\/comments?post=22990"}],"version-history":[{"count":1,"href":"https:\/\/footdavant.fr\/actualites\/wp-json\/wp\/v2\/posts\/22990\/revisions"}],"predecessor-version":[{"id":22992,"href":"https:\/\/footdavant.fr\/actualites\/wp-json\/wp\/v2\/posts\/22990\/revisions\/22992"}],"wp:featuredmedia":[{"embeddable":true,"href":"https:\/\/footdavant.fr\/actualites\/wp-json\/wp\/v2\/media\/22991"}],"wp:attachment":[{"href":"https:\/\/footdavant.fr\/actualites\/wp-json\/wp\/v2\/media?parent=22990"}],"wp:term":[{"taxonomy":"category","embeddable":true,"href":"https:\/\/footdavant.fr\/actualites\/wp-json\/wp\/v2\/categories?post=22990"},{"taxonomy":"post_tag","embeddable":true,"href":"https:\/\/footdavant.fr\/actualites\/wp-json\/wp\/v2\/tags?post=22990"}],"curies":[{"name":"wp","href":"https:\/\/api.w.org\/{rel}","templated":true}]}}