{"id":22993,"date":"2025-04-22T13:48:20","date_gmt":"2025-04-22T11:48:20","guid":{"rendered":"https:\/\/footdavant.fr\/actualites\/man-united-tient-une-nouvelle-reunion-avec-matheus-cunha-situation-tres-positive-fabrizio-romano-man-united-news-and-transfer-news\/"},"modified":"2025-04-22T13:48:22","modified_gmt":"2025-04-22T11:48:22","slug":"man-united-tient-une-nouvelle-reunion-avec-matheus-cunha-situation-tres-positive-fabrizio-romano-man-united-news-and-transfer-news","status":"publish","type":"post","link":"https:\/\/footdavant.fr\/actualites\/man-united-tient-une-nouvelle-reunion-avec-matheus-cunha-situation-tres-positive-fabrizio-romano-man-united-news-and-transfer-news\/","title":{"rendered":"Man United tient une nouvelle r\u00e9union avec Matheus Cunha, situation \u00ab\u00a0tr\u00e8s positive\u00a0\u00bb: Fabrizio Romano &#8211; Man United News and Transfer News"},"content":{"rendered":"<div id=\"penci-post-entry-inner\">\n<p>\t\t\t<i class=\"penci-post-countview-number-check\" style=\"display:none\">2<\/i><\/p>\n<p><!--Article Start--><br \/>Les espoirs de Manchester United de d\u00e9barquer Matheus Cunha de Wolves sont \u00e9lev\u00e9s apr\u00e8s la r\u00e9union de dimanche entre les deux \u00e9quipes.<\/p>\n<p>Hier, le gourou du transfert Fabrizio Romano a affich\u00e9 que des conditions personnelles \u00e9taient discut\u00e9es avant un transfert potentiel de 62,5 millions de livres sterling.<\/p>\n<p>Romano a publi\u00e9 une nouvelle mise \u00e0 jour ce matin, d\u00e9clarant que:<\/p>\n<p>\u00abLe sentiment entre le c\u00f4t\u00e9 joueur et le c\u00f4t\u00e9 du club \u00e0 la nouvelle r\u00e9union a \u00e9t\u00e9 tr\u00e8s positif, apr\u00e8s que le projet a expliqu\u00e9 et que les termes ont discut\u00e9.<\/p>\n<p>\u00ab\u00a0Plus de r\u00e9unions seront n\u00e9cessaires, mais Man United pense qu&#39;ils m\u00e8nent la course \u00e0 Cunha, comme indiqu\u00e9 hier.\u00a0\u00bb<\/p>\n<blockquote class=\"twitter-tweet\" data-width=\"550\" data-dnt=\"true\">\n<p lang=\"en\" dir=\"ltr\">\ud83d\udea8\ud83c\udde7\ud83c\uddf7 Plus sur Matheus Cunha et Man United. Le sentiment entre le c\u00f4t\u00e9 joueur et le c\u00f4t\u00e9 du club \u00e0 la nouvelle r\u00e9union a \u00e9t\u00e9 tr\u00e8s positif, apr\u00e8s avoir expliqu\u00e9 le projet et les termes discut\u00e9s.<\/p>\n<p>Plus de r\u00e9unions seront n\u00e9cessaires, mais Man United pense qu&#39;ils m\u00e8nent la course \u00e0 Cunha, comme indiqu\u00e9 hier. <a rel=\"nofollow\" href=\"https:\/\/t.co\/csHhrsCGyd\">pic.twitter.com\/cshhrscgyd<\/a><\/p>\n<p>&#8211; Fabrizio Romano (@fabrizioromano) <a rel=\"nofollow\" href=\"https:\/\/twitter.com\/FabrizioRomano\/status\/1914615292405199335?ref_src=twsrc%5Etfw\">22 avril 2025<\/a><\/p>\n<\/blockquote>\n<p>Pendant ce temps, un compte d&#39;initi\u00e9 United @ UnitedSC0ut affirme que toute la famille de Cunha est venue \u00e0 Old Trafford pour regarder le match entre les deux \u00e9quipes.<\/p>\n<p>\u00ab\u00a0Dimanche pour #MUFC vs Wolves, un certain nombre de la famille et de l&#39;agent de Matheus Cunha \u00e9taient pr\u00e9sents\u00a0\u00bb, a affich\u00e9 l&#39;initi\u00e9.<\/p>\n<p>\u00abY compris sa femme, son fils, son p\u00e8re et sa tante. Apr\u00e8s la fin du match, Carlos Fernandes a eu une conversation avec le p\u00e8re et la femme de Cunha.\u00bb<\/p>\n<p>Le message comprenait une photo du p\u00e8re et du fils de Cunha posant, le coup de pouce vers le haut, pour un Phot \u00e0 l&#39;ext\u00e9rieur d&#39;Old Trafford.<\/p>\n<blockquote class=\"twitter-tweet\">\n<p lang=\"en\" dir=\"ltr\">\ud83d\udd34\ud83d\udea8 \ud835\uddd8\ud835\uddeb\ud835\uddd6\ud835\udddf\ud835\udde8\ud835\udde6\ud835\udddc\ud835\udde9\ud835\uddd8 \ud83d\udea8\ud83d\udd34<\/p>\n<p>Dimanche pour <a rel=\"nofollow\" href=\"https:\/\/twitter.com\/hashtag\/MUFC?src=hash&amp;ref_src=twsrc%5Etfw\">#Mufc<\/a> VS Wolves, un certain nombre d&#39;agents de la famille + de Matheus Cunha \u00e9taient pr\u00e9sents. \ud83d\udcf8<\/p>\n<p>Y compris sa femme, son fils, son p\u00e8re et sa tante. <\/p>\n<p>Apr\u00e8s la fin du match, Carlos Fernandes a eu une conversation avec le p\u00e8re et la femme de Cunha. <\/p>\n<p>Le p\u00e8re de Cunha +\u2026 <a rel=\"nofollow\" href=\"https:\/\/t.co\/4gVthvAyOx\">pic.twitter.com\/4gvthvayox<\/a><\/p>\n<p>&#8211; United Scout (@ UnitedSC0UT) <a rel=\"nofollow\" href=\"https:\/\/twitter.com\/unitedsc0ut\/status\/1914615527458111969?ref_src=twsrc%5Etfw\">22 avril 2025<\/a><\/p>\n<\/blockquote>\n<p>Les signes semblent certainement bons pour le transfert. Les propres actions du joueur avant le jeu &#8211; essuyer le gazon sur lui-m\u00eame pendant l&#39;\u00e9chauffement et agiter les fans de United &#8211; semblaient certainement indiquer que le joueur a de l&#39;affection pour les Red Devils. L&#39;entra\u00eeneur-chef United Ruben Amorim a \u00e9galement \u00e9t\u00e9 rep\u00e9r\u00e9 en tapant Cunha \u00e0 l&#39;arri\u00e8re.<\/p>\n<p>Le journaliste Ben Jacobs souligne qu&#39;un accord est loin d&#39;\u00eatre encore conclu. \u00ab\u00a0La peine d&#39;\u00eatre not\u00e9e, la r\u00e9union Cunha de Manchester United \u00e9tait purement un projet de projet et de football \u00e0 ce stade\u00a0\u00bb, a-t-il not\u00e9. <\/p>\n<p>\u00abUnited View Cunha comme dix parties n&#39;ont pas encore discut\u00e9 des finances, et les loups doivent encore recevoir une approche formelle.\u00bb Cependant, il confirme \u00e9galement que le joueur veut rejoindre United, qu&#39;il se qualifie pour la Ligue des champions la saison prochaine.<\/p>\n<blockquote class=\"twitter-tweet\" data-width=\"550\" data-dnt=\"true\">\n<p lang=\"en\" dir=\"ltr\">Vaut \u00e0 noter, la r\u00e9union Cunha de Manchester United \u00e9tait purement un projet de projet et de football \u00e0 ce stade. <a rel=\"nofollow\" href=\"https:\/\/twitter.com\/hashtag\/MUFC?src=hash&amp;ref_src=twsrc%5Etfw\">#Mufc<\/a> Voir Cunha comme un dix.<\/p>\n<p>Les parties n&#39;ont pas encore discut\u00e9 des finances et les loups ne re\u00e7oivent pas encore une approche formelle.<\/p>\n<p>&#8211; Ben Jacobs (@jacobsben) <a rel=\"nofollow\" href=\"https:\/\/twitter.com\/JacobsBen\/status\/1914619764246261834?ref_src=twsrc%5Etfw\">22 avril 2025<\/a><\/p>\n<\/blockquote>\n<p>Capturer la signature de la jeunesse de 25 ans serait un d\u00e9but de r\u00eave pour la fen\u00eatre de transfert d&#39;\u00e9t\u00e9 de United. Un joueur \u00e9prouv\u00e9 en Premier League capable de marquer des buts et parfait pour le r\u00f4le Twin 10 favoris\u00e9 par Amorim, Cunha serait une mise \u00e0 niveau de missive sur les options actuelles de United en position.<\/p>\n<\/p>\n<hr>\n<p>Suivez-nous sur bluesky: @ PeopleSerson.bsky.social<br \/><!--Article End--><\/p>\n<p><!-- CONTENT END 3 --><\/p><\/div>\n<p><script async src=\"https:\/\/platform.twitter.com\/widgets.js\" charset=\"utf-8\"><\/script><\/p>\n","protected":false},"excerpt":{"rendered":"<p>2 Les espoirs de Manchester United de d\u00e9barquer Matheus Cunha de Wolves sont \u00e9lev\u00e9s apr\u00e8s la r\u00e9union de dimanche entre les deux \u00e9quipes. Hier, le<\/p>\n","protected":false},"author":1,"featured_media":22994,"comment_status":"closed","ping_status":"","sticky":false,"template":"","format":"standard","meta":{"footnotes":""},"categories":[3],"tags":[91,2092,1113,24,769,409,1850,2648,822,1114,520,2513,2732,852,92,13],"yoast_head":"<!-- This site is optimized with the Yoast SEO plugin v21.0 - https:\/\/yoast.com\/wordpress\/plugins\/seo\/ -->\n<title>Man United tient une nouvelle r\u00e9union avec Matheus Cunha, situation &quot;tr\u00e8s positive&quot;: Fabrizio Romano - Man United News and Transfer News<\/title>\n<meta name=\"robots\" content=\"index, follow, max-snippet:-1, max-image-preview:large, max-video-preview:-1\" \/>\n<link rel=\"canonical\" href=\"https:\/\/footdavant.fr\/actualites\/man-united-tient-une-nouvelle-reunion-avec-matheus-cunha-situation-tres-positive-fabrizio-romano-man-united-news-and-transfer-news\/\" \/>\n<meta property=\"og:locale\" content=\"fr_FR\" \/>\n<meta property=\"og:type\" content=\"article\" \/>\n<meta property=\"og:title\" content=\"Man United tient une nouvelle r\u00e9union avec Matheus Cunha, situation &quot;tr\u00e8s positive&quot;: Fabrizio Romano - Man United News and Transfer News\" \/>\n<meta property=\"og:description\" content=\"2 Les espoirs de Manchester United de d\u00e9barquer Matheus Cunha de Wolves sont \u00e9lev\u00e9s apr\u00e8s la r\u00e9union de dimanche entre les deux \u00e9quipes. Hier, le\" \/>\n<meta property=\"og:url\" content=\"https:\/\/footdavant.fr\/actualites\/man-united-tient-une-nouvelle-reunion-avec-matheus-cunha-situation-tres-positive-fabrizio-romano-man-united-news-and-transfer-news\/\" \/>\n<meta property=\"og:site_name\" content=\"Foot d&#039;avant\" \/>\n<meta property=\"article:publisher\" content=\"https:\/\/www.facebook.com\/Footdavant\/\" \/>\n<meta property=\"article:published_time\" content=\"2025-04-22T11:48:20+00:00\" \/>\n<meta property=\"article:modified_time\" content=\"2025-04-22T11:48:22+00:00\" \/>\n<meta property=\"og:image\" content=\"https:\/\/footdavant.fr\/actualites\/wp-content\/uploads\/2025\/04\/Man-United-tient-une-nouvelle-reunion-avec-Matheus-Cunha-situation.jpg\" \/>\n\t<meta property=\"og:image:width\" content=\"1600\" \/>\n\t<meta property=\"og:image:height\" content=\"711\" \/>\n\t<meta property=\"og:image:type\" content=\"image\/jpeg\" \/>\n<meta name=\"author\" content=\"Cl\u00e9ment\" \/>\n<meta name=\"twitter:card\" content=\"summary_large_image\" \/>\n<meta name=\"twitter:creator\" content=\"@FootdavantFr\" \/>\n<meta name=\"twitter:site\" content=\"@FootdavantFr\" \/>\n<meta name=\"twitter:label1\" content=\"\u00c9crit par\" \/>\n\t<meta name=\"twitter:data1\" content=\"Cl\u00e9ment\" \/>\n\t<meta name=\"twitter:label2\" content=\"Dur\u00e9e de lecture estim\u00e9e\" \/>\n\t<meta name=\"twitter:data2\" content=\"3 minutes\" \/>\n<script type=\"application\/ld+json\" class=\"yoast-schema-graph\">{\"@context\":\"https:\/\/schema.org\",\"@graph\":[{\"@type\":\"Article\",\"@id\":\"https:\/\/footdavant.fr\/actualites\/man-united-tient-une-nouvelle-reunion-avec-matheus-cunha-situation-tres-positive-fabrizio-romano-man-united-news-and-transfer-news\/#article\",\"isPartOf\":{\"@id\":\"https:\/\/footdavant.fr\/actualites\/man-united-tient-une-nouvelle-reunion-avec-matheus-cunha-situation-tres-positive-fabrizio-romano-man-united-news-and-transfer-news\/\"},\"author\":{\"name\":\"Cl\u00e9ment\",\"@id\":\"https:\/\/footdavant.fr\/actualites\/#\/schema\/person\/bc222566d95871b37e597b3ed3ba5e1d\"},\"headline\":\"Man United tient une nouvelle r\u00e9union avec Matheus Cunha, situation \u00ab\u00a0tr\u00e8s positive\u00a0\u00bb: Fabrizio Romano &#8211; Man United News and Transfer News\",\"datePublished\":\"2025-04-22T11:48:20+00:00\",\"dateModified\":\"2025-04-22T11:48:22+00:00\",\"mainEntityOfPage\":{\"@id\":\"https:\/\/footdavant.fr\/actualites\/man-united-tient-une-nouvelle-reunion-avec-matheus-cunha-situation-tres-positive-fabrizio-romano-man-united-news-and-transfer-news\/\"},\"wordCount\":662,\"publisher\":{\"@id\":\"https:\/\/footdavant.fr\/actualites\/#organization\"},\"keywords\":[\"avec\",\"Cunha\",\"Fabrizio\",\"Man\",\"Matheus\",\"News\",\"nouvelle\",\"positive\",\"r\u00e9union\",\"Romano\",\"situation\",\"tient\",\"Transfer\",\"tr\u00e8s\",\"une\",\"United\"],\"articleSection\":[\"Football\"],\"inLanguage\":\"fr-FR\"},{\"@type\":\"WebPage\",\"@id\":\"https:\/\/footdavant.fr\/actualites\/man-united-tient-une-nouvelle-reunion-avec-matheus-cunha-situation-tres-positive-fabrizio-romano-man-united-news-and-transfer-news\/\",\"url\":\"https:\/\/footdavant.fr\/actualites\/man-united-tient-une-nouvelle-reunion-avec-matheus-cunha-situation-tres-positive-fabrizio-romano-man-united-news-and-transfer-news\/\",\"name\":\"Man United tient une nouvelle r\u00e9union avec Matheus Cunha, situation \\\"tr\u00e8s positive\\\": Fabrizio Romano - Man United News and Transfer News\",\"isPartOf\":{\"@id\":\"https:\/\/footdavant.fr\/actualites\/#website\"},\"datePublished\":\"2025-04-22T11:48:20+00:00\",\"dateModified\":\"2025-04-22T11:48:22+00:00\",\"breadcrumb\":{\"@id\":\"https:\/\/footdavant.fr\/actualites\/man-united-tient-une-nouvelle-reunion-avec-matheus-cunha-situation-tres-positive-fabrizio-romano-man-united-news-and-transfer-news\/#breadcrumb\"},\"inLanguage\":\"fr-FR\",\"potentialAction\":[{\"@type\":\"ReadAction\",\"target\":[\"https:\/\/footdavant.fr\/actualites\/man-united-tient-une-nouvelle-reunion-avec-matheus-cunha-situation-tres-positive-fabrizio-romano-man-united-news-and-transfer-news\/\"]}]},{\"@type\":\"BreadcrumbList\",\"@id\":\"https:\/\/footdavant.fr\/actualites\/man-united-tient-une-nouvelle-reunion-avec-matheus-cunha-situation-tres-positive-fabrizio-romano-man-united-news-and-transfer-news\/#breadcrumb\",\"itemListElement\":[{\"@type\":\"ListItem\",\"position\":1,\"name\":\"Accueil\",\"item\":\"https:\/\/footdavant.fr\/actualites\/\"},{\"@type\":\"ListItem\",\"position\":2,\"name\":\"Man United tient une nouvelle r\u00e9union avec Matheus Cunha, situation \u00ab\u00a0tr\u00e8s positive\u00a0\u00bb: Fabrizio Romano &#8211; Man United News and Transfer News\"}]},{\"@type\":\"WebSite\",\"@id\":\"https:\/\/footdavant.fr\/actualites\/#website\",\"url\":\"https:\/\/footdavant.fr\/actualites\/\",\"name\":\"Foot d'avant\",\"description\":\"\",\"publisher\":{\"@id\":\"https:\/\/footdavant.fr\/actualites\/#organization\"},\"potentialAction\":[{\"@type\":\"SearchAction\",\"target\":{\"@type\":\"EntryPoint\",\"urlTemplate\":\"https:\/\/footdavant.fr\/actualites\/?s={search_term_string}\"},\"query-input\":\"required name=search_term_string\"}],\"inLanguage\":\"fr-FR\"},{\"@type\":\"Organization\",\"@id\":\"https:\/\/footdavant.fr\/actualites\/#organization\",\"name\":\"Foot d'avant\",\"url\":\"https:\/\/footdavant.fr\/actualites\/\",\"logo\":{\"@type\":\"ImageObject\",\"inLanguage\":\"fr-FR\",\"@id\":\"https:\/\/footdavant.fr\/actualites\/#\/schema\/logo\/image\/\",\"url\":\"https:\/\/footdavant.fr\/actualites\/wp-content\/uploads\/2023\/09\/Copy-of-FootDavant-Logo.png\",\"contentUrl\":\"https:\/\/footdavant.fr\/actualites\/wp-content\/uploads\/2023\/09\/Copy-of-FootDavant-Logo.png\",\"width\":936,\"height\":549,\"caption\":\"Foot d'avant\"},\"image\":{\"@id\":\"https:\/\/footdavant.fr\/actualites\/#\/schema\/logo\/image\/\"},\"sameAs\":[\"https:\/\/www.facebook.com\/Footdavant\/\",\"https:\/\/twitter.com\/FootdavantFr\",\"https:\/\/www.instagram.com\/footdavant.fr\/\"]},{\"@type\":\"Person\",\"@id\":\"https:\/\/footdavant.fr\/actualites\/#\/schema\/person\/bc222566d95871b37e597b3ed3ba5e1d\",\"name\":\"Cl\u00e9ment\",\"image\":{\"@type\":\"ImageObject\",\"inLanguage\":\"fr-FR\",\"@id\":\"https:\/\/footdavant.fr\/actualites\/#\/schema\/person\/image\/\",\"url\":\"https:\/\/secure.gravatar.com\/avatar\/7728b29aac2719421e1a9159b2254c44?s=96&d=mm&r=g\",\"contentUrl\":\"https:\/\/secure.gravatar.com\/avatar\/7728b29aac2719421e1a9159b2254c44?s=96&d=mm&r=g\",\"caption\":\"Cl\u00e9ment\"},\"sameAs\":[\"https:\/\/footdavant.fr\/\"]}]}<\/script>\n<!-- \/ Yoast SEO plugin. -->","yoast_head_json":{"title":"Man United tient une nouvelle r\u00e9union avec Matheus Cunha, situation \"tr\u00e8s positive\": Fabrizio Romano - Man United News and Transfer News","robots":{"index":"index","follow":"follow","max-snippet":"max-snippet:-1","max-image-preview":"max-image-preview:large","max-video-preview":"max-video-preview:-1"},"canonical":"https:\/\/footdavant.fr\/actualites\/man-united-tient-une-nouvelle-reunion-avec-matheus-cunha-situation-tres-positive-fabrizio-romano-man-united-news-and-transfer-news\/","og_locale":"fr_FR","og_type":"article","og_title":"Man United tient une nouvelle r\u00e9union avec Matheus Cunha, situation \"tr\u00e8s positive\": Fabrizio Romano - Man United News and Transfer News","og_description":"2 Les espoirs de Manchester United de d\u00e9barquer Matheus Cunha de Wolves sont \u00e9lev\u00e9s apr\u00e8s la r\u00e9union de dimanche entre les deux \u00e9quipes. Hier, le","og_url":"https:\/\/footdavant.fr\/actualites\/man-united-tient-une-nouvelle-reunion-avec-matheus-cunha-situation-tres-positive-fabrizio-romano-man-united-news-and-transfer-news\/","og_site_name":"Foot d&#039;avant","article_publisher":"https:\/\/www.facebook.com\/Footdavant\/","article_published_time":"2025-04-22T11:48:20+00:00","article_modified_time":"2025-04-22T11:48:22+00:00","og_image":[{"width":1600,"height":711,"url":"https:\/\/footdavant.fr\/actualites\/wp-content\/uploads\/2025\/04\/Man-United-tient-une-nouvelle-reunion-avec-Matheus-Cunha-situation.jpg","type":"image\/jpeg"}],"author":"Cl\u00e9ment","twitter_card":"summary_large_image","twitter_creator":"@FootdavantFr","twitter_site":"@FootdavantFr","twitter_misc":{"\u00c9crit par":"Cl\u00e9ment","Dur\u00e9e de lecture estim\u00e9e":"3 minutes"},"schema":{"@context":"https:\/\/schema.org","@graph":[{"@type":"Article","@id":"https:\/\/footdavant.fr\/actualites\/man-united-tient-une-nouvelle-reunion-avec-matheus-cunha-situation-tres-positive-fabrizio-romano-man-united-news-and-transfer-news\/#article","isPartOf":{"@id":"https:\/\/footdavant.fr\/actualites\/man-united-tient-une-nouvelle-reunion-avec-matheus-cunha-situation-tres-positive-fabrizio-romano-man-united-news-and-transfer-news\/"},"author":{"name":"Cl\u00e9ment","@id":"https:\/\/footdavant.fr\/actualites\/#\/schema\/person\/bc222566d95871b37e597b3ed3ba5e1d"},"headline":"Man United tient une nouvelle r\u00e9union avec Matheus Cunha, situation \u00ab\u00a0tr\u00e8s positive\u00a0\u00bb: Fabrizio Romano &#8211; Man United News and Transfer News","datePublished":"2025-04-22T11:48:20+00:00","dateModified":"2025-04-22T11:48:22+00:00","mainEntityOfPage":{"@id":"https:\/\/footdavant.fr\/actualites\/man-united-tient-une-nouvelle-reunion-avec-matheus-cunha-situation-tres-positive-fabrizio-romano-man-united-news-and-transfer-news\/"},"wordCount":662,"publisher":{"@id":"https:\/\/footdavant.fr\/actualites\/#organization"},"keywords":["avec","Cunha","Fabrizio","Man","Matheus","News","nouvelle","positive","r\u00e9union","Romano","situation","tient","Transfer","tr\u00e8s","une","United"],"articleSection":["Football"],"inLanguage":"fr-FR"},{"@type":"WebPage","@id":"https:\/\/footdavant.fr\/actualites\/man-united-tient-une-nouvelle-reunion-avec-matheus-cunha-situation-tres-positive-fabrizio-romano-man-united-news-and-transfer-news\/","url":"https:\/\/footdavant.fr\/actualites\/man-united-tient-une-nouvelle-reunion-avec-matheus-cunha-situation-tres-positive-fabrizio-romano-man-united-news-and-transfer-news\/","name":"Man United tient une nouvelle r\u00e9union avec Matheus Cunha, situation \"tr\u00e8s positive\": Fabrizio Romano - Man United News and Transfer News","isPartOf":{"@id":"https:\/\/footdavant.fr\/actualites\/#website"},"datePublished":"2025-04-22T11:48:20+00:00","dateModified":"2025-04-22T11:48:22+00:00","breadcrumb":{"@id":"https:\/\/footdavant.fr\/actualites\/man-united-tient-une-nouvelle-reunion-avec-matheus-cunha-situation-tres-positive-fabrizio-romano-man-united-news-and-transfer-news\/#breadcrumb"},"inLanguage":"fr-FR","potentialAction":[{"@type":"ReadAction","target":["https:\/\/footdavant.fr\/actualites\/man-united-tient-une-nouvelle-reunion-avec-matheus-cunha-situation-tres-positive-fabrizio-romano-man-united-news-and-transfer-news\/"]}]},{"@type":"BreadcrumbList","@id":"https:\/\/footdavant.fr\/actualites\/man-united-tient-une-nouvelle-reunion-avec-matheus-cunha-situation-tres-positive-fabrizio-romano-man-united-news-and-transfer-news\/#breadcrumb","itemListElement":[{"@type":"ListItem","position":1,"name":"Accueil","item":"https:\/\/footdavant.fr\/actualites\/"},{"@type":"ListItem","position":2,"name":"Man United tient une nouvelle r\u00e9union avec Matheus Cunha, situation \u00ab\u00a0tr\u00e8s positive\u00a0\u00bb: Fabrizio Romano &#8211; Man United News and Transfer News"}]},{"@type":"WebSite","@id":"https:\/\/footdavant.fr\/actualites\/#website","url":"https:\/\/footdavant.fr\/actualites\/","name":"Foot d'avant","description":"","publisher":{"@id":"https:\/\/footdavant.fr\/actualites\/#organization"},"potentialAction":[{"@type":"SearchAction","target":{"@type":"EntryPoint","urlTemplate":"https:\/\/footdavant.fr\/actualites\/?s={search_term_string}"},"query-input":"required name=search_term_string"}],"inLanguage":"fr-FR"},{"@type":"Organization","@id":"https:\/\/footdavant.fr\/actualites\/#organization","name":"Foot d'avant","url":"https:\/\/footdavant.fr\/actualites\/","logo":{"@type":"ImageObject","inLanguage":"fr-FR","@id":"https:\/\/footdavant.fr\/actualites\/#\/schema\/logo\/image\/","url":"https:\/\/footdavant.fr\/actualites\/wp-content\/uploads\/2023\/09\/Copy-of-FootDavant-Logo.png","contentUrl":"https:\/\/footdavant.fr\/actualites\/wp-content\/uploads\/2023\/09\/Copy-of-FootDavant-Logo.png","width":936,"height":549,"caption":"Foot d'avant"},"image":{"@id":"https:\/\/footdavant.fr\/actualites\/#\/schema\/logo\/image\/"},"sameAs":["https:\/\/www.facebook.com\/Footdavant\/","https:\/\/twitter.com\/FootdavantFr","https:\/\/www.instagram.com\/footdavant.fr\/"]},{"@type":"Person","@id":"https:\/\/footdavant.fr\/actualites\/#\/schema\/person\/bc222566d95871b37e597b3ed3ba5e1d","name":"Cl\u00e9ment","image":{"@type":"ImageObject","inLanguage":"fr-FR","@id":"https:\/\/footdavant.fr\/actualites\/#\/schema\/person\/image\/","url":"https:\/\/secure.gravatar.com\/avatar\/7728b29aac2719421e1a9159b2254c44?s=96&d=mm&r=g","contentUrl":"https:\/\/secure.gravatar.com\/avatar\/7728b29aac2719421e1a9159b2254c44?s=96&d=mm&r=g","caption":"Cl\u00e9ment"},"sameAs":["https:\/\/footdavant.fr\/"]}]}},"_links":{"self":[{"href":"https:\/\/footdavant.fr\/actualites\/wp-json\/wp\/v2\/posts\/22993"}],"collection":[{"href":"https:\/\/footdavant.fr\/actualites\/wp-json\/wp\/v2\/posts"}],"about":[{"href":"https:\/\/footdavant.fr\/actualites\/wp-json\/wp\/v2\/types\/post"}],"author":[{"embeddable":true,"href":"https:\/\/footdavant.fr\/actualites\/wp-json\/wp\/v2\/users\/1"}],"replies":[{"embeddable":true,"href":"https:\/\/footdavant.fr\/actualites\/wp-json\/wp\/v2\/comments?post=22993"}],"version-history":[{"count":1,"href":"https:\/\/footdavant.fr\/actualites\/wp-json\/wp\/v2\/posts\/22993\/revisions"}],"predecessor-version":[{"id":22995,"href":"https:\/\/footdavant.fr\/actualites\/wp-json\/wp\/v2\/posts\/22993\/revisions\/22995"}],"wp:featuredmedia":[{"embeddable":true,"href":"https:\/\/footdavant.fr\/actualites\/wp-json\/wp\/v2\/media\/22994"}],"wp:attachment":[{"href":"https:\/\/footdavant.fr\/actualites\/wp-json\/wp\/v2\/media?parent=22993"}],"wp:term":[{"taxonomy":"category","embeddable":true,"href":"https:\/\/footdavant.fr\/actualites\/wp-json\/wp\/v2\/categories?post=22993"},{"taxonomy":"post_tag","embeddable":true,"href":"https:\/\/footdavant.fr\/actualites\/wp-json\/wp\/v2\/tags?post=22993"}],"curies":[{"name":"wp","href":"https:\/\/api.w.org\/{rel}","templated":true}]}}