{"id":22996,"date":"2025-04-22T15:48:17","date_gmt":"2025-04-22T13:48:17","guid":{"rendered":"https:\/\/footdavant.fr\/actualites\/lobjectif-de-gestion-le-plus-grand-du-real-madrid-xabi-alonso-aborde-les-rumeurs-sur-le-retour-de-bernabeu\/"},"modified":"2025-04-22T15:48:18","modified_gmt":"2025-04-22T13:48:18","slug":"lobjectif-de-gestion-le-plus-grand-du-real-madrid-xabi-alonso-aborde-les-rumeurs-sur-le-retour-de-bernabeu","status":"publish","type":"post","link":"https:\/\/footdavant.fr\/actualites\/lobjectif-de-gestion-le-plus-grand-du-real-madrid-xabi-alonso-aborde-les-rumeurs-sur-le-retour-de-bernabeu\/","title":{"rendered":"L&#39;objectif de gestion \u00able plus grand\u00bb du Real Madrid, Xabi Alonso, aborde les rumeurs sur le retour de Bernabeu"},"content":{"rendered":"<p>L&#39;entra\u00eeneur-chef de Bayer Leverkusen, Xabi Alonso, dit que ce n&#39;est pas un bon moment \u00ab\u00a0pour aborder son avenir au milieu de nouveaux liens avec le Real Madrid.<\/p>\n<div id=\"article_body\" itemprop=\"articleBody\">\n<h3 class=\"firstPara\">\n<strong class=\"autotag\">Bayer Leverkusen<\/strong> entra\u00eeneur-chef <strong class=\"autotag\">Xabi Alonso<\/strong> a dit que ce n&#39;est \u00ab\u00a0pas un bon moment\u00a0\u00bb pour discuter de son avenir au milieu des suggestions que <strong class=\"autotag\">Real Madrid<\/strong> sont d\u00e9sireux de le nommer en tant que nouveau manager \u00e0 la fin de la campagne.<\/h3>\n<p>Alonso, 43 ans, est consid\u00e9r\u00e9 comme un candidat de premier plan pour remplacer <strong class=\"autotag\">Carlo Ancelotti<\/strong>avec le Real Madrid qui serait <strong>se pr\u00e9parer \u00e0 licencier l&#39;italien<\/strong>.<\/p>\n<p>Ancelotti a guid\u00e9 le Real Madrid vers un double de la Liga et la Ligue des champions la saison derni\u00e8re, alors qu&#39;il a d\u00e9j\u00e0 lev\u00e9 un troph\u00e9e ce trimestre, les g\u00e9ants de la capitale triompant dans la UEFA Super Cup au d\u00e9but de la campagne.<\/p>\n<p>Los Blancos peut toujours gagner La Liga et la Copa del Rey cette saison, entre-temps, mais la mani\u00e8re de leur sortie en quarts de finale de la Ligue des champions n&#39;a pas \u00e9t\u00e9 bien accueillie par des chiffres seniors au club.<\/p>\n<p><strong>La d\u00e9faite \u00e0 domicile 2-1 de mercredi contre Arsenal<\/strong> En fait une perte globale de 5-1 pour les Gunners dans les huit derniers de la comp\u00e9tition, et il est entendu qu&#39;un nouveau manager sera en place cet \u00e9t\u00e9, potentiellement devant la Coupe du monde du club.<\/p>\n<p class=\"imgI\">\n<h2 class=\"k3\">Ancelotti peut \u00eatre limog\u00e9 par le Real Madrid apr\u00e8s la sortie de CL<\/h2>\n<p>Alonso, qui a jou\u00e9 pour le Real Madrid entre 2009 et 2014, a \u00e9t\u00e9 interrog\u00e9 vendredi sur son avenir, mais l&#39;Espagnol a d\u00e9clar\u00e9 que ce n&#39;\u00e9tait pas un bon moment \u00ab\u00a0pour discuter de telles questions.<\/p>\n<p>\u00ab\u00a0Ce n&#39;est pas le bon moment pour discuter de l&#39;avenir. Nous sommes \u00e0 un moment tr\u00e8s important de la saison\u00a0\u00bb, a d\u00e9clar\u00e9 Alonso aux journalistes. \u00ab\u00a0Je ne veux pas parler de sp\u00e9culation et de rumeurs. (Je comprends) que cela se produit, mais ce qui est plus important pour moi, c&#39;est ce qui se passe en ce moment.\u00a0\u00bb<\/p>\n<p>Alonso a guid\u00e9 Leverkusen vers un doubl\u00e9 de ligue et de coupe la saison derni\u00e8re, tandis que les Noirs et les Reds sont tr\u00e8s dans la course en titre Bundesliga se dirigeant vers la fin de la campagne 2024-25.<\/p>\n<p>Die werkself est deuxi\u00e8me dans le <strong>Table de bundesliga<\/strong>six points derri\u00e8re les dirigeants du Bayern Munich, et Alonso a refus\u00e9 de se livrer \u00e0 des pourparlers entourant un retour potentiel dans la capitale espagnole cet \u00e9t\u00e9.<\/p>\n<p class=\"imgI\"><img decoding=\"async\" loading=\"lazy\" class=\"l\" src=\"https:\/\/footdavant.fr\/actualites\/wp-content\/uploads\/2025\/04\/1745329697_702_L39objectif-de-gestion-le-plus-grand-du-Real-Madrid-Xabi.jpg\" title=\"Raul Gonzalez du Real Madrid apporte le troph\u00e9e de la Ligue des champions sur le terrain le 28 mai 2022\" alt=\"Raul Gonzalez du Real Madrid apporte le troph\u00e9e de la Ligue des champions sur le terrain le 28 mai 2022\" width=\"640\" height=\"480\"><\/p>\n<h2 class=\"k3\">Qui d&#39;autre est dans le cadre pour remplacer Ancelotti?<\/h2>\n<p>Selon <em>Marca<\/em>Le Real Madrid pourrait faire un changement avant la Coupe du monde du club, qui commence \u00e0 la mi-juin, les g\u00e9ants de la capitale se pr\u00e9paraient \u00e0 prendre la comp\u00e9tition incroyablement au s\u00e9rieux.<\/p>\n<p>Si un accord pour Alonso se r\u00e9v\u00e8le difficile, alors on pense que <strong class=\"autotag\">Raul<\/strong>qui est l&#39;entra\u00eeneur-chef du Real Madrid Castilla depuis 2019, serait une option pour le r\u00f4le, probablement \u00e0 court terme.<\/p>\n<p>En attendant, il est entendu que <strong class=\"autotag\">Santiago Solari<\/strong>qui travaille actuellement en tant que directeur du football du Real Madrid, est \u00e9galement consid\u00e9r\u00e9 comme provisoire.<\/p>\n<p><strong class=\"autotag\">Bournemouth<\/strong>&#39;s <strong class=\"autotag\">Andoni Iraola<\/strong> Aurait \u00e9galement des admirateurs parmi les personnages seniors du Real Madrid, tandis que les sp\u00e9culations reliant <strong class=\"autotag\">Jurgen Klopp<\/strong> Avec un retour spectaculaire \u00e0 la gestion \u00e0 Bernabeu, recueille \u00e9galement le rythme.<\/p>\n<div class=\"author_box\">\n<div class=\"author_box_banner\">\n<img decoding=\"async\" class=\"author_img\" src=\"https:\/\/footdavant.fr\/actualites\/wp-content\/uploads\/2025\/04\/1745329697_941_L39objectif-de-gestion-le-plus-grand-du-Real-Madrid-Xabi.jpg\"><\/p>\n<\/div>\n<\/div>\n<\/div>\n","protected":false},"excerpt":{"rendered":"<p>L&#39;entra\u00eeneur-chef de Bayer Leverkusen, Xabi Alonso, dit que ce n&#39;est pas un bon moment \u00ab\u00a0pour aborder son avenir au milieu de nouveaux liens avec le<\/p>\n","protected":false},"author":1,"featured_media":22997,"comment_status":"closed","ping_status":"","sticky":false,"template":"","format":"standard","meta":{"footnotes":""},"categories":[5],"tags":[1922,3450,7384,8710,1223,5238,93,303,302,393,976,103,3608],"yoast_head":"<!-- This site is optimized with the Yoast SEO plugin v21.0 - https:\/\/yoast.com\/wordpress\/plugins\/seo\/ -->\n<title>L&#039;objectif de gestion \u00able plus grand\u00bb du Real Madrid, Xabi Alonso, aborde les rumeurs sur le retour de Bernabeu<\/title>\n<meta name=\"robots\" content=\"index, follow, max-snippet:-1, max-image-preview:large, max-video-preview:-1\" \/>\n<link rel=\"canonical\" href=\"https:\/\/footdavant.fr\/actualites\/lobjectif-de-gestion-le-plus-grand-du-real-madrid-xabi-alonso-aborde-les-rumeurs-sur-le-retour-de-bernabeu\/\" \/>\n<meta property=\"og:locale\" content=\"fr_FR\" \/>\n<meta property=\"og:type\" content=\"article\" \/>\n<meta property=\"og:title\" content=\"L&#039;objectif de gestion \u00able plus grand\u00bb du Real Madrid, Xabi Alonso, aborde les rumeurs sur le retour de Bernabeu\" \/>\n<meta property=\"og:description\" content=\"L&#039;entra\u00eeneur-chef de Bayer Leverkusen, Xabi Alonso, dit que ce n&#039;est pas un bon moment \u00ab\u00a0pour aborder son avenir au milieu de nouveaux liens avec le\" \/>\n<meta property=\"og:url\" content=\"https:\/\/footdavant.fr\/actualites\/lobjectif-de-gestion-le-plus-grand-du-real-madrid-xabi-alonso-aborde-les-rumeurs-sur-le-retour-de-bernabeu\/\" \/>\n<meta property=\"og:site_name\" content=\"Foot d&#039;avant\" \/>\n<meta property=\"article:publisher\" content=\"https:\/\/www.facebook.com\/Footdavant\/\" \/>\n<meta property=\"article:published_time\" content=\"2025-04-22T13:48:17+00:00\" \/>\n<meta property=\"article:modified_time\" content=\"2025-04-22T13:48:18+00:00\" \/>\n<meta property=\"og:image\" content=\"https:\/\/footdavant.fr\/actualites\/wp-content\/uploads\/2025\/04\/L39objectif-de-gestion-le-plus-grand-du-Real-Madrid-Xabi.jpg\" \/>\n\t<meta property=\"og:image:width\" content=\"640\" \/>\n\t<meta property=\"og:image:height\" content=\"480\" \/>\n\t<meta property=\"og:image:type\" content=\"image\/jpeg\" \/>\n<meta name=\"author\" content=\"Cl\u00e9ment\" \/>\n<meta name=\"twitter:card\" content=\"summary_large_image\" \/>\n<meta name=\"twitter:creator\" content=\"@FootdavantFr\" \/>\n<meta name=\"twitter:site\" content=\"@FootdavantFr\" \/>\n<meta name=\"twitter:label1\" content=\"\u00c9crit par\" \/>\n\t<meta name=\"twitter:data1\" content=\"Cl\u00e9ment\" \/>\n\t<meta name=\"twitter:label2\" content=\"Dur\u00e9e de lecture estim\u00e9e\" \/>\n\t<meta name=\"twitter:data2\" content=\"3 minutes\" \/>\n<script type=\"application\/ld+json\" class=\"yoast-schema-graph\">{\"@context\":\"https:\/\/schema.org\",\"@graph\":[{\"@type\":\"Article\",\"@id\":\"https:\/\/footdavant.fr\/actualites\/lobjectif-de-gestion-le-plus-grand-du-real-madrid-xabi-alonso-aborde-les-rumeurs-sur-le-retour-de-bernabeu\/#article\",\"isPartOf\":{\"@id\":\"https:\/\/footdavant.fr\/actualites\/lobjectif-de-gestion-le-plus-grand-du-real-madrid-xabi-alonso-aborde-les-rumeurs-sur-le-retour-de-bernabeu\/\"},\"author\":{\"name\":\"Cl\u00e9ment\",\"@id\":\"https:\/\/footdavant.fr\/actualites\/#\/schema\/person\/bc222566d95871b37e597b3ed3ba5e1d\"},\"headline\":\"L&#39;objectif de gestion \u00able plus grand\u00bb du Real Madrid, Xabi Alonso, aborde les rumeurs sur le retour de Bernabeu\",\"datePublished\":\"2025-04-22T13:48:17+00:00\",\"dateModified\":\"2025-04-22T13:48:18+00:00\",\"mainEntityOfPage\":{\"@id\":\"https:\/\/footdavant.fr\/actualites\/lobjectif-de-gestion-le-plus-grand-du-real-madrid-xabi-alonso-aborde-les-rumeurs-sur-le-retour-de-bernabeu\/\"},\"wordCount\":591,\"publisher\":{\"@id\":\"https:\/\/footdavant.fr\/actualites\/#organization\"},\"keywords\":[\"aborde\",\"Alonso\",\"Bernabeu\",\"gestion\",\"grand\",\"l39objectif\",\"les\",\"Madrid\",\"Real\",\"retour\",\"rumeurs\",\"sur\",\"Xabi\"],\"articleSection\":[\"Premier League\"],\"inLanguage\":\"fr-FR\"},{\"@type\":\"WebPage\",\"@id\":\"https:\/\/footdavant.fr\/actualites\/lobjectif-de-gestion-le-plus-grand-du-real-madrid-xabi-alonso-aborde-les-rumeurs-sur-le-retour-de-bernabeu\/\",\"url\":\"https:\/\/footdavant.fr\/actualites\/lobjectif-de-gestion-le-plus-grand-du-real-madrid-xabi-alonso-aborde-les-rumeurs-sur-le-retour-de-bernabeu\/\",\"name\":\"L&#39;objectif de gestion \u00able plus grand\u00bb du Real Madrid, Xabi Alonso, aborde les rumeurs sur le retour de Bernabeu\",\"isPartOf\":{\"@id\":\"https:\/\/footdavant.fr\/actualites\/#website\"},\"datePublished\":\"2025-04-22T13:48:17+00:00\",\"dateModified\":\"2025-04-22T13:48:18+00:00\",\"breadcrumb\":{\"@id\":\"https:\/\/footdavant.fr\/actualites\/lobjectif-de-gestion-le-plus-grand-du-real-madrid-xabi-alonso-aborde-les-rumeurs-sur-le-retour-de-bernabeu\/#breadcrumb\"},\"inLanguage\":\"fr-FR\",\"potentialAction\":[{\"@type\":\"ReadAction\",\"target\":[\"https:\/\/footdavant.fr\/actualites\/lobjectif-de-gestion-le-plus-grand-du-real-madrid-xabi-alonso-aborde-les-rumeurs-sur-le-retour-de-bernabeu\/\"]}]},{\"@type\":\"BreadcrumbList\",\"@id\":\"https:\/\/footdavant.fr\/actualites\/lobjectif-de-gestion-le-plus-grand-du-real-madrid-xabi-alonso-aborde-les-rumeurs-sur-le-retour-de-bernabeu\/#breadcrumb\",\"itemListElement\":[{\"@type\":\"ListItem\",\"position\":1,\"name\":\"Accueil\",\"item\":\"https:\/\/footdavant.fr\/actualites\/\"},{\"@type\":\"ListItem\",\"position\":2,\"name\":\"L&#39;objectif de gestion \u00able plus grand\u00bb du Real Madrid, Xabi Alonso, aborde les rumeurs sur le retour de Bernabeu\"}]},{\"@type\":\"WebSite\",\"@id\":\"https:\/\/footdavant.fr\/actualites\/#website\",\"url\":\"https:\/\/footdavant.fr\/actualites\/\",\"name\":\"Foot d'avant\",\"description\":\"\",\"publisher\":{\"@id\":\"https:\/\/footdavant.fr\/actualites\/#organization\"},\"potentialAction\":[{\"@type\":\"SearchAction\",\"target\":{\"@type\":\"EntryPoint\",\"urlTemplate\":\"https:\/\/footdavant.fr\/actualites\/?s={search_term_string}\"},\"query-input\":\"required name=search_term_string\"}],\"inLanguage\":\"fr-FR\"},{\"@type\":\"Organization\",\"@id\":\"https:\/\/footdavant.fr\/actualites\/#organization\",\"name\":\"Foot d'avant\",\"url\":\"https:\/\/footdavant.fr\/actualites\/\",\"logo\":{\"@type\":\"ImageObject\",\"inLanguage\":\"fr-FR\",\"@id\":\"https:\/\/footdavant.fr\/actualites\/#\/schema\/logo\/image\/\",\"url\":\"https:\/\/footdavant.fr\/actualites\/wp-content\/uploads\/2023\/09\/Copy-of-FootDavant-Logo.png\",\"contentUrl\":\"https:\/\/footdavant.fr\/actualites\/wp-content\/uploads\/2023\/09\/Copy-of-FootDavant-Logo.png\",\"width\":936,\"height\":549,\"caption\":\"Foot d'avant\"},\"image\":{\"@id\":\"https:\/\/footdavant.fr\/actualites\/#\/schema\/logo\/image\/\"},\"sameAs\":[\"https:\/\/www.facebook.com\/Footdavant\/\",\"https:\/\/twitter.com\/FootdavantFr\",\"https:\/\/www.instagram.com\/footdavant.fr\/\"]},{\"@type\":\"Person\",\"@id\":\"https:\/\/footdavant.fr\/actualites\/#\/schema\/person\/bc222566d95871b37e597b3ed3ba5e1d\",\"name\":\"Cl\u00e9ment\",\"image\":{\"@type\":\"ImageObject\",\"inLanguage\":\"fr-FR\",\"@id\":\"https:\/\/footdavant.fr\/actualites\/#\/schema\/person\/image\/\",\"url\":\"https:\/\/secure.gravatar.com\/avatar\/7728b29aac2719421e1a9159b2254c44?s=96&d=mm&r=g\",\"contentUrl\":\"https:\/\/secure.gravatar.com\/avatar\/7728b29aac2719421e1a9159b2254c44?s=96&d=mm&r=g\",\"caption\":\"Cl\u00e9ment\"},\"sameAs\":[\"https:\/\/footdavant.fr\/\"]}]}<\/script>\n<!-- \/ Yoast SEO plugin. -->","yoast_head_json":{"title":"L&#39;objectif de gestion \u00able plus grand\u00bb du Real Madrid, Xabi Alonso, aborde les rumeurs sur le retour de Bernabeu","robots":{"index":"index","follow":"follow","max-snippet":"max-snippet:-1","max-image-preview":"max-image-preview:large","max-video-preview":"max-video-preview:-1"},"canonical":"https:\/\/footdavant.fr\/actualites\/lobjectif-de-gestion-le-plus-grand-du-real-madrid-xabi-alonso-aborde-les-rumeurs-sur-le-retour-de-bernabeu\/","og_locale":"fr_FR","og_type":"article","og_title":"L&#39;objectif de gestion \u00able plus grand\u00bb du Real Madrid, Xabi Alonso, aborde les rumeurs sur le retour de Bernabeu","og_description":"L&#39;entra\u00eeneur-chef de Bayer Leverkusen, Xabi Alonso, dit que ce n&#39;est pas un bon moment \u00ab\u00a0pour aborder son avenir au milieu de nouveaux liens avec le","og_url":"https:\/\/footdavant.fr\/actualites\/lobjectif-de-gestion-le-plus-grand-du-real-madrid-xabi-alonso-aborde-les-rumeurs-sur-le-retour-de-bernabeu\/","og_site_name":"Foot d&#039;avant","article_publisher":"https:\/\/www.facebook.com\/Footdavant\/","article_published_time":"2025-04-22T13:48:17+00:00","article_modified_time":"2025-04-22T13:48:18+00:00","og_image":[{"width":640,"height":480,"url":"https:\/\/footdavant.fr\/actualites\/wp-content\/uploads\/2025\/04\/L39objectif-de-gestion-le-plus-grand-du-Real-Madrid-Xabi.jpg","type":"image\/jpeg"}],"author":"Cl\u00e9ment","twitter_card":"summary_large_image","twitter_creator":"@FootdavantFr","twitter_site":"@FootdavantFr","twitter_misc":{"\u00c9crit par":"Cl\u00e9ment","Dur\u00e9e de lecture estim\u00e9e":"3 minutes"},"schema":{"@context":"https:\/\/schema.org","@graph":[{"@type":"Article","@id":"https:\/\/footdavant.fr\/actualites\/lobjectif-de-gestion-le-plus-grand-du-real-madrid-xabi-alonso-aborde-les-rumeurs-sur-le-retour-de-bernabeu\/#article","isPartOf":{"@id":"https:\/\/footdavant.fr\/actualites\/lobjectif-de-gestion-le-plus-grand-du-real-madrid-xabi-alonso-aborde-les-rumeurs-sur-le-retour-de-bernabeu\/"},"author":{"name":"Cl\u00e9ment","@id":"https:\/\/footdavant.fr\/actualites\/#\/schema\/person\/bc222566d95871b37e597b3ed3ba5e1d"},"headline":"L&#39;objectif de gestion \u00able plus grand\u00bb du Real Madrid, Xabi Alonso, aborde les rumeurs sur le retour de Bernabeu","datePublished":"2025-04-22T13:48:17+00:00","dateModified":"2025-04-22T13:48:18+00:00","mainEntityOfPage":{"@id":"https:\/\/footdavant.fr\/actualites\/lobjectif-de-gestion-le-plus-grand-du-real-madrid-xabi-alonso-aborde-les-rumeurs-sur-le-retour-de-bernabeu\/"},"wordCount":591,"publisher":{"@id":"https:\/\/footdavant.fr\/actualites\/#organization"},"keywords":["aborde","Alonso","Bernabeu","gestion","grand","l39objectif","les","Madrid","Real","retour","rumeurs","sur","Xabi"],"articleSection":["Premier League"],"inLanguage":"fr-FR"},{"@type":"WebPage","@id":"https:\/\/footdavant.fr\/actualites\/lobjectif-de-gestion-le-plus-grand-du-real-madrid-xabi-alonso-aborde-les-rumeurs-sur-le-retour-de-bernabeu\/","url":"https:\/\/footdavant.fr\/actualites\/lobjectif-de-gestion-le-plus-grand-du-real-madrid-xabi-alonso-aborde-les-rumeurs-sur-le-retour-de-bernabeu\/","name":"L&#39;objectif de gestion \u00able plus grand\u00bb du Real Madrid, Xabi Alonso, aborde les rumeurs sur le retour de Bernabeu","isPartOf":{"@id":"https:\/\/footdavant.fr\/actualites\/#website"},"datePublished":"2025-04-22T13:48:17+00:00","dateModified":"2025-04-22T13:48:18+00:00","breadcrumb":{"@id":"https:\/\/footdavant.fr\/actualites\/lobjectif-de-gestion-le-plus-grand-du-real-madrid-xabi-alonso-aborde-les-rumeurs-sur-le-retour-de-bernabeu\/#breadcrumb"},"inLanguage":"fr-FR","potentialAction":[{"@type":"ReadAction","target":["https:\/\/footdavant.fr\/actualites\/lobjectif-de-gestion-le-plus-grand-du-real-madrid-xabi-alonso-aborde-les-rumeurs-sur-le-retour-de-bernabeu\/"]}]},{"@type":"BreadcrumbList","@id":"https:\/\/footdavant.fr\/actualites\/lobjectif-de-gestion-le-plus-grand-du-real-madrid-xabi-alonso-aborde-les-rumeurs-sur-le-retour-de-bernabeu\/#breadcrumb","itemListElement":[{"@type":"ListItem","position":1,"name":"Accueil","item":"https:\/\/footdavant.fr\/actualites\/"},{"@type":"ListItem","position":2,"name":"L&#39;objectif de gestion \u00able plus grand\u00bb du Real Madrid, Xabi Alonso, aborde les rumeurs sur le retour de Bernabeu"}]},{"@type":"WebSite","@id":"https:\/\/footdavant.fr\/actualites\/#website","url":"https:\/\/footdavant.fr\/actualites\/","name":"Foot d'avant","description":"","publisher":{"@id":"https:\/\/footdavant.fr\/actualites\/#organization"},"potentialAction":[{"@type":"SearchAction","target":{"@type":"EntryPoint","urlTemplate":"https:\/\/footdavant.fr\/actualites\/?s={search_term_string}"},"query-input":"required name=search_term_string"}],"inLanguage":"fr-FR"},{"@type":"Organization","@id":"https:\/\/footdavant.fr\/actualites\/#organization","name":"Foot d'avant","url":"https:\/\/footdavant.fr\/actualites\/","logo":{"@type":"ImageObject","inLanguage":"fr-FR","@id":"https:\/\/footdavant.fr\/actualites\/#\/schema\/logo\/image\/","url":"https:\/\/footdavant.fr\/actualites\/wp-content\/uploads\/2023\/09\/Copy-of-FootDavant-Logo.png","contentUrl":"https:\/\/footdavant.fr\/actualites\/wp-content\/uploads\/2023\/09\/Copy-of-FootDavant-Logo.png","width":936,"height":549,"caption":"Foot d'avant"},"image":{"@id":"https:\/\/footdavant.fr\/actualites\/#\/schema\/logo\/image\/"},"sameAs":["https:\/\/www.facebook.com\/Footdavant\/","https:\/\/twitter.com\/FootdavantFr","https:\/\/www.instagram.com\/footdavant.fr\/"]},{"@type":"Person","@id":"https:\/\/footdavant.fr\/actualites\/#\/schema\/person\/bc222566d95871b37e597b3ed3ba5e1d","name":"Cl\u00e9ment","image":{"@type":"ImageObject","inLanguage":"fr-FR","@id":"https:\/\/footdavant.fr\/actualites\/#\/schema\/person\/image\/","url":"https:\/\/secure.gravatar.com\/avatar\/7728b29aac2719421e1a9159b2254c44?s=96&d=mm&r=g","contentUrl":"https:\/\/secure.gravatar.com\/avatar\/7728b29aac2719421e1a9159b2254c44?s=96&d=mm&r=g","caption":"Cl\u00e9ment"},"sameAs":["https:\/\/footdavant.fr\/"]}]}},"_links":{"self":[{"href":"https:\/\/footdavant.fr\/actualites\/wp-json\/wp\/v2\/posts\/22996"}],"collection":[{"href":"https:\/\/footdavant.fr\/actualites\/wp-json\/wp\/v2\/posts"}],"about":[{"href":"https:\/\/footdavant.fr\/actualites\/wp-json\/wp\/v2\/types\/post"}],"author":[{"embeddable":true,"href":"https:\/\/footdavant.fr\/actualites\/wp-json\/wp\/v2\/users\/1"}],"replies":[{"embeddable":true,"href":"https:\/\/footdavant.fr\/actualites\/wp-json\/wp\/v2\/comments?post=22996"}],"version-history":[{"count":1,"href":"https:\/\/footdavant.fr\/actualites\/wp-json\/wp\/v2\/posts\/22996\/revisions"}],"predecessor-version":[{"id":22998,"href":"https:\/\/footdavant.fr\/actualites\/wp-json\/wp\/v2\/posts\/22996\/revisions\/22998"}],"wp:featuredmedia":[{"embeddable":true,"href":"https:\/\/footdavant.fr\/actualites\/wp-json\/wp\/v2\/media\/22997"}],"wp:attachment":[{"href":"https:\/\/footdavant.fr\/actualites\/wp-json\/wp\/v2\/media?parent=22996"}],"wp:term":[{"taxonomy":"category","embeddable":true,"href":"https:\/\/footdavant.fr\/actualites\/wp-json\/wp\/v2\/categories?post=22996"},{"taxonomy":"post_tag","embeddable":true,"href":"https:\/\/footdavant.fr\/actualites\/wp-json\/wp\/v2\/tags?post=22996"}],"curies":[{"name":"wp","href":"https:\/\/api.w.org\/{rel}","templated":true}]}}