{"id":23014,"date":"2025-04-22T21:48:39","date_gmt":"2025-04-22T19:48:39","guid":{"rendered":"https:\/\/footdavant.fr\/actualites\/la-comedie-du-lundi-soir-alors-que-la-course-de-la-ligue-des-champions-sinscrit\/"},"modified":"2025-04-22T21:48:40","modified_gmt":"2025-04-22T19:48:40","slug":"la-comedie-du-lundi-soir-alors-que-la-course-de-la-ligue-des-champions-sinscrit","status":"publish","type":"post","link":"https:\/\/footdavant.fr\/actualites\/la-comedie-du-lundi-soir-alors-que-la-course-de-la-ligue-des-champions-sinscrit\/","title":{"rendered":"La com\u00e9die du lundi soir alors que la course de la Ligue des champions s&#39;inscrit"},"content":{"rendered":"<div>\n<p>Bonjour.<\/p>\n<p>J&#39;ai appr\u00e9ci\u00e9 le football du lundi soir hier soir. Je ne passe g\u00e9n\u00e9ralement pas beaucoup de temps \u00e0 regarder ce lot, mais je venais de voir l&#39;\u00e9pisode 2 de la nouvelle saison de The Last of Us, et j&#39;avais besoin d&#39;une com\u00e9die pour \u00e9quilibrer les choses.<\/p>\n<p>Alors, merci \u00e0 Master of the Craft, Victor Vicario, Sp * rs Laugh-A-Minute Gardin Gardeer. Et aussi \u00e0 Christian Romero qui a apport\u00e9 un vrai slapstick aux proc\u00e9dures avec sa d\u00e9fense. Bon \u00e0 l&#39;ancienne \u00e9teignant, vous adorez le voir. Et pour le rendre d&#39;autant plus hilarant, nous avons obtenu un objectif Richarlison qui offrait un Smidgen d&#39;espoir tard, mais qui ne signifiait finalement rien, et la victoire de Nottingham Forest les a remis \u00e0 la troisi\u00e8me place sous les auspices d&#39;un ancien manager de Tottenham.<\/p>\n<p>Juste les 18 d\u00e9faites contre Ange postcoglou cette saison, mais nous devons donner un cr\u00e9dit \u00e0 l&#39;homme: quand il a dit: \u00abC&#39;est juste qui nous sommes un compagnon\u00bb, il n&#39;aurait pas pu avoir plus raison. C&#39;est exactement qui ils sont, toujours, seront toujours, des sp * rs sans fin. Amen. Et ainsi de suite.<\/p>\n<p>Cette course pour les places de la Ligue des champions est tr\u00e8s int\u00e9ressante, et je pr\u00e9f\u00e8re que nous n&#39;\u00e9tions pas tra\u00een\u00e9s, ce qui fait du match de demain contre Crystal Palace un important. Nous savons ce que Mikel Arteta va dire lors de sa conf\u00e9rence de presse plus tard lorsqu&#39;on lui a demand\u00e9 ce match avant notre demi-finale en demi-finale de la Ligue des champions contre le PSG.<\/p>\n<blockquote>\n<p>\u00ab\u00a0Nous ne nous concentrons que sur le prochain match. La meilleure fa\u00e7on de se pr\u00e9parer au PSG est de gagner ce match. Ce que Oliver Glasner et le personnel ont fait est remarquable et vous voyez chaque semaine comment ils se produisent et la quantit\u00e9 de probl\u00e8mes qu&#39;ils donnent \u00e0 l&#39;opposition. Nous nous attendons donc \u00e0 un jeu difficile.\u00a0\u00bb<\/p>\n<\/blockquote>\n<p>Des mots \u00e0 cet effet de toute fa\u00e7on. C&#39;est un jeu dont nous parlerons plus en d\u00e9tail plus tard dans le blog de demain, mais une victoire nous \u00e9l\u00e8verait 9 points de for\u00eat et 10 points d&#39;avance sur Newcastle avec 4 matchs \u00e0 jouer. Je sais que la culture que le manager a inculqu\u00e9 dans ce club concerne chaque jeu important, et je comprends absolument cela, mais si nous sommes assez \u00e0 l&#39;aise pour \u00eatre en mesure de prioriser un peu nos luminaires europ\u00e9ens, alors cela serait assez utile \u00e9tant donn\u00e9 l&#39;opposition que nous sommes sur le point de faire face en demi-finale et pourrait potentiellement se pr\u00e9senter \u00e0 Munich si nous y arrivons. Je ne pense pas que nous devons regarder par-dessus nos \u00e9paules sur ce pack de chasse.<\/p>\n<p>Un aspect int\u00e9ressant de demain est que le jeu a \u00e9t\u00e9 transf\u00e9r\u00e9 en milieu de semaine parce que Palace a une demi-finale de la FA Cup contre Aston Villa samedi, donc ils sont confront\u00e9s \u00e0 un sc\u00e9nario o\u00f9 l&#39;importance de ce luminaire p\u00e2lit dans l&#39;insignifiance par rapport \u00e0 celle-ci. Ils sont en s\u00e9curit\u00e9 au milieu de la table en Premier League, il n&#39;y a aucune possibilit\u00e9 de course tardive pour les faire entrer en Europe, alors cela jouera-t-il un r\u00f4le pour eux lorsqu&#39;ils viendront aux \u00c9mirats?<\/p>\n<p>La s\u00e9lection de l&#39;\u00e9quipe sera-t-elle oppos\u00e9e au risque, ou m\u00eame fortement tourn\u00e9e pour s&#39;assurer que les joueurs cl\u00e9s sont en forme et disponibles pour le voyage \u00e0 Wembley? Les joueurs, m\u00eame inconsciemment, joueront-ils en eux-m\u00eames pour \u00e9viter toute sorte de blessure ou de suspension qui les exclurait de la demi-finale? Palace a \u00e9t\u00e9 battu deux fois lors de la finale de la FA Cup (en 1990 et en 2016) et n&#39;a jamais remport\u00e9 de troph\u00e9e majeur. Peuvent-ils suivre les traces de Newcastle cette saison et mettre fin \u00e0 cette s\u00e9cheresse? Je pense qu&#39;ils peuvent battre Villa, alors c&#39;est une question de Forest ou Man City en finale. Pas facile, mais c&#39;est ainsi que \u00e7a se passe \u00e0 ce stade d&#39;une comp\u00e9tition de coupe.<\/p>\n<p>Nous d\u00e9couvrirons ce qu&#39;ils ressentent \u00e0 ce sujet et le jeu de demain dans notre podcast d&#39;aper\u00e7u sur Patreon un peu plus tard. En plus de la conversation habituelle avec Lewis, je vais parler \u00e0 Dan de HLTCO pour \u00e9valuer l&#39;ambiance dans le camp du palais, et comment il consid\u00e8re ce jeu dans le contexte de ce qui nous attend le week-end.<\/p>\n<p>Si vous n&#39;\u00eates pas d\u00e9j\u00e0 membre de Patreon, vous pouvez vous inscrire \u00e0 seulement 6 $ par mois (+ TVA, le cas \u00e9ch\u00e9ant), et ce mois-ci, nous nous engageons \u00e0 donner chaque centime que nous apportons \u00e0 quatre grandes causes.<\/p>\n<ol>\n<li>Islington Foodbank<\/li>\n<li>UNICEF<\/li>\n<li>Oscar&#39;s Kids Ireland<\/li>\n<li>La Fondation Arsenal<\/li>\n<\/ol>\n<p>Donc, si vous voulez du contenu suppl\u00e9mentaire et pour nous aider \u00e0 faire un peu de bien dans le monde, montez \u00e0 bord sur patreon.com\/arseblog. Avant cela, nous allons rassembler l&#39;action de Premier League du week-end &#8211; la com\u00e9die incluse! &#8211; Dans un nouvel \u00e9pisode du 30; Nous vous apporterons toutes les mises \u00e0 jour de la conf\u00e9rence de presse de Mikel Arteta sur Arseblog News plus tard; Et si vous n&#39;avez pas encore eu l&#39;occasion d&#39;\u00e9couter, il y a un tout nouveau suppl\u00e9ment pour vous ci-dessous.<\/p>\n<p>Pour l&#39;instant, ayez un bon.<\/p>\n<p><iframe loading=\"lazy\" src=\"https:\/\/embed.acast.com\/a1a58121-6fb4-43cf-8156-8d6df6fc312f\/6806263f3605ee881cd32d30\" width=\"100%\" height=\"300px\" frameborder=\"0\"><\/iframe><\/p>\n<h4>T\u00e9l\u00e9charger &#8211; iTunes &#8211; Spotify &#8211; ACast &#8211; RSS <\/h4>\n<\/div>\n","protected":false},"excerpt":{"rendered":"<p>Bonjour. J&#39;ai appr\u00e9ci\u00e9 le football du lundi soir hier soir. Je ne passe g\u00e9n\u00e9ralement pas beaucoup de temps \u00e0 regarder ce lot, mais je venais<\/p>\n","protected":false},"author":1,"featured_media":23015,"comment_status":"closed","ping_status":"","sticky":false,"template":"","format":"standard","meta":{"footnotes":""},"categories":[3],"tags":[318,31,8980,12,30,670,8981,671],"yoast_head":"<!-- This site is optimized with the Yoast SEO plugin v21.0 - https:\/\/yoast.com\/wordpress\/plugins\/seo\/ -->\n<title>La com\u00e9die du lundi soir alors que la course de la Ligue des champions s&#039;inscrit<\/title>\n<meta name=\"robots\" content=\"index, follow, max-snippet:-1, max-image-preview:large, max-video-preview:-1\" \/>\n<link rel=\"canonical\" href=\"https:\/\/footdavant.fr\/actualites\/la-comedie-du-lundi-soir-alors-que-la-course-de-la-ligue-des-champions-sinscrit\/\" \/>\n<meta property=\"og:locale\" content=\"fr_FR\" \/>\n<meta property=\"og:type\" content=\"article\" \/>\n<meta property=\"og:title\" content=\"La com\u00e9die du lundi soir alors que la course de la Ligue des champions s&#039;inscrit\" \/>\n<meta property=\"og:description\" content=\"Bonjour. J&#039;ai appr\u00e9ci\u00e9 le football du lundi soir hier soir. Je ne passe g\u00e9n\u00e9ralement pas beaucoup de temps \u00e0 regarder ce lot, mais je venais\" \/>\n<meta property=\"og:url\" content=\"https:\/\/footdavant.fr\/actualites\/la-comedie-du-lundi-soir-alors-que-la-course-de-la-ligue-des-champions-sinscrit\/\" \/>\n<meta property=\"og:site_name\" content=\"Foot d&#039;avant\" \/>\n<meta property=\"article:publisher\" content=\"https:\/\/www.facebook.com\/Footdavant\/\" \/>\n<meta property=\"article:published_time\" content=\"2025-04-22T19:48:39+00:00\" \/>\n<meta property=\"article:modified_time\" content=\"2025-04-22T19:48:40+00:00\" \/>\n<meta property=\"og:image\" content=\"https:\/\/footdavant.fr\/actualites\/wp-content\/uploads\/2025\/04\/La-comedie-du-lundi-soir-alors-que-la-course-de.jpg\" \/>\n\t<meta property=\"og:image:width\" content=\"1500\" \/>\n\t<meta property=\"og:image:height\" content=\"750\" \/>\n\t<meta property=\"og:image:type\" content=\"image\/jpeg\" \/>\n<meta name=\"author\" content=\"Cl\u00e9ment\" \/>\n<meta name=\"twitter:card\" content=\"summary_large_image\" \/>\n<meta name=\"twitter:creator\" content=\"@FootdavantFr\" \/>\n<meta name=\"twitter:site\" content=\"@FootdavantFr\" \/>\n<meta name=\"twitter:label1\" content=\"\u00c9crit par\" \/>\n\t<meta name=\"twitter:data1\" content=\"Cl\u00e9ment\" \/>\n\t<meta name=\"twitter:label2\" content=\"Dur\u00e9e de lecture estim\u00e9e\" \/>\n\t<meta name=\"twitter:data2\" content=\"5 minutes\" \/>\n<script type=\"application\/ld+json\" class=\"yoast-schema-graph\">{\"@context\":\"https:\/\/schema.org\",\"@graph\":[{\"@type\":\"Article\",\"@id\":\"https:\/\/footdavant.fr\/actualites\/la-comedie-du-lundi-soir-alors-que-la-course-de-la-ligue-des-champions-sinscrit\/#article\",\"isPartOf\":{\"@id\":\"https:\/\/footdavant.fr\/actualites\/la-comedie-du-lundi-soir-alors-que-la-course-de-la-ligue-des-champions-sinscrit\/\"},\"author\":{\"name\":\"Cl\u00e9ment\",\"@id\":\"https:\/\/footdavant.fr\/actualites\/#\/schema\/person\/bc222566d95871b37e597b3ed3ba5e1d\"},\"headline\":\"La com\u00e9die du lundi soir alors que la course de la Ligue des champions s&#39;inscrit\",\"datePublished\":\"2025-04-22T19:48:39+00:00\",\"dateModified\":\"2025-04-22T19:48:40+00:00\",\"mainEntityOfPage\":{\"@id\":\"https:\/\/footdavant.fr\/actualites\/la-comedie-du-lundi-soir-alors-que-la-course-de-la-ligue-des-champions-sinscrit\/\"},\"wordCount\":939,\"publisher\":{\"@id\":\"https:\/\/footdavant.fr\/actualites\/#organization\"},\"keywords\":[\"alors\",\"champions\",\"com\u00e9die\",\"des\",\"Ligue\",\"lundi\",\"s39inscrit\",\"soir\"],\"articleSection\":[\"Football\"],\"inLanguage\":\"fr-FR\"},{\"@type\":\"WebPage\",\"@id\":\"https:\/\/footdavant.fr\/actualites\/la-comedie-du-lundi-soir-alors-que-la-course-de-la-ligue-des-champions-sinscrit\/\",\"url\":\"https:\/\/footdavant.fr\/actualites\/la-comedie-du-lundi-soir-alors-que-la-course-de-la-ligue-des-champions-sinscrit\/\",\"name\":\"La com\u00e9die du lundi soir alors que la course de la Ligue des champions s&#39;inscrit\",\"isPartOf\":{\"@id\":\"https:\/\/footdavant.fr\/actualites\/#website\"},\"datePublished\":\"2025-04-22T19:48:39+00:00\",\"dateModified\":\"2025-04-22T19:48:40+00:00\",\"breadcrumb\":{\"@id\":\"https:\/\/footdavant.fr\/actualites\/la-comedie-du-lundi-soir-alors-que-la-course-de-la-ligue-des-champions-sinscrit\/#breadcrumb\"},\"inLanguage\":\"fr-FR\",\"potentialAction\":[{\"@type\":\"ReadAction\",\"target\":[\"https:\/\/footdavant.fr\/actualites\/la-comedie-du-lundi-soir-alors-que-la-course-de-la-ligue-des-champions-sinscrit\/\"]}]},{\"@type\":\"BreadcrumbList\",\"@id\":\"https:\/\/footdavant.fr\/actualites\/la-comedie-du-lundi-soir-alors-que-la-course-de-la-ligue-des-champions-sinscrit\/#breadcrumb\",\"itemListElement\":[{\"@type\":\"ListItem\",\"position\":1,\"name\":\"Accueil\",\"item\":\"https:\/\/footdavant.fr\/actualites\/\"},{\"@type\":\"ListItem\",\"position\":2,\"name\":\"La com\u00e9die du lundi soir alors que la course de la Ligue des champions s&#39;inscrit\"}]},{\"@type\":\"WebSite\",\"@id\":\"https:\/\/footdavant.fr\/actualites\/#website\",\"url\":\"https:\/\/footdavant.fr\/actualites\/\",\"name\":\"Foot d'avant\",\"description\":\"\",\"publisher\":{\"@id\":\"https:\/\/footdavant.fr\/actualites\/#organization\"},\"potentialAction\":[{\"@type\":\"SearchAction\",\"target\":{\"@type\":\"EntryPoint\",\"urlTemplate\":\"https:\/\/footdavant.fr\/actualites\/?s={search_term_string}\"},\"query-input\":\"required name=search_term_string\"}],\"inLanguage\":\"fr-FR\"},{\"@type\":\"Organization\",\"@id\":\"https:\/\/footdavant.fr\/actualites\/#organization\",\"name\":\"Foot d'avant\",\"url\":\"https:\/\/footdavant.fr\/actualites\/\",\"logo\":{\"@type\":\"ImageObject\",\"inLanguage\":\"fr-FR\",\"@id\":\"https:\/\/footdavant.fr\/actualites\/#\/schema\/logo\/image\/\",\"url\":\"https:\/\/footdavant.fr\/actualites\/wp-content\/uploads\/2023\/09\/Copy-of-FootDavant-Logo.png\",\"contentUrl\":\"https:\/\/footdavant.fr\/actualites\/wp-content\/uploads\/2023\/09\/Copy-of-FootDavant-Logo.png\",\"width\":936,\"height\":549,\"caption\":\"Foot d'avant\"},\"image\":{\"@id\":\"https:\/\/footdavant.fr\/actualites\/#\/schema\/logo\/image\/\"},\"sameAs\":[\"https:\/\/www.facebook.com\/Footdavant\/\",\"https:\/\/twitter.com\/FootdavantFr\",\"https:\/\/www.instagram.com\/footdavant.fr\/\"]},{\"@type\":\"Person\",\"@id\":\"https:\/\/footdavant.fr\/actualites\/#\/schema\/person\/bc222566d95871b37e597b3ed3ba5e1d\",\"name\":\"Cl\u00e9ment\",\"image\":{\"@type\":\"ImageObject\",\"inLanguage\":\"fr-FR\",\"@id\":\"https:\/\/footdavant.fr\/actualites\/#\/schema\/person\/image\/\",\"url\":\"https:\/\/secure.gravatar.com\/avatar\/7728b29aac2719421e1a9159b2254c44?s=96&d=mm&r=g\",\"contentUrl\":\"https:\/\/secure.gravatar.com\/avatar\/7728b29aac2719421e1a9159b2254c44?s=96&d=mm&r=g\",\"caption\":\"Cl\u00e9ment\"},\"sameAs\":[\"https:\/\/footdavant.fr\/\"]}]}<\/script>\n<!-- \/ Yoast SEO plugin. -->","yoast_head_json":{"title":"La com\u00e9die du lundi soir alors que la course de la Ligue des champions s&#39;inscrit","robots":{"index":"index","follow":"follow","max-snippet":"max-snippet:-1","max-image-preview":"max-image-preview:large","max-video-preview":"max-video-preview:-1"},"canonical":"https:\/\/footdavant.fr\/actualites\/la-comedie-du-lundi-soir-alors-que-la-course-de-la-ligue-des-champions-sinscrit\/","og_locale":"fr_FR","og_type":"article","og_title":"La com\u00e9die du lundi soir alors que la course de la Ligue des champions s&#39;inscrit","og_description":"Bonjour. J&#39;ai appr\u00e9ci\u00e9 le football du lundi soir hier soir. Je ne passe g\u00e9n\u00e9ralement pas beaucoup de temps \u00e0 regarder ce lot, mais je venais","og_url":"https:\/\/footdavant.fr\/actualites\/la-comedie-du-lundi-soir-alors-que-la-course-de-la-ligue-des-champions-sinscrit\/","og_site_name":"Foot d&#039;avant","article_publisher":"https:\/\/www.facebook.com\/Footdavant\/","article_published_time":"2025-04-22T19:48:39+00:00","article_modified_time":"2025-04-22T19:48:40+00:00","og_image":[{"width":1500,"height":750,"url":"https:\/\/footdavant.fr\/actualites\/wp-content\/uploads\/2025\/04\/La-comedie-du-lundi-soir-alors-que-la-course-de.jpg","type":"image\/jpeg"}],"author":"Cl\u00e9ment","twitter_card":"summary_large_image","twitter_creator":"@FootdavantFr","twitter_site":"@FootdavantFr","twitter_misc":{"\u00c9crit par":"Cl\u00e9ment","Dur\u00e9e de lecture estim\u00e9e":"5 minutes"},"schema":{"@context":"https:\/\/schema.org","@graph":[{"@type":"Article","@id":"https:\/\/footdavant.fr\/actualites\/la-comedie-du-lundi-soir-alors-que-la-course-de-la-ligue-des-champions-sinscrit\/#article","isPartOf":{"@id":"https:\/\/footdavant.fr\/actualites\/la-comedie-du-lundi-soir-alors-que-la-course-de-la-ligue-des-champions-sinscrit\/"},"author":{"name":"Cl\u00e9ment","@id":"https:\/\/footdavant.fr\/actualites\/#\/schema\/person\/bc222566d95871b37e597b3ed3ba5e1d"},"headline":"La com\u00e9die du lundi soir alors que la course de la Ligue des champions s&#39;inscrit","datePublished":"2025-04-22T19:48:39+00:00","dateModified":"2025-04-22T19:48:40+00:00","mainEntityOfPage":{"@id":"https:\/\/footdavant.fr\/actualites\/la-comedie-du-lundi-soir-alors-que-la-course-de-la-ligue-des-champions-sinscrit\/"},"wordCount":939,"publisher":{"@id":"https:\/\/footdavant.fr\/actualites\/#organization"},"keywords":["alors","champions","com\u00e9die","des","Ligue","lundi","s39inscrit","soir"],"articleSection":["Football"],"inLanguage":"fr-FR"},{"@type":"WebPage","@id":"https:\/\/footdavant.fr\/actualites\/la-comedie-du-lundi-soir-alors-que-la-course-de-la-ligue-des-champions-sinscrit\/","url":"https:\/\/footdavant.fr\/actualites\/la-comedie-du-lundi-soir-alors-que-la-course-de-la-ligue-des-champions-sinscrit\/","name":"La com\u00e9die du lundi soir alors que la course de la Ligue des champions s&#39;inscrit","isPartOf":{"@id":"https:\/\/footdavant.fr\/actualites\/#website"},"datePublished":"2025-04-22T19:48:39+00:00","dateModified":"2025-04-22T19:48:40+00:00","breadcrumb":{"@id":"https:\/\/footdavant.fr\/actualites\/la-comedie-du-lundi-soir-alors-que-la-course-de-la-ligue-des-champions-sinscrit\/#breadcrumb"},"inLanguage":"fr-FR","potentialAction":[{"@type":"ReadAction","target":["https:\/\/footdavant.fr\/actualites\/la-comedie-du-lundi-soir-alors-que-la-course-de-la-ligue-des-champions-sinscrit\/"]}]},{"@type":"BreadcrumbList","@id":"https:\/\/footdavant.fr\/actualites\/la-comedie-du-lundi-soir-alors-que-la-course-de-la-ligue-des-champions-sinscrit\/#breadcrumb","itemListElement":[{"@type":"ListItem","position":1,"name":"Accueil","item":"https:\/\/footdavant.fr\/actualites\/"},{"@type":"ListItem","position":2,"name":"La com\u00e9die du lundi soir alors que la course de la Ligue des champions s&#39;inscrit"}]},{"@type":"WebSite","@id":"https:\/\/footdavant.fr\/actualites\/#website","url":"https:\/\/footdavant.fr\/actualites\/","name":"Foot d'avant","description":"","publisher":{"@id":"https:\/\/footdavant.fr\/actualites\/#organization"},"potentialAction":[{"@type":"SearchAction","target":{"@type":"EntryPoint","urlTemplate":"https:\/\/footdavant.fr\/actualites\/?s={search_term_string}"},"query-input":"required name=search_term_string"}],"inLanguage":"fr-FR"},{"@type":"Organization","@id":"https:\/\/footdavant.fr\/actualites\/#organization","name":"Foot d'avant","url":"https:\/\/footdavant.fr\/actualites\/","logo":{"@type":"ImageObject","inLanguage":"fr-FR","@id":"https:\/\/footdavant.fr\/actualites\/#\/schema\/logo\/image\/","url":"https:\/\/footdavant.fr\/actualites\/wp-content\/uploads\/2023\/09\/Copy-of-FootDavant-Logo.png","contentUrl":"https:\/\/footdavant.fr\/actualites\/wp-content\/uploads\/2023\/09\/Copy-of-FootDavant-Logo.png","width":936,"height":549,"caption":"Foot d'avant"},"image":{"@id":"https:\/\/footdavant.fr\/actualites\/#\/schema\/logo\/image\/"},"sameAs":["https:\/\/www.facebook.com\/Footdavant\/","https:\/\/twitter.com\/FootdavantFr","https:\/\/www.instagram.com\/footdavant.fr\/"]},{"@type":"Person","@id":"https:\/\/footdavant.fr\/actualites\/#\/schema\/person\/bc222566d95871b37e597b3ed3ba5e1d","name":"Cl\u00e9ment","image":{"@type":"ImageObject","inLanguage":"fr-FR","@id":"https:\/\/footdavant.fr\/actualites\/#\/schema\/person\/image\/","url":"https:\/\/secure.gravatar.com\/avatar\/7728b29aac2719421e1a9159b2254c44?s=96&d=mm&r=g","contentUrl":"https:\/\/secure.gravatar.com\/avatar\/7728b29aac2719421e1a9159b2254c44?s=96&d=mm&r=g","caption":"Cl\u00e9ment"},"sameAs":["https:\/\/footdavant.fr\/"]}]}},"_links":{"self":[{"href":"https:\/\/footdavant.fr\/actualites\/wp-json\/wp\/v2\/posts\/23014"}],"collection":[{"href":"https:\/\/footdavant.fr\/actualites\/wp-json\/wp\/v2\/posts"}],"about":[{"href":"https:\/\/footdavant.fr\/actualites\/wp-json\/wp\/v2\/types\/post"}],"author":[{"embeddable":true,"href":"https:\/\/footdavant.fr\/actualites\/wp-json\/wp\/v2\/users\/1"}],"replies":[{"embeddable":true,"href":"https:\/\/footdavant.fr\/actualites\/wp-json\/wp\/v2\/comments?post=23014"}],"version-history":[{"count":1,"href":"https:\/\/footdavant.fr\/actualites\/wp-json\/wp\/v2\/posts\/23014\/revisions"}],"predecessor-version":[{"id":23016,"href":"https:\/\/footdavant.fr\/actualites\/wp-json\/wp\/v2\/posts\/23014\/revisions\/23016"}],"wp:featuredmedia":[{"embeddable":true,"href":"https:\/\/footdavant.fr\/actualites\/wp-json\/wp\/v2\/media\/23015"}],"wp:attachment":[{"href":"https:\/\/footdavant.fr\/actualites\/wp-json\/wp\/v2\/media?parent=23014"}],"wp:term":[{"taxonomy":"category","embeddable":true,"href":"https:\/\/footdavant.fr\/actualites\/wp-json\/wp\/v2\/categories?post=23014"},{"taxonomy":"post_tag","embeddable":true,"href":"https:\/\/footdavant.fr\/actualites\/wp-json\/wp\/v2\/tags?post=23014"}],"curies":[{"name":"wp","href":"https:\/\/api.w.org\/{rel}","templated":true}]}}