{"id":23020,"date":"2025-04-23T01:48:29","date_gmt":"2025-04-22T23:48:29","guid":{"rendered":"https:\/\/footdavant.fr\/actualites\/ex-red-revele-quil-a-rejete-everton-afin-de-realiser-liverpool-dream\/"},"modified":"2025-04-23T01:48:30","modified_gmt":"2025-04-22T23:48:30","slug":"ex-red-revele-quil-a-rejete-everton-afin-de-realiser-liverpool-dream","status":"publish","type":"post","link":"https:\/\/footdavant.fr\/actualites\/ex-red-revele-quil-a-rejete-everton-afin-de-realiser-liverpool-dream\/","title":{"rendered":"Ex-Red r\u00e9v\u00e8le qu&#39;il a rejet\u00e9 Everton afin de r\u00e9aliser Liverpool Dream"},"content":{"rendered":"<p><\/p>\n<div id=\"article-body\">\n<!-- Article Start --><\/p>\n<p>Jermaine Pennant a r\u00e9v\u00e9l\u00e9 qu&#39;il avait refus\u00e9 une occasion de rejoindre Everton plus t\u00f4t dans sa carri\u00e8re en raison du fait qu&#39;il ne voulait pas exclure la chance de jouer pour Liverpool.<\/p>\n<p>L&#39;ailier n\u00e9 \u00e0 Nottingham a fait l&#39;objet d&#39;int\u00e9r\u00eat des Blues pendant le premier mandat de David Moyes \u00e0 Goodison Park, mais apr\u00e8s une discussion avec son agent, il a d\u00e9cid\u00e9 de ne pas d\u00e9m\u00e9nager au Merseyside en 2005.<\/p>\n<p>Pennant allait ensuite rejoindre Birmingham City depuis Arsenal avant de se rendre \u00e0 Anfield \u00e0 l&#39;\u00e9t\u00e9 2006 o\u00f9 il a marqu\u00e9 trois buts et enregistr\u00e9 17 passes en 81 apparitions pour les Reds (toutes les comp\u00e9titions).<\/p>\n<p>  Pennant a d\u00e9clar\u00e9 sur undr le podcast COSH (via la salle de d\u00e9marrage).<\/p>\n<\/p>\n<p>Pennant n&#39;a pas eu les plus grands sorts \u00e0 Anfield, mais en repr\u00e9sentant les Reds, il a r\u00e9alis\u00e9 un r\u00eave d&#39;enfance.<\/p>\n<p>Rejoindre Everton plus t\u00f4t dans sa carri\u00e8re ne l&#39;aurait pas compl\u00e8tement exclu de d\u00e9m\u00e9nager \u00e0 Liverpool, mais cela aurait certainement rendu un transfert tr\u00e8s improbable.<\/p>\n<p>Le dernier joueur \u00e0 transf\u00e9rer directement d&#39;Everton \u00e0 Liverpool a \u00e9t\u00e9 Abel Xavier en 2002, mais Conor Coady est un joueur qui joue toujours au jeu qui a repr\u00e9sent\u00e9 les deux clubs.<\/p>\n<p>L&#39;as actuel Everton Jarrad Branthwaite a \u00e9t\u00e9 li\u00e9 \u00e0 une d\u00e9cision de Stanley Park l&#39;ann\u00e9e derni\u00e8re &#8211; certains rapports affirmant que Liverpool a soumis deux offres pour le d\u00e9fenseur.<\/p>\n<p>Il est toujours int\u00e9ressant d&#39;entendre des histoires comme celles de Pennant lorsque les joueurs prennent leur retraite. Il a certainement choisi de repr\u00e9senter la bonne \u00e9quipe sur le Merseyside!<\/p>\n<p><!-- Article End -->\t\t\t\t<\/div>\n","protected":false},"excerpt":{"rendered":"<p>Jermaine Pennant a r\u00e9v\u00e9l\u00e9 qu&#39;il avait refus\u00e9 une occasion de rejoindre Everton plus t\u00f4t dans sa carri\u00e8re en raison du fait qu&#39;il ne voulait pas<\/p>\n","protected":false},"author":1,"featured_media":23021,"comment_status":"closed","ping_status":"","sticky":false,"template":"","format":"standard","meta":{"footnotes":""},"categories":[3],"tags":[1196,7928,310,7588,53,4290,5752,1040,415],"yoast_head":"<!-- This site is optimized with the Yoast SEO plugin v21.0 - https:\/\/yoast.com\/wordpress\/plugins\/seo\/ -->\n<title>Ex-Red r\u00e9v\u00e8le qu&#039;il a rejet\u00e9 Everton afin de r\u00e9aliser Liverpool Dream<\/title>\n<meta name=\"robots\" content=\"index, follow, max-snippet:-1, max-image-preview:large, max-video-preview:-1\" \/>\n<link rel=\"canonical\" href=\"https:\/\/footdavant.fr\/actualites\/ex-red-revele-quil-a-rejete-everton-afin-de-realiser-liverpool-dream\/\" \/>\n<meta property=\"og:locale\" content=\"fr_FR\" \/>\n<meta property=\"og:type\" content=\"article\" \/>\n<meta property=\"og:title\" content=\"Ex-Red r\u00e9v\u00e8le qu&#039;il a rejet\u00e9 Everton afin de r\u00e9aliser Liverpool Dream\" \/>\n<meta property=\"og:description\" content=\"Jermaine Pennant a r\u00e9v\u00e9l\u00e9 qu&#039;il avait refus\u00e9 une occasion de rejoindre Everton plus t\u00f4t dans sa carri\u00e8re en raison du fait qu&#039;il ne voulait pas\" \/>\n<meta property=\"og:url\" content=\"https:\/\/footdavant.fr\/actualites\/ex-red-revele-quil-a-rejete-everton-afin-de-realiser-liverpool-dream\/\" \/>\n<meta property=\"og:site_name\" content=\"Foot d&#039;avant\" \/>\n<meta property=\"article:publisher\" content=\"https:\/\/www.facebook.com\/Footdavant\/\" \/>\n<meta property=\"article:published_time\" content=\"2025-04-22T23:48:29+00:00\" \/>\n<meta property=\"article:modified_time\" content=\"2025-04-22T23:48:30+00:00\" \/>\n<meta property=\"og:image\" content=\"https:\/\/footdavant.fr\/actualites\/wp-content\/uploads\/2025\/04\/Ex-Red-revele-qu39il-a-rejete-Everton-afin-de-realiser-Liverpool.jpg\" \/>\n\t<meta property=\"og:image:width\" content=\"1105\" \/>\n\t<meta property=\"og:image:height\" content=\"621\" \/>\n\t<meta property=\"og:image:type\" content=\"image\/jpeg\" \/>\n<meta name=\"author\" content=\"Cl\u00e9ment\" \/>\n<meta name=\"twitter:card\" content=\"summary_large_image\" \/>\n<meta name=\"twitter:creator\" content=\"@FootdavantFr\" \/>\n<meta name=\"twitter:site\" content=\"@FootdavantFr\" \/>\n<meta name=\"twitter:label1\" content=\"\u00c9crit par\" \/>\n\t<meta name=\"twitter:data1\" content=\"Cl\u00e9ment\" \/>\n\t<meta name=\"twitter:label2\" content=\"Dur\u00e9e de lecture estim\u00e9e\" \/>\n\t<meta name=\"twitter:data2\" content=\"1 minute\" \/>\n<script type=\"application\/ld+json\" class=\"yoast-schema-graph\">{\"@context\":\"https:\/\/schema.org\",\"@graph\":[{\"@type\":\"Article\",\"@id\":\"https:\/\/footdavant.fr\/actualites\/ex-red-revele-quil-a-rejete-everton-afin-de-realiser-liverpool-dream\/#article\",\"isPartOf\":{\"@id\":\"https:\/\/footdavant.fr\/actualites\/ex-red-revele-quil-a-rejete-everton-afin-de-realiser-liverpool-dream\/\"},\"author\":{\"name\":\"Cl\u00e9ment\",\"@id\":\"https:\/\/footdavant.fr\/actualites\/#\/schema\/person\/bc222566d95871b37e597b3ed3ba5e1d\"},\"headline\":\"Ex-Red r\u00e9v\u00e8le qu&#39;il a rejet\u00e9 Everton afin de r\u00e9aliser Liverpool Dream\",\"datePublished\":\"2025-04-22T23:48:29+00:00\",\"dateModified\":\"2025-04-22T23:48:30+00:00\",\"mainEntityOfPage\":{\"@id\":\"https:\/\/footdavant.fr\/actualites\/ex-red-revele-quil-a-rejete-everton-afin-de-realiser-liverpool-dream\/\"},\"wordCount\":299,\"publisher\":{\"@id\":\"https:\/\/footdavant.fr\/actualites\/#organization\"},\"keywords\":[\"afin\",\"Dream\",\"Everton\",\"ExRed\",\"Liverpool\",\"qu39il\",\"r\u00e9aliser\",\"rejet\u00e9\",\"r\u00e9v\u00e8le\"],\"articleSection\":[\"Football\"],\"inLanguage\":\"fr-FR\"},{\"@type\":\"WebPage\",\"@id\":\"https:\/\/footdavant.fr\/actualites\/ex-red-revele-quil-a-rejete-everton-afin-de-realiser-liverpool-dream\/\",\"url\":\"https:\/\/footdavant.fr\/actualites\/ex-red-revele-quil-a-rejete-everton-afin-de-realiser-liverpool-dream\/\",\"name\":\"Ex-Red r\u00e9v\u00e8le qu&#39;il a rejet\u00e9 Everton afin de r\u00e9aliser Liverpool Dream\",\"isPartOf\":{\"@id\":\"https:\/\/footdavant.fr\/actualites\/#website\"},\"datePublished\":\"2025-04-22T23:48:29+00:00\",\"dateModified\":\"2025-04-22T23:48:30+00:00\",\"breadcrumb\":{\"@id\":\"https:\/\/footdavant.fr\/actualites\/ex-red-revele-quil-a-rejete-everton-afin-de-realiser-liverpool-dream\/#breadcrumb\"},\"inLanguage\":\"fr-FR\",\"potentialAction\":[{\"@type\":\"ReadAction\",\"target\":[\"https:\/\/footdavant.fr\/actualites\/ex-red-revele-quil-a-rejete-everton-afin-de-realiser-liverpool-dream\/\"]}]},{\"@type\":\"BreadcrumbList\",\"@id\":\"https:\/\/footdavant.fr\/actualites\/ex-red-revele-quil-a-rejete-everton-afin-de-realiser-liverpool-dream\/#breadcrumb\",\"itemListElement\":[{\"@type\":\"ListItem\",\"position\":1,\"name\":\"Accueil\",\"item\":\"https:\/\/footdavant.fr\/actualites\/\"},{\"@type\":\"ListItem\",\"position\":2,\"name\":\"Ex-Red r\u00e9v\u00e8le qu&#39;il a rejet\u00e9 Everton afin de r\u00e9aliser Liverpool Dream\"}]},{\"@type\":\"WebSite\",\"@id\":\"https:\/\/footdavant.fr\/actualites\/#website\",\"url\":\"https:\/\/footdavant.fr\/actualites\/\",\"name\":\"Foot d'avant\",\"description\":\"\",\"publisher\":{\"@id\":\"https:\/\/footdavant.fr\/actualites\/#organization\"},\"potentialAction\":[{\"@type\":\"SearchAction\",\"target\":{\"@type\":\"EntryPoint\",\"urlTemplate\":\"https:\/\/footdavant.fr\/actualites\/?s={search_term_string}\"},\"query-input\":\"required name=search_term_string\"}],\"inLanguage\":\"fr-FR\"},{\"@type\":\"Organization\",\"@id\":\"https:\/\/footdavant.fr\/actualites\/#organization\",\"name\":\"Foot d'avant\",\"url\":\"https:\/\/footdavant.fr\/actualites\/\",\"logo\":{\"@type\":\"ImageObject\",\"inLanguage\":\"fr-FR\",\"@id\":\"https:\/\/footdavant.fr\/actualites\/#\/schema\/logo\/image\/\",\"url\":\"https:\/\/footdavant.fr\/actualites\/wp-content\/uploads\/2023\/09\/Copy-of-FootDavant-Logo.png\",\"contentUrl\":\"https:\/\/footdavant.fr\/actualites\/wp-content\/uploads\/2023\/09\/Copy-of-FootDavant-Logo.png\",\"width\":936,\"height\":549,\"caption\":\"Foot d'avant\"},\"image\":{\"@id\":\"https:\/\/footdavant.fr\/actualites\/#\/schema\/logo\/image\/\"},\"sameAs\":[\"https:\/\/www.facebook.com\/Footdavant\/\",\"https:\/\/twitter.com\/FootdavantFr\",\"https:\/\/www.instagram.com\/footdavant.fr\/\"]},{\"@type\":\"Person\",\"@id\":\"https:\/\/footdavant.fr\/actualites\/#\/schema\/person\/bc222566d95871b37e597b3ed3ba5e1d\",\"name\":\"Cl\u00e9ment\",\"image\":{\"@type\":\"ImageObject\",\"inLanguage\":\"fr-FR\",\"@id\":\"https:\/\/footdavant.fr\/actualites\/#\/schema\/person\/image\/\",\"url\":\"https:\/\/secure.gravatar.com\/avatar\/7728b29aac2719421e1a9159b2254c44?s=96&d=mm&r=g\",\"contentUrl\":\"https:\/\/secure.gravatar.com\/avatar\/7728b29aac2719421e1a9159b2254c44?s=96&d=mm&r=g\",\"caption\":\"Cl\u00e9ment\"},\"sameAs\":[\"https:\/\/footdavant.fr\/\"]}]}<\/script>\n<!-- \/ Yoast SEO plugin. -->","yoast_head_json":{"title":"Ex-Red r\u00e9v\u00e8le qu&#39;il a rejet\u00e9 Everton afin de r\u00e9aliser Liverpool Dream","robots":{"index":"index","follow":"follow","max-snippet":"max-snippet:-1","max-image-preview":"max-image-preview:large","max-video-preview":"max-video-preview:-1"},"canonical":"https:\/\/footdavant.fr\/actualites\/ex-red-revele-quil-a-rejete-everton-afin-de-realiser-liverpool-dream\/","og_locale":"fr_FR","og_type":"article","og_title":"Ex-Red r\u00e9v\u00e8le qu&#39;il a rejet\u00e9 Everton afin de r\u00e9aliser Liverpool Dream","og_description":"Jermaine Pennant a r\u00e9v\u00e9l\u00e9 qu&#39;il avait refus\u00e9 une occasion de rejoindre Everton plus t\u00f4t dans sa carri\u00e8re en raison du fait qu&#39;il ne voulait pas","og_url":"https:\/\/footdavant.fr\/actualites\/ex-red-revele-quil-a-rejete-everton-afin-de-realiser-liverpool-dream\/","og_site_name":"Foot d&#039;avant","article_publisher":"https:\/\/www.facebook.com\/Footdavant\/","article_published_time":"2025-04-22T23:48:29+00:00","article_modified_time":"2025-04-22T23:48:30+00:00","og_image":[{"width":1105,"height":621,"url":"https:\/\/footdavant.fr\/actualites\/wp-content\/uploads\/2025\/04\/Ex-Red-revele-qu39il-a-rejete-Everton-afin-de-realiser-Liverpool.jpg","type":"image\/jpeg"}],"author":"Cl\u00e9ment","twitter_card":"summary_large_image","twitter_creator":"@FootdavantFr","twitter_site":"@FootdavantFr","twitter_misc":{"\u00c9crit par":"Cl\u00e9ment","Dur\u00e9e de lecture estim\u00e9e":"1 minute"},"schema":{"@context":"https:\/\/schema.org","@graph":[{"@type":"Article","@id":"https:\/\/footdavant.fr\/actualites\/ex-red-revele-quil-a-rejete-everton-afin-de-realiser-liverpool-dream\/#article","isPartOf":{"@id":"https:\/\/footdavant.fr\/actualites\/ex-red-revele-quil-a-rejete-everton-afin-de-realiser-liverpool-dream\/"},"author":{"name":"Cl\u00e9ment","@id":"https:\/\/footdavant.fr\/actualites\/#\/schema\/person\/bc222566d95871b37e597b3ed3ba5e1d"},"headline":"Ex-Red r\u00e9v\u00e8le qu&#39;il a rejet\u00e9 Everton afin de r\u00e9aliser Liverpool Dream","datePublished":"2025-04-22T23:48:29+00:00","dateModified":"2025-04-22T23:48:30+00:00","mainEntityOfPage":{"@id":"https:\/\/footdavant.fr\/actualites\/ex-red-revele-quil-a-rejete-everton-afin-de-realiser-liverpool-dream\/"},"wordCount":299,"publisher":{"@id":"https:\/\/footdavant.fr\/actualites\/#organization"},"keywords":["afin","Dream","Everton","ExRed","Liverpool","qu39il","r\u00e9aliser","rejet\u00e9","r\u00e9v\u00e8le"],"articleSection":["Football"],"inLanguage":"fr-FR"},{"@type":"WebPage","@id":"https:\/\/footdavant.fr\/actualites\/ex-red-revele-quil-a-rejete-everton-afin-de-realiser-liverpool-dream\/","url":"https:\/\/footdavant.fr\/actualites\/ex-red-revele-quil-a-rejete-everton-afin-de-realiser-liverpool-dream\/","name":"Ex-Red r\u00e9v\u00e8le qu&#39;il a rejet\u00e9 Everton afin de r\u00e9aliser Liverpool Dream","isPartOf":{"@id":"https:\/\/footdavant.fr\/actualites\/#website"},"datePublished":"2025-04-22T23:48:29+00:00","dateModified":"2025-04-22T23:48:30+00:00","breadcrumb":{"@id":"https:\/\/footdavant.fr\/actualites\/ex-red-revele-quil-a-rejete-everton-afin-de-realiser-liverpool-dream\/#breadcrumb"},"inLanguage":"fr-FR","potentialAction":[{"@type":"ReadAction","target":["https:\/\/footdavant.fr\/actualites\/ex-red-revele-quil-a-rejete-everton-afin-de-realiser-liverpool-dream\/"]}]},{"@type":"BreadcrumbList","@id":"https:\/\/footdavant.fr\/actualites\/ex-red-revele-quil-a-rejete-everton-afin-de-realiser-liverpool-dream\/#breadcrumb","itemListElement":[{"@type":"ListItem","position":1,"name":"Accueil","item":"https:\/\/footdavant.fr\/actualites\/"},{"@type":"ListItem","position":2,"name":"Ex-Red r\u00e9v\u00e8le qu&#39;il a rejet\u00e9 Everton afin de r\u00e9aliser Liverpool Dream"}]},{"@type":"WebSite","@id":"https:\/\/footdavant.fr\/actualites\/#website","url":"https:\/\/footdavant.fr\/actualites\/","name":"Foot d'avant","description":"","publisher":{"@id":"https:\/\/footdavant.fr\/actualites\/#organization"},"potentialAction":[{"@type":"SearchAction","target":{"@type":"EntryPoint","urlTemplate":"https:\/\/footdavant.fr\/actualites\/?s={search_term_string}"},"query-input":"required name=search_term_string"}],"inLanguage":"fr-FR"},{"@type":"Organization","@id":"https:\/\/footdavant.fr\/actualites\/#organization","name":"Foot d'avant","url":"https:\/\/footdavant.fr\/actualites\/","logo":{"@type":"ImageObject","inLanguage":"fr-FR","@id":"https:\/\/footdavant.fr\/actualites\/#\/schema\/logo\/image\/","url":"https:\/\/footdavant.fr\/actualites\/wp-content\/uploads\/2023\/09\/Copy-of-FootDavant-Logo.png","contentUrl":"https:\/\/footdavant.fr\/actualites\/wp-content\/uploads\/2023\/09\/Copy-of-FootDavant-Logo.png","width":936,"height":549,"caption":"Foot d'avant"},"image":{"@id":"https:\/\/footdavant.fr\/actualites\/#\/schema\/logo\/image\/"},"sameAs":["https:\/\/www.facebook.com\/Footdavant\/","https:\/\/twitter.com\/FootdavantFr","https:\/\/www.instagram.com\/footdavant.fr\/"]},{"@type":"Person","@id":"https:\/\/footdavant.fr\/actualites\/#\/schema\/person\/bc222566d95871b37e597b3ed3ba5e1d","name":"Cl\u00e9ment","image":{"@type":"ImageObject","inLanguage":"fr-FR","@id":"https:\/\/footdavant.fr\/actualites\/#\/schema\/person\/image\/","url":"https:\/\/secure.gravatar.com\/avatar\/7728b29aac2719421e1a9159b2254c44?s=96&d=mm&r=g","contentUrl":"https:\/\/secure.gravatar.com\/avatar\/7728b29aac2719421e1a9159b2254c44?s=96&d=mm&r=g","caption":"Cl\u00e9ment"},"sameAs":["https:\/\/footdavant.fr\/"]}]}},"_links":{"self":[{"href":"https:\/\/footdavant.fr\/actualites\/wp-json\/wp\/v2\/posts\/23020"}],"collection":[{"href":"https:\/\/footdavant.fr\/actualites\/wp-json\/wp\/v2\/posts"}],"about":[{"href":"https:\/\/footdavant.fr\/actualites\/wp-json\/wp\/v2\/types\/post"}],"author":[{"embeddable":true,"href":"https:\/\/footdavant.fr\/actualites\/wp-json\/wp\/v2\/users\/1"}],"replies":[{"embeddable":true,"href":"https:\/\/footdavant.fr\/actualites\/wp-json\/wp\/v2\/comments?post=23020"}],"version-history":[{"count":1,"href":"https:\/\/footdavant.fr\/actualites\/wp-json\/wp\/v2\/posts\/23020\/revisions"}],"predecessor-version":[{"id":23022,"href":"https:\/\/footdavant.fr\/actualites\/wp-json\/wp\/v2\/posts\/23020\/revisions\/23022"}],"wp:featuredmedia":[{"embeddable":true,"href":"https:\/\/footdavant.fr\/actualites\/wp-json\/wp\/v2\/media\/23021"}],"wp:attachment":[{"href":"https:\/\/footdavant.fr\/actualites\/wp-json\/wp\/v2\/media?parent=23020"}],"wp:term":[{"taxonomy":"category","embeddable":true,"href":"https:\/\/footdavant.fr\/actualites\/wp-json\/wp\/v2\/categories?post=23020"},{"taxonomy":"post_tag","embeddable":true,"href":"https:\/\/footdavant.fr\/actualites\/wp-json\/wp\/v2\/tags?post=23020"}],"curies":[{"name":"wp","href":"https:\/\/api.w.org\/{rel}","templated":true}]}}