{"id":23026,"date":"2025-04-23T05:48:46","date_gmt":"2025-04-23T03:48:46","guid":{"rendered":"https:\/\/footdavant.fr\/actualites\/les-champions-font-enormement-de-pas-vers-le-football-europeen\/"},"modified":"2025-04-23T05:48:47","modified_gmt":"2025-04-23T03:48:47","slug":"les-champions-font-enormement-de-pas-vers-le-football-europeen","status":"publish","type":"post","link":"https:\/\/footdavant.fr\/actualites\/les-champions-font-enormement-de-pas-vers-le-football-europeen\/","title":{"rendered":"Les champions font \u00e9norm\u00e9ment de pas vers le football europ\u00e9en"},"content":{"rendered":"<div>\n<p class=\"\" data-start=\"78\" data-end=\"313\">Manchester City a remport\u00e9 une victoire dramatique 2-1 contre Aston Villa gr\u00e2ce au vainqueur de Matheus Nunes en temps d&#39;arr\u00eat, gardant leur Ligue des champions esp\u00e8re un gros coup de pouce.<\/p>\n<p class=\"\" data-start=\"315\" data-end=\"706\">Le match a commenc\u00e9 \u00e0 une vitesse vertigineuse, Marcus Rashford donnant presque \u00e0 Villa une avance de choc dans les 20 premi\u00e8res secondes, en train de faire un tour du poteau avec un disque bas.<\/p>\n<p class=\"\" data-start=\"315\" data-end=\"706\">Mais c&#39;est City qui a frapp\u00e9 en premier. \u00c0 la 7e minute, apr\u00e8s un bon travail d&#39;Omar Marmoush sur la droite, Bernardo Silva a bondi sur une coupe d\u00e9vi\u00e9e et a tir\u00e9 un coup que Emiliano Martinez n&#39;a pas r\u00e9ussi \u00e0 emp\u00eacher, remettant les h\u00f4tes un avantage pr\u00e9coce.<\/p>\n<p class=\"\" data-start=\"708\" data-end=\"954\">Villa a r\u00e9pondu tr\u00e8s rapidement. Un examen VAR sur la marque de 17 minutes a vu Ruben Dias p\u00e9nalis\u00e9 pour avoir tr\u00e9buch\u00e9 Jacob Ramsey dans la bo\u00eete. Rashford s&#39;est affront\u00e9 contre les hu\u00e9es de la foule d&#39;Etihad et a froidement g\u00ean\u00e9 le ballon devant Stefan Ortega pour niveler le score.<\/p>\n<p class=\"\" data-start=\"956\" data-end=\"1228\">Le reste de la premi\u00e8re moiti\u00e9 \u00e9tait vivant, les deux parties cr\u00e9ant des opportunit\u00e9s. Ortega a ni\u00e9 Rashford \u00e0 bout portant, tandis que le contr\u00f4le de la possession de la ville a forc\u00e9 la villa \u00e0 s&#39;asseoir profond\u00e9ment.<\/p>\n<p class=\"\" data-start=\"1230\" data-end=\"1530\">City est sortie dominante en seconde p\u00e9riode, poivrant la bo\u00eete de villa avec des coins et des croix. Les livraisons de Kevin de Bruyne \u00e9taient une menace constante, bien que les chances aient \u00e9t\u00e9 mendi\u00e9es pour Josko Gvardiol et Mcatee.<\/p>\n<blockquote class=\"twitter-tweet\" data-width=\"550\" data-dnt=\"true\">\n<p lang=\"en\" dir=\"ltr\">\u00c0 temps plein | Nous nous battons jusqu&#39;\u00e0 la fin !!! \ud83d\ude24<\/p>\n<p>\ud83e\ude75 2-1 \ud83e\udd81 <a rel=\"nofollow\" href=\"https:\/\/twitter.com\/hashtag\/ManCity?src=hash&amp;ref_src=twsrc%5Etfw\" rel=\"nofollow noopener\">#Mandity<\/a> | <a rel=\"nofollow\" href=\"https:\/\/twitter.com\/okx?ref_src=twsrc%5Etfw\" rel=\"nofollow noopener\">@okx<\/a> <a rel=\"nofollow\" href=\"https:\/\/t.co\/uIfbT1rCVE\" rel=\"nofollow\">pic.twitter.com\/uifbt1rcve<\/a><\/p>\n<p>&#8211; Manchester City (@Mancity) <a rel=\"nofollow\" href=\"https:\/\/twitter.com\/ManCity\/status\/1914785956227637511?ref_src=twsrc%5Etfw\" rel=\"nofollow noopener\">22 avril 2025<\/a><\/p>\n<\/blockquote>\n<p class=\"\" data-start=\"1230\" data-end=\"1530\">Villa, quant \u00e0 lui, offrait peu d&#39;attaque, ne rassemblant qu&#39;un seul tir hors cible apr\u00e8s la pause.<\/p>\n<p class=\"\" data-start=\"1532\" data-end=\"1876\">Pep Guardiola a pr\u00e9sent\u00e9 Jeremy Doku tard, et l&#39;ailier belge a eu un impact imm\u00e9diat. Au fond du temps d&#39;arr\u00eat, Doku a d\u00e9pass\u00e9 Axel Disasi et a livr\u00e9 une croix basse et \u00e0 l&#39;ext\u00e9rieur du boot dans la bo\u00eete de six m\u00e8tres.<\/p>\n<p class=\"\" data-start=\"1532\" data-end=\"1876\">Nunes, qui a froidement gliss\u00e9 le vainqueur \u00e0 la 94e minute pour envoyer les fans \u00e0 la maison en ravanti.<\/p>\n<p class=\"\" data-start=\"2126\" data-end=\"2354\">Avec la victoire, Manchester City est retourn\u00e9 dans le top quatre, tandis que Villa a rat\u00e9 l&#39;occasion de renforcer ses propres titres de comp\u00e9tences en Ligue des champions. Les deux parties se concentrent maintenant sur les prochaines demi-finales de la FA Cup ce week-end.<\/p>\n<\/div>\n<p><script async src=\"https:\/\/platform.twitter.com\/widgets.js\" charset=\"utf-8\"><\/script><\/p>\n","protected":false},"excerpt":{"rendered":"<p>Manchester City a remport\u00e9 une victoire dramatique 2-1 contre Aston Villa gr\u00e2ce au vainqueur de Matheus Nunes en temps d&#39;arr\u00eat, gardant leur Ligue des champions<\/p>\n","protected":false},"author":1,"featured_media":23027,"comment_status":"closed","ping_status":"","sticky":false,"template":"","format":"standard","meta":{"footnotes":""},"categories":[3],"tags":[31,8982,940,999,474,93,71,297],"yoast_head":"<!-- This site is optimized with the Yoast SEO plugin v21.0 - https:\/\/yoast.com\/wordpress\/plugins\/seo\/ -->\n<title>Les champions font \u00e9norm\u00e9ment de pas vers le football europ\u00e9en<\/title>\n<meta name=\"robots\" content=\"index, follow, max-snippet:-1, max-image-preview:large, max-video-preview:-1\" \/>\n<link rel=\"canonical\" href=\"https:\/\/footdavant.fr\/actualites\/les-champions-font-enormement-de-pas-vers-le-football-europeen\/\" \/>\n<meta property=\"og:locale\" content=\"fr_FR\" \/>\n<meta property=\"og:type\" content=\"article\" \/>\n<meta property=\"og:title\" content=\"Les champions font \u00e9norm\u00e9ment de pas vers le football europ\u00e9en\" \/>\n<meta property=\"og:description\" content=\"Manchester City a remport\u00e9 une victoire dramatique 2-1 contre Aston Villa gr\u00e2ce au vainqueur de Matheus Nunes en temps d&#039;arr\u00eat, gardant leur Ligue des champions\" \/>\n<meta property=\"og:url\" content=\"https:\/\/footdavant.fr\/actualites\/les-champions-font-enormement-de-pas-vers-le-football-europeen\/\" \/>\n<meta property=\"og:site_name\" content=\"Foot d&#039;avant\" \/>\n<meta property=\"article:publisher\" content=\"https:\/\/www.facebook.com\/Footdavant\/\" \/>\n<meta property=\"article:published_time\" content=\"2025-04-23T03:48:46+00:00\" \/>\n<meta property=\"article:modified_time\" content=\"2025-04-23T03:48:47+00:00\" \/>\n<meta property=\"og:image\" content=\"https:\/\/footdavant.fr\/actualites\/wp-content\/uploads\/2025\/04\/Les-champions-font-enormement-de-pas-vers-le-football-europeen.jpg\" \/>\n\t<meta property=\"og:image:width\" content=\"1200\" \/>\n\t<meta property=\"og:image:height\" content=\"675\" \/>\n\t<meta property=\"og:image:type\" content=\"image\/jpeg\" \/>\n<meta name=\"author\" content=\"Cl\u00e9ment\" \/>\n<meta name=\"twitter:card\" content=\"summary_large_image\" \/>\n<meta name=\"twitter:creator\" content=\"@FootdavantFr\" \/>\n<meta name=\"twitter:site\" content=\"@FootdavantFr\" \/>\n<meta name=\"twitter:label1\" content=\"\u00c9crit par\" \/>\n\t<meta name=\"twitter:data1\" content=\"Cl\u00e9ment\" \/>\n\t<meta name=\"twitter:label2\" content=\"Dur\u00e9e de lecture estim\u00e9e\" \/>\n\t<meta name=\"twitter:data2\" content=\"2 minutes\" \/>\n<script type=\"application\/ld+json\" class=\"yoast-schema-graph\">{\"@context\":\"https:\/\/schema.org\",\"@graph\":[{\"@type\":\"Article\",\"@id\":\"https:\/\/footdavant.fr\/actualites\/les-champions-font-enormement-de-pas-vers-le-football-europeen\/#article\",\"isPartOf\":{\"@id\":\"https:\/\/footdavant.fr\/actualites\/les-champions-font-enormement-de-pas-vers-le-football-europeen\/\"},\"author\":{\"name\":\"Cl\u00e9ment\",\"@id\":\"https:\/\/footdavant.fr\/actualites\/#\/schema\/person\/bc222566d95871b37e597b3ed3ba5e1d\"},\"headline\":\"Les champions font \u00e9norm\u00e9ment de pas vers le football europ\u00e9en\",\"datePublished\":\"2025-04-23T03:48:46+00:00\",\"dateModified\":\"2025-04-23T03:48:47+00:00\",\"mainEntityOfPage\":{\"@id\":\"https:\/\/footdavant.fr\/actualites\/les-champions-font-enormement-de-pas-vers-le-football-europeen\/\"},\"wordCount\":434,\"publisher\":{\"@id\":\"https:\/\/footdavant.fr\/actualites\/#organization\"},\"keywords\":[\"champions\",\"\u00e9norm\u00e9ment\",\"europ\u00e9en\",\"font\",\"Football\",\"les\",\"pas\",\"vers\"],\"articleSection\":[\"Football\"],\"inLanguage\":\"fr-FR\"},{\"@type\":\"WebPage\",\"@id\":\"https:\/\/footdavant.fr\/actualites\/les-champions-font-enormement-de-pas-vers-le-football-europeen\/\",\"url\":\"https:\/\/footdavant.fr\/actualites\/les-champions-font-enormement-de-pas-vers-le-football-europeen\/\",\"name\":\"Les champions font \u00e9norm\u00e9ment de pas vers le football europ\u00e9en\",\"isPartOf\":{\"@id\":\"https:\/\/footdavant.fr\/actualites\/#website\"},\"datePublished\":\"2025-04-23T03:48:46+00:00\",\"dateModified\":\"2025-04-23T03:48:47+00:00\",\"breadcrumb\":{\"@id\":\"https:\/\/footdavant.fr\/actualites\/les-champions-font-enormement-de-pas-vers-le-football-europeen\/#breadcrumb\"},\"inLanguage\":\"fr-FR\",\"potentialAction\":[{\"@type\":\"ReadAction\",\"target\":[\"https:\/\/footdavant.fr\/actualites\/les-champions-font-enormement-de-pas-vers-le-football-europeen\/\"]}]},{\"@type\":\"BreadcrumbList\",\"@id\":\"https:\/\/footdavant.fr\/actualites\/les-champions-font-enormement-de-pas-vers-le-football-europeen\/#breadcrumb\",\"itemListElement\":[{\"@type\":\"ListItem\",\"position\":1,\"name\":\"Accueil\",\"item\":\"https:\/\/footdavant.fr\/actualites\/\"},{\"@type\":\"ListItem\",\"position\":2,\"name\":\"Les champions font \u00e9norm\u00e9ment de pas vers le football europ\u00e9en\"}]},{\"@type\":\"WebSite\",\"@id\":\"https:\/\/footdavant.fr\/actualites\/#website\",\"url\":\"https:\/\/footdavant.fr\/actualites\/\",\"name\":\"Foot d'avant\",\"description\":\"\",\"publisher\":{\"@id\":\"https:\/\/footdavant.fr\/actualites\/#organization\"},\"potentialAction\":[{\"@type\":\"SearchAction\",\"target\":{\"@type\":\"EntryPoint\",\"urlTemplate\":\"https:\/\/footdavant.fr\/actualites\/?s={search_term_string}\"},\"query-input\":\"required name=search_term_string\"}],\"inLanguage\":\"fr-FR\"},{\"@type\":\"Organization\",\"@id\":\"https:\/\/footdavant.fr\/actualites\/#organization\",\"name\":\"Foot d'avant\",\"url\":\"https:\/\/footdavant.fr\/actualites\/\",\"logo\":{\"@type\":\"ImageObject\",\"inLanguage\":\"fr-FR\",\"@id\":\"https:\/\/footdavant.fr\/actualites\/#\/schema\/logo\/image\/\",\"url\":\"https:\/\/footdavant.fr\/actualites\/wp-content\/uploads\/2023\/09\/Copy-of-FootDavant-Logo.png\",\"contentUrl\":\"https:\/\/footdavant.fr\/actualites\/wp-content\/uploads\/2023\/09\/Copy-of-FootDavant-Logo.png\",\"width\":936,\"height\":549,\"caption\":\"Foot d'avant\"},\"image\":{\"@id\":\"https:\/\/footdavant.fr\/actualites\/#\/schema\/logo\/image\/\"},\"sameAs\":[\"https:\/\/www.facebook.com\/Footdavant\/\",\"https:\/\/twitter.com\/FootdavantFr\",\"https:\/\/www.instagram.com\/footdavant.fr\/\"]},{\"@type\":\"Person\",\"@id\":\"https:\/\/footdavant.fr\/actualites\/#\/schema\/person\/bc222566d95871b37e597b3ed3ba5e1d\",\"name\":\"Cl\u00e9ment\",\"image\":{\"@type\":\"ImageObject\",\"inLanguage\":\"fr-FR\",\"@id\":\"https:\/\/footdavant.fr\/actualites\/#\/schema\/person\/image\/\",\"url\":\"https:\/\/secure.gravatar.com\/avatar\/7728b29aac2719421e1a9159b2254c44?s=96&d=mm&r=g\",\"contentUrl\":\"https:\/\/secure.gravatar.com\/avatar\/7728b29aac2719421e1a9159b2254c44?s=96&d=mm&r=g\",\"caption\":\"Cl\u00e9ment\"},\"sameAs\":[\"https:\/\/footdavant.fr\/\"]}]}<\/script>\n<!-- \/ Yoast SEO plugin. -->","yoast_head_json":{"title":"Les champions font \u00e9norm\u00e9ment de pas vers le football europ\u00e9en","robots":{"index":"index","follow":"follow","max-snippet":"max-snippet:-1","max-image-preview":"max-image-preview:large","max-video-preview":"max-video-preview:-1"},"canonical":"https:\/\/footdavant.fr\/actualites\/les-champions-font-enormement-de-pas-vers-le-football-europeen\/","og_locale":"fr_FR","og_type":"article","og_title":"Les champions font \u00e9norm\u00e9ment de pas vers le football europ\u00e9en","og_description":"Manchester City a remport\u00e9 une victoire dramatique 2-1 contre Aston Villa gr\u00e2ce au vainqueur de Matheus Nunes en temps d&#39;arr\u00eat, gardant leur Ligue des champions","og_url":"https:\/\/footdavant.fr\/actualites\/les-champions-font-enormement-de-pas-vers-le-football-europeen\/","og_site_name":"Foot d&#039;avant","article_publisher":"https:\/\/www.facebook.com\/Footdavant\/","article_published_time":"2025-04-23T03:48:46+00:00","article_modified_time":"2025-04-23T03:48:47+00:00","og_image":[{"width":1200,"height":675,"url":"https:\/\/footdavant.fr\/actualites\/wp-content\/uploads\/2025\/04\/Les-champions-font-enormement-de-pas-vers-le-football-europeen.jpg","type":"image\/jpeg"}],"author":"Cl\u00e9ment","twitter_card":"summary_large_image","twitter_creator":"@FootdavantFr","twitter_site":"@FootdavantFr","twitter_misc":{"\u00c9crit par":"Cl\u00e9ment","Dur\u00e9e de lecture estim\u00e9e":"2 minutes"},"schema":{"@context":"https:\/\/schema.org","@graph":[{"@type":"Article","@id":"https:\/\/footdavant.fr\/actualites\/les-champions-font-enormement-de-pas-vers-le-football-europeen\/#article","isPartOf":{"@id":"https:\/\/footdavant.fr\/actualites\/les-champions-font-enormement-de-pas-vers-le-football-europeen\/"},"author":{"name":"Cl\u00e9ment","@id":"https:\/\/footdavant.fr\/actualites\/#\/schema\/person\/bc222566d95871b37e597b3ed3ba5e1d"},"headline":"Les champions font \u00e9norm\u00e9ment de pas vers le football europ\u00e9en","datePublished":"2025-04-23T03:48:46+00:00","dateModified":"2025-04-23T03:48:47+00:00","mainEntityOfPage":{"@id":"https:\/\/footdavant.fr\/actualites\/les-champions-font-enormement-de-pas-vers-le-football-europeen\/"},"wordCount":434,"publisher":{"@id":"https:\/\/footdavant.fr\/actualites\/#organization"},"keywords":["champions","\u00e9norm\u00e9ment","europ\u00e9en","font","Football","les","pas","vers"],"articleSection":["Football"],"inLanguage":"fr-FR"},{"@type":"WebPage","@id":"https:\/\/footdavant.fr\/actualites\/les-champions-font-enormement-de-pas-vers-le-football-europeen\/","url":"https:\/\/footdavant.fr\/actualites\/les-champions-font-enormement-de-pas-vers-le-football-europeen\/","name":"Les champions font \u00e9norm\u00e9ment de pas vers le football europ\u00e9en","isPartOf":{"@id":"https:\/\/footdavant.fr\/actualites\/#website"},"datePublished":"2025-04-23T03:48:46+00:00","dateModified":"2025-04-23T03:48:47+00:00","breadcrumb":{"@id":"https:\/\/footdavant.fr\/actualites\/les-champions-font-enormement-de-pas-vers-le-football-europeen\/#breadcrumb"},"inLanguage":"fr-FR","potentialAction":[{"@type":"ReadAction","target":["https:\/\/footdavant.fr\/actualites\/les-champions-font-enormement-de-pas-vers-le-football-europeen\/"]}]},{"@type":"BreadcrumbList","@id":"https:\/\/footdavant.fr\/actualites\/les-champions-font-enormement-de-pas-vers-le-football-europeen\/#breadcrumb","itemListElement":[{"@type":"ListItem","position":1,"name":"Accueil","item":"https:\/\/footdavant.fr\/actualites\/"},{"@type":"ListItem","position":2,"name":"Les champions font \u00e9norm\u00e9ment de pas vers le football europ\u00e9en"}]},{"@type":"WebSite","@id":"https:\/\/footdavant.fr\/actualites\/#website","url":"https:\/\/footdavant.fr\/actualites\/","name":"Foot d'avant","description":"","publisher":{"@id":"https:\/\/footdavant.fr\/actualites\/#organization"},"potentialAction":[{"@type":"SearchAction","target":{"@type":"EntryPoint","urlTemplate":"https:\/\/footdavant.fr\/actualites\/?s={search_term_string}"},"query-input":"required name=search_term_string"}],"inLanguage":"fr-FR"},{"@type":"Organization","@id":"https:\/\/footdavant.fr\/actualites\/#organization","name":"Foot d'avant","url":"https:\/\/footdavant.fr\/actualites\/","logo":{"@type":"ImageObject","inLanguage":"fr-FR","@id":"https:\/\/footdavant.fr\/actualites\/#\/schema\/logo\/image\/","url":"https:\/\/footdavant.fr\/actualites\/wp-content\/uploads\/2023\/09\/Copy-of-FootDavant-Logo.png","contentUrl":"https:\/\/footdavant.fr\/actualites\/wp-content\/uploads\/2023\/09\/Copy-of-FootDavant-Logo.png","width":936,"height":549,"caption":"Foot d'avant"},"image":{"@id":"https:\/\/footdavant.fr\/actualites\/#\/schema\/logo\/image\/"},"sameAs":["https:\/\/www.facebook.com\/Footdavant\/","https:\/\/twitter.com\/FootdavantFr","https:\/\/www.instagram.com\/footdavant.fr\/"]},{"@type":"Person","@id":"https:\/\/footdavant.fr\/actualites\/#\/schema\/person\/bc222566d95871b37e597b3ed3ba5e1d","name":"Cl\u00e9ment","image":{"@type":"ImageObject","inLanguage":"fr-FR","@id":"https:\/\/footdavant.fr\/actualites\/#\/schema\/person\/image\/","url":"https:\/\/secure.gravatar.com\/avatar\/7728b29aac2719421e1a9159b2254c44?s=96&d=mm&r=g","contentUrl":"https:\/\/secure.gravatar.com\/avatar\/7728b29aac2719421e1a9159b2254c44?s=96&d=mm&r=g","caption":"Cl\u00e9ment"},"sameAs":["https:\/\/footdavant.fr\/"]}]}},"_links":{"self":[{"href":"https:\/\/footdavant.fr\/actualites\/wp-json\/wp\/v2\/posts\/23026"}],"collection":[{"href":"https:\/\/footdavant.fr\/actualites\/wp-json\/wp\/v2\/posts"}],"about":[{"href":"https:\/\/footdavant.fr\/actualites\/wp-json\/wp\/v2\/types\/post"}],"author":[{"embeddable":true,"href":"https:\/\/footdavant.fr\/actualites\/wp-json\/wp\/v2\/users\/1"}],"replies":[{"embeddable":true,"href":"https:\/\/footdavant.fr\/actualites\/wp-json\/wp\/v2\/comments?post=23026"}],"version-history":[{"count":1,"href":"https:\/\/footdavant.fr\/actualites\/wp-json\/wp\/v2\/posts\/23026\/revisions"}],"predecessor-version":[{"id":23028,"href":"https:\/\/footdavant.fr\/actualites\/wp-json\/wp\/v2\/posts\/23026\/revisions\/23028"}],"wp:featuredmedia":[{"embeddable":true,"href":"https:\/\/footdavant.fr\/actualites\/wp-json\/wp\/v2\/media\/23027"}],"wp:attachment":[{"href":"https:\/\/footdavant.fr\/actualites\/wp-json\/wp\/v2\/media?parent=23026"}],"wp:term":[{"taxonomy":"category","embeddable":true,"href":"https:\/\/footdavant.fr\/actualites\/wp-json\/wp\/v2\/categories?post=23026"},{"taxonomy":"post_tag","embeddable":true,"href":"https:\/\/footdavant.fr\/actualites\/wp-json\/wp\/v2\/tags?post=23026"}],"curies":[{"name":"wp","href":"https:\/\/api.w.org\/{rel}","templated":true}]}}