{"id":23037,"date":"2025-04-23T13:48:04","date_gmt":"2025-04-23T11:48:04","guid":{"rendered":"https:\/\/footdavant.fr\/actualites\/palace-apercu-une-histoire-de-deux-demi-demi-demi-mises-en-demi-finale\/"},"modified":"2025-04-23T13:48:06","modified_gmt":"2025-04-23T11:48:06","slug":"palace-apercu-une-histoire-de-deux-demi-demi-demi-mises-en-demi-finale","status":"publish","type":"post","link":"https:\/\/footdavant.fr\/actualites\/palace-apercu-une-histoire-de-deux-demi-demi-demi-mises-en-demi-finale\/","title":{"rendered":"Palace Aper\u00e7u: une histoire de deux demi-demi-demi-mises en demi-finale?"},"content":{"rendered":"<div>\n<p>Matin.<\/p>\n<p>C&#39;est Crystal Palace \u00e0 la maison ce soir, et comme je l&#39;ai \u00e9crit hier, c&#39;est un jeu qui compte toujours m\u00eame si l&#39;Europe compte beaucoup plus \u00e0 ce stade. Les demi-finales avec le PSG ont jou\u00e9 un r\u00f4le dans le questionnement d&#39;avant-match de Mikel Arteta et s&#39;il voulait reposer tout le monde avant ces jeux, sa r\u00e9ponse:<\/p>\n<blockquote>\n<p>Nous ne pouvons pas penser en ces termes. Je pense que lorsque les joueurs sont en forme et qu&#39;ils sont disponibles et qu&#39;ils veulent jouer, ils doivent jouer. Et ils sont \u00e0 leur meilleur quand ils jouent et ils ont une coh\u00e9rence dans leurs performances. Et physiquement, ils sont bons, \u00e9motionnellement ils sont bons, leur compr\u00e9hension et leur rythme et la fa\u00e7on dont ils prennent des d\u00e9cisions sont \u00e0 leur meilleur.<\/p>\n<p>Le nombre d&#39;options que nous avons n&#39;est pas beaucoup, en particulier \u00e0 cause de l&#39;endroit o\u00f9 certains des joueurs arrivent et du nombre de minutes \u00e0 jouer.<\/p>\n<\/blockquote>\n<p>Il n&#39;y a pas de Jorginho ce soir avec Arteta faisant allusion \u00e0 sa saison en raison de la blessure aux c\u00f4tes; Riccardo Calafiori n&#39;est pas encore disponible; Et au-del\u00e0, il y a quelques changements potentiels qu&#39;il pourrait apporter. Thomas Partey pourrait retourner au milieu de terrain apr\u00e8s avoir rat\u00e9 Ipswich, bien que si nous devons jouer au trio de milieu de terrain Rice, Merino, Odegaard contre le PSG, vous pourriez faire l&#39;argument qu&#39;il pourrait \u00eatre utile pour eux d&#39;avoir un autre tour ce soir dans un jeu qui pourrait \u00eatre plus comp\u00e9titif que celui o\u00f9 vous jouez une heure contre 10 hommes.<\/p>\n<p>Je pense que nous pourrions voir une certaine rotation en arri\u00e8re avec Jurrien Timber et Myles Lewis-Skelly qui reviennent, apr\u00e8s quoi la grande question pour moi est de savoir si vous commencez Bukayo Saka apr\u00e8s le m\u00e9chant d\u00e9fi sur ses Achille dimanche. Arteta dit:<\/p>\n<blockquote>\n<p>Ce n&#39;est rien de trop s\u00e9rieux. Si nous le voulons, je pense qu&#39;il aurait une bonne chance de jouer demain.<\/p>\n<\/blockquote>\n<p>Trouver l&#39;\u00e9quilibre entre tout risque possible d&#39;aggraver quoi que ce soit, et s&#39;assurer que la forme physique du match de Saka est l\u00e0 o\u00f9 elle doit \u00eatre pour les jeux contre le PSG, jouera \u00e9videmment un r\u00f4le dans la prise de d\u00e9cision du manager plus tard. Personnellement, je pencherais vers le c\u00f4t\u00e9 oppos\u00e9 au risque des choses, mais nous savons que Saka veut toujours jouer et Arteta veut toujours jouer Saka quand il est disponible. Alors, voyons.<\/p>\n<p>Palace a sa demi-finale de la FA Cup contre Aston Villa samedi, et Oliver Glasner a parl\u00e9 de faire deux ou trois changements pour cette soir\u00e9e, plut\u00f4t que de rotation en gros. Cela signifie que ce sera un jeu suffisamment difficile, et peut-\u00eatre que certains des joueurs ont eu l&#39;occasion de jouer pour les Eagles ce soir pour convaincre le manager qu&#39;ils devraient \u00eatre consid\u00e9r\u00e9s pour une plus grande partie dans cette confrontation de Wembley.<\/p>\n<p>Dans un monde id\u00e9al, c&#39;est un jeu que nous traversons sans aucune blessure, avec z\u00e9ro drame ou controverse, et avec trois points. Apr\u00e8s quoi nous avons 6 jours pour nous pr\u00e9parer \u00e0 ce premier patrimoine avec le PSG. Je ne suis pas s\u00fbr que vous pariez sur le fait que ce soit le cas, bien que cette saison se soit d\u00e9roul\u00e9e, et avec les deux c\u00f4t\u00e9s peut-\u00eatre l\u00e9g\u00e8rement distrait par des jeux plus importants \u00e0 l&#39;horizon, cela pourrait \u00eatre un peu \u00e9trange. Aucun des deux manager ne permettra \u00e0 leurs joueurs de penser \u00e0 autre chose que ce jeu dans leurs pr\u00e9paratifs, mais la nature humaine est ce qu&#39;elle est, alors voyons comment celle-ci se d\u00e9roule.<\/p>\n<p>&#8211;<\/p>\n<p>Il a \u00e9t\u00e9 question dans la conf\u00e9rence de presse sur le contrat de Saka, l&#39;un des innombrables probl\u00e8mes pour qu&#39;Andrea Berta se dirige vers cet \u00e9t\u00e9. Arteta a dit:<\/p>\n<blockquote>\n<p>Le moment venu, nous aurons ces conversations et je suis s\u00fbr que le club est tr\u00e8s au courant. Je pense que Bukayo a \u00e9galement \u00e9t\u00e9 tr\u00e8s clair quelles sont ses intentions. Donc, je pense que tout est au bon endroit.<\/p>\n<\/blockquote>\n<p>Il y en a d&#39;autres dont l&#39;avenir sera \u00e9videmment discut\u00e9 cet \u00e9t\u00e9. William Saliba, par exemple, est quelqu&#39;un que nous devons absolument garder et je suis s\u00fbr que ce n&#39;est pas une nouvelle pour le nouveau directeur sportif ou quelqu&#39;un d&#39;autre, mais d&#39;autres sont plus susceptibles de partir en raison de leur situation contractuelle et \/ ou de leur d\u00e9sir de jouer plus r\u00e9guli\u00e8rement. En plus de tout le travail de transfert \u00e0 faire, cela signifie quelques mois occup\u00e9s pour Berta, mais les bruits positifs autour de Saka sont les bienvenus.<\/p>\n<p>Ailleurs, un groupe appel\u00e9 Gunners for Peace a exhort\u00e9 Arsenal \u00e0 abandonner le parrainage Visit Rwanda Sleeve avec une nouvelle campagne. L&#39;accord actuel expire cet \u00e9t\u00e9, et ma compr\u00e9hension est qu&#39;il est plus susceptible d&#39;\u00eatre quelqu&#39;un d&#39;autre sur la manche la saison prochaine plut\u00f4t qu&#39;un renouvellement, mais rien n&#39;est encore en pierre. Les projecteurs \u00e0 ce sujet sont cependant int\u00e9ressants, car en fin de compte, cela nous oblige \u00e0 penser au-del\u00e0 de la visite du Rwanda, et plus largement sur les parrainages, les avenants et o\u00f9 vient l&#39;argent du football (pas seulement \u00e0 Arsenal).<\/p>\n<p>Enfin pour aujourd&#39;hui, les billets pour notre \u00e9mission en direct de fin de saison (ISH) \u00e0 Union Chapel avec Arsenalvision seront en vente plus tard exclusivement pour les membres de Patreon. Nous rendrons le lien de billets disponible vers 14h aujourd&#39;hui, et il sera mis en ligne \u00e0 15h. Demain, il y aura un petit lot de billets en vente g\u00e9n\u00e9rale \u00e0 10h.<\/p>\n<p>Pour plus d&#39;informations, voir patreon.com\/arseblog o\u00f9 vous trouverez \u00e9galement un podcast d&#39;aper\u00e7u de Crystal Palace et bien plus encore. Bon, laissons-le l\u00e0 pour le moment. Rejoignez-nous plus tard pour la couverture du blog en direct, et vous obtiendrez le rapport de match, les clips de but, la r\u00e9action, les cotes des joueurs et bien plus encore sur Arseblog News.<\/p>\n<p>Allez vous rouges!<\/p>\n<\/div>\n","protected":false},"excerpt":{"rendered":"<p>Matin. C&#39;est Crystal Palace \u00e0 la maison ce soir, et comme je l&#39;ai \u00e9crit hier, c&#39;est un jeu qui compte toujours m\u00eame si l&#39;Europe compte<\/p>\n","protected":false},"author":1,"featured_media":23038,"comment_status":"closed","ping_status":"","sticky":false,"template":"","format":"standard","meta":{"footnotes":""},"categories":[3],"tags":[284,8985,2294,857,842,815,92],"yoast_head":"<!-- This site is optimized with the Yoast SEO plugin v21.0 - https:\/\/yoast.com\/wordpress\/plugins\/seo\/ -->\n<title>Palace Aper\u00e7u: une histoire de deux demi-demi-demi-mises en demi-finale?<\/title>\n<meta name=\"robots\" content=\"index, follow, max-snippet:-1, max-image-preview:large, max-video-preview:-1\" \/>\n<link rel=\"canonical\" href=\"https:\/\/footdavant.fr\/actualites\/palace-apercu-une-histoire-de-deux-demi-demi-demi-mises-en-demi-finale\/\" \/>\n<meta property=\"og:locale\" content=\"fr_FR\" \/>\n<meta property=\"og:type\" content=\"article\" \/>\n<meta property=\"og:title\" content=\"Palace Aper\u00e7u: une histoire de deux demi-demi-demi-mises en demi-finale?\" \/>\n<meta property=\"og:description\" content=\"Matin. C&#039;est Crystal Palace \u00e0 la maison ce soir, et comme je l&#039;ai \u00e9crit hier, c&#039;est un jeu qui compte toujours m\u00eame si l&#039;Europe compte\" \/>\n<meta property=\"og:url\" content=\"https:\/\/footdavant.fr\/actualites\/palace-apercu-une-histoire-de-deux-demi-demi-demi-mises-en-demi-finale\/\" \/>\n<meta property=\"og:site_name\" content=\"Foot d&#039;avant\" \/>\n<meta property=\"article:publisher\" content=\"https:\/\/www.facebook.com\/Footdavant\/\" \/>\n<meta property=\"article:published_time\" content=\"2025-04-23T11:48:04+00:00\" \/>\n<meta property=\"article:modified_time\" content=\"2025-04-23T11:48:06+00:00\" \/>\n<meta property=\"og:image\" content=\"https:\/\/footdavant.fr\/actualites\/wp-content\/uploads\/2025\/04\/Palace-Apercu-une-histoire-de-deux-demi-demi-demi-mises-en-demi-finale.jpg\" \/>\n\t<meta property=\"og:image:width\" content=\"1500\" \/>\n\t<meta property=\"og:image:height\" content=\"750\" \/>\n\t<meta property=\"og:image:type\" content=\"image\/jpeg\" \/>\n<meta name=\"author\" content=\"Cl\u00e9ment\" \/>\n<meta name=\"twitter:card\" content=\"summary_large_image\" \/>\n<meta name=\"twitter:creator\" content=\"@FootdavantFr\" \/>\n<meta name=\"twitter:site\" content=\"@FootdavantFr\" \/>\n<meta name=\"twitter:label1\" content=\"\u00c9crit par\" \/>\n\t<meta name=\"twitter:data1\" content=\"Cl\u00e9ment\" \/>\n\t<meta name=\"twitter:label2\" content=\"Dur\u00e9e de lecture estim\u00e9e\" \/>\n\t<meta name=\"twitter:data2\" content=\"5 minutes\" \/>\n<script type=\"application\/ld+json\" class=\"yoast-schema-graph\">{\"@context\":\"https:\/\/schema.org\",\"@graph\":[{\"@type\":\"Article\",\"@id\":\"https:\/\/footdavant.fr\/actualites\/palace-apercu-une-histoire-de-deux-demi-demi-demi-mises-en-demi-finale\/#article\",\"isPartOf\":{\"@id\":\"https:\/\/footdavant.fr\/actualites\/palace-apercu-une-histoire-de-deux-demi-demi-demi-mises-en-demi-finale\/\"},\"author\":{\"name\":\"Cl\u00e9ment\",\"@id\":\"https:\/\/footdavant.fr\/actualites\/#\/schema\/person\/bc222566d95871b37e597b3ed3ba5e1d\"},\"headline\":\"Palace Aper\u00e7u: une histoire de deux demi-demi-demi-mises en demi-finale?\",\"datePublished\":\"2025-04-23T11:48:04+00:00\",\"dateModified\":\"2025-04-23T11:48:06+00:00\",\"mainEntityOfPage\":{\"@id\":\"https:\/\/footdavant.fr\/actualites\/palace-apercu-une-histoire-de-deux-demi-demi-demi-mises-en-demi-finale\/\"},\"wordCount\":1064,\"publisher\":{\"@id\":\"https:\/\/footdavant.fr\/actualites\/#organization\"},\"keywords\":[\"Aper\u00e7u\",\"demidemidemimises\",\"demifinale\",\"deux\",\"histoire\",\"Palace\",\"une\"],\"articleSection\":[\"Football\"],\"inLanguage\":\"fr-FR\"},{\"@type\":\"WebPage\",\"@id\":\"https:\/\/footdavant.fr\/actualites\/palace-apercu-une-histoire-de-deux-demi-demi-demi-mises-en-demi-finale\/\",\"url\":\"https:\/\/footdavant.fr\/actualites\/palace-apercu-une-histoire-de-deux-demi-demi-demi-mises-en-demi-finale\/\",\"name\":\"Palace Aper\u00e7u: une histoire de deux demi-demi-demi-mises en demi-finale?\",\"isPartOf\":{\"@id\":\"https:\/\/footdavant.fr\/actualites\/#website\"},\"datePublished\":\"2025-04-23T11:48:04+00:00\",\"dateModified\":\"2025-04-23T11:48:06+00:00\",\"breadcrumb\":{\"@id\":\"https:\/\/footdavant.fr\/actualites\/palace-apercu-une-histoire-de-deux-demi-demi-demi-mises-en-demi-finale\/#breadcrumb\"},\"inLanguage\":\"fr-FR\",\"potentialAction\":[{\"@type\":\"ReadAction\",\"target\":[\"https:\/\/footdavant.fr\/actualites\/palace-apercu-une-histoire-de-deux-demi-demi-demi-mises-en-demi-finale\/\"]}]},{\"@type\":\"BreadcrumbList\",\"@id\":\"https:\/\/footdavant.fr\/actualites\/palace-apercu-une-histoire-de-deux-demi-demi-demi-mises-en-demi-finale\/#breadcrumb\",\"itemListElement\":[{\"@type\":\"ListItem\",\"position\":1,\"name\":\"Accueil\",\"item\":\"https:\/\/footdavant.fr\/actualites\/\"},{\"@type\":\"ListItem\",\"position\":2,\"name\":\"Palace Aper\u00e7u: une histoire de deux demi-demi-demi-mises en demi-finale?\"}]},{\"@type\":\"WebSite\",\"@id\":\"https:\/\/footdavant.fr\/actualites\/#website\",\"url\":\"https:\/\/footdavant.fr\/actualites\/\",\"name\":\"Foot d'avant\",\"description\":\"\",\"publisher\":{\"@id\":\"https:\/\/footdavant.fr\/actualites\/#organization\"},\"potentialAction\":[{\"@type\":\"SearchAction\",\"target\":{\"@type\":\"EntryPoint\",\"urlTemplate\":\"https:\/\/footdavant.fr\/actualites\/?s={search_term_string}\"},\"query-input\":\"required name=search_term_string\"}],\"inLanguage\":\"fr-FR\"},{\"@type\":\"Organization\",\"@id\":\"https:\/\/footdavant.fr\/actualites\/#organization\",\"name\":\"Foot d'avant\",\"url\":\"https:\/\/footdavant.fr\/actualites\/\",\"logo\":{\"@type\":\"ImageObject\",\"inLanguage\":\"fr-FR\",\"@id\":\"https:\/\/footdavant.fr\/actualites\/#\/schema\/logo\/image\/\",\"url\":\"https:\/\/footdavant.fr\/actualites\/wp-content\/uploads\/2023\/09\/Copy-of-FootDavant-Logo.png\",\"contentUrl\":\"https:\/\/footdavant.fr\/actualites\/wp-content\/uploads\/2023\/09\/Copy-of-FootDavant-Logo.png\",\"width\":936,\"height\":549,\"caption\":\"Foot d'avant\"},\"image\":{\"@id\":\"https:\/\/footdavant.fr\/actualites\/#\/schema\/logo\/image\/\"},\"sameAs\":[\"https:\/\/www.facebook.com\/Footdavant\/\",\"https:\/\/twitter.com\/FootdavantFr\",\"https:\/\/www.instagram.com\/footdavant.fr\/\"]},{\"@type\":\"Person\",\"@id\":\"https:\/\/footdavant.fr\/actualites\/#\/schema\/person\/bc222566d95871b37e597b3ed3ba5e1d\",\"name\":\"Cl\u00e9ment\",\"image\":{\"@type\":\"ImageObject\",\"inLanguage\":\"fr-FR\",\"@id\":\"https:\/\/footdavant.fr\/actualites\/#\/schema\/person\/image\/\",\"url\":\"https:\/\/secure.gravatar.com\/avatar\/7728b29aac2719421e1a9159b2254c44?s=96&d=mm&r=g\",\"contentUrl\":\"https:\/\/secure.gravatar.com\/avatar\/7728b29aac2719421e1a9159b2254c44?s=96&d=mm&r=g\",\"caption\":\"Cl\u00e9ment\"},\"sameAs\":[\"https:\/\/footdavant.fr\/\"]}]}<\/script>\n<!-- \/ Yoast SEO plugin. -->","yoast_head_json":{"title":"Palace Aper\u00e7u: une histoire de deux demi-demi-demi-mises en demi-finale?","robots":{"index":"index","follow":"follow","max-snippet":"max-snippet:-1","max-image-preview":"max-image-preview:large","max-video-preview":"max-video-preview:-1"},"canonical":"https:\/\/footdavant.fr\/actualites\/palace-apercu-une-histoire-de-deux-demi-demi-demi-mises-en-demi-finale\/","og_locale":"fr_FR","og_type":"article","og_title":"Palace Aper\u00e7u: une histoire de deux demi-demi-demi-mises en demi-finale?","og_description":"Matin. C&#39;est Crystal Palace \u00e0 la maison ce soir, et comme je l&#39;ai \u00e9crit hier, c&#39;est un jeu qui compte toujours m\u00eame si l&#39;Europe compte","og_url":"https:\/\/footdavant.fr\/actualites\/palace-apercu-une-histoire-de-deux-demi-demi-demi-mises-en-demi-finale\/","og_site_name":"Foot d&#039;avant","article_publisher":"https:\/\/www.facebook.com\/Footdavant\/","article_published_time":"2025-04-23T11:48:04+00:00","article_modified_time":"2025-04-23T11:48:06+00:00","og_image":[{"width":1500,"height":750,"url":"https:\/\/footdavant.fr\/actualites\/wp-content\/uploads\/2025\/04\/Palace-Apercu-une-histoire-de-deux-demi-demi-demi-mises-en-demi-finale.jpg","type":"image\/jpeg"}],"author":"Cl\u00e9ment","twitter_card":"summary_large_image","twitter_creator":"@FootdavantFr","twitter_site":"@FootdavantFr","twitter_misc":{"\u00c9crit par":"Cl\u00e9ment","Dur\u00e9e de lecture estim\u00e9e":"5 minutes"},"schema":{"@context":"https:\/\/schema.org","@graph":[{"@type":"Article","@id":"https:\/\/footdavant.fr\/actualites\/palace-apercu-une-histoire-de-deux-demi-demi-demi-mises-en-demi-finale\/#article","isPartOf":{"@id":"https:\/\/footdavant.fr\/actualites\/palace-apercu-une-histoire-de-deux-demi-demi-demi-mises-en-demi-finale\/"},"author":{"name":"Cl\u00e9ment","@id":"https:\/\/footdavant.fr\/actualites\/#\/schema\/person\/bc222566d95871b37e597b3ed3ba5e1d"},"headline":"Palace Aper\u00e7u: une histoire de deux demi-demi-demi-mises en demi-finale?","datePublished":"2025-04-23T11:48:04+00:00","dateModified":"2025-04-23T11:48:06+00:00","mainEntityOfPage":{"@id":"https:\/\/footdavant.fr\/actualites\/palace-apercu-une-histoire-de-deux-demi-demi-demi-mises-en-demi-finale\/"},"wordCount":1064,"publisher":{"@id":"https:\/\/footdavant.fr\/actualites\/#organization"},"keywords":["Aper\u00e7u","demidemidemimises","demifinale","deux","histoire","Palace","une"],"articleSection":["Football"],"inLanguage":"fr-FR"},{"@type":"WebPage","@id":"https:\/\/footdavant.fr\/actualites\/palace-apercu-une-histoire-de-deux-demi-demi-demi-mises-en-demi-finale\/","url":"https:\/\/footdavant.fr\/actualites\/palace-apercu-une-histoire-de-deux-demi-demi-demi-mises-en-demi-finale\/","name":"Palace Aper\u00e7u: une histoire de deux demi-demi-demi-mises en demi-finale?","isPartOf":{"@id":"https:\/\/footdavant.fr\/actualites\/#website"},"datePublished":"2025-04-23T11:48:04+00:00","dateModified":"2025-04-23T11:48:06+00:00","breadcrumb":{"@id":"https:\/\/footdavant.fr\/actualites\/palace-apercu-une-histoire-de-deux-demi-demi-demi-mises-en-demi-finale\/#breadcrumb"},"inLanguage":"fr-FR","potentialAction":[{"@type":"ReadAction","target":["https:\/\/footdavant.fr\/actualites\/palace-apercu-une-histoire-de-deux-demi-demi-demi-mises-en-demi-finale\/"]}]},{"@type":"BreadcrumbList","@id":"https:\/\/footdavant.fr\/actualites\/palace-apercu-une-histoire-de-deux-demi-demi-demi-mises-en-demi-finale\/#breadcrumb","itemListElement":[{"@type":"ListItem","position":1,"name":"Accueil","item":"https:\/\/footdavant.fr\/actualites\/"},{"@type":"ListItem","position":2,"name":"Palace Aper\u00e7u: une histoire de deux demi-demi-demi-mises en demi-finale?"}]},{"@type":"WebSite","@id":"https:\/\/footdavant.fr\/actualites\/#website","url":"https:\/\/footdavant.fr\/actualites\/","name":"Foot d'avant","description":"","publisher":{"@id":"https:\/\/footdavant.fr\/actualites\/#organization"},"potentialAction":[{"@type":"SearchAction","target":{"@type":"EntryPoint","urlTemplate":"https:\/\/footdavant.fr\/actualites\/?s={search_term_string}"},"query-input":"required name=search_term_string"}],"inLanguage":"fr-FR"},{"@type":"Organization","@id":"https:\/\/footdavant.fr\/actualites\/#organization","name":"Foot d'avant","url":"https:\/\/footdavant.fr\/actualites\/","logo":{"@type":"ImageObject","inLanguage":"fr-FR","@id":"https:\/\/footdavant.fr\/actualites\/#\/schema\/logo\/image\/","url":"https:\/\/footdavant.fr\/actualites\/wp-content\/uploads\/2023\/09\/Copy-of-FootDavant-Logo.png","contentUrl":"https:\/\/footdavant.fr\/actualites\/wp-content\/uploads\/2023\/09\/Copy-of-FootDavant-Logo.png","width":936,"height":549,"caption":"Foot d'avant"},"image":{"@id":"https:\/\/footdavant.fr\/actualites\/#\/schema\/logo\/image\/"},"sameAs":["https:\/\/www.facebook.com\/Footdavant\/","https:\/\/twitter.com\/FootdavantFr","https:\/\/www.instagram.com\/footdavant.fr\/"]},{"@type":"Person","@id":"https:\/\/footdavant.fr\/actualites\/#\/schema\/person\/bc222566d95871b37e597b3ed3ba5e1d","name":"Cl\u00e9ment","image":{"@type":"ImageObject","inLanguage":"fr-FR","@id":"https:\/\/footdavant.fr\/actualites\/#\/schema\/person\/image\/","url":"https:\/\/secure.gravatar.com\/avatar\/7728b29aac2719421e1a9159b2254c44?s=96&d=mm&r=g","contentUrl":"https:\/\/secure.gravatar.com\/avatar\/7728b29aac2719421e1a9159b2254c44?s=96&d=mm&r=g","caption":"Cl\u00e9ment"},"sameAs":["https:\/\/footdavant.fr\/"]}]}},"_links":{"self":[{"href":"https:\/\/footdavant.fr\/actualites\/wp-json\/wp\/v2\/posts\/23037"}],"collection":[{"href":"https:\/\/footdavant.fr\/actualites\/wp-json\/wp\/v2\/posts"}],"about":[{"href":"https:\/\/footdavant.fr\/actualites\/wp-json\/wp\/v2\/types\/post"}],"author":[{"embeddable":true,"href":"https:\/\/footdavant.fr\/actualites\/wp-json\/wp\/v2\/users\/1"}],"replies":[{"embeddable":true,"href":"https:\/\/footdavant.fr\/actualites\/wp-json\/wp\/v2\/comments?post=23037"}],"version-history":[{"count":1,"href":"https:\/\/footdavant.fr\/actualites\/wp-json\/wp\/v2\/posts\/23037\/revisions"}],"predecessor-version":[{"id":23039,"href":"https:\/\/footdavant.fr\/actualites\/wp-json\/wp\/v2\/posts\/23037\/revisions\/23039"}],"wp:featuredmedia":[{"embeddable":true,"href":"https:\/\/footdavant.fr\/actualites\/wp-json\/wp\/v2\/media\/23038"}],"wp:attachment":[{"href":"https:\/\/footdavant.fr\/actualites\/wp-json\/wp\/v2\/media?parent=23037"}],"wp:term":[{"taxonomy":"category","embeddable":true,"href":"https:\/\/footdavant.fr\/actualites\/wp-json\/wp\/v2\/categories?post=23037"},{"taxonomy":"post_tag","embeddable":true,"href":"https:\/\/footdavant.fr\/actualites\/wp-json\/wp\/v2\/tags?post=23037"}],"curies":[{"name":"wp","href":"https:\/\/api.w.org\/{rel}","templated":true}]}}