{"id":23040,"date":"2025-04-23T15:49:01","date_gmt":"2025-04-23T13:49:01","guid":{"rendered":"https:\/\/footdavant.fr\/actualites\/man-united-blessur-suspension-news-vs-wolverhampton-wanderers-amad-diallo-matthijs-de-ligt-joshua-zirkzee-mises-a-jour\/"},"modified":"2025-04-23T15:49:03","modified_gmt":"2025-04-23T13:49:03","slug":"man-united-blessur-suspension-news-vs-wolverhampton-wanderers-amad-diallo-matthijs-de-ligt-joshua-zirkzee-mises-a-jour","status":"publish","type":"post","link":"https:\/\/footdavant.fr\/actualites\/man-united-blessur-suspension-news-vs-wolverhampton-wanderers-amad-diallo-matthijs-de-ligt-joshua-zirkzee-mises-a-jour\/","title":{"rendered":"Man United Blessur, Suspension News vs Wolverhampton Wanderers: Amad Diallo, Matthijs de Ligt, Joshua Zirkzee Mises \u00e0 jour"},"content":{"rendered":"<p>Sports Mole rassemble les nouvelles de Manchester United et de suspension avant leur affrontement en Premier League avec Wolverhampton Wanderers.<\/p>\n<div id=\"article_body\" itemprop=\"articleBody\">\n<p class=\"firstPara\"><strong class=\"autotag\">Manchester United<\/strong> Va viser \u00e0 revenir \u00e0 la victoire en Premier League lorsqu&#39;ils accueillent <strong class=\"autotag\">Wolverhampton Wanderers<\/strong> \u00e0 Old Trafford dimanche apr\u00e8s-midi.<\/p>\n<p>Les Red Devils entreront dans le match \u00e0 l&#39;arri\u00e8re de <strong>Une victoire sensationnelle 5-4 sur Lyon<\/strong> Jeudi soir, en Ligue Europa, qui les a vus passer aux demi-finales avec l&#39;aimable autorisation d&#39;un succ\u00e8s global de 7-6.<\/p>\n<p><strong class=\"autotag\">Ruben Amorim<\/strong>Le c\u00f4t\u00e9 a eu une saison d\u00e9sastreuse dans la ligue, cependant, avec 38 points de 32 matchs les laissant en 14e place dans le <strong>Table de Premier League<\/strong>.<\/p>\n<p>Ici, <strong>Taupe de sport<\/strong> Arrondit les nouvelles de Man United et la suspension avant leur concours avec Wolves, qui participera au concours de l&#39;arri\u00e8re de quatre victoires cons\u00e9cutives dans le haut vol d&#39;Angleterre.<\/p>\n<hr>\n<p class=\"imgI\">\n<p><strong>Statut:<\/strong> Dehors<br \/><strong>Type de blessure:<\/strong> Genou<br \/><strong>Date de retour possible:<\/strong> Inconnu<\/p>\n<p>Martinez a subi une grave blessure au genou lors du match de Premier League de Man United contre Crystal Palace le 2 f\u00e9vrier, et l&#39;international argentin devrait \u00eatre en marge pour le reste de 2025.<\/p>\n<hr>\n<p class=\"imgI\"><img decoding=\"async\" loading=\"lazy\" class=\"l\" src=\"https:\/\/footdavant.fr\/actualites\/wp-content\/uploads\/2025\/04\/1745416140_358_Man-United-Blessur-Suspension-News-vs-Wolverhampton-Wanderers-Amad-Diallo.jpg\" title=\"Jonny Evans de Manchester United le 29 septembre 2024\" alt=\"Jonny Evans de Manchester United le 29 septembre 2024\" width=\"640\" height=\"480\"><\/p>\n<p><strong>Statut:<\/strong> Doute majeur<br \/><strong>Type de blessure:<\/strong> Muscle<br \/><strong>Date de retour possible:<\/strong> 20 avril (contre Wolves)<\/p>\n<p>Le dos central exp\u00e9riment\u00e9 Evans est r\u00e9cemment revenu \u00e0 l&#39;entra\u00eenement apr\u00e8s s&#39;\u00eatre remis d&#39;un probl\u00e8me musculaire \u00e0 long terme, et il y a une chance qu&#39;il puisse \u00eatre parmi les substituts de l&#39;affrontement avec les loups.<\/p>\n<hr>\n<p class=\"imgI\"><img decoding=\"async\" loading=\"lazy\" class=\"l\" src=\"https:\/\/footdavant.fr\/actualites\/wp-content\/uploads\/2025\/04\/1745416140_779_Man-United-Blessur-Suspension-News-vs-Wolverhampton-Wanderers-Amad-Diallo.jpg\" title=\"Amad Diallo de Manchester United le 16 janvier 2025\" alt=\"Amad Diallo de Manchester United le 16 janvier 2025\" width=\"640\" height=\"480\"><\/p>\n<p><strong>Statut:<\/strong> Dehors<br \/><strong>Type de blessure:<\/strong> Cheville<br \/><strong>Date de retour possible:<\/strong> 3 mai (contre Brentford)<\/p>\n<p>Amad a subi une blessure \u00e0 la cheville lors d&#39;une s\u00e9ance d&#39;entra\u00eenement en f\u00e9vrier, qui s&#39;\u00e9tait apparemment termin\u00e9e cette saison, mais il est entendu que l&#39;attaquant pourrait \u00eatre de retour sur le terrain d\u00e9but mai.<\/p>\n<hr>\n<p class=\"imgI\"><img decoding=\"async\" loading=\"lazy\" class=\"l\" src=\"https:\/\/footdavant.fr\/actualites\/wp-content\/uploads\/2025\/04\/1745416140_617_Man-United-Blessur-Suspension-News-vs-Wolverhampton-Wanderers-Amad-Diallo.jpg\" title=\"Le d\u00e9fenseur de Manchester United Ayden Heaven le 16 mars 2025\" alt=\"Le d\u00e9fenseur de Manchester United Ayden Heaven le 16 mars 2025\" width=\"640\" height=\"480\"><\/p>\n<p><strong>Statut:<\/strong> Doute majeur<br \/><strong>Type de blessure:<\/strong> Frappe<br \/><strong>Date de retour possible:<\/strong> 20 avril (contre Wolves)<\/p>\n<p>La blessure \u00e0 la cheville que le ciel a subie contre Leicester City avant la pause internationale n&#39;\u00e9tait pas aussi grave que le premier, et le d\u00e9fenseur central \u00e9tait de retour sur le banc contre Newcastle le week-end dernier, mais il a rat\u00e9 Lyon \u00e0 cause d&#39;un coup, et il reste \u00e0 voir s&#39;il est disponible pour l&#39;affrontement avec les loups.<\/p>\n<hr>\n<p class=\"imgI\"><img decoding=\"async\" loading=\"lazy\" class=\"l\" src=\"https:\/\/footdavant.fr\/actualites\/wp-content\/uploads\/2025\/04\/1745416141_987_Man-United-Blessur-Suspension-News-vs-Wolverhampton-Wanderers-Amad-Diallo.jpg\" title=\"Matthijs de Ligt de Manchester United en action le 7 d\u00e9cembre 2024\" alt=\"Matthijs de Ligt de Manchester United en action le 7 d\u00e9cembre 2024\" width=\"640\" height=\"480\"><\/p>\n<p><strong>Statut:<\/strong> Dehors<br \/><strong>Type de blessure:<\/strong> Pied<br \/><strong>Date de retour possible:<\/strong> 27 avril (contre Bournemouth)<\/p>\n<p>De Ligt a maintenant rat\u00e9 les quatre derniers matchs de Man United avec une blessure au pied, mais l&#39;international n\u00e9erlandais devrait revenir \u00e0 l&#39;entra\u00eenement la semaine prochaine, donc il pourrait figurer contre Bournemouth le 27 avril.<\/p>\n<hr>\n<p class=\"imgI\"><img decoding=\"async\" loading=\"lazy\" class=\"l\" src=\"https:\/\/footdavant.fr\/actualites\/wp-content\/uploads\/2025\/04\/1745416141_25_Man-United-Blessur-Suspension-News-vs-Wolverhampton-Wanderers-Amad-Diallo.jpg\" title=\"Joshua Zirkzee de Manchester United le 13 avril 2025\" alt=\"Joshua Zirkzee de Manchester United le 13 avril 2025\" width=\"640\" height=\"480\"><\/p>\n<p><strong>Statut:<\/strong> Dehors<br \/><strong>Type de blessure:<\/strong> Tendon<br \/><strong>Date de retour possible:<\/strong> Inconnu<\/p>\n<p>Man United manquera Zirkzee pour le reste de la campagne 2024-25, l&#39;international des Pays-Bas a fait une blessure aux ischio-jambiers lors de la d\u00e9faite de l&#39;\u00e9quipe contre Newcastle en Premier Le week-end dernier.<\/p>\n<hr>\n<p class=\"imgI\"><img decoding=\"async\" loading=\"lazy\" class=\"l\" src=\"https:\/\/footdavant.fr\/actualites\/wp-content\/uploads\/2025\/04\/1745416141_260_Man-United-Blessur-Suspension-News-vs-Wolverhampton-Wanderers-Amad-Diallo.jpg\" title=\"Tobyer de Manchester United le 9 mars 2025\" alt=\"Tobyer de Manchester United le 9 mars 2025\" width=\"640\" height=\"480\"><\/p>\n<p><strong>Statut:<\/strong> Dehors<br \/><strong>Type de blessure:<\/strong> Jambe<br \/><strong>Date de retour possible:<\/strong> 27 avril (contre Bournemouth)<\/p>\n<p>Collyer sera \u00e0 nouveau indisponible pour la s\u00e9lection ce week-end en raison de \u00ab\u00a0un petit num\u00e9ro dans sa jambe\u00a0\u00bb, mais le milieu de terrain pourrait potentiellement revenir pour l&#39;affrontement avec Bournemouth \u00e0 la fin du mois.<\/p>\n<hr>\n<p><strong><\/p>\n<h2>Liste de suspension de Manchester United<\/h2>\n<p><\/strong><\/p>\n<p>Man United n&#39;a aucun joueur suspendu pour ce match.<\/p>\n<hr>\n<div class=\"author_box\">\n<div class=\"author_box_banner\">\n<img decoding=\"async\" class=\"author_img\" src=\"https:\/\/footdavant.fr\/actualites\/wp-content\/uploads\/2025\/04\/1745416141_262_Man-United-Blessur-Suspension-News-vs-Wolverhampton-Wanderers-Amad-Diallo.jpg\"><\/p>\n<\/div>\n<\/div>\n<\/div>\n","protected":false},"excerpt":{"rendered":"<p>Sports Mole rassemble les nouvelles de Manchester United et de suspension avant leur affrontement en Premier League avec Wolverhampton Wanderers. Manchester United Va viser \u00e0<\/p>\n","protected":false},"author":1,"featured_media":23041,"comment_status":"closed","ping_status":"","sticky":false,"template":"","format":"standard","meta":{"footnotes":""},"categories":[5],"tags":[833,7945,834,2611,328,5304,24,5303,2836,409,18,13,745,744,2631],"yoast_head":"<!-- This site is optimized with the Yoast SEO plugin v21.0 - https:\/\/yoast.com\/wordpress\/plugins\/seo\/ -->\n<title>Man United Blessur, Suspension News vs Wolverhampton Wanderers: Amad Diallo, Matthijs de Ligt, Joshua Zirkzee Mises \u00e0 jour<\/title>\n<meta name=\"robots\" content=\"index, follow, max-snippet:-1, max-image-preview:large, max-video-preview:-1\" \/>\n<link rel=\"canonical\" href=\"https:\/\/footdavant.fr\/actualites\/man-united-blessur-suspension-news-vs-wolverhampton-wanderers-amad-diallo-matthijs-de-ligt-joshua-zirkzee-mises-a-jour\/\" \/>\n<meta property=\"og:locale\" content=\"fr_FR\" \/>\n<meta property=\"og:type\" content=\"article\" \/>\n<meta property=\"og:title\" content=\"Man United Blessur, Suspension News vs Wolverhampton Wanderers: Amad Diallo, Matthijs de Ligt, Joshua Zirkzee Mises \u00e0 jour\" \/>\n<meta property=\"og:description\" content=\"Sports Mole rassemble les nouvelles de Manchester United et de suspension avant leur affrontement en Premier League avec Wolverhampton Wanderers. Manchester United Va viser \u00e0\" \/>\n<meta property=\"og:url\" content=\"https:\/\/footdavant.fr\/actualites\/man-united-blessur-suspension-news-vs-wolverhampton-wanderers-amad-diallo-matthijs-de-ligt-joshua-zirkzee-mises-a-jour\/\" \/>\n<meta property=\"og:site_name\" content=\"Foot d&#039;avant\" \/>\n<meta property=\"article:publisher\" content=\"https:\/\/www.facebook.com\/Footdavant\/\" \/>\n<meta property=\"article:published_time\" content=\"2025-04-23T13:49:01+00:00\" \/>\n<meta property=\"article:modified_time\" content=\"2025-04-23T13:49:03+00:00\" \/>\n<meta property=\"og:image\" content=\"https:\/\/footdavant.fr\/actualites\/wp-content\/uploads\/2025\/04\/Man-United-Blessur-Suspension-News-vs-Wolverhampton-Wanderers-Amad-Diallo.jpg\" \/>\n\t<meta property=\"og:image:width\" content=\"640\" \/>\n\t<meta property=\"og:image:height\" content=\"480\" \/>\n\t<meta property=\"og:image:type\" content=\"image\/jpeg\" \/>\n<meta name=\"author\" content=\"Cl\u00e9ment\" \/>\n<meta name=\"twitter:card\" content=\"summary_large_image\" \/>\n<meta name=\"twitter:creator\" content=\"@FootdavantFr\" \/>\n<meta name=\"twitter:site\" content=\"@FootdavantFr\" \/>\n<meta name=\"twitter:label1\" content=\"\u00c9crit par\" \/>\n\t<meta name=\"twitter:data1\" content=\"Cl\u00e9ment\" \/>\n\t<meta name=\"twitter:label2\" content=\"Dur\u00e9e de lecture estim\u00e9e\" \/>\n\t<meta name=\"twitter:data2\" content=\"3 minutes\" \/>\n<script type=\"application\/ld+json\" class=\"yoast-schema-graph\">{\"@context\":\"https:\/\/schema.org\",\"@graph\":[{\"@type\":\"Article\",\"@id\":\"https:\/\/footdavant.fr\/actualites\/man-united-blessur-suspension-news-vs-wolverhampton-wanderers-amad-diallo-matthijs-de-ligt-joshua-zirkzee-mises-a-jour\/#article\",\"isPartOf\":{\"@id\":\"https:\/\/footdavant.fr\/actualites\/man-united-blessur-suspension-news-vs-wolverhampton-wanderers-amad-diallo-matthijs-de-ligt-joshua-zirkzee-mises-a-jour\/\"},\"author\":{\"name\":\"Cl\u00e9ment\",\"@id\":\"https:\/\/footdavant.fr\/actualites\/#\/schema\/person\/bc222566d95871b37e597b3ed3ba5e1d\"},\"headline\":\"Man United Blessur, Suspension News vs Wolverhampton Wanderers: Amad Diallo, Matthijs de Ligt, Joshua Zirkzee Mises \u00e0 jour\",\"datePublished\":\"2025-04-23T13:49:01+00:00\",\"dateModified\":\"2025-04-23T13:49:03+00:00\",\"mainEntityOfPage\":{\"@id\":\"https:\/\/footdavant.fr\/actualites\/man-united-blessur-suspension-news-vs-wolverhampton-wanderers-amad-diallo-matthijs-de-ligt-joshua-zirkzee-mises-a-jour\/\"},\"wordCount\":564,\"publisher\":{\"@id\":\"https:\/\/footdavant.fr\/actualites\/#organization\"},\"keywords\":[\"Amad\",\"Blessur\",\"Diallo\",\"Joshua\",\"jour\",\"Ligt\",\"Man\",\"Matthijs\",\"Mises\",\"News\",\"suspension\",\"United\",\"Wanderers\",\"Wolverhampton\",\"Zirkzee\"],\"articleSection\":[\"Premier League\"],\"inLanguage\":\"fr-FR\"},{\"@type\":\"WebPage\",\"@id\":\"https:\/\/footdavant.fr\/actualites\/man-united-blessur-suspension-news-vs-wolverhampton-wanderers-amad-diallo-matthijs-de-ligt-joshua-zirkzee-mises-a-jour\/\",\"url\":\"https:\/\/footdavant.fr\/actualites\/man-united-blessur-suspension-news-vs-wolverhampton-wanderers-amad-diallo-matthijs-de-ligt-joshua-zirkzee-mises-a-jour\/\",\"name\":\"Man United Blessur, Suspension News vs Wolverhampton Wanderers: Amad Diallo, Matthijs de Ligt, Joshua Zirkzee Mises \u00e0 jour\",\"isPartOf\":{\"@id\":\"https:\/\/footdavant.fr\/actualites\/#website\"},\"datePublished\":\"2025-04-23T13:49:01+00:00\",\"dateModified\":\"2025-04-23T13:49:03+00:00\",\"breadcrumb\":{\"@id\":\"https:\/\/footdavant.fr\/actualites\/man-united-blessur-suspension-news-vs-wolverhampton-wanderers-amad-diallo-matthijs-de-ligt-joshua-zirkzee-mises-a-jour\/#breadcrumb\"},\"inLanguage\":\"fr-FR\",\"potentialAction\":[{\"@type\":\"ReadAction\",\"target\":[\"https:\/\/footdavant.fr\/actualites\/man-united-blessur-suspension-news-vs-wolverhampton-wanderers-amad-diallo-matthijs-de-ligt-joshua-zirkzee-mises-a-jour\/\"]}]},{\"@type\":\"BreadcrumbList\",\"@id\":\"https:\/\/footdavant.fr\/actualites\/man-united-blessur-suspension-news-vs-wolverhampton-wanderers-amad-diallo-matthijs-de-ligt-joshua-zirkzee-mises-a-jour\/#breadcrumb\",\"itemListElement\":[{\"@type\":\"ListItem\",\"position\":1,\"name\":\"Accueil\",\"item\":\"https:\/\/footdavant.fr\/actualites\/\"},{\"@type\":\"ListItem\",\"position\":2,\"name\":\"Man United Blessur, Suspension News vs Wolverhampton Wanderers: Amad Diallo, Matthijs de Ligt, Joshua Zirkzee Mises \u00e0 jour\"}]},{\"@type\":\"WebSite\",\"@id\":\"https:\/\/footdavant.fr\/actualites\/#website\",\"url\":\"https:\/\/footdavant.fr\/actualites\/\",\"name\":\"Foot d'avant\",\"description\":\"\",\"publisher\":{\"@id\":\"https:\/\/footdavant.fr\/actualites\/#organization\"},\"potentialAction\":[{\"@type\":\"SearchAction\",\"target\":{\"@type\":\"EntryPoint\",\"urlTemplate\":\"https:\/\/footdavant.fr\/actualites\/?s={search_term_string}\"},\"query-input\":\"required name=search_term_string\"}],\"inLanguage\":\"fr-FR\"},{\"@type\":\"Organization\",\"@id\":\"https:\/\/footdavant.fr\/actualites\/#organization\",\"name\":\"Foot d'avant\",\"url\":\"https:\/\/footdavant.fr\/actualites\/\",\"logo\":{\"@type\":\"ImageObject\",\"inLanguage\":\"fr-FR\",\"@id\":\"https:\/\/footdavant.fr\/actualites\/#\/schema\/logo\/image\/\",\"url\":\"https:\/\/footdavant.fr\/actualites\/wp-content\/uploads\/2023\/09\/Copy-of-FootDavant-Logo.png\",\"contentUrl\":\"https:\/\/footdavant.fr\/actualites\/wp-content\/uploads\/2023\/09\/Copy-of-FootDavant-Logo.png\",\"width\":936,\"height\":549,\"caption\":\"Foot d'avant\"},\"image\":{\"@id\":\"https:\/\/footdavant.fr\/actualites\/#\/schema\/logo\/image\/\"},\"sameAs\":[\"https:\/\/www.facebook.com\/Footdavant\/\",\"https:\/\/twitter.com\/FootdavantFr\",\"https:\/\/www.instagram.com\/footdavant.fr\/\"]},{\"@type\":\"Person\",\"@id\":\"https:\/\/footdavant.fr\/actualites\/#\/schema\/person\/bc222566d95871b37e597b3ed3ba5e1d\",\"name\":\"Cl\u00e9ment\",\"image\":{\"@type\":\"ImageObject\",\"inLanguage\":\"fr-FR\",\"@id\":\"https:\/\/footdavant.fr\/actualites\/#\/schema\/person\/image\/\",\"url\":\"https:\/\/secure.gravatar.com\/avatar\/7728b29aac2719421e1a9159b2254c44?s=96&d=mm&r=g\",\"contentUrl\":\"https:\/\/secure.gravatar.com\/avatar\/7728b29aac2719421e1a9159b2254c44?s=96&d=mm&r=g\",\"caption\":\"Cl\u00e9ment\"},\"sameAs\":[\"https:\/\/footdavant.fr\/\"]}]}<\/script>\n<!-- \/ Yoast SEO plugin. -->","yoast_head_json":{"title":"Man United Blessur, Suspension News vs Wolverhampton Wanderers: Amad Diallo, Matthijs de Ligt, Joshua Zirkzee Mises \u00e0 jour","robots":{"index":"index","follow":"follow","max-snippet":"max-snippet:-1","max-image-preview":"max-image-preview:large","max-video-preview":"max-video-preview:-1"},"canonical":"https:\/\/footdavant.fr\/actualites\/man-united-blessur-suspension-news-vs-wolverhampton-wanderers-amad-diallo-matthijs-de-ligt-joshua-zirkzee-mises-a-jour\/","og_locale":"fr_FR","og_type":"article","og_title":"Man United Blessur, Suspension News vs Wolverhampton Wanderers: Amad Diallo, Matthijs de Ligt, Joshua Zirkzee Mises \u00e0 jour","og_description":"Sports Mole rassemble les nouvelles de Manchester United et de suspension avant leur affrontement en Premier League avec Wolverhampton Wanderers. Manchester United Va viser \u00e0","og_url":"https:\/\/footdavant.fr\/actualites\/man-united-blessur-suspension-news-vs-wolverhampton-wanderers-amad-diallo-matthijs-de-ligt-joshua-zirkzee-mises-a-jour\/","og_site_name":"Foot d&#039;avant","article_publisher":"https:\/\/www.facebook.com\/Footdavant\/","article_published_time":"2025-04-23T13:49:01+00:00","article_modified_time":"2025-04-23T13:49:03+00:00","og_image":[{"width":640,"height":480,"url":"https:\/\/footdavant.fr\/actualites\/wp-content\/uploads\/2025\/04\/Man-United-Blessur-Suspension-News-vs-Wolverhampton-Wanderers-Amad-Diallo.jpg","type":"image\/jpeg"}],"author":"Cl\u00e9ment","twitter_card":"summary_large_image","twitter_creator":"@FootdavantFr","twitter_site":"@FootdavantFr","twitter_misc":{"\u00c9crit par":"Cl\u00e9ment","Dur\u00e9e de lecture estim\u00e9e":"3 minutes"},"schema":{"@context":"https:\/\/schema.org","@graph":[{"@type":"Article","@id":"https:\/\/footdavant.fr\/actualites\/man-united-blessur-suspension-news-vs-wolverhampton-wanderers-amad-diallo-matthijs-de-ligt-joshua-zirkzee-mises-a-jour\/#article","isPartOf":{"@id":"https:\/\/footdavant.fr\/actualites\/man-united-blessur-suspension-news-vs-wolverhampton-wanderers-amad-diallo-matthijs-de-ligt-joshua-zirkzee-mises-a-jour\/"},"author":{"name":"Cl\u00e9ment","@id":"https:\/\/footdavant.fr\/actualites\/#\/schema\/person\/bc222566d95871b37e597b3ed3ba5e1d"},"headline":"Man United Blessur, Suspension News vs Wolverhampton Wanderers: Amad Diallo, Matthijs de Ligt, Joshua Zirkzee Mises \u00e0 jour","datePublished":"2025-04-23T13:49:01+00:00","dateModified":"2025-04-23T13:49:03+00:00","mainEntityOfPage":{"@id":"https:\/\/footdavant.fr\/actualites\/man-united-blessur-suspension-news-vs-wolverhampton-wanderers-amad-diallo-matthijs-de-ligt-joshua-zirkzee-mises-a-jour\/"},"wordCount":564,"publisher":{"@id":"https:\/\/footdavant.fr\/actualites\/#organization"},"keywords":["Amad","Blessur","Diallo","Joshua","jour","Ligt","Man","Matthijs","Mises","News","suspension","United","Wanderers","Wolverhampton","Zirkzee"],"articleSection":["Premier League"],"inLanguage":"fr-FR"},{"@type":"WebPage","@id":"https:\/\/footdavant.fr\/actualites\/man-united-blessur-suspension-news-vs-wolverhampton-wanderers-amad-diallo-matthijs-de-ligt-joshua-zirkzee-mises-a-jour\/","url":"https:\/\/footdavant.fr\/actualites\/man-united-blessur-suspension-news-vs-wolverhampton-wanderers-amad-diallo-matthijs-de-ligt-joshua-zirkzee-mises-a-jour\/","name":"Man United Blessur, Suspension News vs Wolverhampton Wanderers: Amad Diallo, Matthijs de Ligt, Joshua Zirkzee Mises \u00e0 jour","isPartOf":{"@id":"https:\/\/footdavant.fr\/actualites\/#website"},"datePublished":"2025-04-23T13:49:01+00:00","dateModified":"2025-04-23T13:49:03+00:00","breadcrumb":{"@id":"https:\/\/footdavant.fr\/actualites\/man-united-blessur-suspension-news-vs-wolverhampton-wanderers-amad-diallo-matthijs-de-ligt-joshua-zirkzee-mises-a-jour\/#breadcrumb"},"inLanguage":"fr-FR","potentialAction":[{"@type":"ReadAction","target":["https:\/\/footdavant.fr\/actualites\/man-united-blessur-suspension-news-vs-wolverhampton-wanderers-amad-diallo-matthijs-de-ligt-joshua-zirkzee-mises-a-jour\/"]}]},{"@type":"BreadcrumbList","@id":"https:\/\/footdavant.fr\/actualites\/man-united-blessur-suspension-news-vs-wolverhampton-wanderers-amad-diallo-matthijs-de-ligt-joshua-zirkzee-mises-a-jour\/#breadcrumb","itemListElement":[{"@type":"ListItem","position":1,"name":"Accueil","item":"https:\/\/footdavant.fr\/actualites\/"},{"@type":"ListItem","position":2,"name":"Man United Blessur, Suspension News vs Wolverhampton Wanderers: Amad Diallo, Matthijs de Ligt, Joshua Zirkzee Mises \u00e0 jour"}]},{"@type":"WebSite","@id":"https:\/\/footdavant.fr\/actualites\/#website","url":"https:\/\/footdavant.fr\/actualites\/","name":"Foot d'avant","description":"","publisher":{"@id":"https:\/\/footdavant.fr\/actualites\/#organization"},"potentialAction":[{"@type":"SearchAction","target":{"@type":"EntryPoint","urlTemplate":"https:\/\/footdavant.fr\/actualites\/?s={search_term_string}"},"query-input":"required name=search_term_string"}],"inLanguage":"fr-FR"},{"@type":"Organization","@id":"https:\/\/footdavant.fr\/actualites\/#organization","name":"Foot d'avant","url":"https:\/\/footdavant.fr\/actualites\/","logo":{"@type":"ImageObject","inLanguage":"fr-FR","@id":"https:\/\/footdavant.fr\/actualites\/#\/schema\/logo\/image\/","url":"https:\/\/footdavant.fr\/actualites\/wp-content\/uploads\/2023\/09\/Copy-of-FootDavant-Logo.png","contentUrl":"https:\/\/footdavant.fr\/actualites\/wp-content\/uploads\/2023\/09\/Copy-of-FootDavant-Logo.png","width":936,"height":549,"caption":"Foot d'avant"},"image":{"@id":"https:\/\/footdavant.fr\/actualites\/#\/schema\/logo\/image\/"},"sameAs":["https:\/\/www.facebook.com\/Footdavant\/","https:\/\/twitter.com\/FootdavantFr","https:\/\/www.instagram.com\/footdavant.fr\/"]},{"@type":"Person","@id":"https:\/\/footdavant.fr\/actualites\/#\/schema\/person\/bc222566d95871b37e597b3ed3ba5e1d","name":"Cl\u00e9ment","image":{"@type":"ImageObject","inLanguage":"fr-FR","@id":"https:\/\/footdavant.fr\/actualites\/#\/schema\/person\/image\/","url":"https:\/\/secure.gravatar.com\/avatar\/7728b29aac2719421e1a9159b2254c44?s=96&d=mm&r=g","contentUrl":"https:\/\/secure.gravatar.com\/avatar\/7728b29aac2719421e1a9159b2254c44?s=96&d=mm&r=g","caption":"Cl\u00e9ment"},"sameAs":["https:\/\/footdavant.fr\/"]}]}},"_links":{"self":[{"href":"https:\/\/footdavant.fr\/actualites\/wp-json\/wp\/v2\/posts\/23040"}],"collection":[{"href":"https:\/\/footdavant.fr\/actualites\/wp-json\/wp\/v2\/posts"}],"about":[{"href":"https:\/\/footdavant.fr\/actualites\/wp-json\/wp\/v2\/types\/post"}],"author":[{"embeddable":true,"href":"https:\/\/footdavant.fr\/actualites\/wp-json\/wp\/v2\/users\/1"}],"replies":[{"embeddable":true,"href":"https:\/\/footdavant.fr\/actualites\/wp-json\/wp\/v2\/comments?post=23040"}],"version-history":[{"count":1,"href":"https:\/\/footdavant.fr\/actualites\/wp-json\/wp\/v2\/posts\/23040\/revisions"}],"predecessor-version":[{"id":23042,"href":"https:\/\/footdavant.fr\/actualites\/wp-json\/wp\/v2\/posts\/23040\/revisions\/23042"}],"wp:featuredmedia":[{"embeddable":true,"href":"https:\/\/footdavant.fr\/actualites\/wp-json\/wp\/v2\/media\/23041"}],"wp:attachment":[{"href":"https:\/\/footdavant.fr\/actualites\/wp-json\/wp\/v2\/media?parent=23040"}],"wp:term":[{"taxonomy":"category","embeddable":true,"href":"https:\/\/footdavant.fr\/actualites\/wp-json\/wp\/v2\/categories?post=23040"},{"taxonomy":"post_tag","embeddable":true,"href":"https:\/\/footdavant.fr\/actualites\/wp-json\/wp\/v2\/tags?post=23040"}],"curies":[{"name":"wp","href":"https:\/\/api.w.org\/{rel}","templated":true}]}}