{"id":23046,"date":"2025-04-23T19:48:25","date_gmt":"2025-04-23T17:48:25","guid":{"rendered":"https:\/\/footdavant.fr\/actualites\/arsenal-lineup-contre-ipswich-xi-predit-pour-la-premier-league-clash-alors-que-mikel-arteta-apporte-cinq-changements\/"},"modified":"2025-04-23T19:48:26","modified_gmt":"2025-04-23T17:48:26","slug":"arsenal-lineup-contre-ipswich-xi-predit-pour-la-premier-league-clash-alors-que-mikel-arteta-apporte-cinq-changements","status":"publish","type":"post","link":"https:\/\/footdavant.fr\/actualites\/arsenal-lineup-contre-ipswich-xi-predit-pour-la-premier-league-clash-alors-que-mikel-arteta-apporte-cinq-changements\/","title":{"rendered":"Arsenal Lineup contre Ipswich: XI pr\u00e9dit pour la Premier League Clash alors que Mikel Arteta apporte cinq changements"},"content":{"rendered":"<p>Sports Mole jette un aper\u00e7u approfondi de la fa\u00e7on dont Arsenal pourrait s&#39;aligner pour le conflit de Premier League de dimanche avec Ipswich Town.<\/p>\n<div id=\"article_body\" itemprop=\"articleBody\">\n<p class=\"firstPara\"><strong class=\"autotag\">Arsenal<\/strong> entra\u00eeneur-chef <strong class=\"autotag\">Mikel Arteta<\/strong> pourrait changer pr\u00e8s de la moiti\u00e9 de sa programmation de d\u00e9part pour la bataille de la Premier League de dimanche avec <strong class=\"autotag\">Ville d&#39;Ipswich<\/strong> \u00e0 Portman Road.<\/p>\n<p>Les Gunners se dirigent vers East Anglia \u00e0 l&#39;arri\u00e8re d&#39;un ph\u00e9nom\u00e9nal <strong>5-1 victoire globale sur le Real Madrid<\/strong> En quart de finale de la Ligue des champions, et c&#39;est comme vous l&#39;\u00e9tiez en termes de situation de fitness du Bernabeu.<\/p>\n<p><strong class=\"autotag\">Jorginho<\/strong> (poitrine), <strong class=\"autotag\">Gabriel J\u00e9sus<\/strong> (genou), <strong class=\"autotag\">Gabriel Magalhaes<\/strong> (tendon), <strong class=\"autotag\">Takehiro Tomiyasu<\/strong> (genou) et <strong class=\"autotag\">Kai Havertz<\/strong> (Les ischio-jambiers) sont toujours mis \u00e0 l&#39;\u00e9cart, et le jeu devrait \u00e9galement venir trop t\u00f4t pour la victime du genou <strong class=\"autotag\">Riccardo Calafiori<\/strong>.<\/p>\n<p>Entre le Bernabeu et la visite de Crystal Palace mercredi, Arteta devrait \u00e9changer des jambes en gel\u00e9e pour des jambes plus fra\u00eeches, bien que <strong class=\"autotag\">David Raya<\/strong>, <strong class=\"autotag\">William Saliba<\/strong> et <strong class=\"autotag\">Jakub Kiwior<\/strong> ne sera offert aucun r\u00e9pit.<\/p>\n<p>Cependant, <strong class=\"autotag\">Ben White<\/strong> pour <strong class=\"autotag\">Jurrien Timber<\/strong> est un changement \u00e9vident \u00e0 faire, tandis que <strong class=\"autotag\">Kieran Tierney<\/strong> pourrait gagner des d\u00e9parts cons\u00e9cutifs de Premier League comme <strong class=\"autotag\">Myles Lewis-Skelly<\/strong> est accord\u00e9 une pause bien m\u00e9rit\u00e9e.<\/p>\n<p>Tierney pourrait fonctionner \u00e0 l&#39;arri\u00e8re gauche si <strong class=\"autotag\">Oleksandr Zinchenko<\/strong> les d\u00e9puties au milieu de terrain une fois de plus, potentiellement \u00e0 la place de <strong class=\"autotag\">Thomas Partey<\/strong> \u00c9tant donn\u00e9 qu&#39;il a r\u00e9cemment subi un coup dans le match nul avec Brentford le week-end dernier.<\/p>\n<p><strong class=\"autotag\">Martin Odegaard<\/strong> devrait \u00eatre bien \u00e0 repartir, apr\u00e8s avoir \u00e9t\u00e9 offert quelques repos en Premier League, tandis que le lapin Duracell qui est <strong class=\"autotag\">Declan Rice<\/strong> est \u00e9galement pr\u00eat \u00e0 continuer dans le r\u00f4le de gauche.<\/p>\n<p><strong class=\"autotag\">Mikel Merino<\/strong> peut donc continuer \u00e0 briller dans le r\u00f4le de son attaquant d&#39;urgence, potentiellement avec un nouveau casting de soutien dans <strong class=\"autotag\">Ethan Nwaneri<\/strong> et <strong class=\"autotag\">Leandro Trossard<\/strong> En tant que buteurs de Madrid <strong class=\"autotag\">Bukayo Saka<\/strong> et <strong class=\"autotag\">Gabriel Martinelli<\/strong> sont \u00e9pargn\u00e9s.<\/p>\n<p><strong>Arsenal Possible de d\u00e9marrage possible:<\/strong><br \/>Raya; Blanc, Saliba, Kiwior, Tierney; Odegaard, zinchenko, riz; Nwaneri, m\u00e9rinos, trossard<\/p>\n<p><strong>> Cliquez ici pour voir comment Ipswich pourrait s&#39;aligner pour ce jeu<\/strong><\/p>\n<div class=\"author_box\">\n<div class=\"author_box_banner\">\n<\/div>\n<\/div>\n<\/div>\n","protected":false},"excerpt":{"rendered":"<p>Sports Mole jette un aper\u00e7u approfondi de la fa\u00e7on dont Arsenal pourrait s&#39;aligner pour le conflit de Premier League de dimanche avec Ipswich Town. Arsenal<\/p>\n","protected":false},"author":1,"featured_media":23047,"comment_status":"closed","ping_status":"","sticky":false,"template":"","format":"standard","meta":{"footnotes":""},"categories":[5],"tags":[318,411,67,211,412,1322,1720,20,4383,202,7770,210,51,3581,201],"yoast_head":"<!-- This site is optimized with the Yoast SEO plugin v21.0 - https:\/\/yoast.com\/wordpress\/plugins\/seo\/ -->\n<title>Arsenal Lineup contre Ipswich: XI pr\u00e9dit pour la Premier League Clash alors que Mikel Arteta apporte cinq changements<\/title>\n<meta name=\"robots\" content=\"index, follow, max-snippet:-1, max-image-preview:large, max-video-preview:-1\" \/>\n<link rel=\"canonical\" href=\"https:\/\/footdavant.fr\/actualites\/arsenal-lineup-contre-ipswich-xi-predit-pour-la-premier-league-clash-alors-que-mikel-arteta-apporte-cinq-changements\/\" \/>\n<meta property=\"og:locale\" content=\"fr_FR\" \/>\n<meta property=\"og:type\" content=\"article\" \/>\n<meta property=\"og:title\" content=\"Arsenal Lineup contre Ipswich: XI pr\u00e9dit pour la Premier League Clash alors que Mikel Arteta apporte cinq changements\" \/>\n<meta property=\"og:description\" content=\"Sports Mole jette un aper\u00e7u approfondi de la fa\u00e7on dont Arsenal pourrait s&#039;aligner pour le conflit de Premier League de dimanche avec Ipswich Town. Arsenal\" \/>\n<meta property=\"og:url\" content=\"https:\/\/footdavant.fr\/actualites\/arsenal-lineup-contre-ipswich-xi-predit-pour-la-premier-league-clash-alors-que-mikel-arteta-apporte-cinq-changements\/\" \/>\n<meta property=\"og:site_name\" content=\"Foot d&#039;avant\" \/>\n<meta property=\"article:publisher\" content=\"https:\/\/www.facebook.com\/Footdavant\/\" \/>\n<meta property=\"article:published_time\" content=\"2025-04-23T17:48:25+00:00\" \/>\n<meta property=\"article:modified_time\" content=\"2025-04-23T17:48:26+00:00\" \/>\n<meta property=\"og:image\" content=\"https:\/\/footdavant.fr\/actualites\/wp-content\/uploads\/2025\/04\/Arsenal-Lineup-contre-Ipswich-XI-predit-pour-la-Premier-League.jpg\" \/>\n\t<meta property=\"og:image:width\" content=\"100\" \/>\n\t<meta property=\"og:image:height\" content=\"120\" \/>\n\t<meta property=\"og:image:type\" content=\"image\/jpeg\" \/>\n<meta name=\"author\" content=\"Cl\u00e9ment\" \/>\n<meta name=\"twitter:card\" content=\"summary_large_image\" \/>\n<meta name=\"twitter:creator\" content=\"@FootdavantFr\" \/>\n<meta name=\"twitter:site\" content=\"@FootdavantFr\" \/>\n<meta name=\"twitter:label1\" content=\"\u00c9crit par\" \/>\n\t<meta name=\"twitter:data1\" content=\"Cl\u00e9ment\" \/>\n\t<meta name=\"twitter:label2\" content=\"Dur\u00e9e de lecture estim\u00e9e\" \/>\n\t<meta name=\"twitter:data2\" content=\"2 minutes\" \/>\n<script type=\"application\/ld+json\" class=\"yoast-schema-graph\">{\"@context\":\"https:\/\/schema.org\",\"@graph\":[{\"@type\":\"Article\",\"@id\":\"https:\/\/footdavant.fr\/actualites\/arsenal-lineup-contre-ipswich-xi-predit-pour-la-premier-league-clash-alors-que-mikel-arteta-apporte-cinq-changements\/#article\",\"isPartOf\":{\"@id\":\"https:\/\/footdavant.fr\/actualites\/arsenal-lineup-contre-ipswich-xi-predit-pour-la-premier-league-clash-alors-que-mikel-arteta-apporte-cinq-changements\/\"},\"author\":{\"name\":\"Cl\u00e9ment\",\"@id\":\"https:\/\/footdavant.fr\/actualites\/#\/schema\/person\/bc222566d95871b37e597b3ed3ba5e1d\"},\"headline\":\"Arsenal Lineup contre Ipswich: XI pr\u00e9dit pour la Premier League Clash alors que Mikel Arteta apporte cinq changements\",\"datePublished\":\"2025-04-23T17:48:25+00:00\",\"dateModified\":\"2025-04-23T17:48:26+00:00\",\"mainEntityOfPage\":{\"@id\":\"https:\/\/footdavant.fr\/actualites\/arsenal-lineup-contre-ipswich-xi-predit-pour-la-premier-league-clash-alors-que-mikel-arteta-apporte-cinq-changements\/\"},\"wordCount\":392,\"publisher\":{\"@id\":\"https:\/\/footdavant.fr\/actualites\/#organization\"},\"keywords\":[\"alors\",\"apporte\",\"Arsenal\",\"Arteta\",\"changements\",\"Cinq\",\"clash\",\"contre\",\"Ipswich\",\"League\",\"Lineup\",\"Mikel\",\"pour\",\"pr\u00e9dit\",\"Premier\"],\"articleSection\":[\"Premier League\"],\"inLanguage\":\"fr-FR\"},{\"@type\":\"WebPage\",\"@id\":\"https:\/\/footdavant.fr\/actualites\/arsenal-lineup-contre-ipswich-xi-predit-pour-la-premier-league-clash-alors-que-mikel-arteta-apporte-cinq-changements\/\",\"url\":\"https:\/\/footdavant.fr\/actualites\/arsenal-lineup-contre-ipswich-xi-predit-pour-la-premier-league-clash-alors-que-mikel-arteta-apporte-cinq-changements\/\",\"name\":\"Arsenal Lineup contre Ipswich: XI pr\u00e9dit pour la Premier League Clash alors que Mikel Arteta apporte cinq changements\",\"isPartOf\":{\"@id\":\"https:\/\/footdavant.fr\/actualites\/#website\"},\"datePublished\":\"2025-04-23T17:48:25+00:00\",\"dateModified\":\"2025-04-23T17:48:26+00:00\",\"breadcrumb\":{\"@id\":\"https:\/\/footdavant.fr\/actualites\/arsenal-lineup-contre-ipswich-xi-predit-pour-la-premier-league-clash-alors-que-mikel-arteta-apporte-cinq-changements\/#breadcrumb\"},\"inLanguage\":\"fr-FR\",\"potentialAction\":[{\"@type\":\"ReadAction\",\"target\":[\"https:\/\/footdavant.fr\/actualites\/arsenal-lineup-contre-ipswich-xi-predit-pour-la-premier-league-clash-alors-que-mikel-arteta-apporte-cinq-changements\/\"]}]},{\"@type\":\"BreadcrumbList\",\"@id\":\"https:\/\/footdavant.fr\/actualites\/arsenal-lineup-contre-ipswich-xi-predit-pour-la-premier-league-clash-alors-que-mikel-arteta-apporte-cinq-changements\/#breadcrumb\",\"itemListElement\":[{\"@type\":\"ListItem\",\"position\":1,\"name\":\"Accueil\",\"item\":\"https:\/\/footdavant.fr\/actualites\/\"},{\"@type\":\"ListItem\",\"position\":2,\"name\":\"Arsenal Lineup contre Ipswich: XI pr\u00e9dit pour la Premier League Clash alors que Mikel Arteta apporte cinq changements\"}]},{\"@type\":\"WebSite\",\"@id\":\"https:\/\/footdavant.fr\/actualites\/#website\",\"url\":\"https:\/\/footdavant.fr\/actualites\/\",\"name\":\"Foot d'avant\",\"description\":\"\",\"publisher\":{\"@id\":\"https:\/\/footdavant.fr\/actualites\/#organization\"},\"potentialAction\":[{\"@type\":\"SearchAction\",\"target\":{\"@type\":\"EntryPoint\",\"urlTemplate\":\"https:\/\/footdavant.fr\/actualites\/?s={search_term_string}\"},\"query-input\":\"required name=search_term_string\"}],\"inLanguage\":\"fr-FR\"},{\"@type\":\"Organization\",\"@id\":\"https:\/\/footdavant.fr\/actualites\/#organization\",\"name\":\"Foot d'avant\",\"url\":\"https:\/\/footdavant.fr\/actualites\/\",\"logo\":{\"@type\":\"ImageObject\",\"inLanguage\":\"fr-FR\",\"@id\":\"https:\/\/footdavant.fr\/actualites\/#\/schema\/logo\/image\/\",\"url\":\"https:\/\/footdavant.fr\/actualites\/wp-content\/uploads\/2023\/09\/Copy-of-FootDavant-Logo.png\",\"contentUrl\":\"https:\/\/footdavant.fr\/actualites\/wp-content\/uploads\/2023\/09\/Copy-of-FootDavant-Logo.png\",\"width\":936,\"height\":549,\"caption\":\"Foot d'avant\"},\"image\":{\"@id\":\"https:\/\/footdavant.fr\/actualites\/#\/schema\/logo\/image\/\"},\"sameAs\":[\"https:\/\/www.facebook.com\/Footdavant\/\",\"https:\/\/twitter.com\/FootdavantFr\",\"https:\/\/www.instagram.com\/footdavant.fr\/\"]},{\"@type\":\"Person\",\"@id\":\"https:\/\/footdavant.fr\/actualites\/#\/schema\/person\/bc222566d95871b37e597b3ed3ba5e1d\",\"name\":\"Cl\u00e9ment\",\"image\":{\"@type\":\"ImageObject\",\"inLanguage\":\"fr-FR\",\"@id\":\"https:\/\/footdavant.fr\/actualites\/#\/schema\/person\/image\/\",\"url\":\"https:\/\/secure.gravatar.com\/avatar\/7728b29aac2719421e1a9159b2254c44?s=96&d=mm&r=g\",\"contentUrl\":\"https:\/\/secure.gravatar.com\/avatar\/7728b29aac2719421e1a9159b2254c44?s=96&d=mm&r=g\",\"caption\":\"Cl\u00e9ment\"},\"sameAs\":[\"https:\/\/footdavant.fr\/\"]}]}<\/script>\n<!-- \/ Yoast SEO plugin. -->","yoast_head_json":{"title":"Arsenal Lineup contre Ipswich: XI pr\u00e9dit pour la Premier League Clash alors que Mikel Arteta apporte cinq changements","robots":{"index":"index","follow":"follow","max-snippet":"max-snippet:-1","max-image-preview":"max-image-preview:large","max-video-preview":"max-video-preview:-1"},"canonical":"https:\/\/footdavant.fr\/actualites\/arsenal-lineup-contre-ipswich-xi-predit-pour-la-premier-league-clash-alors-que-mikel-arteta-apporte-cinq-changements\/","og_locale":"fr_FR","og_type":"article","og_title":"Arsenal Lineup contre Ipswich: XI pr\u00e9dit pour la Premier League Clash alors que Mikel Arteta apporte cinq changements","og_description":"Sports Mole jette un aper\u00e7u approfondi de la fa\u00e7on dont Arsenal pourrait s&#39;aligner pour le conflit de Premier League de dimanche avec Ipswich Town. Arsenal","og_url":"https:\/\/footdavant.fr\/actualites\/arsenal-lineup-contre-ipswich-xi-predit-pour-la-premier-league-clash-alors-que-mikel-arteta-apporte-cinq-changements\/","og_site_name":"Foot d&#039;avant","article_publisher":"https:\/\/www.facebook.com\/Footdavant\/","article_published_time":"2025-04-23T17:48:25+00:00","article_modified_time":"2025-04-23T17:48:26+00:00","og_image":[{"width":100,"height":120,"url":"https:\/\/footdavant.fr\/actualites\/wp-content\/uploads\/2025\/04\/Arsenal-Lineup-contre-Ipswich-XI-predit-pour-la-Premier-League.jpg","type":"image\/jpeg"}],"author":"Cl\u00e9ment","twitter_card":"summary_large_image","twitter_creator":"@FootdavantFr","twitter_site":"@FootdavantFr","twitter_misc":{"\u00c9crit par":"Cl\u00e9ment","Dur\u00e9e de lecture estim\u00e9e":"2 minutes"},"schema":{"@context":"https:\/\/schema.org","@graph":[{"@type":"Article","@id":"https:\/\/footdavant.fr\/actualites\/arsenal-lineup-contre-ipswich-xi-predit-pour-la-premier-league-clash-alors-que-mikel-arteta-apporte-cinq-changements\/#article","isPartOf":{"@id":"https:\/\/footdavant.fr\/actualites\/arsenal-lineup-contre-ipswich-xi-predit-pour-la-premier-league-clash-alors-que-mikel-arteta-apporte-cinq-changements\/"},"author":{"name":"Cl\u00e9ment","@id":"https:\/\/footdavant.fr\/actualites\/#\/schema\/person\/bc222566d95871b37e597b3ed3ba5e1d"},"headline":"Arsenal Lineup contre Ipswich: XI pr\u00e9dit pour la Premier League Clash alors que Mikel Arteta apporte cinq changements","datePublished":"2025-04-23T17:48:25+00:00","dateModified":"2025-04-23T17:48:26+00:00","mainEntityOfPage":{"@id":"https:\/\/footdavant.fr\/actualites\/arsenal-lineup-contre-ipswich-xi-predit-pour-la-premier-league-clash-alors-que-mikel-arteta-apporte-cinq-changements\/"},"wordCount":392,"publisher":{"@id":"https:\/\/footdavant.fr\/actualites\/#organization"},"keywords":["alors","apporte","Arsenal","Arteta","changements","Cinq","clash","contre","Ipswich","League","Lineup","Mikel","pour","pr\u00e9dit","Premier"],"articleSection":["Premier League"],"inLanguage":"fr-FR"},{"@type":"WebPage","@id":"https:\/\/footdavant.fr\/actualites\/arsenal-lineup-contre-ipswich-xi-predit-pour-la-premier-league-clash-alors-que-mikel-arteta-apporte-cinq-changements\/","url":"https:\/\/footdavant.fr\/actualites\/arsenal-lineup-contre-ipswich-xi-predit-pour-la-premier-league-clash-alors-que-mikel-arteta-apporte-cinq-changements\/","name":"Arsenal Lineup contre Ipswich: XI pr\u00e9dit pour la Premier League Clash alors que Mikel Arteta apporte cinq changements","isPartOf":{"@id":"https:\/\/footdavant.fr\/actualites\/#website"},"datePublished":"2025-04-23T17:48:25+00:00","dateModified":"2025-04-23T17:48:26+00:00","breadcrumb":{"@id":"https:\/\/footdavant.fr\/actualites\/arsenal-lineup-contre-ipswich-xi-predit-pour-la-premier-league-clash-alors-que-mikel-arteta-apporte-cinq-changements\/#breadcrumb"},"inLanguage":"fr-FR","potentialAction":[{"@type":"ReadAction","target":["https:\/\/footdavant.fr\/actualites\/arsenal-lineup-contre-ipswich-xi-predit-pour-la-premier-league-clash-alors-que-mikel-arteta-apporte-cinq-changements\/"]}]},{"@type":"BreadcrumbList","@id":"https:\/\/footdavant.fr\/actualites\/arsenal-lineup-contre-ipswich-xi-predit-pour-la-premier-league-clash-alors-que-mikel-arteta-apporte-cinq-changements\/#breadcrumb","itemListElement":[{"@type":"ListItem","position":1,"name":"Accueil","item":"https:\/\/footdavant.fr\/actualites\/"},{"@type":"ListItem","position":2,"name":"Arsenal Lineup contre Ipswich: XI pr\u00e9dit pour la Premier League Clash alors que Mikel Arteta apporte cinq changements"}]},{"@type":"WebSite","@id":"https:\/\/footdavant.fr\/actualites\/#website","url":"https:\/\/footdavant.fr\/actualites\/","name":"Foot d'avant","description":"","publisher":{"@id":"https:\/\/footdavant.fr\/actualites\/#organization"},"potentialAction":[{"@type":"SearchAction","target":{"@type":"EntryPoint","urlTemplate":"https:\/\/footdavant.fr\/actualites\/?s={search_term_string}"},"query-input":"required name=search_term_string"}],"inLanguage":"fr-FR"},{"@type":"Organization","@id":"https:\/\/footdavant.fr\/actualites\/#organization","name":"Foot d'avant","url":"https:\/\/footdavant.fr\/actualites\/","logo":{"@type":"ImageObject","inLanguage":"fr-FR","@id":"https:\/\/footdavant.fr\/actualites\/#\/schema\/logo\/image\/","url":"https:\/\/footdavant.fr\/actualites\/wp-content\/uploads\/2023\/09\/Copy-of-FootDavant-Logo.png","contentUrl":"https:\/\/footdavant.fr\/actualites\/wp-content\/uploads\/2023\/09\/Copy-of-FootDavant-Logo.png","width":936,"height":549,"caption":"Foot d'avant"},"image":{"@id":"https:\/\/footdavant.fr\/actualites\/#\/schema\/logo\/image\/"},"sameAs":["https:\/\/www.facebook.com\/Footdavant\/","https:\/\/twitter.com\/FootdavantFr","https:\/\/www.instagram.com\/footdavant.fr\/"]},{"@type":"Person","@id":"https:\/\/footdavant.fr\/actualites\/#\/schema\/person\/bc222566d95871b37e597b3ed3ba5e1d","name":"Cl\u00e9ment","image":{"@type":"ImageObject","inLanguage":"fr-FR","@id":"https:\/\/footdavant.fr\/actualites\/#\/schema\/person\/image\/","url":"https:\/\/secure.gravatar.com\/avatar\/7728b29aac2719421e1a9159b2254c44?s=96&d=mm&r=g","contentUrl":"https:\/\/secure.gravatar.com\/avatar\/7728b29aac2719421e1a9159b2254c44?s=96&d=mm&r=g","caption":"Cl\u00e9ment"},"sameAs":["https:\/\/footdavant.fr\/"]}]}},"_links":{"self":[{"href":"https:\/\/footdavant.fr\/actualites\/wp-json\/wp\/v2\/posts\/23046"}],"collection":[{"href":"https:\/\/footdavant.fr\/actualites\/wp-json\/wp\/v2\/posts"}],"about":[{"href":"https:\/\/footdavant.fr\/actualites\/wp-json\/wp\/v2\/types\/post"}],"author":[{"embeddable":true,"href":"https:\/\/footdavant.fr\/actualites\/wp-json\/wp\/v2\/users\/1"}],"replies":[{"embeddable":true,"href":"https:\/\/footdavant.fr\/actualites\/wp-json\/wp\/v2\/comments?post=23046"}],"version-history":[{"count":1,"href":"https:\/\/footdavant.fr\/actualites\/wp-json\/wp\/v2\/posts\/23046\/revisions"}],"predecessor-version":[{"id":23048,"href":"https:\/\/footdavant.fr\/actualites\/wp-json\/wp\/v2\/posts\/23046\/revisions\/23048"}],"wp:featuredmedia":[{"embeddable":true,"href":"https:\/\/footdavant.fr\/actualites\/wp-json\/wp\/v2\/media\/23047"}],"wp:attachment":[{"href":"https:\/\/footdavant.fr\/actualites\/wp-json\/wp\/v2\/media?parent=23046"}],"wp:term":[{"taxonomy":"category","embeddable":true,"href":"https:\/\/footdavant.fr\/actualites\/wp-json\/wp\/v2\/categories?post=23046"},{"taxonomy":"post_tag","embeddable":true,"href":"https:\/\/footdavant.fr\/actualites\/wp-json\/wp\/v2\/tags?post=23046"}],"curies":[{"name":"wp","href":"https:\/\/api.w.org\/{rel}","templated":true}]}}