{"id":23049,"date":"2025-04-23T21:48:00","date_gmt":"2025-04-23T19:48:00","guid":{"rendered":"https:\/\/footdavant.fr\/actualites\/les-programmes-confirmes-alors-que-bellingham-se-reposait-avant-copa-del-rey-final\/"},"modified":"2025-04-23T21:48:01","modified_gmt":"2025-04-23T19:48:01","slug":"les-programmes-confirmes-alors-que-bellingham-se-reposait-avant-copa-del-rey-final","status":"publish","type":"post","link":"https:\/\/footdavant.fr\/actualites\/les-programmes-confirmes-alors-que-bellingham-se-reposait-avant-copa-del-rey-final\/","title":{"rendered":"Les programmes confirm\u00e9s alors que Bellingham se reposait avant Copa del Rey Final"},"content":{"rendered":"<div>\n<p>Jude Bellingham commence sur le banc alors que le Real Madrid fait le court voyage pour Getafe en sachant autre chose que la victoire aurait gravement bouscul\u00e9 leurs chances d&#39;attraper ses rivaux Barcelone dans la course en titre La Liga.<\/p>\n<p>Real a actuellement sept points derri\u00e8re le club catalan mais avec un match en main. Les deux clubs se rencontrent en finale de la Copa del Rey de ce week-end, avec le Bar\u00e7a toujours en lice pour une saison gagnante de triples.<\/p>\n<p>Le manager Carlo Ancelotti esp\u00e8re donc une solide performance de ses joueurs \u00e0 l&#39;Estadio Coliseum mercredi.<\/p>\n<p>Getafe, quant \u00e0 lui, fera \u00e9galement pression pour les trois points. L\u2019\u00e9quipe du patron Jose Bordal\u00e1s a toujours un coup ext\u00e9rieur de la s\u00e9curisation du football europ\u00e9en la saison prochaine. Ils se trouvent actuellement 12e dans le tableau, mais la septi\u00e8me place de la trail CELTA Vigo en seulement sept points.<\/p>\n<p>Cependant, le record de Los Blancos contre leurs adversaires du sud de la capitale espagnole constitue une lecture impressionnante.<\/p>\n<p>Real a remport\u00e9 29 des 39 r\u00e9unions pr\u00e9c\u00e9dentes entre les deux clubs dans toutes les comp\u00e9titions, la plus r\u00e9cente \u00e9tant une victoire 2-0 pour les hommes d&#39;Ancelotti en d\u00e9cembre.<\/p>\n<p>Lisez la suite pour voir comment les deux \u00e9quipes s&#39;alignent dans ce concours \u00e0 enjeux \u00e9lev\u00e9s.<\/p>\n<h2><span id=\"Getafe_team_news\">Getafe Team News<\/span><\/h2>\n<p>Les h\u00f4tes semblent avoir peu de probl\u00e8mes de blessures dans ce match, avec seulement l&#39;ancien ailier de West Brom Allan Nyom avec un probl\u00e8me musculaire.<\/p>\n<p>Le milieu de terrain de 21 ans, Christian Uche, a \u00e9t\u00e9 expuls\u00e9 lors de la d\u00e9faite 1-0 contre Espanyol ce week-end, il manquera \u00e9galement le match.<\/p>\n<p>  Soria (GK); Iglesias, Duarte, Berrocal, Alderete, Djene; Milla, Terrats, Arambarri, Bernat; Maire.<\/p>\n<p>  Letacek (GK), Bekhoucha, Sola, C. Perez, Da Costa, Santiago, P. Gonzalez, A. Rodriguez, Yildirim, Juanmi.<\/p>\n<h2><span id=\"Real_Madrid_team_news\">Nouvelles de l&#39;\u00e9quipe du Real Madrid<\/span><\/h2>\n<p>Il n&#39;y a pas de place dans les onze de d\u00e9part pour Jude Bellingham, Eduardo Camavinga et Antonio Rudiger, avec Ancelotti qui gardait peut-\u00eatre un \u0153il sur la finale de la Coupe de samedi.<\/p>\n<p>Arda Guller, Brahim Diaz et David Alaba entrent tandis que Vinicius Junior garde sa place en attaque. Rodrygo, qui n&#39;a pas marqu\u00e9 de but de la ligue depuis la mi-janvier, fait partie des substituts.<\/p>\n<p>La sensation br\u00e9silienne Teenage Sensation Endrick commence en l&#39;absence de Kylian Mbappe, qui a boit\u00e9 tard lors de la d\u00e9faite 2-1 \u00e0 la deuxi\u00e8me jambe par Arsenal en quarts de finale de la Ligue des champions et pourrait maintenant \u00eatre un doute pour la confrontation de ce week-end avec le Bar\u00e7a.<\/p>\n<p>  Courtois (GK); Vazquez, Asencio, Alaba, F. Garcia; Valverde, Tchouameni, B. Diaz, Guler; Endrick, Vinicius Jr.<\/p>\n<p>  Lunin (GK), F. Gonzalez (GK), Vallejo, Rudiger, Camavinga, Modric, Ceballos, Bellingham, Rodrygo.<\/p>\n<blockquote class=\"twitter-tweet\">\n<p dir=\"ltr\" lang=\"en\">\ud83d\udccb\u2705 Notre xi de d\u00e9part!<br \/>\ud83c\udd9a <a rel=\"nofollow\" href=\"https:\/\/twitter.com\/GetafeCFen?ref_src=twsrc%5Etfw\" rel=\"nofollow noopener\">@Getafecfen<\/a> <a rel=\"nofollow\" href=\"https:\/\/t.co\/VvpEeezq85\" rel=\"nofollow\">pic.twitter.com\/vvpeeezq85<\/a><\/p>\n<p>&#8211; Real Madrid cf \ud83c\uddec\ud83c\udde7\ud83c\uddfa\ud83c\uddf8 (@realmadriden) <a rel=\"nofollow noopener\" href=\"https:\/\/twitter.com\/realmadriden\/status\/1915093495918084414?ref_src=twsrc%5Etfw\" target=\"_blank\">23 avril 2025<\/a><\/p>\n<\/blockquote>\n<\/div>\n<p><script async src=\"https:\/\/platform.twitter.com\/widgets.js\" charset=\"utf-8\"><\/script><\/p>\n","protected":false},"excerpt":{"rendered":"<p>Jude Bellingham commence sur le banc alors que le Real Madrid fait le court voyage pour Getafe en sachant autre chose que la victoire aurait<\/p>\n","protected":false},"author":1,"featured_media":23050,"comment_status":"closed","ping_status":"","sticky":false,"template":"","format":"standard","meta":{"footnotes":""},"categories":[3],"tags":[318,491,454,5327,5334,6684,3454,93,8512,8986,8246],"yoast_head":"<!-- This site is optimized with the Yoast SEO plugin v21.0 - https:\/\/yoast.com\/wordpress\/plugins\/seo\/ -->\n<title>Les programmes confirm\u00e9s alors que Bellingham se reposait avant Copa del Rey Final<\/title>\n<meta name=\"robots\" content=\"index, follow, max-snippet:-1, max-image-preview:large, max-video-preview:-1\" \/>\n<link rel=\"canonical\" href=\"https:\/\/footdavant.fr\/actualites\/les-programmes-confirmes-alors-que-bellingham-se-reposait-avant-copa-del-rey-final\/\" \/>\n<meta property=\"og:locale\" content=\"fr_FR\" \/>\n<meta property=\"og:type\" content=\"article\" \/>\n<meta property=\"og:title\" content=\"Les programmes confirm\u00e9s alors que Bellingham se reposait avant Copa del Rey Final\" \/>\n<meta property=\"og:description\" content=\"Jude Bellingham commence sur le banc alors que le Real Madrid fait le court voyage pour Getafe en sachant autre chose que la victoire aurait\" \/>\n<meta property=\"og:url\" content=\"https:\/\/footdavant.fr\/actualites\/les-programmes-confirmes-alors-que-bellingham-se-reposait-avant-copa-del-rey-final\/\" \/>\n<meta property=\"og:site_name\" content=\"Foot d&#039;avant\" \/>\n<meta property=\"article:publisher\" content=\"https:\/\/www.facebook.com\/Footdavant\/\" \/>\n<meta property=\"article:published_time\" content=\"2025-04-23T19:48:00+00:00\" \/>\n<meta property=\"article:modified_time\" content=\"2025-04-23T19:48:01+00:00\" \/>\n<meta property=\"og:image\" content=\"https:\/\/footdavant.fr\/actualites\/wp-content\/uploads\/2025\/04\/Les-programmes-confirmes-alors-que-Bellingham-se-reposait-avant-Copa.jpg\" \/>\n\t<meta property=\"og:image:width\" content=\"1200\" \/>\n\t<meta property=\"og:image:height\" content=\"800\" \/>\n\t<meta property=\"og:image:type\" content=\"image\/jpeg\" \/>\n<meta name=\"author\" content=\"Cl\u00e9ment\" \/>\n<meta name=\"twitter:card\" content=\"summary_large_image\" \/>\n<meta name=\"twitter:creator\" content=\"@FootdavantFr\" \/>\n<meta name=\"twitter:site\" content=\"@FootdavantFr\" \/>\n<meta name=\"twitter:label1\" content=\"\u00c9crit par\" \/>\n\t<meta name=\"twitter:data1\" content=\"Cl\u00e9ment\" \/>\n\t<meta name=\"twitter:label2\" content=\"Dur\u00e9e de lecture estim\u00e9e\" \/>\n\t<meta name=\"twitter:data2\" content=\"2 minutes\" \/>\n<script type=\"application\/ld+json\" class=\"yoast-schema-graph\">{\"@context\":\"https:\/\/schema.org\",\"@graph\":[{\"@type\":\"Article\",\"@id\":\"https:\/\/footdavant.fr\/actualites\/les-programmes-confirmes-alors-que-bellingham-se-reposait-avant-copa-del-rey-final\/#article\",\"isPartOf\":{\"@id\":\"https:\/\/footdavant.fr\/actualites\/les-programmes-confirmes-alors-que-bellingham-se-reposait-avant-copa-del-rey-final\/\"},\"author\":{\"name\":\"Cl\u00e9ment\",\"@id\":\"https:\/\/footdavant.fr\/actualites\/#\/schema\/person\/bc222566d95871b37e597b3ed3ba5e1d\"},\"headline\":\"Les programmes confirm\u00e9s alors que Bellingham se reposait avant Copa del Rey Final\",\"datePublished\":\"2025-04-23T19:48:00+00:00\",\"dateModified\":\"2025-04-23T19:48:01+00:00\",\"mainEntityOfPage\":{\"@id\":\"https:\/\/footdavant.fr\/actualites\/les-programmes-confirmes-alors-que-bellingham-se-reposait-avant-copa-del-rey-final\/\"},\"wordCount\":504,\"publisher\":{\"@id\":\"https:\/\/footdavant.fr\/actualites\/#organization\"},\"keywords\":[\"alors\",\"avant\",\"Bellingham\",\"confirm\u00e9s\",\"Copa\",\"Del\",\"final\",\"les\",\"programmes\",\"reposait\",\"Rey\"],\"articleSection\":[\"Football\"],\"inLanguage\":\"fr-FR\"},{\"@type\":\"WebPage\",\"@id\":\"https:\/\/footdavant.fr\/actualites\/les-programmes-confirmes-alors-que-bellingham-se-reposait-avant-copa-del-rey-final\/\",\"url\":\"https:\/\/footdavant.fr\/actualites\/les-programmes-confirmes-alors-que-bellingham-se-reposait-avant-copa-del-rey-final\/\",\"name\":\"Les programmes confirm\u00e9s alors que Bellingham se reposait avant Copa del Rey Final\",\"isPartOf\":{\"@id\":\"https:\/\/footdavant.fr\/actualites\/#website\"},\"datePublished\":\"2025-04-23T19:48:00+00:00\",\"dateModified\":\"2025-04-23T19:48:01+00:00\",\"breadcrumb\":{\"@id\":\"https:\/\/footdavant.fr\/actualites\/les-programmes-confirmes-alors-que-bellingham-se-reposait-avant-copa-del-rey-final\/#breadcrumb\"},\"inLanguage\":\"fr-FR\",\"potentialAction\":[{\"@type\":\"ReadAction\",\"target\":[\"https:\/\/footdavant.fr\/actualites\/les-programmes-confirmes-alors-que-bellingham-se-reposait-avant-copa-del-rey-final\/\"]}]},{\"@type\":\"BreadcrumbList\",\"@id\":\"https:\/\/footdavant.fr\/actualites\/les-programmes-confirmes-alors-que-bellingham-se-reposait-avant-copa-del-rey-final\/#breadcrumb\",\"itemListElement\":[{\"@type\":\"ListItem\",\"position\":1,\"name\":\"Accueil\",\"item\":\"https:\/\/footdavant.fr\/actualites\/\"},{\"@type\":\"ListItem\",\"position\":2,\"name\":\"Les programmes confirm\u00e9s alors que Bellingham se reposait avant Copa del Rey Final\"}]},{\"@type\":\"WebSite\",\"@id\":\"https:\/\/footdavant.fr\/actualites\/#website\",\"url\":\"https:\/\/footdavant.fr\/actualites\/\",\"name\":\"Foot d'avant\",\"description\":\"\",\"publisher\":{\"@id\":\"https:\/\/footdavant.fr\/actualites\/#organization\"},\"potentialAction\":[{\"@type\":\"SearchAction\",\"target\":{\"@type\":\"EntryPoint\",\"urlTemplate\":\"https:\/\/footdavant.fr\/actualites\/?s={search_term_string}\"},\"query-input\":\"required name=search_term_string\"}],\"inLanguage\":\"fr-FR\"},{\"@type\":\"Organization\",\"@id\":\"https:\/\/footdavant.fr\/actualites\/#organization\",\"name\":\"Foot d'avant\",\"url\":\"https:\/\/footdavant.fr\/actualites\/\",\"logo\":{\"@type\":\"ImageObject\",\"inLanguage\":\"fr-FR\",\"@id\":\"https:\/\/footdavant.fr\/actualites\/#\/schema\/logo\/image\/\",\"url\":\"https:\/\/footdavant.fr\/actualites\/wp-content\/uploads\/2023\/09\/Copy-of-FootDavant-Logo.png\",\"contentUrl\":\"https:\/\/footdavant.fr\/actualites\/wp-content\/uploads\/2023\/09\/Copy-of-FootDavant-Logo.png\",\"width\":936,\"height\":549,\"caption\":\"Foot d'avant\"},\"image\":{\"@id\":\"https:\/\/footdavant.fr\/actualites\/#\/schema\/logo\/image\/\"},\"sameAs\":[\"https:\/\/www.facebook.com\/Footdavant\/\",\"https:\/\/twitter.com\/FootdavantFr\",\"https:\/\/www.instagram.com\/footdavant.fr\/\"]},{\"@type\":\"Person\",\"@id\":\"https:\/\/footdavant.fr\/actualites\/#\/schema\/person\/bc222566d95871b37e597b3ed3ba5e1d\",\"name\":\"Cl\u00e9ment\",\"image\":{\"@type\":\"ImageObject\",\"inLanguage\":\"fr-FR\",\"@id\":\"https:\/\/footdavant.fr\/actualites\/#\/schema\/person\/image\/\",\"url\":\"https:\/\/secure.gravatar.com\/avatar\/7728b29aac2719421e1a9159b2254c44?s=96&d=mm&r=g\",\"contentUrl\":\"https:\/\/secure.gravatar.com\/avatar\/7728b29aac2719421e1a9159b2254c44?s=96&d=mm&r=g\",\"caption\":\"Cl\u00e9ment\"},\"sameAs\":[\"https:\/\/footdavant.fr\/\"]}]}<\/script>\n<!-- \/ Yoast SEO plugin. -->","yoast_head_json":{"title":"Les programmes confirm\u00e9s alors que Bellingham se reposait avant Copa del Rey Final","robots":{"index":"index","follow":"follow","max-snippet":"max-snippet:-1","max-image-preview":"max-image-preview:large","max-video-preview":"max-video-preview:-1"},"canonical":"https:\/\/footdavant.fr\/actualites\/les-programmes-confirmes-alors-que-bellingham-se-reposait-avant-copa-del-rey-final\/","og_locale":"fr_FR","og_type":"article","og_title":"Les programmes confirm\u00e9s alors que Bellingham se reposait avant Copa del Rey Final","og_description":"Jude Bellingham commence sur le banc alors que le Real Madrid fait le court voyage pour Getafe en sachant autre chose que la victoire aurait","og_url":"https:\/\/footdavant.fr\/actualites\/les-programmes-confirmes-alors-que-bellingham-se-reposait-avant-copa-del-rey-final\/","og_site_name":"Foot d&#039;avant","article_publisher":"https:\/\/www.facebook.com\/Footdavant\/","article_published_time":"2025-04-23T19:48:00+00:00","article_modified_time":"2025-04-23T19:48:01+00:00","og_image":[{"width":1200,"height":800,"url":"https:\/\/footdavant.fr\/actualites\/wp-content\/uploads\/2025\/04\/Les-programmes-confirmes-alors-que-Bellingham-se-reposait-avant-Copa.jpg","type":"image\/jpeg"}],"author":"Cl\u00e9ment","twitter_card":"summary_large_image","twitter_creator":"@FootdavantFr","twitter_site":"@FootdavantFr","twitter_misc":{"\u00c9crit par":"Cl\u00e9ment","Dur\u00e9e de lecture estim\u00e9e":"2 minutes"},"schema":{"@context":"https:\/\/schema.org","@graph":[{"@type":"Article","@id":"https:\/\/footdavant.fr\/actualites\/les-programmes-confirmes-alors-que-bellingham-se-reposait-avant-copa-del-rey-final\/#article","isPartOf":{"@id":"https:\/\/footdavant.fr\/actualites\/les-programmes-confirmes-alors-que-bellingham-se-reposait-avant-copa-del-rey-final\/"},"author":{"name":"Cl\u00e9ment","@id":"https:\/\/footdavant.fr\/actualites\/#\/schema\/person\/bc222566d95871b37e597b3ed3ba5e1d"},"headline":"Les programmes confirm\u00e9s alors que Bellingham se reposait avant Copa del Rey Final","datePublished":"2025-04-23T19:48:00+00:00","dateModified":"2025-04-23T19:48:01+00:00","mainEntityOfPage":{"@id":"https:\/\/footdavant.fr\/actualites\/les-programmes-confirmes-alors-que-bellingham-se-reposait-avant-copa-del-rey-final\/"},"wordCount":504,"publisher":{"@id":"https:\/\/footdavant.fr\/actualites\/#organization"},"keywords":["alors","avant","Bellingham","confirm\u00e9s","Copa","Del","final","les","programmes","reposait","Rey"],"articleSection":["Football"],"inLanguage":"fr-FR"},{"@type":"WebPage","@id":"https:\/\/footdavant.fr\/actualites\/les-programmes-confirmes-alors-que-bellingham-se-reposait-avant-copa-del-rey-final\/","url":"https:\/\/footdavant.fr\/actualites\/les-programmes-confirmes-alors-que-bellingham-se-reposait-avant-copa-del-rey-final\/","name":"Les programmes confirm\u00e9s alors que Bellingham se reposait avant Copa del Rey Final","isPartOf":{"@id":"https:\/\/footdavant.fr\/actualites\/#website"},"datePublished":"2025-04-23T19:48:00+00:00","dateModified":"2025-04-23T19:48:01+00:00","breadcrumb":{"@id":"https:\/\/footdavant.fr\/actualites\/les-programmes-confirmes-alors-que-bellingham-se-reposait-avant-copa-del-rey-final\/#breadcrumb"},"inLanguage":"fr-FR","potentialAction":[{"@type":"ReadAction","target":["https:\/\/footdavant.fr\/actualites\/les-programmes-confirmes-alors-que-bellingham-se-reposait-avant-copa-del-rey-final\/"]}]},{"@type":"BreadcrumbList","@id":"https:\/\/footdavant.fr\/actualites\/les-programmes-confirmes-alors-que-bellingham-se-reposait-avant-copa-del-rey-final\/#breadcrumb","itemListElement":[{"@type":"ListItem","position":1,"name":"Accueil","item":"https:\/\/footdavant.fr\/actualites\/"},{"@type":"ListItem","position":2,"name":"Les programmes confirm\u00e9s alors que Bellingham se reposait avant Copa del Rey Final"}]},{"@type":"WebSite","@id":"https:\/\/footdavant.fr\/actualites\/#website","url":"https:\/\/footdavant.fr\/actualites\/","name":"Foot d'avant","description":"","publisher":{"@id":"https:\/\/footdavant.fr\/actualites\/#organization"},"potentialAction":[{"@type":"SearchAction","target":{"@type":"EntryPoint","urlTemplate":"https:\/\/footdavant.fr\/actualites\/?s={search_term_string}"},"query-input":"required name=search_term_string"}],"inLanguage":"fr-FR"},{"@type":"Organization","@id":"https:\/\/footdavant.fr\/actualites\/#organization","name":"Foot d'avant","url":"https:\/\/footdavant.fr\/actualites\/","logo":{"@type":"ImageObject","inLanguage":"fr-FR","@id":"https:\/\/footdavant.fr\/actualites\/#\/schema\/logo\/image\/","url":"https:\/\/footdavant.fr\/actualites\/wp-content\/uploads\/2023\/09\/Copy-of-FootDavant-Logo.png","contentUrl":"https:\/\/footdavant.fr\/actualites\/wp-content\/uploads\/2023\/09\/Copy-of-FootDavant-Logo.png","width":936,"height":549,"caption":"Foot d'avant"},"image":{"@id":"https:\/\/footdavant.fr\/actualites\/#\/schema\/logo\/image\/"},"sameAs":["https:\/\/www.facebook.com\/Footdavant\/","https:\/\/twitter.com\/FootdavantFr","https:\/\/www.instagram.com\/footdavant.fr\/"]},{"@type":"Person","@id":"https:\/\/footdavant.fr\/actualites\/#\/schema\/person\/bc222566d95871b37e597b3ed3ba5e1d","name":"Cl\u00e9ment","image":{"@type":"ImageObject","inLanguage":"fr-FR","@id":"https:\/\/footdavant.fr\/actualites\/#\/schema\/person\/image\/","url":"https:\/\/secure.gravatar.com\/avatar\/7728b29aac2719421e1a9159b2254c44?s=96&d=mm&r=g","contentUrl":"https:\/\/secure.gravatar.com\/avatar\/7728b29aac2719421e1a9159b2254c44?s=96&d=mm&r=g","caption":"Cl\u00e9ment"},"sameAs":["https:\/\/footdavant.fr\/"]}]}},"_links":{"self":[{"href":"https:\/\/footdavant.fr\/actualites\/wp-json\/wp\/v2\/posts\/23049"}],"collection":[{"href":"https:\/\/footdavant.fr\/actualites\/wp-json\/wp\/v2\/posts"}],"about":[{"href":"https:\/\/footdavant.fr\/actualites\/wp-json\/wp\/v2\/types\/post"}],"author":[{"embeddable":true,"href":"https:\/\/footdavant.fr\/actualites\/wp-json\/wp\/v2\/users\/1"}],"replies":[{"embeddable":true,"href":"https:\/\/footdavant.fr\/actualites\/wp-json\/wp\/v2\/comments?post=23049"}],"version-history":[{"count":1,"href":"https:\/\/footdavant.fr\/actualites\/wp-json\/wp\/v2\/posts\/23049\/revisions"}],"predecessor-version":[{"id":23051,"href":"https:\/\/footdavant.fr\/actualites\/wp-json\/wp\/v2\/posts\/23049\/revisions\/23051"}],"wp:featuredmedia":[{"embeddable":true,"href":"https:\/\/footdavant.fr\/actualites\/wp-json\/wp\/v2\/media\/23050"}],"wp:attachment":[{"href":"https:\/\/footdavant.fr\/actualites\/wp-json\/wp\/v2\/media?parent=23049"}],"wp:term":[{"taxonomy":"category","embeddable":true,"href":"https:\/\/footdavant.fr\/actualites\/wp-json\/wp\/v2\/categories?post=23049"},{"taxonomy":"post_tag","embeddable":true,"href":"https:\/\/footdavant.fr\/actualites\/wp-json\/wp\/v2\/tags?post=23049"}],"curies":[{"name":"wp","href":"https:\/\/api.w.org\/{rel}","templated":true}]}}